{"id":9924,"date":"2024-08-14T10:15:00","date_gmt":"2024-08-14T07:15:00","guid":{"rendered":"https:\/\/www.mordayanisma.org\/?p=9924"},"modified":"2025-12-14T20:21:58","modified_gmt":"2025-12-14T17:21:58","slug":"bu-kampa-erkekler-giremez-mor-dayanisma-8-yaz-kadin-kampi-basliyor","status":"publish","type":"post","link":"https:\/\/www.mordayanisma.org\/en\/2024\/08\/14\/bu-kampa-erkekler-giremez-mor-dayanisma-8-yaz-kadin-kampi-basliyor\/","title":{"rendered":"Bu Kampa Erkekler Giremez: Mor Dayan\u0131\u015fma 8. Yaz Kad\u0131n Kamp\u0131 Ba\u015fl\u0131yor"},"content":{"rendered":"\n<p class=\"wp-block-paragraph\"><em>Mor Dayan\u0131\u015fma, kad\u0131n m\u00fccadelesini g\u00fc\u00e7lendirmek ve yeni d\u00f6nemde \u00f6rg\u00fctl\u00fcl\u00fcklerini h\u0131zland\u0131rmak amac\u0131yla &#8220;\u00d6zg\u00fcrl\u00fck yan\u0131 ba\u015f\u0131m\u0131zda, ellerimizde, Kad\u0131nlar neredeyse orada&#8221; slogan\u0131yla bir yaz kamp\u0131 d\u00fczenliyor. Mor dayan\u0131\u015fman\u0131n kamp\u0131, erkeklerin kat\u0131l\u0131m\u0131na kapal\u0131 olarak ger\u00e7ekle\u015ftirilecek.<br><\/em>T\u00fcrkiye&#8217;nin \u00e7e\u015fitli \u015fehirlerinden kad\u0131nlar\u0131n bir araya gelece\u011fi Mor Dayan\u0131\u015fma 8. Yaz Kamp\u0131, kad\u0131nlar\u0131n birlikte e\u011flendi\u011fi, \u00f6\u011frendi\u011fi ve payla\u015ft\u0131\u011f\u0131 bir ortam sunacak. Bu y\u0131l 10. y\u0131l\u0131n\u0131 kutlayan Mor Dayan\u0131\u015fma, &#8220;\u00c7ekmi\u015fim \u0130syan Bayra\u011f\u0131n\u0131 Dalgalan\u0131r Ba\u015f\u0131mda H\u00fcr!&#8221; \u015fiar\u0131yla 8. Yaz Kad\u0131n Kamp\u0131&#8217;n\u0131 \u00fc\u00e7 farkl\u0131 b\u00f6lgede ger\u00e7ekle\u015ftirecek.<br><\/p>\n<span hidden class=\"__iawmlf-post-loop-links\" data-iawmlf-links=\"[{&quot;id&quot;:307,&quot;href&quot;:&quot;https:\\\/\\\/www.izgazete.net\\\/bu-kampa-erkekler-giremez-mor-dayanisma-8-yaz-kadin-kampi-basliyor&quot;,&quot;archived_href&quot;:&quot;https:\\\/\\\/web-wp.archive.org\\\/web\\\/20240910052541\\\/https:\\\/\\\/www.izgazete.net\\\/bu-kampa-erkekler-giremez-mor-dayanisma-8-yaz-kadin-kampi-basliyor&quot;,&quot;redirect_href&quot;:&quot;&quot;,&quot;checks&quot;:[{&quot;date&quot;:&quot;2026-05-22 00:55:44&quot;,&quot;http_code&quot;:206},{&quot;date&quot;:&quot;2026-06-07 10:17:57&quot;,&quot;http_code&quot;:206}],&quot;broken&quot;:false,&quot;last_checked&quot;:{&quot;date&quot;:&quot;2026-06-07 10:17:57&quot;,&quot;http_code&quot;:206},&quot;process&quot;:&quot;done&quot;}]\"><\/span>\n\n\n<figure class=\"wp-block-image size-large\"><img loading=\"lazy\" decoding=\"async\" width=\"1024\" height=\"576\" sizes=\"auto, (max-width: 800px) 100vw, 800px\" src=\"https:\/\/www.mordayanisma.org\/wp-content\/uploads\/2025\/12\/izgazete_1_6-1024x576.avif\" alt=\"-\" class=\"wp-image-9926\" title=\"\" srcset=\"https:\/\/www.mordayanisma.org\/wp-content\/uploads\/2025\/12\/izgazete_1_6-1024x576.avif 1024w, https:\/\/www.mordayanisma.org\/wp-content\/uploads\/2025\/12\/izgazete_1_6-300x169.avif 300w, https:\/\/www.mordayanisma.org\/wp-content\/uploads\/2025\/12\/izgazete_1_6-768x432.avif 768w, https:\/\/www.mordayanisma.org\/wp-content\/uploads\/2025\/12\/izgazete_1_6-18x10.avif 18w, https:\/\/www.mordayanisma.org\/wp-content\/uploads\/2025\/12\/izgazete_1_6.avif 1280w\" \/><\/figure>\n\n\n\n<p class=\"wp-block-paragraph\">Kamp, 17-18 A\u011fustos&#8217;ta \u0130zmir\/Dikili\u2019de, 23-24-25 A\u011fustos&#8217;ta Adana\/Karata\u015f\u2019ta yap\u0131lacak. Kad\u0131nlar\u0131n kat\u0131l\u0131m\u0131 i\u00e7in \u00f6nceden form doldurulmas\u0131 gerekiyor; formu dolduranlarla daha sonra ileti\u015fime ge\u00e7ilecek.<br><\/p>\n\n\n\n<figure class=\"wp-block-image size-large\"><img loading=\"lazy\" decoding=\"async\" width=\"1024\" height=\"1024\" sizes=\"auto, (max-width: 800px) 100vw, 800px\" src=\"https:\/\/www.mordayanisma.org\/wp-content\/uploads\/2025\/12\/izgazete_1_5-1024x1024.avif\" alt=\"-\" class=\"wp-image-9927\" title=\"\" srcset=\"https:\/\/www.mordayanisma.org\/wp-content\/uploads\/2025\/12\/izgazete_1_5-1024x1024.avif 1024w, https:\/\/www.mordayanisma.org\/wp-content\/uploads\/2025\/12\/izgazete_1_5-300x300.avif 300w, https:\/\/www.mordayanisma.org\/wp-content\/uploads\/2025\/12\/izgazete_1_5-150x150.avif 150w, https:\/\/www.mordayanisma.org\/wp-content\/uploads\/2025\/12\/izgazete_1_5-768x768.avif 768w, https:\/\/www.mordayanisma.org\/wp-content\/uploads\/2025\/12\/izgazete_1_5-12x12.avif 12w, https:\/\/www.mordayanisma.org\/wp-content\/uploads\/2025\/12\/izgazete_1_5-600x600.avif 600w, https:\/\/www.mordayanisma.org\/wp-content\/uploads\/2025\/12\/izgazete_1_5.avif 1080w\" \/><\/figure>\n\n\n\n<p class=\"wp-block-paragraph\">Mor Dayan\u0131\u015fma\u2019n\u0131n kamp\u0131, erkeklerin kat\u0131l\u0131m\u0131na kapal\u0131 olarak ger\u00e7ekle\u015ftirilecek. Kad\u0131nlar, bu kampta bir araya gelerek dayan\u0131\u015fma ruhunu peki\u015ftirecek ve m\u00fccadelenin bir par\u00e7as\u0131 olacaklar.<\/p>\n\n\n\n<p class=\"wp-block-paragraph\">Kaynak: <a href=\"https:\/\/www.izgazete.net\/bu-kampa-erkekler-giremez-mor-dayanisma-8-yaz-kadin-kampi-basliyor\" target=\"_blank\" rel=\"noopener\">\u0130ZGAZETE<\/a><br><\/p>\n","protected":false},"excerpt":{"rendered":"<p>Mor Dayan\u0131\u015fma, kad\u0131n m\u00fccadelesini g\u00fc\u00e7lendirmek ve yeni d\u00f6nemde \u00f6rg\u00fctl\u00fcl\u00fcklerini h\u0131zland\u0131rmak amac\u0131yla &#8220;\u00d6zg\u00fcrl\u00fck yan\u0131 ba\u015f\u0131m\u0131zda, ellerimizde, Kad\u0131nlar neredeyse orada&#8221; slogan\u0131yla bir yaz kamp\u0131 d\u00fczenliyor. Mor dayan\u0131\u015fman\u0131n kamp\u0131, erkeklerin kat\u0131l\u0131m\u0131na kapal\u0131 olarak ger\u00e7ekle\u015ftirilecek.T\u00fcrkiye&#8217;nin \u00e7e\u015fitli \u015fehirlerinden kad\u0131nlar\u0131n bir araya gelece\u011fi Mor Dayan\u0131\u015fma 8. Yaz Kamp\u0131, kad\u0131nlar\u0131n birlikte e\u011flendi\u011fi, \u00f6\u011frendi\u011fi ve payla\u015ft\u0131\u011f\u0131 bir ortam sunacak. Bu y\u0131l 10. y\u0131l\u0131n\u0131&hellip;<\/p>","protected":false},"author":5,"featured_media":9925,"comment_status":"closed","ping_status":"closed","sticky":false,"template":"","format":"standard","meta":{"_coblocks_attr":"","_coblocks_dimensions":"","_coblocks_responsive_height":"","_coblocks_accordion_ie_support":"","_eb_attr":"","inline_featured_image":false,"footnotes":""},"categories":[537],"tags":[216,1466,397],"ppma_author":[573],"class_list":["post-9924","post","type-post","status-publish","format-standard","has-post-thumbnail","hentry","category-basinda-biz","tag-kadindayanismasi","tag-mor-dayanisma-yaz-kadin-kampi","tag-yazkampi","author-mor-dayanisma"],"authors":[{"term_id":573,"user_id":5,"is_guest":0,"slug":"mor-dayanisma","display_name":"Mor Dayan\u0131\u015fma","avatar_url":"https:\/\/www.mordayanisma.org\/wp-content\/litespeed\/avatar\/18b1bff8d2c98eaf6f87c388a27f2cfa.jpg?ver=1788268176","author_category":"1","first_name":"Mor","last_name":"Dayan\u0131\u015fma","user_url":"","job_title":"","description":"<a href=\"https:\/\/www.mordayanisma.org\/en\/iletisim\/\" target=\"_blank\" rel=\"noopener\">Contact<\/a>\r\n\r\ndayanismamor@gmail.com"}],"_links":{"self":[{"href":"https:\/\/www.mordayanisma.org\/en\/wp-json\/wp\/v2\/posts\/9924","targetHints":{"allow":["GET"]}}],"collection":[{"href":"https:\/\/www.mordayanisma.org\/en\/wp-json\/wp\/v2\/posts"}],"about":[{"href":"https:\/\/www.mordayanisma.org\/en\/wp-json\/wp\/v2\/types\/post"}],"author":[{"embeddable":true,"href":"https:\/\/www.mordayanisma.org\/en\/wp-json\/wp\/v2\/users\/5"}],"replies":[{"embeddable":true,"href":"https:\/\/www.mordayanisma.org\/en\/wp-json\/wp\/v2\/comments?post=9924"}],"version-history":[{"count":2,"href":"https:\/\/www.mordayanisma.org\/en\/wp-json\/wp\/v2\/posts\/9924\/revisions"}],"predecessor-version":[{"id":9929,"href":"https:\/\/www.mordayanisma.org\/en\/wp-json\/wp\/v2\/posts\/9924\/revisions\/9929"}],"wp:featuredmedia":[{"embeddable":true,"href":"https:\/\/www.mordayanisma.org\/en\/wp-json\/wp\/v2\/media\/9925"}],"wp:attachment":[{"href":"https:\/\/www.mordayanisma.org\/en\/wp-json\/wp\/v2\/media?parent=9924"}],"wp:term":[{"taxonomy":"category","embeddable":true,"href":"https:\/\/www.mordayanisma.org\/en\/wp-json\/wp\/v2\/categories?post=9924"},{"taxonomy":"post_tag","embeddable":true,"href":"https:\/\/www.mordayanisma.org\/en\/wp-json\/wp\/v2\/tags?post=9924"},{"taxonomy":"author","embeddable":true,"href":"https:\/\/www.mordayanisma.org\/en\/wp-json\/wp\/v2\/ppma_author?post=9924"}],"curies":[{"name":"wp","href":"https:\/\/api.w.org\/{rel}","templated":true}]}}