{"id":9898,"date":"2025-12-14T10:18:49","date_gmt":"2025-12-14T07:18:49","guid":{"rendered":"https:\/\/www.mordayanisma.org\/?p=9898"},"modified":"2025-12-15T19:13:24","modified_gmt":"2025-12-15T16:13:24","slug":"6-subat-maras-depremi-faaliyet-raporu-2","status":"publish","type":"post","link":"https:\/\/www.mordayanisma.org\/en\/2025\/12\/14\/6-subat-maras-depremi-faaliyet-raporu-2\/","title":{"rendered":"6 \u015eubat Mara\u015f Depremi Faaliyet Raporu"},"content":{"rendered":"<p class=\"wp-block-paragraph\">Ge\u00e7ti\u011fimiz y\u0131l Mart ay\u0131nda, depremin ard\u0131ndan b\u00f6lgede ger\u00e7ekle\u015ftirdi\u011fimiz faaliyetleri i\u00e7eren <a href=\"https:\/\/www.mordayanisma.org\/en\/2023\/09\/14\/mor-dayanisma-6-subat-maras-depremi-7-aylik-faaliyet-raporu\/\">raporumuzu<\/a> kamuoyuyla payla\u015fm\u0131\u015ft\u0131k. Bu y\u0131l ise, Hatay\u2019da halk\u0131n i\u00e7inde bulundu\u011fu ko\u015fullar\u0131 ve Mor Dayan\u0131\u015fma\u2019n\u0131n faaliyetlerini anlatmak amac\u0131yla kaleme ald\u0131\u011f\u0131m\u0131z ikinci raporu payla\u015f\u0131yoruz. Bu y\u0131lki raporumuz, yaln\u0131zca s\u00fcregelen sorunlar\u0131 s\u0131ralamak i\u00e7in de\u011fil; ayn\u0131 zamanda depremin hemen ard\u0131ndan y\u00fckselen \u201cnormalle\u015fme\u201d s\u00f6ylemlerinin ger\u00e7ek hayatta bir kar\u015f\u0131l\u0131\u011f\u0131 olmad\u0131\u011f\u0131n\u0131 te\u015fhir etmek i\u00e7in kaleme al\u0131nd\u0131. Bu raporun ba\u015fka bir yaz\u0131lma amac\u0131 da b\u00fct\u00fcn raporlar\u0131m\u0131zda oldu\u011fu gibi umudu \u00f6rg\u00fctlemek. Depremin ilk g\u00fcn\u00fcnden bug\u00fcne b\u00f6lgede aktif olarak faaliyet y\u00fcr\u00fcten sosyalist feminist bir kad\u0131n \u00f6rg\u00fct\u00fc olarak, Hatay\u2019daki \u00e7al\u0131\u015fmalar\u0131m\u0131za devam ediyoruz. Y\u0131k\u0131m\u0131n, umutsuzlu\u011fun ve korkular\u0131n \u00fcstesinden gelerek, daha adil bir d\u00fcnya i\u00e7in m\u00fccadelemize devam edece\u011fiz. Y\u0131k\u0131lan kentlerimizi onaracak, depremin ve iktidar\u0131n a\u00e7t\u0131\u011f\u0131 yaralar\u0131 dayan\u0131\u015fmayla saraca\u011f\u0131z. Sesimizle, s\u00f6z\u00fcm\u00fczle, eme\u011fimizle, dilimizle, k\u00fclt\u00fcr\u00fcm\u00fczle ve kad\u0131n kurtulu\u015f m\u00fccadelesine olan inanc\u0131m\u0131zla bu topraklarda var olaca\u011f\u0131z ve her g\u00fcn daha da g\u00fc\u00e7lenece\u011fiz. Korkmuyoruz, \u00e7aresiz de\u011filiz. \u0130lk g\u00fcnden beri s\u00f6yledi\u011fimiz gibi: Buraday\u0131z, gitmiyoruz! (Ma r\u0131hna n\u0131hna hon!)<\/p>\n\n\n\n<div data-wp-interactive=\"core\/file\" class=\"wp-block-file\"><object data-wp-bind--hidden=\"!state.hasPdfPreview\" hidden class=\"wp-block-file__embed\" data=\"https:\/\/www.mordayanisma.org\/wp-content\/uploads\/2025\/12\/Deprem_Faaliyet_raporu_24_25-1.pdf\" type=\"application\/pdf\" style=\"width:100%;height:600px\" aria-label=\"Embed of Deprem_Faaliyet_raporu_24_25.\"><\/object><a id=\"wp-block-file--media-1c35f7b4-5a81-46f7-b98f-b48d51ffc04c\" href=\"https:\/\/www.mordayanisma.org\/wp-content\/uploads\/2025\/12\/Deprem_Faaliyet_raporu_24_25-1.pdf\">Deprem_Faaliyet_raporu_24_25<\/a><a href=\"https:\/\/www.mordayanisma.org\/wp-content\/uploads\/2025\/12\/Deprem_Faaliyet_raporu_24_25-1.pdf\" class=\"wp-block-file__button wp-element-button\" download aria-describedby=\"wp-block-file--media-1c35f7b4-5a81-46f7-b98f-b48d51ffc04c\">\u0130ndir<\/a><\/div>","protected":false},"excerpt":{"rendered":"<p>Ge\u00e7ti\u011fimiz y\u0131l Mart ay\u0131nda, depremin ard\u0131ndan b\u00f6lgede ger\u00e7ekle\u015ftirdi\u011fimiz faaliyetleri i\u00e7eren raporumuzu kamuoyuyla payla\u015fm\u0131\u015ft\u0131k. Bu y\u0131l ise, Hatay\u2019da halk\u0131n i\u00e7inde bulundu\u011fu ko\u015fullar\u0131 ve Mor Dayan\u0131\u015fma\u2019n\u0131n faaliyetlerini anlatmak amac\u0131yla kaleme ald\u0131\u011f\u0131m\u0131z ikinci raporu payla\u015f\u0131yoruz. Bu y\u0131lki raporumuz, yaln\u0131zca s\u00fcregelen sorunlar\u0131 s\u0131ralamak i\u00e7in de\u011fil; ayn\u0131 zamanda depremin hemen ard\u0131ndan y\u00fckselen \u201cnormalle\u015fme\u201d s\u00f6ylemlerinin ger\u00e7ek hayatta bir kar\u015f\u0131l\u0131\u011f\u0131 olmad\u0131\u011f\u0131n\u0131 te\u015fhir&hellip;<\/p>","protected":false},"author":5,"featured_media":9899,"comment_status":"closed","ping_status":"closed","sticky":false,"template":"","format":"standard","meta":{"_coblocks_attr":"","_coblocks_dimensions":"","_coblocks_responsive_height":"","_coblocks_accordion_ie_support":"","_eb_attr":"","inline_featured_image":false,"footnotes":""},"categories":[447],"tags":[448,1425,216,311],"ppma_author":[573],"class_list":["post-9898","post","type-post","status-publish","format-standard","has-post-thumbnail","hentry","category-rapor","tag-6subatdepremi","tag-faaliyet-raporu","tag-kadindayanismasi","tag-kadinmucadelesi","author-mor-dayanisma"],"authors":[{"term_id":573,"user_id":5,"is_guest":0,"slug":"mor-dayanisma","display_name":"Mor Dayan\u0131\u015fma","avatar_url":"https:\/\/www.mordayanisma.org\/wp-content\/litespeed\/avatar\/18b1bff8d2c98eaf6f87c388a27f2cfa.jpg?ver=1788268176","author_category":"1","first_name":"Mor","last_name":"Dayan\u0131\u015fma","user_url":"","job_title":"","description":"<a href=\"https:\/\/www.mordayanisma.org\/en\/iletisim\/\" target=\"_blank\" rel=\"noopener\">Contact<\/a>\r\n\r\ndayanismamor@gmail.com"}],"_links":{"self":[{"href":"https:\/\/www.mordayanisma.org\/en\/wp-json\/wp\/v2\/posts\/9898","targetHints":{"allow":["GET"]}}],"collection":[{"href":"https:\/\/www.mordayanisma.org\/en\/wp-json\/wp\/v2\/posts"}],"about":[{"href":"https:\/\/www.mordayanisma.org\/en\/wp-json\/wp\/v2\/types\/post"}],"author":[{"embeddable":true,"href":"https:\/\/www.mordayanisma.org\/en\/wp-json\/wp\/v2\/users\/5"}],"replies":[{"embeddable":true,"href":"https:\/\/www.mordayanisma.org\/en\/wp-json\/wp\/v2\/comments?post=9898"}],"version-history":[{"count":2,"href":"https:\/\/www.mordayanisma.org\/en\/wp-json\/wp\/v2\/posts\/9898\/revisions"}],"predecessor-version":[{"id":9909,"href":"https:\/\/www.mordayanisma.org\/en\/wp-json\/wp\/v2\/posts\/9898\/revisions\/9909"}],"wp:featuredmedia":[{"embeddable":true,"href":"https:\/\/www.mordayanisma.org\/en\/wp-json\/wp\/v2\/media\/9899"}],"wp:attachment":[{"href":"https:\/\/www.mordayanisma.org\/en\/wp-json\/wp\/v2\/media?parent=9898"}],"wp:term":[{"taxonomy":"category","embeddable":true,"href":"https:\/\/www.mordayanisma.org\/en\/wp-json\/wp\/v2\/categories?post=9898"},{"taxonomy":"post_tag","embeddable":true,"href":"https:\/\/www.mordayanisma.org\/en\/wp-json\/wp\/v2\/tags?post=9898"},{"taxonomy":"author","embeddable":true,"href":"https:\/\/www.mordayanisma.org\/en\/wp-json\/wp\/v2\/ppma_author?post=9898"}],"curies":[{"name":"wp","href":"https:\/\/api.w.org\/{rel}","templated":true}]}}