{"id":9695,"date":"2023-02-27T15:43:00","date_gmt":"2023-02-27T12:43:00","guid":{"rendered":"https:\/\/www.mordayanisma.org\/?p=9695"},"modified":"2025-11-15T15:50:52","modified_gmt":"2025-11-15T12:50:52","slug":"kadindan-kadina-afet-bolgesinde-feminist-dayanisma-kampanyalari-buyuyor","status":"publish","type":"post","link":"https:\/\/www.mordayanisma.org\/en\/2023\/02\/27\/kadindan-kadina-afet-bolgesinde-feminist-dayanisma-kampanyalari-buyuyor\/","title":{"rendered":"Kad\u0131ndan kad\u0131na: Afet b\u00f6lgesinde feminist dayan\u0131\u015fma kampanyalar\u0131 b\u00fcy\u00fcyor"},"content":{"rendered":"\n<p class=\"wp-block-paragraph\"><strong>Depremden etkilenen b\u00f6lgedeki kad\u0131nlar\u0131n ihtiya\u00e7lar\u0131n\u0131n kar\u015f\u0131lanabilmesi i\u00e7in bir\u00e7ok feminist topluluk, kurum ve kurulu\u015f yard\u0131m kampanyalar\u0131n\u0131 s\u00fcrd\u00fcr\u00fcrken, Mor Dayan\u0131\u015fma g\u00f6n\u00fcll\u00fcleri Hatay&#8217;\u0131n G\u00fczelbur\u00e7 k\u00f6y\u00fcnde g\u00f6z al\u0131nd\u0131.<\/strong><\/p>\n<span hidden class=\"__iawmlf-post-loop-links\" data-iawmlf-links=\"[{&quot;id&quot;:358,&quot;href&quot;:&quot;https:\\\/\\\/yesilgazete.org\\\/afet-icin-feminist-dayanisma-mor-tir-yola-cikiyor&quot;,&quot;archived_href&quot;:&quot;https:\\\/\\\/web-wp.archive.org\\\/web\\\/20251010063906\\\/https:\\\/\\\/yesilgazete.org\\\/afet-icin-feminist-dayanisma-mor-tir-yola-cikiyor\\\/&quot;,&quot;redirect_href&quot;:&quot;&quot;,&quot;checks&quot;:[{&quot;date&quot;:&quot;2026-05-22 02:05:47&quot;,&quot;http_code&quot;:503},{&quot;date&quot;:&quot;2026-08-10 13:49:34&quot;,&quot;http_code&quot;:200},{&quot;date&quot;:&quot;2026-08-30 11:22:27&quot;,&quot;http_code&quot;:200}],&quot;broken&quot;:false,&quot;last_checked&quot;:{&quot;date&quot;:&quot;2026-08-30 11:22:27&quot;,&quot;http_code&quot;:200},&quot;process&quot;:&quot;done&quot;},{&quot;id&quot;:359,&quot;href&quot;:&quot;https:\\\/\\\/bianet.org\\\/bianet\\\/yasam\\\/274867-polisten-guzelburc-ta-erzak-dagitan-kadinlara-fiili-gozalti&quot;,&quot;archived_href&quot;:&quot;https:\\\/\\\/web-wp.archive.org\\\/web\\\/20230319123135\\\/https:\\\/\\\/bianet.org\\\/bianet\\\/yasam\\\/274867-polisten-guzelburc-ta-erzak-dagitan-kadinlara-fiili-gozalti&quot;,&quot;redirect_href&quot;:&quot;https:\\\/\\\/bianet.org\\\/haber\\\/polisten-guzelburc-ta-erzak-dagitan-kadinlara-fiili-gozalti-274867&quot;,&quot;checks&quot;:[{&quot;date&quot;:&quot;2026-08-10 13:49:34&quot;,&quot;http_code&quot;:200},{&quot;date&quot;:&quot;2026-08-30 11:22:31&quot;,&quot;http_code&quot;:200}],&quot;broken&quot;:false,&quot;last_checked&quot;:{&quot;date&quot;:&quot;2026-08-30 11:22:31&quot;,&quot;http_code&quot;:200},&quot;process&quot;:&quot;done&quot;},{&quot;id&quot;:360,&quot;href&quot;:&quot;https:\\\/\\\/yesilgazete.org\\\/afetzede-kadinlarin-yaralarini-sarmayi-amaclayan-feminist-dayanisma-kampanyalari-buyuyor&quot;,&quot;archived_href&quot;:&quot;https:\\\/\\\/web-wp.archive.org\\\/web\\\/20250915032003\\\/https:\\\/\\\/yesilgazete.org\\\/afetzede-kadinlarin-yaralarini-sarmayi-amaclayan-feminist-dayanisma-kampanyalari-buyuyor\\\/&quot;,&quot;redirect_href&quot;:&quot;&quot;,&quot;checks&quot;:[{&quot;date&quot;:&quot;2026-05-22 02:08:42&quot;,&quot;http_code&quot;:503},{&quot;date&quot;:&quot;2026-08-10 13:49:36&quot;,&quot;http_code&quot;:200},{&quot;date&quot;:&quot;2026-08-30 11:22:27&quot;,&quot;http_code&quot;:200}],&quot;broken&quot;:false,&quot;last_checked&quot;:{&quot;date&quot;:&quot;2026-08-30 11:22:27&quot;,&quot;http_code&quot;:200},&quot;process&quot;:&quot;done&quot;}]\"><\/span>\n\n\n<p class=\"wp-block-paragraph\">6 \u015eubat\u2019ta <strong>Kahramanmara\u015f<\/strong>\u2019ta meydana gelen depremlerin ard\u0131ndan b\u00f6lgede kad\u0131nlar\u0131n ihtiya\u00e7lar\u0131n\u0131n yeterince kar\u015f\u0131lanmamas\u0131 nedeniyle afete kar\u015f\u0131 feminist dayan\u0131\u015fma hareketleri yayg\u0131nla\u015farak geni\u015f destek buluyor.<\/p>\n\n\n\n<p class=\"wp-block-paragraph\">Kad\u0131n haklar\u0131 savunucusu bir\u00e7ok topluluk, ba\u015fta hijyen olmak \u00fczere depremzede kad\u0131nlar\u0131n ihtiya\u00e7lar\u0131n\u0131 kar\u015f\u0131lamaya y\u00f6nelik yard\u0131m kampanyalar\u0131 y\u00fcr\u00fcyor.<\/p>\n\n\n\n<p class=\"wp-block-paragraph\">Kad\u0131n haklar\u0131 i\u00e7in \u00e7al\u0131\u015fmalar yapan <strong>Ekmek ve G\u00fcl<\/strong> toplulu\u011fu, ba\u015flatt\u0131\u011f\u0131 <strong>K\u0131zkarde\u015flik K\u00f6pr\u00fcs\u00fc<\/strong> kampanyas\u0131 i\u00e7e afetzede kad\u0131nlar\u0131n hayatlar\u0131n\u0131n yeniden kurulmas\u0131na destek olmay\u0131 ama\u00e7l\u0131yor.<\/p>\n\n\n\n<p class=\"wp-block-paragraph\">Topluluk, kad\u0131n ve \u00e7ocuklar\u0131n ihtiya\u00e7lar\u0131n\u0131 kar\u015f\u0131layabilmek ad\u0131na ba\u015fta ped, \u00e7ama\u015f\u0131r ve bebek mamas\u0131 olmak \u00fczere bir\u00e7ok ihtiyaca cevap veren yard\u0131mlar ula\u015ft\u0131rmay\u0131 hedefliyor.<\/p>\n\n\n\n<figure class=\"wp-block-embed is-type-rich is-provider-twitter wp-block-embed-twitter\"><div class=\"wp-block-embed__wrapper\">\n<blockquote class=\"twitter-tweet\" data-width=\"500\" data-dnt=\"true\"><p lang=\"tr\" dir=\"ltr\">\u00c7a\u011fr\u0131m\u0131z kar\u015f\u0131l\u0131k buluyor, kad\u0131nlar il il, il\u00e7e il\u00e7e dayan\u0131\u015fma a\u011flar\u0131n\u0131 \u00f6r\u00fcyor \ud83d\udc6d <br><br>Bir \u00e7a\u011fr\u0131 da K\u00fc\u00e7\u00fck\u00e7ekmece <a href=\"https:\/\/twitter.com\/hashtag\/EkmekveG%C3%BCl?src=hash&amp;ref_src=twsrc%5Etfw\" target=\"_blank\" rel=\"noopener\">#EkmekveG\u00fcl<\/a>&#39;den. \ud83d\udce2<br><br>Sen de bu dayan\u0131\u015fman\u0131n bir par\u00e7as\u0131 ol&#8230;<a href=\"https:\/\/twitter.com\/hashtag\/K%C4%B1zkarde%C5%9FlikK%C3%B6pr%C3%BCs%C3%BCyle?src=hash&amp;ref_src=twsrc%5Etfw\" target=\"_blank\" rel=\"noopener\">#K\u0131zkarde\u015flikK\u00f6pr\u00fcs\u00fcyle<\/a> hayat\u0131 yeniden kuruyoruz<a href=\"https:\/\/t.co\/TF5oo4tZih\">https:\/\/t.co\/TF5oo4tZih<\/a> <a href=\"https:\/\/t.co\/8XwnoHrpMk\">pic.twitter.com\/8XwnoHrpMk<\/a><\/p>&mdash; Ekmek ve G\u00fcl (@ekmekvegul) <a href=\"https:\/\/twitter.com\/ekmekvegul\/status\/1629571938485170176?ref_src=twsrc%5Etfw\" target=\"_blank\" rel=\"noopener\">February 25, 2023<\/a><\/blockquote><script async src=\"https:\/\/platform.twitter.com\/widgets.js\" charset=\"utf-8\"><\/script>\n<\/div><\/figure>\n\n\n\n<p class=\"wp-block-paragraph\">Afetin ilk g\u00fcnlerinde b\u00f6lgedeki kad\u0131n ve LGBT\u0130+ bireylerin ihtiya\u00e7lar\u0131n\u0131n yeterince kar\u015f\u0131lanmamas\u0131 ve ihtiya\u00e7lara eri\u015fimde ayr\u0131mc\u0131l\u0131\u011fa u\u011framas\u0131 nedeniyle feminist yard\u0131m t\u0131r\u0131 g\u00f6nderece\u011fini a\u00e7\u0131klayan <strong>Afet i\u00e7in Feminist Dayan\u0131\u015fma Grubu<\/strong>, \u015fimdi de Hatay i\u00e7in ihtiya\u00e7 malzemeleri toplamaya ba\u015flad\u0131. Grup, feminist dayan\u0131\u015fman\u0131n daha da b\u00fcy\u00fct\u00fclmesini hedefliyor.<br><\/p>\n\n\n\n<figure class=\"wp-block-embed is-type-rich is-provider-twitter wp-block-embed-twitter\"><div class=\"wp-block-embed__wrapper\">\n<blockquote class=\"twitter-tweet\" data-width=\"500\" data-dnt=\"true\"><p lang=\"tr\" dir=\"ltr\"><a href=\"https:\/\/twitter.com\/hashtag\/Hatay?src=hash&amp;ref_src=twsrc%5Etfw\" target=\"_blank\" rel=\"noopener\">#Hatay<\/a> i\u00e7in ihtiya\u00e7 malzemeleri toplanmaya ba\u015flad\u0131! Afet i\u00e7in Feminist Dayan\u0131\u015fma Grubu olarak do\u011frudan Hatay&#39;a ula\u015ft\u0131raca\u011f\u0131m\u0131z ihtiya\u00e7lar\u0131 gelin beraber toplayal\u0131m, feminist dayan\u0131\u015fmam\u0131z\u0131 b\u00fcy\u00fctelim. \u0130rtibat: 0534 367 89 64 <a href=\"https:\/\/t.co\/1QIcBYaIzV\">pic.twitter.com\/1QIcBYaIzV<\/a><\/p>&mdash; feminist g\u00fcndem (@feministgundem) <a href=\"https:\/\/twitter.com\/feministgundem\/status\/1629525181898031104?ref_src=twsrc%5Etfw\" target=\"_blank\" rel=\"noopener\">February 25, 2023<\/a><\/blockquote><script async src=\"https:\/\/platform.twitter.com\/widgets.js\" charset=\"utf-8\"><\/script>\n<\/div><\/figure>\n\n\n\n<p class=\"wp-block-paragraph\"><a href=\"https:\/\/yesilgazete.org\/afet-icin-feminist-dayanisma-mor-tir-yola-cikiyor\/\" target=\"_blank\" rel=\"noopener\">\u2023 Afet i\u00e7in Feminist Dayan\u0131\u015fma: Mor t\u0131r yola \u00e7\u0131k\u0131yor<\/a><\/p>\n\n\n\n<p class=\"wp-block-paragraph\">Afet i\u00e7in Feminist Dayan\u0131\u015fma, <strong>Ad\u0131yaman<\/strong>\u2018da bir kad\u0131n \u00e7ad\u0131r\u0131 kurulmas\u0131n\u0131 da sa\u011flad\u0131.<\/p>\n\n\n\n<figure class=\"wp-block-embed is-type-rich is-provider-twitter wp-block-embed-twitter\"><div class=\"wp-block-embed__wrapper\">\n<blockquote class=\"twitter-tweet\" data-width=\"500\" data-dnt=\"true\"><p lang=\"tr\" dir=\"ltr\">Ad\u0131yaman&#39;daki kad\u0131n \u00e7ad\u0131r\u0131m\u0131z kuruldu\ud83d\udc47 <a href=\"https:\/\/t.co\/rXPu5lFNW7\">pic.twitter.com\/rXPu5lFNW7<\/a><\/p>&mdash; Afet i\u00e7in Feminist Dayan\u0131\u015fma (@afeticinfeminst) <a href=\"https:\/\/twitter.com\/afeticinfeminst\/status\/1629160112102277122?ref_src=twsrc%5Etfw\" target=\"_blank\" rel=\"noopener\">February 24, 2023<\/a><\/blockquote><script async src=\"https:\/\/platform.twitter.com\/widgets.js\" charset=\"utf-8\"><\/script>\n<\/div><\/figure>\n\n\n\n<p class=\"wp-block-paragraph\"><strong>8 Mart D\u00fcnya Kad\u0131nlar G\u00fcn\u00fc<\/strong> haftas\u0131nda kad\u0131nlarla dayan\u0131\u015fmak i\u00e7in Ad\u0131yaman\u2019da olaca\u011f\u0131n\u0131 a\u00e7\u0131klayan <strong>Rosa Kad\u0131n Derne\u011fi<\/strong>, bir\u00e7ok hijyen \u00fcr\u00fcn\u00fcn\u00fcn toplanmas\u0131n\u0131n ama\u00e7land\u0131\u011f\u0131 kad\u0131n dayan\u0131\u015fmas\u0131 kampanyas\u0131na destek \u00e7a\u011fr\u0131s\u0131nda bulundu.<br><\/p>\n\n\n\n<figure class=\"wp-block-embed is-type-rich is-provider-twitter wp-block-embed-twitter\"><div class=\"wp-block-embed__wrapper\">\n<blockquote class=\"twitter-tweet\" data-width=\"500\" data-dnt=\"true\"><p lang=\"tr\" dir=\"ltr\"><a href=\"https:\/\/twitter.com\/hashtag\/8martd%C3%BCnyakad%C4%B1nlarg%C3%BCn%C3%BC?src=hash&amp;ref_src=twsrc%5Etfw\" target=\"_blank\" rel=\"noopener\">#8martd\u00fcnyakad\u0131nlarg\u00fcn\u00fc<\/a> haftas\u0131nda kad\u0131nlarla dayan\u0131\u015fmak i\u00e7in Ad\u0131yaman\u2019da olaca\u011f\u0131z. <br>Sizler de desteklerinizle dayan\u0131\u015fmam\u0131z\u0131 b\u00fcy\u00fctebilirsiniz. <a href=\"https:\/\/twitter.com\/hashtag\/Kad%C4%B1ndayan%C4%B1%C5%9Fmas%C4%B1Ya%C5%9Fat%C4%B1r?src=hash&amp;ref_src=twsrc%5Etfw\" target=\"_blank\" rel=\"noopener\">#Kad\u0131ndayan\u0131\u015fmas\u0131Ya\u015fat\u0131r<\/a>  <a href=\"https:\/\/twitter.com\/hashtag\/deprem?src=hash&amp;ref_src=twsrc%5Etfw\" target=\"_blank\" rel=\"noopener\">#deprem<\/a>  <a href=\"https:\/\/twitter.com\/hashtag\/Ad%C4%B1yaman?src=hash&amp;ref_src=twsrc%5Etfw\" target=\"_blank\" rel=\"noopener\">#Ad\u0131yaman<\/a> <a href=\"https:\/\/twitter.com\/hashtag\/j%C4%B1njiyanazadi?src=hash&amp;ref_src=twsrc%5Etfw\" target=\"_blank\" rel=\"noopener\">#j\u0131njiyanazadi<\/a>  <a href=\"https:\/\/twitter.com\/kadinkoalisyonu?ref_src=twsrc%5Etfw\" target=\"_blank\" rel=\"noopener\">@kadinkoalisyonu<\/a> <a href=\"https:\/\/twitter.com\/KBGuclu?ref_src=twsrc%5Etfw\" target=\"_blank\" rel=\"noopener\">@KBGuclu<\/a> <a href=\"https:\/\/twitter.com\/kadinzamanider?ref_src=twsrc%5Etfw\" target=\"_blank\" rel=\"noopener\">@kadinzamanider<\/a> <a href=\"https:\/\/twitter.com\/DernegiStar?ref_src=twsrc%5Etfw\" target=\"_blank\" rel=\"noopener\">@DernegiStar<\/a> <a href=\"https:\/\/twitter.com\/Mimozakadin?ref_src=twsrc%5Etfw\" target=\"_blank\" rel=\"noopener\">@Mimozakadin<\/a> <a href=\"https:\/\/t.co\/pqbMOQQlmE\">pic.twitter.com\/pqbMOQQlmE<\/a><\/p>&mdash; Rosa Kad\u0131n Derne\u011fi (@rosakadinderne1) <a href=\"https:\/\/twitter.com\/rosakadinderne1\/status\/1629439079744958466?ref_src=twsrc%5Etfw\" target=\"_blank\" rel=\"noopener\">February 25, 2023<\/a><\/blockquote><script async src=\"https:\/\/platform.twitter.com\/widgets.js\" charset=\"utf-8\"><\/script>\n<\/div><\/figure>\n\n\n\n<p class=\"wp-block-paragraph\"><strong>Kad\u0131n Zaman\u0131 Derne\u011fi<\/strong>, \u201cKad\u0131n Dayan\u0131\u015fmas\u0131 Ya\u015fat\u0131r\u201d diyerek afetten etkilenen kad\u0131nlar\u0131n yaralar\u0131n\u0131 sarmak i\u00e7in 8 Mart\u2019\u0131 Mara\u015f\u2019ta kad\u0131nlarla kar\u015f\u0131layaca\u011f\u0131n\u0131 a\u00e7\u0131klad\u0131. Hijyen \u00fcr\u00fcnlerinin yan\u0131 s\u0131ra \u00e7ocuklar i\u00e7in oyuncak, boya ve boyama kitab\u0131 da toplamay\u0131 ama\u00e7layan dernek, 4 Mart ak\u015fam\u0131na kadar yard\u0131mlar\u0131 kabul ediyor.<br><\/p>\n\n\n\n<figure class=\"wp-block-embed is-type-rich is-provider-twitter wp-block-embed-twitter\"><div class=\"wp-block-embed__wrapper\">\n<blockquote class=\"twitter-tweet\" data-width=\"500\" data-dnt=\"true\"><p lang=\"tr\" dir=\"ltr\">\ud83d\udcccKad\u0131n Dayan\u0131\u015fmas\u0131 Ya\u015fat\u0131r<br><br>Dayan\u0131\u015fmam\u0131zla birbirimizin yaralar\u0131n\u0131 sarmak i\u00e7in 8 Mart\u2019\u0131 Mara\u015f\u2019ta kad\u0131nlarla kar\u015f\u0131layaca\u011f\u0131z.<br><br>4 Mart saat 17:00\u2019 e kadar listedeki ihtiya\u00e7lar\u0131 kar\u015f\u0131lay\u0131p dayan\u0131\u015fmaya destek olabilirsiniz.\ud83d\udc9c <a href=\"https:\/\/t.co\/vc6h3oza8H\">pic.twitter.com\/vc6h3oza8H<\/a><\/p>&mdash; Kad\u0131n Zaman\u0131 Derne\u011fi (@kadinzamanider) <a href=\"https:\/\/twitter.com\/kadinzamanider\/status\/1629466526171422721?ref_src=twsrc%5Etfw\" target=\"_blank\" rel=\"noopener\">February 25, 2023<\/a><\/blockquote><script async src=\"https:\/\/platform.twitter.com\/widgets.js\" charset=\"utf-8\"><\/script>\n<\/div><\/figure>\n\n\n\n<p class=\"wp-block-paragraph\"><strong>Kad\u0131n Dayan\u0131\u015fma Vakf\u0131<\/strong> da depremden etkilenen kad\u0131nlarla dayan\u0131\u015fmak i\u00e7in 8 Mart Kad\u0131nlar G\u00fcn\u00fc\u2019nde <strong>Samanda\u011f<\/strong>\u2018da olaca\u011f\u0131n\u0131 belirtti. Vak\u0131f, k\u0131yafet ve hijyen \u00fcr\u00fcnleri ba\u015fta olmak \u00fczere bir\u00e7ok malzemeyi depremzede kad\u0131nlara ula\u015ft\u0131rmay\u0131 ama\u00e7l\u0131yor.<br><\/p>\n\n\n\n<figure class=\"wp-block-embed is-type-rich is-provider-twitter wp-block-embed-twitter\"><div class=\"wp-block-embed__wrapper\">\n<blockquote class=\"twitter-tweet\" data-width=\"500\" data-dnt=\"true\"><p lang=\"qme\" dir=\"ltr\"><a href=\"https:\/\/twitter.com\/hashtag\/kad%C4%B1ndayan%C4%B1%C5%9Fmas%C4%B1?src=hash&amp;ref_src=twsrc%5Etfw\" target=\"_blank\" rel=\"noopener\">#kad\u0131ndayan\u0131\u015fmas\u0131<\/a> <a href=\"https:\/\/twitter.com\/hashtag\/deprem?src=hash&amp;ref_src=twsrc%5Etfw\" target=\"_blank\" rel=\"noopener\">#deprem<\/a> <a href=\"https:\/\/twitter.com\/hashtag\/Dayan%C4%B1sma?src=hash&amp;ref_src=twsrc%5Etfw\" target=\"_blank\" rel=\"noopener\">#Dayan\u0131sma<\/a>  <a href=\"https:\/\/twitter.com\/kadinkoalisyonu?ref_src=twsrc%5Etfw\" target=\"_blank\" rel=\"noopener\">@kadinkoalisyonu<\/a> <a href=\"https:\/\/twitter.com\/morcativakfi?ref_src=twsrc%5Etfw\" target=\"_blank\" rel=\"noopener\">@morcativakfi<\/a><a href=\"https:\/\/twitter.com\/KSDM_Kurultayi?ref_src=twsrc%5Etfw\" target=\"_blank\" rel=\"noopener\">@KSDM_Kurultayi<\/a> @esitlikadaletkadin <a href=\"https:\/\/t.co\/11xSW8hLX3\">pic.twitter.com\/11xSW8hLX3<\/a><\/p>&mdash; Kad\u0131nDayan\u0131\u015fmaVakf\u0131 (@kadin_dv) <a href=\"https:\/\/twitter.com\/kadin_dv\/status\/1628794851671134208?ref_src=twsrc%5Etfw\" target=\"_blank\" rel=\"noopener\">February 23, 2023<\/a><\/blockquote><script async src=\"https:\/\/platform.twitter.com\/widgets.js\" charset=\"utf-8\"><\/script>\n<\/div><\/figure>\n\n\n\n<p class=\"wp-block-paragraph\"><strong>Mor Dayan\u0131\u015fma<\/strong> toplulu\u011fu da deprem b\u00f6lgesine yard\u0131m ula\u015ft\u0131rma \u00e7al\u0131\u015fmalar\u0131 i\u00e7in g\u00f6n\u00fcll\u00fcleri bir araya getiriyor. T\u00fcm g\u00f6n\u00fcll\u00fcleri dayan\u0131\u015fmaya \u00e7a\u011f\u0131ran topluluk, depremin ilk g\u00fcn\u00fcnden beri yard\u0131m toplayarak afet b\u00f6lgesindeki kad\u0131nlarla dayan\u0131\u015fma g\u00f6steriyor.<br><\/p>\n\n\n\n<figure class=\"wp-block-embed is-type-rich is-provider-twitter wp-block-embed-twitter\"><div class=\"wp-block-embed__wrapper\">\n<blockquote class=\"twitter-tweet\" data-width=\"500\" data-dnt=\"true\"><p lang=\"tr\" dir=\"ltr\">\ud83d\udccdAdana <br><br>Kahramanmara\u015f merkezli ger\u00e7ekle\u015fen 7.4 b\u00fcy\u00fckl\u00fc\u011f\u00fcndeki depremden etkilenen b\u00f6lgelere yard\u0131m i\u00e7in dayan\u0131\u015fmaya \u00e7a\u011fr\u0131s\u0131nda bulunuyoruz.<br><br>B\u00f6lge ile dayan\u0131\u015fma i\u00e7in yard\u0131mlar\u0131n\u0131z\u0131 g\u00f6rseldeki adrese ula\u015ft\u0131rabilir, g\u00f6rseldeki numaradan bizlere ula\u015fabilirsiniz.<a href=\"https:\/\/twitter.com\/hashtag\/deprem?src=hash&amp;ref_src=twsrc%5Etfw\" target=\"_blank\" rel=\"noopener\">#deprem<\/a> <a href=\"https:\/\/t.co\/yUSJBT7o3m\">pic.twitter.com\/yUSJBT7o3m<\/a><\/p>&mdash; MorDayan\u0131\u015fma (@DayanismaMor) <a href=\"https:\/\/twitter.com\/DayanismaMor\/status\/1622497078915084289?ref_src=twsrc%5Etfw\" target=\"_blank\" rel=\"noopener\">February 6, 2023<\/a><\/blockquote><script async src=\"https:\/\/platform.twitter.com\/widgets.js\" charset=\"utf-8\"><\/script>\n<\/div><\/figure>\n\n\n\n<h4 class=\"wp-block-heading\">Mor Dayan\u0131\u015fma g\u00f6n\u00fcll\u00fclerine g\u00f6zalt\u0131<\/h4>\n\n\n\n<p class=\"wp-block-paragraph\">\u00d6te yandan Mor Dayan\u0131\u015fma\u2019dan <strong>Pelin Song\u00fcl \u00c7i\u00e7ek<\/strong>\u2018in de aralar\u0131nda oldu\u011fu \u00e7ok say\u0131da g\u00f6n\u00fcll\u00fc, erzak da\u011f\u0131t\u0131m\u0131 ve halk toplant\u0131s\u0131 yapmak i\u00e7in gittikleri Hatay\u2019\u0131n <strong>G\u00fczelbur\u00e7<\/strong> k\u00f6y\u00fcnde \u00f6zel harekat\u00e7\u0131lar taraf\u0131ndan fiili g\u00f6zalt\u0131na al\u0131nd\u0131.<\/p>\n\n\n\n<p class=\"wp-block-paragraph\">Dayan\u0131\u015fma platformundan yap\u0131lan a\u00e7\u0131klamada, g\u00f6n\u00fcll\u00fclerin tutulduklar\u0131 okuldan \u00e7\u0131k\u0131\u015flar\u0131na izin verilmedi\u011fi kaydedildi.<\/p>\n\n\n\n<p class=\"wp-block-paragraph\">Mor Dayan\u0131\u015fma \u00fcyesi kad\u0131nlar, 6 \u015eubat\u2019ta Mara\u015f\u2019ta meydana gelen depremler nedeniyle Hatay\u2019da y\u0131k\u0131m\u0131n en \u00e7ok hissedildi\u011fi k\u00f6ylerden olan G\u00fczelbur\u00e7\u2019ta yurtta\u015flara erzak da\u011f\u0131tmak ve kad\u0131nlarla bir araya gelmek i\u00e7in k\u00f6ye gitmi\u015fti.<\/p>\n\n\n\n<p class=\"wp-block-paragraph\">Sabah\u0131n erken saatlerinden itibaren k\u00f6yde erzak da\u011f\u0131tan kad\u0131nlar\u0131 bir s\u00fcre sonra, \u00d6zel Hareket Polisleri durdurdu. Aralar\u0131nda <strong>Mor Dayan\u0131\u015fma Merkezi<\/strong> Koordinasyon \u00fcyesi Pelin Song\u00fcl \u00c7i\u00e7ek\u2019in de aralar\u0131nda oldu\u011fu \u00e7ok say\u0131da g\u00f6n\u00fcll\u00fc k\u00f6ydeki okula g\u00f6t\u00fcr\u00fcld\u00fc ve oradan \u00e7\u0131k\u0131\u015flar\u0131na izin verilmedi.<\/p>\n\n\n\n<figure class=\"wp-block-embed aligncenter is-type-rich is-provider-twitter wp-block-embed-twitter\"><div class=\"wp-block-embed__wrapper\">\n<blockquote class=\"twitter-tweet\" data-width=\"500\" data-dnt=\"true\"><p lang=\"tr\" dir=\"ltr\">Merkezi Koordinasyon \u00fcyemiz Pelin Song\u00fcl \u00c7i\u00e7ek&#39;in de aralar\u0131nda oldu\u011fu bir \u00e7ok arkada\u015f\u0131m\u0131z erzak da\u011f\u0131t\u0131m\u0131 ve halk toplant\u0131s\u0131 yapmak i\u00e7in gittikleri G\u00fczelbur\u00e7 k\u00f6y\u00fcnde \u00f6zel harekat\u00e7\u0131lar taraf\u0131ndan fiili g\u00f6zalt\u0131na al\u0131nd\u0131, tutulduklar\u0131 okuldan \u00e7\u0131k\u0131\u015flar\u0131na izin verilmiyor.<\/p>&mdash; MorDayan\u0131\u015fma (@DayanismaMor) <a href=\"https:\/\/twitter.com\/DayanismaMor\/status\/1630136272659390464?ref_src=twsrc%5Etfw\" target=\"_blank\" rel=\"noopener\">February 27, 2023<\/a><\/blockquote><script async src=\"https:\/\/platform.twitter.com\/widgets.js\" charset=\"utf-8\"><\/script>\n<\/div><\/figure>\n\n\n\n<h4 class=\"wp-block-heading\">\u2018Silahla tehdit ettiler\u2019<\/h4>\n\n\n\n<p class=\"wp-block-paragraph\"><strong>Bianet<\/strong>\u2019ten <strong>Evrim Kepenek<\/strong>\u2018in <a href=\"https:\/\/bianet.org\/bianet\/yasam\/274867-polisten-guzelburc-ta-erzak-dagitan-kadinlara-fiili-gozalti\" target=\"_blank\" rel=\"noopener\">aktard\u0131\u011f\u0131na g\u00f6re<\/a>, Mor Dayan\u0131\u015fma S\u00f6zc\u00fcs\u00fc <strong>Cemile Baklac\u0131<\/strong>, \u201cArkada\u015flar\u0131m\u0131z\u0131 polis engelliyor ve \u00f6zellikle kad\u0131nlarla bir araya gelmesini istemiyor. Silahlar\u0131n\u0131 g\u00f6stererek, tehdit ederek, kad\u0131nlar\u0131n telefonlar\u0131na el koydular ve yapt\u0131klar\u0131 \u00e7ekimleri silmelerini de istediler\u201d dedi.<\/p>\n\n\n\n<p class=\"wp-block-paragraph\">Baklac\u0131, \u015funlar\u0131 ekledi:<\/p>\n\n\n\n<blockquote class=\"wp-block-quote is-layout-flow wp-block-quote-is-layout-flow\">\n<p class=\"wp-block-paragraph\"><em>Biz dayan\u0131\u015fma i\u00e7in oraday\u0131z ve s\u00fcrekli bu tarz engellemelerle kar\u015f\u0131la\u015f\u0131yoruz. Feministlerin burada olmas\u0131n\u0131 istemiyorlar. Kad\u0131nlarla bir araya gelmemizi istemiyorlar. Ne yaparsalar yaps\u0131nlar bize engel olamayacaklar, dayan\u0131\u015fmam\u0131z s\u00fcrecek. Arkada\u015flar\u0131m\u0131z\u0131 bir an \u00f6nce serbest b\u0131rak\u0131n.<br><\/em><\/p>\n<\/blockquote>\n\n\n\n<p class=\"wp-block-paragraph\">Depremin oldu\u011fu ilk g\u00fcnlerde Hatay Samanda\u011f\u2019a giden Mor Dayan\u0131\u015fma \u00fcyesi kad\u0131nlar, b\u00f6lgede hemen kad\u0131n \u00e7ad\u0131r\u0131 kurmu\u015ftu. Kad\u0131nlara hijyen kiti ve ped da\u011f\u0131tan Mor Dayan\u0131\u015fma g\u00f6n\u00fcll\u00fcleri, kad\u0131nlara destek olmaya devam ediyordu.<\/p>\n\n\n\n<p class=\"wp-block-paragraph\">Kaynak: <a href=\"https:\/\/yesilgazete.org\/afetzede-kadinlarin-yaralarini-sarmayi-amaclayan-feminist-dayanisma-kampanyalari-buyuyor\" target=\"_blank\" rel=\"noopener\">Ye\u015fil Gazete<\/a><br><\/p>\n","protected":false},"excerpt":{"rendered":"<p>Depremden etkilenen b\u00f6lgedeki kad\u0131nlar\u0131n ihtiya\u00e7lar\u0131n\u0131n kar\u015f\u0131lanabilmesi i\u00e7in bir\u00e7ok feminist topluluk, kurum ve kurulu\u015f yard\u0131m kampanyalar\u0131n\u0131 s\u00fcrd\u00fcr\u00fcrken, Mor Dayan\u0131\u015fma g\u00f6n\u00fcll\u00fcleri Hatay&#8217;\u0131n G\u00fczelbur\u00e7 k\u00f6y\u00fcnde g\u00f6z al\u0131nd\u0131. 6 \u015eubat\u2019ta Kahramanmara\u015f\u2019ta meydana gelen depremlerin ard\u0131ndan b\u00f6lgede kad\u0131nlar\u0131n ihtiya\u00e7lar\u0131n\u0131n yeterince kar\u015f\u0131lanmamas\u0131 nedeniyle afete kar\u015f\u0131 feminist dayan\u0131\u015fma hareketleri yayg\u0131nla\u015farak geni\u015f destek buluyor. Kad\u0131n haklar\u0131 savunucusu bir\u00e7ok topluluk, ba\u015fta hijyen olmak \u00fczere&hellip;<\/p>","protected":false},"author":5,"featured_media":9696,"comment_status":"closed","ping_status":"closed","sticky":false,"template":"","format":"standard","meta":{"_coblocks_attr":"","_coblocks_dimensions":"","_coblocks_responsive_height":"","_coblocks_accordion_ie_support":"","_eb_attr":"","inline_featured_image":false,"footnotes":""},"categories":[537],"tags":[448,1507,311],"ppma_author":[573],"class_list":["post-9695","post","type-post","status-publish","format-standard","has-post-thumbnail","hentry","category-basinda-biz","tag-6subatdepremi","tag-afet-sonrasi-kadin-dayanismasi","tag-kadinmucadelesi","author-mor-dayanisma"],"authors":[{"term_id":573,"user_id":5,"is_guest":0,"slug":"mor-dayanisma","display_name":"Mor Dayan\u0131\u015fma","avatar_url":"https:\/\/www.mordayanisma.org\/wp-content\/litespeed\/avatar\/18b1bff8d2c98eaf6f87c388a27f2cfa.jpg?ver=1788268176","author_category":"1","first_name":"Mor","last_name":"Dayan\u0131\u015fma","user_url":"","job_title":"","description":"<a href=\"https:\/\/www.mordayanisma.org\/en\/iletisim\/\" target=\"_blank\" rel=\"noopener\">Contact<\/a>\r\n\r\ndayanismamor@gmail.com"}],"_links":{"self":[{"href":"https:\/\/www.mordayanisma.org\/en\/wp-json\/wp\/v2\/posts\/9695","targetHints":{"allow":["GET"]}}],"collection":[{"href":"https:\/\/www.mordayanisma.org\/en\/wp-json\/wp\/v2\/posts"}],"about":[{"href":"https:\/\/www.mordayanisma.org\/en\/wp-json\/wp\/v2\/types\/post"}],"author":[{"embeddable":true,"href":"https:\/\/www.mordayanisma.org\/en\/wp-json\/wp\/v2\/users\/5"}],"replies":[{"embeddable":true,"href":"https:\/\/www.mordayanisma.org\/en\/wp-json\/wp\/v2\/comments?post=9695"}],"version-history":[{"count":1,"href":"https:\/\/www.mordayanisma.org\/en\/wp-json\/wp\/v2\/posts\/9695\/revisions"}],"predecessor-version":[{"id":9705,"href":"https:\/\/www.mordayanisma.org\/en\/wp-json\/wp\/v2\/posts\/9695\/revisions\/9705"}],"wp:featuredmedia":[{"embeddable":true,"href":"https:\/\/www.mordayanisma.org\/en\/wp-json\/wp\/v2\/media\/9696"}],"wp:attachment":[{"href":"https:\/\/www.mordayanisma.org\/en\/wp-json\/wp\/v2\/media?parent=9695"}],"wp:term":[{"taxonomy":"category","embeddable":true,"href":"https:\/\/www.mordayanisma.org\/en\/wp-json\/wp\/v2\/categories?post=9695"},{"taxonomy":"post_tag","embeddable":true,"href":"https:\/\/www.mordayanisma.org\/en\/wp-json\/wp\/v2\/tags?post=9695"},{"taxonomy":"author","embeddable":true,"href":"https:\/\/www.mordayanisma.org\/en\/wp-json\/wp\/v2\/ppma_author?post=9695"}],"curies":[{"name":"wp","href":"https:\/\/api.w.org\/{rel}","templated":true}]}}