{"id":9691,"date":"2023-09-27T15:32:00","date_gmt":"2023-09-27T12:32:00","guid":{"rendered":"https:\/\/www.mordayanisma.org\/?p=9691"},"modified":"2025-11-15T15:37:51","modified_gmt":"2025-11-15T12:37:51","slug":"mersinde-kadin-siginma-evleri-yetersiz","status":"publish","type":"post","link":"https:\/\/www.mordayanisma.org\/en\/2023\/09\/27\/mersinde-kadin-siginma-evleri-yetersiz\/","title":{"rendered":"Mersin\u2019de kad\u0131n s\u0131\u011f\u0131nma evleri yetersiz!"},"content":{"rendered":"\n<p class=\"wp-block-paragraph\"><strong>Mersin\u2019de kad\u0131n s\u0131\u011f\u0131nma evlerinin yetersiz oldu\u011funa de\u011finen kad\u0131nlar, sorumlular\u0131 g\u00f6reve davet etti. Ayr\u0131ca kendilerine uygulanan her t\u00fcrl\u00fc \u015fiddete ve tacize kar\u015f\u0131 kad\u0131nlar\u0131n yaln\u0131z olmad\u0131\u011f\u0131n\u0131 s\u00f6yleyen Mor Dayan\u0131\u015fma \u00fcyesi kad\u0131nlar, \u00f6rg\u00fctl\u00fc m\u00fccadele \u00e7a\u011fr\u0131s\u0131 yapt\u0131.<\/strong><strong><\/strong><\/p>\n<span hidden class=\"__iawmlf-post-loop-links\" data-iawmlf-links=\"[{&quot;id&quot;:343,&quot;href&quot;:&quot;https:\\\/\\\/www.mersinhaberci.com\\\/haber\\\/47326\\\/mersinde-kadin-siginma-evleri-yetersiz.html&quot;,&quot;archived_href&quot;:&quot;https:\\\/\\\/web-wp.archive.org\\\/web\\\/20260522014201\\\/https:\\\/\\\/www.mersinhaberci.com\\\/haber\\\/47326\\\/mersinde-kadin-siginma-evleri-yetersiz.html&quot;,&quot;redirect_href&quot;:&quot;&quot;,&quot;checks&quot;:[{&quot;date&quot;:&quot;2026-06-11 10:25:13&quot;,&quot;http_code&quot;:200},{&quot;date&quot;:&quot;2026-07-05 20:39:20&quot;,&quot;http_code&quot;:200},{&quot;date&quot;:&quot;2026-07-24 07:39:24&quot;,&quot;http_code&quot;:200}],&quot;broken&quot;:false,&quot;last_checked&quot;:{&quot;date&quot;:&quot;2026-07-24 07:39:24&quot;,&quot;http_code&quot;:200},&quot;process&quot;:&quot;done&quot;}]\"><\/span>\n\n\n<p class=\"wp-block-paragraph\">BARI\u015e \u00c7OBAN<\/p>\n\n\n\n<p class=\"wp-block-paragraph\">Mersin Mor Dayan\u0131\u015fma, kad\u0131na y\u00f6nelik \u015fiddet, taciz, emek s\u00f6m\u00fcr\u00fcs\u00fc ve Mersin\u2019de bulunan kad\u0131n s\u0131\u011f\u0131nma evlerinin yetersiz olmas\u0131na ili\u015fkin Pozcu Koton \u00f6n\u00fcnde toplanarak bas\u0131n a\u00e7\u0131klamas\u0131 ger\u00e7ekle\u015ftirdi. Mersin Mor Dayan\u0131\u015fma \u00fcyesi Ay\u015feg\u00fcl G\u00f6\u00e7men\u2019in okudu\u011fu a\u00e7\u0131klamada kad\u0131nlar,<\/p>\n\n\n\n<p class=\"wp-block-paragraph\">\u201cYaln\u0131z de\u011filsin Mor Dayan\u0131\u015fma var&#8221; pankart\u0131 a\u00e7t\u0131. A\u00e7\u0131klamaya Ye\u015filler ve Sol Gelecek Partisi (Ye\u015fil Sol Parti) Mersin Milletvekili Perihan Koca destek verdi.<\/p>\n\n\n\n<h4 class=\"wp-block-heading\"><strong>\u201cM\u00dcCADELEM\u0130Z\u0130 B\u00dcY\u00dcT\u00dcYORUZ\u201d<\/strong><\/h4>\n\n\n\n<p class=\"wp-block-paragraph\">Mersin Mor Dayan\u0131\u015fma \u00fcyesi Ay\u015feg\u00fcl G\u00f6\u00e7men, AKP-MHP-H\u00dcDAPAR ve Yeniden Refah Partisi iktidar\u0131n\u0131n t\u00fcm kad\u0131n d\u00fc\u015fman\u0131 politikalar\u0131n\u0131n kar\u015f\u0131s\u0131nda, kad\u0131nlar\u0131n yaln\u0131z olmad\u0131\u011f\u0131n\u0131 ve Mor Dayan\u0131\u015fma\u2019n\u0131n kad\u0131nlar\u0131n yan\u0131nda oldu\u011funu ifade etti.<\/p>\n\n\n\n<p class=\"wp-block-paragraph\">Y\u0131llar\u0131d\u0131r haklar\u0131nda, hayatlar\u0131na, bedenlerine, kimliklerine ve ya\u015fam tarzlar\u0131na y\u00f6nelik sald\u0131r\u0131lar kar\u015f\u0131s\u0131nda susmadan, korkmadan ve itaat etmeden m\u00fccadelelerini b\u00fcy\u00fctt\u00fcklerini anlatan G\u00f6\u00e7men, \u201cSokak sokak, mahalle mahalle, il\u00e7e il\u00e7e bir kere daha bu sesi \u00f6rg\u00fctlemek i\u00e7in buraday\u0131z!\u201d dedi.<\/p>\n\n\n\n<h4 class=\"wp-block-heading\"><strong>\u201cT\u00dcM MERS\u0130NL\u0130 KADINLARI \u00d6RG\u00dcTLENMEYE \u00c7A\u011eIRIYORUZ\u201d<\/strong><\/h4>\n\n\n\n<p class=\"wp-block-paragraph\">Ekonomik krizin hayatlar\u0131n\u0131 sarmalad\u0131\u011f\u0131n\u0131 s\u00f6yleyen G\u00f6\u00e7men, \u201cA\u00e7l\u0131k s\u0131n\u0131r\u0131 12 bin 918 TL iken milyonlarca insan 11 bin 400 TL olan asgari \u00fccretle ya\u015famaya zorlan\u0131yor. \u00dclkenin tam y\u00fczde 70&#8217;ini a\u00e7l\u0131k s\u0131n\u0131r\u0131 alt\u0131nda olan asgari \u00fccretle ge\u00e7im derdinde. Haklar\u0131 i\u00e7in direnen i\u015f\u00e7iler ise kar\u015f\u0131lar\u0131nda her zamanki gibi devleti buluyor. Zengini daha fazla zengin yapma derdinde olan devlet t\u00fcm g\u00fcc\u00fcyle i\u015f\u00e7inin, emek\u00e7inin kar\u015f\u0131s\u0131na dikiliyor. \u00dclkenin her yan\u0131nda direnen i\u015f\u00e7iler i\u015fkence g\u00f6r\u00fcyor, g\u00f6zalt\u0131na al\u0131n\u0131yor.<\/p>\n\n\n\n<p class=\"wp-block-paragraph\">\u0130stanbul S\u00f6zle\u015fmesini kad\u0131nlar\u0131n t\u00fcm itirazlar\u0131n\u0131 yok sayarak elimizden alan iktidar \u015fimdi de 6284&#8217;e sald\u0131r\u0131yor. Bu erkek egemenli\u011fine kar\u015f\u0131 feminist m\u00fccadelemizi\/kad\u0131n m\u00fccadelemizi sokak sokak \u00f6rg\u00fctleyen biz kad\u0131nlar\u0131 g\u00f6zalt\u0131-tutuklama sald\u0131r\u0131s\u0131 ile susturmaya \u00e7al\u0131\u015f\u0131yor. Her g\u00fcn kad\u0131n cinayetleri ile uyan\u0131rken erkek-yarg\u0131 ile failler aklan\u0131yor, \u00f6d\u00fcllendiriliyor. LGBT\u0130+ fobikli\u011fi ile nefret kusuyorlar. \u00c7EDES gibi projelerle laikli\u011fe sald\u0131r\u0131 b\u00fcy\u00fct\u00fcl\u00fcyor. Ekonomik krizle kad\u0131nlar, gen\u00e7ler, emek\u00e7iler a\u00e7l\u0131\u011fa s\u00fcr\u00fckleniyor. B\u00fcy\u00fck sermayedarlar i\u00e7in Akbeleden&#8217;den Dikmece&#8217;ye do\u011fa talan\u0131 b\u00fcy\u00fct\u00fcl\u00fcyor.<\/p>\n\n\n\n<p class=\"wp-block-paragraph\">Bizler t\u00fcm bunlar\u0131n kar\u015f\u0131s\u0131nda \u00f6rg\u00fctl\u00fc bir m\u00fccadele ile kazanaca\u011f\u0131m\u0131z\u0131n bilinci ile t\u00fcm Mersinli kad\u0131nlar\u0131 Mor Dayan\u0131\u015fma&#8217;da \u00f6rg\u00fctlenmeye \u00e7a\u011f\u0131r\u0131yoruz\u201d a\u00e7\u0131klamas\u0131nda bulundu.<\/p>\n\n\n\n<h4 class=\"wp-block-heading\"><strong>\u201cKADINLAR YALNIZ DE\u011e\u0130L\u201d<\/strong><\/h4>\n\n\n\n<p class=\"wp-block-paragraph\">Kad\u0131nlar\u0131n yaln\u0131z olmad\u0131\u011f\u0131na vurgu yapan G\u00f6\u00e7men, \u201cBilmelisin ki yaln\u0131z de\u011filsin, yaln\u0131z de\u011filiz, \u00e7\u00fcnk\u00fc Mor Dayan\u0131\u015fma var, kad\u0131n \u00f6zg\u00fcrl\u00fck m\u00fccadelemiz var! Bizi hapsetmeye \u00e7al\u0131\u015ft\u0131klar\u0131 bu karanl\u0131\u011f\u0131 \u00f6rg\u00fctl\u00fc m\u00fccadele ile y\u0131rtmak i\u00e7in buraday\u0131z! Sokak sokak \u00f6rg\u00fctlenme faaliyetlerini b\u00fcy\u00fctmeye devam edece\u011fiz. Umudumuzu b\u00fcy\u00fctecek, g\u00fcc\u00fcm\u00fcz\u00fc birbirimizden alaca\u011f\u0131z. Her zaman s\u00f6yledi\u011fimiz gibi; bu karanl\u0131\u011fa kar\u015f\u0131 umut biz de, umut kad\u0131nlarda!\u201d diye belirtti.<\/p>\n\n\n\n<h4 class=\"wp-block-heading\"><strong>\u201cSI\u011eINMA EVLER\u0130 YETERS\u0130Z, EMEK KOM\u0130SYONU KURACA\u011eIZ\u201d<\/strong><\/h4>\n\n\n\n<p class=\"wp-block-paragraph\">Mersin Mor Dayan\u0131\u015fma\u2019n\u0131n \u00e7al\u0131\u015fmalar\u0131na da de\u011finen G\u00f6\u00e7men, \u015f\u00f6yle devam etti: \u201cMersin&#8217;in her yerinde, mahallelerde \u00f6rg\u00fctlenme \u00e7al\u0131\u015fmam\u0131z\u0131 yaparken bir yandan da Hukuk, Psikososyal Destek, K\u00fclt\u00fcr-Sanat, Sa\u011fl\u0131k Komisyonlar\u0131m\u0131z\u0131 g\u00fc\u00e7lendirecek, Emek Komisyonunu kuraca\u011f\u0131z!<\/p>\n\n\n\n<p class=\"wp-block-paragraph\">Kad\u0131nlar\u0131n acil taleplerini g\u00fcndemle\u015ftirecek ve m\u00fccadelemiz ile kazanaca\u011f\u0131z. S\u0131\u011f\u0131nma evlerinin yetersizli\u011fi ve g\u00fcvensizli\u011fi herkes i\u00e7in malum bir ger\u00e7ekken Mersin&#8217;de bulunan s\u0131\u011f\u0131nma evlerinin yetersiz ve g\u00fcvencesiz oldu\u011funu biliyor muydunuz? \u0130\u015fte bu ihtiya\u00e7la yola \u00e7\u0131karak yasal sorumlulu\u011fu bulunan belediyelerde s\u0131\u011f\u0131nma evleri a\u00e7t\u0131r\u0131p, mevcut olanlar\u0131n iyile\u015ftirilmesi i\u00e7in m\u00fccadele edece\u011fiz. Bunu sokak sokak toplad\u0131\u011f\u0131m\u0131z imzalarla, bulundu\u011fumuz her yerde yapt\u0131\u011f\u0131m\u0131z \u00e7a\u011fr\u0131larla ba\u015faraca\u011f\u0131z!<\/p>\n\n\n\n<p class=\"wp-block-paragraph\"><strong>\u015eimdi g\u00fc\u00e7l\u00fc bir ad\u0131m atma zaman\u0131. Sosyalist Feminist m\u00fccadelemizde yerin haz\u0131r! Gelin birlikte ba\u015faral\u0131m.\u201d<\/strong><\/p>\n\n\n\n<p class=\"wp-block-paragraph\">Kaynak: <a href=\"https:\/\/www.mersinhaberci.com\/haber\/47326\/mersinde-kadin-siginma-evleri-yetersiz.html\" target=\"_blank\" rel=\"noopener\">Mersin Haberci<\/a><\/p>\n","protected":false},"excerpt":{"rendered":"<p>Mersin\u2019de kad\u0131n s\u0131\u011f\u0131nma evlerinin yetersiz oldu\u011funa de\u011finen kad\u0131nlar, sorumlular\u0131 g\u00f6reve davet etti. Ayr\u0131ca kendilerine uygulanan her t\u00fcrl\u00fc \u015fiddete ve tacize kar\u015f\u0131 kad\u0131nlar\u0131n yaln\u0131z olmad\u0131\u011f\u0131n\u0131 s\u00f6yleyen Mor Dayan\u0131\u015fma \u00fcyesi kad\u0131nlar, \u00f6rg\u00fctl\u00fc m\u00fccadele \u00e7a\u011fr\u0131s\u0131 yapt\u0131. BARI\u015e \u00c7OBAN Mersin Mor Dayan\u0131\u015fma, kad\u0131na y\u00f6nelik \u015fiddet, taciz, emek s\u00f6m\u00fcr\u00fcs\u00fc ve Mersin\u2019de bulunan kad\u0131n s\u0131\u011f\u0131nma evlerinin yetersiz olmas\u0131na ili\u015fkin Pozcu Koton&hellip;<\/p>","protected":false},"author":5,"featured_media":9686,"comment_status":"closed","ping_status":"closed","sticky":false,"template":"","format":"standard","meta":{"_coblocks_attr":"","_coblocks_dimensions":"","_coblocks_responsive_height":"","_coblocks_accordion_ie_support":"","_eb_attr":"","inline_featured_image":false,"footnotes":""},"categories":[537],"tags":[271,1281,476,1484],"ppma_author":[573],"class_list":["post-9691","post","type-post","status-publish","format-standard","has-post-thumbnail","hentry","category-basinda-biz","tag-271","tag-istanbul-sozlesmesi-2","tag-orgutlufeministmucadele","tag-siginma-evi","author-mor-dayanisma"],"authors":[{"term_id":573,"user_id":5,"is_guest":0,"slug":"mor-dayanisma","display_name":"Mor Dayan\u0131\u015fma","avatar_url":"https:\/\/www.mordayanisma.org\/wp-content\/litespeed\/avatar\/18b1bff8d2c98eaf6f87c388a27f2cfa.jpg?ver=1788268176","author_category":"1","first_name":"Mor","last_name":"Dayan\u0131\u015fma","user_url":"","job_title":"","description":"<a href=\"https:\/\/www.mordayanisma.org\/en\/iletisim\/\" target=\"_blank\" rel=\"noopener\">Contact<\/a>\r\n\r\ndayanismamor@gmail.com"}],"_links":{"self":[{"href":"https:\/\/www.mordayanisma.org\/en\/wp-json\/wp\/v2\/posts\/9691","targetHints":{"allow":["GET"]}}],"collection":[{"href":"https:\/\/www.mordayanisma.org\/en\/wp-json\/wp\/v2\/posts"}],"about":[{"href":"https:\/\/www.mordayanisma.org\/en\/wp-json\/wp\/v2\/types\/post"}],"author":[{"embeddable":true,"href":"https:\/\/www.mordayanisma.org\/en\/wp-json\/wp\/v2\/users\/5"}],"replies":[{"embeddable":true,"href":"https:\/\/www.mordayanisma.org\/en\/wp-json\/wp\/v2\/comments?post=9691"}],"version-history":[{"count":2,"href":"https:\/\/www.mordayanisma.org\/en\/wp-json\/wp\/v2\/posts\/9691\/revisions"}],"predecessor-version":[{"id":9693,"href":"https:\/\/www.mordayanisma.org\/en\/wp-json\/wp\/v2\/posts\/9691\/revisions\/9693"}],"wp:featuredmedia":[{"embeddable":true,"href":"https:\/\/www.mordayanisma.org\/en\/wp-json\/wp\/v2\/media\/9686"}],"wp:attachment":[{"href":"https:\/\/www.mordayanisma.org\/en\/wp-json\/wp\/v2\/media?parent=9691"}],"wp:term":[{"taxonomy":"category","embeddable":true,"href":"https:\/\/www.mordayanisma.org\/en\/wp-json\/wp\/v2\/categories?post=9691"},{"taxonomy":"post_tag","embeddable":true,"href":"https:\/\/www.mordayanisma.org\/en\/wp-json\/wp\/v2\/tags?post=9691"},{"taxonomy":"author","embeddable":true,"href":"https:\/\/www.mordayanisma.org\/en\/wp-json\/wp\/v2\/ppma_author?post=9691"}],"curies":[{"name":"wp","href":"https:\/\/api.w.org\/{rel}","templated":true}]}}