{"id":9612,"date":"2023-06-22T11:22:00","date_gmt":"2023-06-22T08:22:00","guid":{"rendered":"https:\/\/www.mordayanisma.org\/?p=9612"},"modified":"2025-11-15T11:27:42","modified_gmt":"2025-11-15T08:27:42","slug":"hatice-goz-ve-3-mor-dayanisma-uyesi-serbest","status":"publish","type":"post","link":"https:\/\/www.mordayanisma.org\/en\/2023\/06\/22\/hatice-goz-ve-3-mor-dayanisma-uyesi-serbest\/","title":{"rendered":"Hatice G\u00f6z ve 3 Mor Dayan\u0131\u015fma \u00dcyesi Serbest"},"content":{"rendered":"\n<p class=\"wp-block-paragraph\"><strong>Toplumsal Dayan\u0131\u015fma \u0130\u00e7in Psikologlar Derne\u011fi, &#8220;\u00c7ocuk haklar\u0131 ve kad\u0131n m\u00fccadelesi alan\u0131nda \u00e7al\u0131\u015fan arkada\u015f\u0131m\u0131z\u0131n me\u015fru faaliyetleri kriminalize edilemez. Hatice&#8217;nin yan\u0131nday\u0131z&#8221; dedi.<\/strong><\/p>\n<span hidden class=\"__iawmlf-post-loop-links\" data-iawmlf-links=\"[{&quot;id&quot;:352,&quot;href&quot;:&quot;https:\\\/\\\/bianet.org\\\/etiket\\\/top-5979&quot;,&quot;archived_href&quot;:&quot;https:\\\/\\\/web-wp.archive.org\\\/web\\\/20260208104505\\\/https:\\\/\\\/bianet.org\\\/etiket\\\/top-5979&quot;,&quot;redirect_href&quot;:&quot;&quot;,&quot;checks&quot;:[{&quot;date&quot;:&quot;2026-05-22 01:53:32&quot;,&quot;http_code&quot;:200},{&quot;date&quot;:&quot;2026-08-17 23:31:12&quot;,&quot;http_code&quot;:200},{&quot;date&quot;:&quot;2026-09-03 14:05:02&quot;,&quot;http_code&quot;:200}],&quot;broken&quot;:false,&quot;last_checked&quot;:{&quot;date&quot;:&quot;2026-09-03 14:05:02&quot;,&quot;http_code&quot;:200},&quot;process&quot;:&quot;done&quot;},{&quot;id&quot;:338,&quot;href&quot;:&quot;https:\\\/\\\/bianet.org\\\/etiket\\\/mor-dayanisma-59243&quot;,&quot;archived_href&quot;:&quot;https:\\\/\\\/web-wp.archive.org\\\/web\\\/20251007090552\\\/https:\\\/\\\/bianet.org\\\/etiket\\\/mor-dayanisma-59243&quot;,&quot;redirect_href&quot;:&quot;&quot;,&quot;checks&quot;:[{&quot;date&quot;:&quot;2026-05-22 01:30:03&quot;,&quot;http_code&quot;:200},{&quot;date&quot;:&quot;2026-06-03 23:05:01&quot;,&quot;http_code&quot;:200},{&quot;date&quot;:&quot;2026-06-17 17:37:29&quot;,&quot;http_code&quot;:200},{&quot;date&quot;:&quot;2026-07-19 13:48:16&quot;,&quot;http_code&quot;:200},{&quot;date&quot;:&quot;2026-08-10 13:37:03&quot;,&quot;http_code&quot;:200},{&quot;date&quot;:&quot;2026-08-17 23:31:12&quot;,&quot;http_code&quot;:200},{&quot;date&quot;:&quot;2026-08-27 21:45:02&quot;,&quot;http_code&quot;:503},{&quot;date&quot;:&quot;2026-08-31 22:23:13&quot;,&quot;http_code&quot;:200}],&quot;broken&quot;:false,&quot;last_checked&quot;:{&quot;date&quot;:&quot;2026-08-31 22:23:13&quot;,&quot;http_code&quot;:200},&quot;process&quot;:&quot;done&quot;},{&quot;id&quot;:353,&quot;href&quot;:&quot;https:\\\/\\\/bianet.org\\\/haber\\\/hatice-goz-ve-3-mor-dayanisma-uyesi-serbest-280719&quot;,&quot;archived_href&quot;:&quot;https:\\\/\\\/web-wp.archive.org\\\/web\\\/20260522015832\\\/https:\\\/\\\/bianet.org\\\/haber\\\/hatice-goz-ve-3-mor-dayanisma-uyesi-serbest-280719&quot;,&quot;redirect_href&quot;:&quot;&quot;,&quot;checks&quot;:[{&quot;date&quot;:&quot;2026-08-17 23:31:17&quot;,&quot;http_code&quot;:200},{&quot;date&quot;:&quot;2026-09-03 14:05:33&quot;,&quot;http_code&quot;:200}],&quot;broken&quot;:false,&quot;last_checked&quot;:{&quot;date&quot;:&quot;2026-09-03 14:05:33&quot;,&quot;http_code&quot;:200},&quot;process&quot;:&quot;done&quot;}]\"><\/span>\n\n\n<p class=\"wp-block-paragraph\">Ankara ve \u0130zmir&#8217;deki ev bask\u0131nlar\u0131nda g\u00f6zalt\u0131na al\u0131nan <a href=\"https:\/\/bianet.org\/etiket\/top-5979\" target=\"_blank\" rel=\"noopener\">T\u00d6P<\/a> Merkez Koordinasyon \u00dcyesi Hatice G\u00f6z ve <a href=\"https:\/\/bianet.org\/etiket\/mor-dayanisma-59243\" target=\"_blank\" rel=\"noopener\">Mor Dayan\u0131\u015fma<\/a> \u00fcyesi \u00fc\u00e7 kad\u0131n serbest b\u0131rak\u0131ld\u0131.<\/p>\n\n\n\n<p class=\"wp-block-paragraph\">Toplumsal \u00d6zg\u00fcr\u00fck Partisi sosyal medya hesab\u0131ndan \u015fu a\u00e7\u0131klamay\u0131 yapt\u0131:<\/p>\n\n\n\n<p class=\"wp-block-paragraph\">&#8220;Partimize y\u00f6nelik kriminalize etme ve komplo operasyonlar\u0131n\u0131n sonucunda g\u00f6zalt\u0131na al\u0131nan MK \u00fcyemiz Hatice G\u00f6z ve Mor Dayan\u0131\u015fma \u00fcyesi 3 kad\u0131n arkada\u015f\u0131m\u0131z nihayet serbest b\u0131rak\u0131ld\u0131.&#8221;<\/p>\n\n\n\n<p class=\"wp-block-paragraph\">Toplumsal Dayan\u0131\u015fma \u0130\u00e7in Psikologlar Derne\u011fi ise, &#8220;3 g\u00fcnd\u00fcr hukuksuzca g\u00f6zalt\u0131nda tutulan arkada\u015f\u0131m\u0131z Hatice G\u00f6z serbest b\u0131rak\u0131ld\u0131. \u00c7ocuk haklar\u0131 ve kad\u0131n m\u00fccadelesi alan\u0131nda \u00e7al\u0131\u015fan arkada\u015f\u0131m\u0131z\u0131n me\u015fru faaliyetleri kriminalize edilemez. Hatice&#8217;nin yan\u0131nday\u0131z&#8221; dedi.<\/p>\n\n\n\n<p class=\"wp-block-paragraph\">Ye\u015fil ve Sol Parti Mersin Milletvekili Perihan Koca \u00f6nceki g\u00fcn Toplumsal \u00d6zg\u00fcrl\u00fck Platformu&#8217;na (T\u00d6P) y\u00f6nelik 19 Haziran&#8217;daki operasyonlara tepki g\u00f6stermi\u015f ve Meclis&#8217;te bas\u0131n toplant\u0131s\u0131 d\u00fczenlemi\u015fti. Meclisteki bas\u0131n toplant\u0131s\u0131na EMEP Milletvekili Sevda Karaca, Ye\u015fil Sol Parti milletvekilleri Kezban Konuk\u00e7u, Burcug\u00fcl \u00c7ubuk ve Sevilay \u00c7elenk de kat\u0131lm\u0131\u015ft\u0131.<\/p>\n\n\n\n<p class=\"wp-block-paragraph\">(A\u00d6)<\/p>\n\n\n\n<p class=\"wp-block-paragraph\">Kaynak: <a href=\"https:\/\/bianet.org\/haber\/hatice-goz-ve-3-mor-dayanisma-uyesi-serbest-280719\" target=\"_blank\" rel=\"noopener\">Bianet<\/a><\/p>\n","protected":false},"excerpt":{"rendered":"<p>Toplumsal Dayan\u0131\u015fma \u0130\u00e7in Psikologlar Derne\u011fi, &#8220;\u00c7ocuk haklar\u0131 ve kad\u0131n m\u00fccadelesi alan\u0131nda \u00e7al\u0131\u015fan arkada\u015f\u0131m\u0131z\u0131n me\u015fru faaliyetleri kriminalize edilemez. Hatice&#8217;nin yan\u0131nday\u0131z&#8221; dedi. Ankara ve \u0130zmir&#8217;deki ev bask\u0131nlar\u0131nda g\u00f6zalt\u0131na al\u0131nan T\u00d6P Merkez Koordinasyon \u00dcyesi Hatice G\u00f6z ve Mor Dayan\u0131\u015fma \u00fcyesi \u00fc\u00e7 kad\u0131n serbest b\u0131rak\u0131ld\u0131. Toplumsal \u00d6zg\u00fcr\u00fck Partisi sosyal medya hesab\u0131ndan \u015fu a\u00e7\u0131klamay\u0131 yapt\u0131: &#8220;Partimize y\u00f6nelik kriminalize etme ve&hellip;<\/p>","protected":false},"author":5,"featured_media":9614,"comment_status":"closed","ping_status":"closed","sticky":false,"template":"","format":"standard","meta":{"_coblocks_attr":"","_coblocks_dimensions":"","_coblocks_responsive_height":"","_coblocks_accordion_ie_support":"","_eb_attr":"","inline_featured_image":false,"footnotes":""},"categories":[537],"tags":[272,1377,1391],"ppma_author":[573],"class_list":["post-9612","post","type-post","status-publish","format-standard","has-post-thumbnail","hentry","category-basinda-biz","tag-feministmucadele","tag-gozalti","tag-hak-mucadelesi","author-mor-dayanisma"],"authors":[{"term_id":573,"user_id":5,"is_guest":0,"slug":"mor-dayanisma","display_name":"Mor Dayan\u0131\u015fma","avatar_url":"https:\/\/www.mordayanisma.org\/wp-content\/litespeed\/avatar\/18b1bff8d2c98eaf6f87c388a27f2cfa.jpg?ver=1788268176","author_category":"1","first_name":"Mor","last_name":"Dayan\u0131\u015fma","user_url":"","job_title":"","description":"<a href=\"https:\/\/www.mordayanisma.org\/en\/iletisim\/\" target=\"_blank\" rel=\"noopener\">Contact<\/a>\r\n\r\ndayanismamor@gmail.com"}],"_links":{"self":[{"href":"https:\/\/www.mordayanisma.org\/en\/wp-json\/wp\/v2\/posts\/9612","targetHints":{"allow":["GET"]}}],"collection":[{"href":"https:\/\/www.mordayanisma.org\/en\/wp-json\/wp\/v2\/posts"}],"about":[{"href":"https:\/\/www.mordayanisma.org\/en\/wp-json\/wp\/v2\/types\/post"}],"author":[{"embeddable":true,"href":"https:\/\/www.mordayanisma.org\/en\/wp-json\/wp\/v2\/users\/5"}],"replies":[{"embeddable":true,"href":"https:\/\/www.mordayanisma.org\/en\/wp-json\/wp\/v2\/comments?post=9612"}],"version-history":[{"count":1,"href":"https:\/\/www.mordayanisma.org\/en\/wp-json\/wp\/v2\/posts\/9612\/revisions"}],"predecessor-version":[{"id":9615,"href":"https:\/\/www.mordayanisma.org\/en\/wp-json\/wp\/v2\/posts\/9612\/revisions\/9615"}],"wp:featuredmedia":[{"embeddable":true,"href":"https:\/\/www.mordayanisma.org\/en\/wp-json\/wp\/v2\/media\/9614"}],"wp:attachment":[{"href":"https:\/\/www.mordayanisma.org\/en\/wp-json\/wp\/v2\/media?parent=9612"}],"wp:term":[{"taxonomy":"category","embeddable":true,"href":"https:\/\/www.mordayanisma.org\/en\/wp-json\/wp\/v2\/categories?post=9612"},{"taxonomy":"post_tag","embeddable":true,"href":"https:\/\/www.mordayanisma.org\/en\/wp-json\/wp\/v2\/tags?post=9612"},{"taxonomy":"author","embeddable":true,"href":"https:\/\/www.mordayanisma.org\/en\/wp-json\/wp\/v2\/ppma_author?post=9612"}],"curies":[{"name":"wp","href":"https:\/\/api.w.org\/{rel}","templated":true}]}}