{"id":9407,"date":"2025-05-07T09:56:00","date_gmt":"2025-05-07T06:56:00","guid":{"rendered":"https:\/\/www.mordayanisma.org\/?p=9407"},"modified":"2025-11-15T14:12:39","modified_gmt":"2025-11-15T11:12:39","slug":"adana-kadin-platformundan-emniyete-tepki-kadin-mucadelesini-ajanlik-teklifleriyle-susturamazsiniz","status":"publish","type":"post","link":"https:\/\/www.mordayanisma.org\/en\/2025\/05\/07\/adana-kadin-platformundan-emniyete-tepki-kadin-mucadelesini-ajanlik-teklifleriyle-susturamazsiniz\/","title":{"rendered":"Adana Kad\u0131n Platformu\u2019ndan Emniyete Tepki: \u201cKad\u0131n M\u00fccadelesini Ajanl\u0131k Teklifleriyle Susturamazs\u0131n\u0131z!\u201d"},"content":{"rendered":"\n<p class=\"wp-block-paragraph\">Kad\u0131n Platformu: Bizler kolluk kuvvetlerinin \u201cbana hi\u00e7bir \u015fey olmaz\u201d diyerek bu su\u00e7u i\u015flemekten \u00e7ekinmediklerini \u00e7ok iyi biliyoruz.<\/p>\n<span hidden class=\"__iawmlf-post-loop-links\" data-iawmlf-links=\"[{&quot;id&quot;:234,&quot;href&quot;:&quot;https:\\\/\\\/www.habereguven.com\\\/adana-kadin-platformundan-emniyete-tepki-kadin-mucadelesini-ajanlik-teklifleriyle-susturamazsiniz&quot;,&quot;archived_href&quot;:&quot;https:\\\/\\\/web-wp.archive.org\\\/web\\\/20250513043300\\\/https:\\\/\\\/www.habereguven.com\\\/adana-kadin-platformundan-emniyete-tepki-kadin-mucadelesini-ajanlik-teklifleriyle-susturamazsiniz&quot;,&quot;redirect_href&quot;:&quot;&quot;,&quot;checks&quot;:[{&quot;date&quot;:&quot;2026-05-21 23:02:04&quot;,&quot;http_code&quot;:206},{&quot;date&quot;:&quot;2026-07-26 11:30:39&quot;,&quot;http_code&quot;:206},{&quot;date&quot;:&quot;2026-08-13 02:02:11&quot;,&quot;http_code&quot;:206}],&quot;broken&quot;:false,&quot;last_checked&quot;:{&quot;date&quot;:&quot;2026-08-13 02:02:11&quot;,&quot;http_code&quot;:206},&quot;process&quot;:&quot;done&quot;}]\"><\/span>\n\n\n<p class=\"wp-block-paragraph\"><em>&#8220;Adana Emniyet M\u00fcd\u00fcrl\u00fc\u011f\u00fc\u00a0 \u00fcyelerimizi ilk olarak \u201cyalan iddialar\u201d ile karakola gitmeye mecbur b\u0131rak\u0131p daha sonras\u0131nda da Mor Dayan\u0131\u015fma Dernek faaliyetlerimiz hakk\u0131nda\u00a0 ajanl\u0131k teklifinde bulunmu\u015ftur!&#8221;<\/em><\/p>\n\n\n\n<p class=\"wp-block-paragraph\">6 May\u0131s 2025 Sal\u0131 g\u00fcn\u00fc, Mor Dayan\u0131\u015fma \u00fcyesi kad\u0131nlar\u0131n Adana Emniyeti taraf\u0131ndan \u00e7e\u015fitli gerek\u00e7elerle ifadeye \u00e7a\u011fr\u0131lmas\u0131 ve bu s\u00fcre\u00e7te \u201cajanl\u0131k teklifleriyle\u201d kar\u015f\u0131 kar\u015f\u0131ya b\u0131rak\u0131lmas\u0131na tepki g\u00f6steren kad\u0131n \u00f6rg\u00fctleri, Adana Kad\u0131n Platformu \u00e7a\u011fr\u0131s\u0131yla bas\u0131n a\u00e7\u0131klamas\u0131 ger\u00e7ekle\u015ftirdi.<\/p>\n\n\n\n<p class=\"wp-block-paragraph\">Bas\u0131n a\u00e7\u0131klamas\u0131nda, Adana Kad\u0131n Platformu ad\u0131na Zeliha Korkmaz ve Mor Dayan\u0131\u015fma g\u00f6n\u00fcll\u00fc avukat\u0131 Av. \u015eeyma Bulut s\u00f6z ald\u0131.<\/p>\n\n\n\n<h4 class=\"wp-block-heading\"><strong>\u201cAdana Emniyeti Su\u00e7 \u0130\u015fliyor\u201d<\/strong><\/h4>\n\n\n\n<p class=\"wp-block-paragraph\">Adana Kad\u0131n Platformu ad\u0131na konu\u015fan Zeliha Korkmaz, yapt\u0131\u011f\u0131 a\u00e7\u0131klamada \u015funlar\u0131 kaydetti:<\/p>\n\n\n\n<figure class=\"wp-block-embed is-type-video is-provider-youtube wp-block-embed-youtube wp-embed-aspect-16-9 wp-has-aspect-ratio\"><div class=\"wp-block-embed__wrapper\">\n<iframe loading=\"lazy\" title=\"Adana Kad\u0131n Platformu, Mor Dayan\u0131\u015fma \u00dcyesine Y\u00f6nelik Emniyetin Yakla\u015f\u0131m\u0131na Kar\u015f\u0131 A\u00e7\u0131klama Yapt\u0131.\" width=\"500\" height=\"281\" src=\"https:\/\/www.youtube.com\/embed\/9AsXDPRnkBw?feature=oembed\" frameborder=\"0\" allow=\"accelerometer; autoplay; clipboard-write; encrypted-media; gyroscope; picture-in-picture; web-share\" referrerpolicy=\"strict-origin-when-cross-origin\" allowfullscreen><\/iframe>\n<\/div><\/figure>\n\n\n\n<p class=\"wp-block-paragraph\"><em>\u201c\u00d6rg\u00fctl\u00fc kad\u0131n m\u00fccadelemizden ald\u0131\u011f\u0131m\u0131z g\u00fc\u00e7le Adana Emniyetini te\u015fhir ediyoruz. 6 May\u0131s g\u00fcn\u00fc \u00fcyelerimiz, yalan iddialarla karakola \u00e7a\u011fr\u0131larak taciz edildi. Ard\u0131ndan dernek faaliyetlerimiz hakk\u0131nda kendilerine ajanl\u0131k teklifinde bulunuldu. Bu a\u00e7\u0131k\u00e7a su\u00e7tur!\u201d<\/em><\/p>\n\n\n\n<p class=\"wp-block-paragraph\">Korkmaz, T\u00fcrkiye genelinde kad\u0131n cinayetlerinin, erkek \u015fiddetinin ve bireysel silahlanman\u0131n artt\u0131\u011f\u0131na dikkat \u00e7ekerek, \u201cKad\u0131nlar i\u00e7in g\u00fcvenli alanlar olu\u015fturmaya \u00e7al\u0131\u015f\u0131rken derne\u011fimizin itibars\u0131zla\u015ft\u0131r\u0131lmas\u0131na izin vermeyece\u011fiz. Bu kentte kad\u0131n m\u00fccadelesini y\u00fcr\u00fctenleri hedef g\u00f6stermek su\u00e7tur ve biz bu su\u00e7a sessiz kalmayaca\u011f\u0131z.\u201d dedi.<\/p>\n\n\n\n<p class=\"wp-block-paragraph\"><em>\u201cKad\u0131nlar\u0131 ikincile\u015ftiren bu erkek egemen sistem i\u00e7erisinde kad\u0131nlar\u0131n kendini g\u00fcvende hissetti\u011fi, \u015fiddete kar\u015f\u0131 ba\u015fvurdu\u011fu derne\u011fimizi itibars\u0131zla\u015ft\u0131ramazs\u0131n\u0131z! Kad\u0131nlar bu \u00fclkenin y\u00fcz ak\u0131d\u0131r. Bu sistem bizi susan e\u015fler, itaatk\u00e2r kad\u0131nlar yapmak istiyor ama biz susmuyoruz!\u201d<\/em><\/p>\n\n\n\n<p class=\"wp-block-paragraph\">Zeliha Korkmaz ayr\u0131ca, k\u0131sa s\u00fcre \u00f6nce eski e\u015fi taraf\u0131ndan katledilen Bahar Aksu i\u00e7in sokakta olduklar\u0131n\u0131 hat\u0131rlatarak, \u201cKad\u0131n cinayetlerine kar\u015f\u0131 m\u00fccadeleyi su\u00e7 gibi g\u00f6stermek isteyen bu anlay\u0131\u015fa kar\u015f\u0131 m\u00fccadelemizi b\u00fcy\u00fctece\u011fiz.\u201d ifadelerini kulland\u0131.<\/p>\n\n\n\n<h4 class=\"wp-block-heading\"><strong>\u201cKad\u0131n M\u00fccadelesi Hukuk M\u00fccadelesidir\u201d<\/strong><\/h4>\n\n\n\n<p class=\"wp-block-paragraph\">Bas\u0131n a\u00e7\u0131klamas\u0131nda s\u00f6z alan Avukat \u015eeyma Bulut ise, Mor Dayan\u0131\u015fma g\u00f6n\u00fcll\u00fc avukat\u0131 olarak kad\u0131nlara y\u00f6nelen bask\u0131y\u0131 hukuki a\u00e7\u0131dan de\u011ferlendirdi. Bulut \u015funlar\u0131 s\u00f6yledi:<\/p>\n\n\n\n<figure class=\"wp-block-embed is-type-video is-provider-youtube wp-block-embed-youtube wp-embed-aspect-16-9 wp-has-aspect-ratio\"><div class=\"wp-block-embed__wrapper\">\n<iframe loading=\"lazy\" title=\"Mor Dayan\u0131\u015fma \u00dcyesi Bir Kad\u0131na Y\u00f6nelik Emniyetin Yakla\u015f\u0131m\u0131 Av. \u015eeyma Bulut Taraf\u0131ndan K\u0131nand\u0131.\" width=\"500\" height=\"281\" src=\"https:\/\/www.youtube.com\/embed\/NBjfroXEbYg?feature=oembed\" frameborder=\"0\" allow=\"accelerometer; autoplay; clipboard-write; encrypted-media; gyroscope; picture-in-picture; web-share\" referrerpolicy=\"strict-origin-when-cross-origin\" allowfullscreen><\/iframe>\n<\/div><\/figure>\n\n\n\n<p class=\"wp-block-paragraph\"><em>\u201cYakla\u015f\u0131k 5 y\u0131ld\u0131r Mor Dayan\u0131\u015fma\u2019n\u0131n g\u00f6n\u00fcll\u00fc avukatl\u0131\u011f\u0131n\u0131 y\u00fcr\u00fct\u00fcyorum. Bug\u00fcn tan\u0131k oldu\u011fumuz tablo, etki ajanl\u0131\u011f\u0131 ad\u0131 alt\u0131ndaki sans\u00fcr yasas\u0131n\u0131n kad\u0131n \u00f6rg\u00fctlerini hedef alma bi\u00e7imlerinden biridir. Emniyetin kad\u0131n haklar\u0131n\u0131 savunan kurumlar\u0131 ter\u00f6rize etmeye \u00e7al\u0131\u015fmas\u0131 kabul edilemez. Bu bir hukuk m\u00fccadelesidir.\u201d<\/em><\/p>\n\n\n\n<p class=\"wp-block-paragraph\">Bulut, iktidar\u0131n kad\u0131nlar\u0131n do\u011fum tercihlerinden ya\u015fam tarz\u0131na, giyiminden kahkahas\u0131na kadar her alana m\u00fcdahale etti\u011fini belirterek, \u201cKad\u0131n hareketi olarak t\u00fcm bu sald\u0131r\u0131lara kar\u015f\u0131 hukuki m\u00fccadelemizi s\u00fcrd\u00fcrece\u011fiz. Adana Emniyeti haddini a\u015fm\u0131\u015ft\u0131r. Bunun kar\u015f\u0131l\u0131\u011f\u0131n\u0131 hukuk \u00f6n\u00fcnde verecektir.\u201d dedi.<\/p>\n\n\n\n<p class=\"wp-block-paragraph\"><em>\u201cBiz kad\u0131nlar olarak ne sokaktan, ne mahkemeden, ne i\u015fyerinden ne de evimizden haklar\u0131m\u0131z\u0131 savunmaktan vazge\u00e7meyece\u011fiz. Hi\u00e7 kimse kad\u0131n m\u00fccadelesini ter\u00f6rize edemez. Hi\u00e7bir kad\u0131n \u00f6rg\u00fct\u00fc su\u00e7 \u00f6rg\u00fct\u00fc de\u011fildir!\u201d<\/em><\/p>\n\n\n\n<h4 class=\"wp-block-heading\"><strong>Kamuoyuna \u00c7a\u011fr\u0131<\/strong><\/h4>\n\n\n\n<p class=\"wp-block-paragraph\">Adana Kad\u0131n Platformu ve Mor Dayan\u0131\u015fma, t\u00fcm demokratik kamuoyunu kad\u0131nlar\u0131n \u00f6rg\u00fctl\u00fc m\u00fccadelesinin hedef al\u0131nmas\u0131na kar\u015f\u0131 dayan\u0131\u015fmaya \u00e7a\u011f\u0131rd\u0131.<\/p>\n\n\n\n<p class=\"wp-block-paragraph\"><em>\u201cYa\u015fas\u0131n kad\u0131n dayan\u0131\u015fmas\u0131! Ya\u015fas\u0131n kad\u0131n kurtulu\u015f m\u00fccadelemiz!\u201d<\/em><\/p>\n\n\n\n<p class=\"wp-block-paragraph\">Kaynak: <a href=\"https:\/\/www.habereguven.com\/adana-kadin-platformundan-emniyete-tepki-kadin-mucadelesini-ajanlik-teklifleriyle-susturamazsiniz\" target=\"_blank\" rel=\"noopener\">Habere G\u00fcven<\/a><\/p>\n","protected":false},"excerpt":{"rendered":"<p>Kad\u0131n Platformu: Bizler kolluk kuvvetlerinin \u201cbana hi\u00e7bir \u015fey olmaz\u201d diyerek bu su\u00e7u i\u015flemekten \u00e7ekinmediklerini \u00e7ok iyi biliyoruz. &#8220;Adana Emniyet M\u00fcd\u00fcrl\u00fc\u011f\u00fc\u00a0 \u00fcyelerimizi ilk olarak \u201cyalan iddialar\u201d ile karakola gitmeye mecbur b\u0131rak\u0131p daha sonras\u0131nda da Mor Dayan\u0131\u015fma Dernek faaliyetlerimiz hakk\u0131nda\u00a0 ajanl\u0131k teklifinde bulunmu\u015ftur!&#8221; 6 May\u0131s 2025 Sal\u0131 g\u00fcn\u00fc, Mor Dayan\u0131\u015fma \u00fcyesi kad\u0131nlar\u0131n Adana Emniyeti taraf\u0131ndan \u00e7e\u015fitli gerek\u00e7elerle&hellip;<\/p>","protected":false},"author":5,"featured_media":9408,"comment_status":"closed","ping_status":"closed","sticky":false,"template":"","format":"standard","meta":{"_coblocks_attr":"","_coblocks_dimensions":"","_coblocks_responsive_height":"","_coblocks_accordion_ie_support":"","_eb_attr":"","inline_featured_image":false,"footnotes":""},"categories":[537],"tags":[216,1272,476],"ppma_author":[573],"class_list":["post-9407","post","type-post","status-publish","format-standard","has-post-thumbnail","hentry","category-basinda-biz","tag-kadindayanismasi","tag-kadin-ozgurluk-mucadelesi","tag-orgutlufeministmucadele","author-mor-dayanisma"],"authors":[{"term_id":573,"user_id":5,"is_guest":0,"slug":"mor-dayanisma","display_name":"Mor Dayan\u0131\u015fma","avatar_url":"https:\/\/www.mordayanisma.org\/wp-content\/litespeed\/avatar\/18b1bff8d2c98eaf6f87c388a27f2cfa.jpg?ver=1788268176","author_category":"1","first_name":"Mor","last_name":"Dayan\u0131\u015fma","user_url":"","job_title":"","description":"<a href=\"https:\/\/www.mordayanisma.org\/en\/iletisim\/\" target=\"_blank\" rel=\"noopener\">Contact<\/a>\r\n\r\ndayanismamor@gmail.com"}],"_links":{"self":[{"href":"https:\/\/www.mordayanisma.org\/en\/wp-json\/wp\/v2\/posts\/9407","targetHints":{"allow":["GET"]}}],"collection":[{"href":"https:\/\/www.mordayanisma.org\/en\/wp-json\/wp\/v2\/posts"}],"about":[{"href":"https:\/\/www.mordayanisma.org\/en\/wp-json\/wp\/v2\/types\/post"}],"author":[{"embeddable":true,"href":"https:\/\/www.mordayanisma.org\/en\/wp-json\/wp\/v2\/users\/5"}],"replies":[{"embeddable":true,"href":"https:\/\/www.mordayanisma.org\/en\/wp-json\/wp\/v2\/comments?post=9407"}],"version-history":[{"count":1,"href":"https:\/\/www.mordayanisma.org\/en\/wp-json\/wp\/v2\/posts\/9407\/revisions"}],"predecessor-version":[{"id":9411,"href":"https:\/\/www.mordayanisma.org\/en\/wp-json\/wp\/v2\/posts\/9407\/revisions\/9411"}],"wp:featuredmedia":[{"embeddable":true,"href":"https:\/\/www.mordayanisma.org\/en\/wp-json\/wp\/v2\/media\/9408"}],"wp:attachment":[{"href":"https:\/\/www.mordayanisma.org\/en\/wp-json\/wp\/v2\/media?parent=9407"}],"wp:term":[{"taxonomy":"category","embeddable":true,"href":"https:\/\/www.mordayanisma.org\/en\/wp-json\/wp\/v2\/categories?post=9407"},{"taxonomy":"post_tag","embeddable":true,"href":"https:\/\/www.mordayanisma.org\/en\/wp-json\/wp\/v2\/tags?post=9407"},{"taxonomy":"author","embeddable":true,"href":"https:\/\/www.mordayanisma.org\/en\/wp-json\/wp\/v2\/ppma_author?post=9407"}],"curies":[{"name":"wp","href":"https:\/\/api.w.org\/{rel}","templated":true}]}}