{"id":7454,"date":"2025-06-12T14:18:01","date_gmt":"2025-06-12T11:18:01","guid":{"rendered":"https:\/\/www.mordayanisma.org\/?p=7454"},"modified":"2025-06-12T14:18:04","modified_gmt":"2025-06-12T11:18:04","slug":"kanli-denizin-ortasinda-dunyanin-maskesini-dusuren-iki-gemi-madleen-ve-vela","status":"publish","type":"post","link":"https:\/\/www.mordayanisma.org\/en\/2025\/06\/12\/kanli-denizin-ortasinda-dunyanin-maskesini-dusuren-iki-gemi-madleen-ve-vela\/","title":{"rendered":"Kanl\u0131 Denizin Ortas\u0131nda D\u00fcnyan\u0131n Maskesini D\u00fc\u015f\u00fcren \u0130ki Gemi Madleen ve Vela"},"content":{"rendered":"<p class=\"wp-block-paragraph\">D\u00fcnya 7 Ekim 2023\u2019ten beri bir soyk\u0131r\u0131m\u0131 canl\u0131 yay\u0131ndan seyrediyor.<br>\u0130srail\u2019in Filistin\u2019e y\u00f6nelik soyk\u0131r\u0131m prati\u011fi; insanl\u0131k ve sava\u015f su\u00e7u olarak devam ederken, ba\u015fta emperyalist ve alt emperyalist \u00fclkeler olmak \u00fczere; a\u00e7\u0131k ya da gizli diplomatik, siyasi ve ticari ili\u015fkiler \u00fczerinden \u0130srail\u2019in soyk\u0131r\u0131m su\u00e7una bir fiil ortak olunuyor. Sessizlikle soyk\u0131r\u0131m seyircili\u011fine sava\u015f e\u015flik\u00e7ili\u011fi yap\u0131l\u0131yor. Katliam\u0131 kan\u0131ksatma prati\u011fi sergileniyor. Katliam toplumsalla\u015f\u0131yor.<\/p>\n\n\n\n<p class=\"wp-block-paragraph\"><\/p>\n\n\n\n<p class=\"wp-block-paragraph\">D\u00fcnya \u00fclkeleri\u00a0\u0130srail\u2019in Filistin\u2019de yapt\u0131\u011f\u0131 katliamlara g\u00f6zlerini kapat\u0131p \u00fc\u00e7 maymunu oynarken, \u00d6zg\u00fcrl\u00fck Filosu Koalisyonu (FFC)\u2019nun Gazze\u2019ye y\u00f6nelik ablukay\u0131 k\u0131r\u0131p, insani yard\u0131m g\u00f6t\u00fcrmek i\u00e7in yola \u00e7\u0131kan ve \u0130srail ordusu taraf\u0131ndan ka\u00e7\u0131r\u0131l\u0131p gasp edilen Madleen gemisi\u00a0sessizlik perdesini y\u0131rt\u0131p att\u0131.<br>Filistin\u2019de tam bir insanl\u0131k k\u0131y\u0131m\u0131 s\u00f6z konusuyken ve \u0130srail &#8220;a\u00e7l\u0131k&#8221;\u0131 sava\u015f silah\u0131 olarak kullan\u0131p temel insani yard\u0131mlar\u0131n geli\u015fini bile engellerken, ablukay\u0131 k\u0131rmak ad\u0131na yap\u0131lan bir insanl\u0131k eyleminin gasp edilmesi, uluslararas\u0131 hukukta bile korsanl\u0131kt\u0131r. \u00dclkeler aras\u0131 ba\u011flay\u0131c\u0131 anla\u015fmalarda sava\u015f su\u00e7u olarak tariflenir. Ne var ki siyonist \u0130srail d\u00fcnyan\u0131n g\u00f6zlerinin i\u00e7ine bakarak, \u0130srail komandolar\u0131n\u0131n gemiye m\u00fcdahalesinden sonra, Madleen\u2019i \u201cselfie yat\u0131\u201d diye tan\u0131mlayarak \u201c\u015eov bitti\u201d deyiverdi.<br>Hukuk tan\u0131mazl\u0131\u011f\u0131 uluslararas\u0131 hukukun cezas\u0131zl\u0131k madalyas\u0131 ile \u00f6d\u00fcllendirilirken, d\u00fcnya \u00fclkeleri k\u0131nama siyasetinin \u00f6tesine ge\u00e7emedi.<br>Madleen t\u00fcm d\u00fcnyada Filistin hususunda turnusol i\u015flevi g\u00f6rd\u00fc.<br>Bir hay\u0131rseverlik gemisi olarak de\u011fil, direni\u015f ve umut gemisi olarak yelken a\u00e7an Madlenn, ad\u0131n\u0131, &#8220;Filistin\u00a0benim evim. Buras\u0131 bizim sular\u0131m\u0131z\u201d diyen Madleen Kullab\u2019\u0131n direni\u015f\u00e7i iradesinden alm\u0131\u015ft\u0131. \u0130srail devriye botlar\u0131 taraf\u0131ndan defalarca sald\u0131r\u0131ya u\u011frayan, kur\u015funlar\u0131n k\u00fc\u00e7\u00fck bal\u0131k\u00e7\u0131 teknesinin etraf\u0131nda kendisine e\u015flik etti\u011fi Gazze\u2019nin abluka alt\u0131ndaki ilk ve tek kad\u0131n bal\u0131k\u00e7\u0131s\u0131 Madleen Kullab, Gazze\u2019ye giden yolda deniz engellerini a\u015fma \u00e7abas\u0131n\u0131n simgesi\u00a0oldu. Soyk\u0131r\u0131ma kar\u015f\u0131, d\u00fcnya halklar\u0131n\u0131n sessizli\u011fi delip ge\u00e7en \u00e7\u0131\u011fl\u0131\u011f\u0131yla yelken a\u00e7t\u0131.<\/p>\n\n\n\n<p class=\"wp-block-paragraph\"><\/p>\n\n\n\n<p class=\"wp-block-paragraph\">O arada Barcelona\u2019dan y\u00fcklenen bir gemi T\u00fcrkiye\u2019yi ge\u00e7i\u015f g\u00fczergah\u0131 yaparak \u0130srail\u2019e do\u011fru yol alm\u0131\u015ft\u0131. \u0130srail Askeri End\u00fcstrileri (IMI)\u2019ne teslim edilmek \u00fczere, en az 15 konteyner \u00e7elik \u00e7ubuk ta\u015f\u0131d\u0131\u011f\u0131 bilinen Vela gemisi 9 Haziran\u2019da yani tam da AKP iktidar\u0131n\u0131n Madleen gemisinin ka\u00e7\u0131r\u0131lmas\u0131 \u00fczerine y\u00fcksek perdeden k\u0131nama a\u00e7\u0131klamalar\u0131 yapt\u0131\u011f\u0131 g\u00fcn, Mersin Liman\u0131\u2019na ula\u015ft\u0131. \u0130srail\u2019in askeri sanayisinde kullan\u0131lmak \u00fczere y\u00fck ta\u015f\u0131yan bu soyk\u0131r\u0131m gemisi, t\u00fcm itirazlara ra\u011fmen Mersin Liman\u0131\u2019ndan ayr\u0131larak \u0130srail\u2019in A\u015fdod Liman\u0131\u2019na do\u011fru yola \u00e7\u0131kt\u0131.<br>T\u00fcrkiye devleti t\u00fcm itirazlara ve \u00e7a\u011fr\u0131lara sadece yalanlama yapmakla yetindi ve gemide bulunan 1570 konteynerin ba\u015fka \u00fclkelere gidecek y\u00fck ta\u015f\u0131d\u0131\u011f\u0131n\u0131 \u00f6ne s\u00fcrerek, bu \u00fclkelerin ad\u0131 ve y\u00fcklerine dair hi\u00e7bir bilgi ya da belgeyi kamuoyuna sunmad\u0131.<br>Oysa d\u00fcnya \u00f6l\u00e7e\u011finde gemi trafi\u011fini izleyen marinetraffic.com\u2019a g\u00f6re, Liberya bayra\u011f\u0131 ta\u015f\u0131yan Vela bir konteyner gemisi. Geminin sahibi Yunanistan merkezli Holler Shipping isimli bir \u015firket.\u00a0\u0130\u015fletmecisi ise yine Yunanistan merkezli Costamare Shipping. Bu gemi, \u0130srail\u2019e m\u00fchimmat ta\u015f\u0131d\u0131\u011f\u0131n\u0131n bizzat tan\u0131\u011f\u0131 olan liman i\u015f\u00e7ileri taraf\u0131ndan Yunanistan ve Avustralya\u2019daki liman i\u015f\u00e7ilerince protesto edildi. \u0130\u015f\u00e7iler Costamare\u2019nin i\u015fletti\u011fi Vela\u2019ya &#8220;soyk\u0131r\u0131ma ortak olmayaca\u011f\u0131z&#8221; diyerek; \u0130srail merkezli ZIM Lines\u2019\u0131n konteynerlerini y\u00fcklemeyi reddettiler.<\/p>\n\n\n\n<p class=\"wp-block-paragraph\"><\/p>\n\n\n\n<p class=\"wp-block-paragraph\">O arada, Vela\u2019n\u0131n ta\u015f\u0131d\u0131\u011f\u0131 \u00e7elik \u00e7ubuklar\u0131 teslim alacak \u0130srail Askeri End\u00fcstrileri (IMI) de alelade bir \u015firket de\u011fil. \u0130srail\u2019in en b\u00fcy\u00fck m\u00fchimmat \u00fcreticisi olan, \u0130srail g\u00fcvenlik g\u00fc\u00e7leri i\u00e7in z\u0131rhl\u0131 muharebe ara\u00e7lar\u0131, askeri teknoloji \u00fcreten top, havan, roket mermilerinde uzmanla\u015fm\u0131\u015f \u0130srail devletine ait devasa bir savunma sanayi \u015firketi. 2018\u2019de Elbit Systems taraf\u0131ndan sat\u0131n al\u0131nan bu \u015firket, \u0130srail ordusunun kara ara\u00e7lar\u0131n\u0131n y\u00fczde 80\u2019ini ve insans\u0131z hava ara\u00e7lar\u0131n\u0131n y\u00fczde 85\u2019ini \u00fcreten Elbit Systems\u2019in bir par\u00e7as\u0131.<br>Sadece Vela da de\u011fil, onlarca soyk\u0131r\u0131m gemisi T\u00fcrkiye limanlar\u0131ndan \u0130srail\u2019e y\u00fck ta\u015f\u0131yor. \u00d6rne\u011fin; en \u00fcnl\u00fc soyk\u0131r\u0131m gemilerden biri olan Nexoe Maersk Gazze\u2019de katliam s\u00fcrerken 27 kez Mersin Liman\u0131\u2019ndan \u0130srail\u2019e m\u00fchimmat ta\u015f\u0131d\u0131.<br>Mevzu bahis sadece Mersin Liman\u0131 da de\u011fil. \u0130srailli ZIM Logistics \u015firketinin \u00f6l\u00fcm gemileri T\u00fcrkiye\u2019nin 20 liman\u0131nda s\u0131k\u00e7a g\u00f6r\u00fcl\u00fcyor, marinetraffic.com\u2019a g\u00f6re bu 20 T\u00fcrkiye liman\u0131 \u00fczerinden \u0130srail\u2019e y\u00fck ta\u015f\u0131yor.<br>ZIM Logistics T\u00fcrkiye, \u0130srail, Rusya ve \u00c7in hatlar\u0131nda olduk\u00e7a g\u00fc\u00e7l\u00fc olan, d\u00fcnyan\u0131n en b\u00fcy\u00fck 10 denizcilik firmas\u0131ndan bir tanesi. \u0130srailli Z\u0130M firmas\u0131na ait ticari gemiler T\u00fcrkiye limanlar\u0131ndan y\u00fck alarak soyk\u0131r\u0131ma ra\u011fmen \u0130srail\u2019e sefer yapmay\u0131 s\u00fcrd\u00fcr\u00fcyor. Bu da, T\u00fcrkiye\u2019nin k\u0131nama siyasetinin hakikatle \u00f6rt\u00fc\u015fmedi\u011finin kan\u0131tlar\u0131ndan biri. T\u0131pk\u0131 \u201c\u0130srail ile ticareti kestik\u201d a\u00e7\u0131klamalar\u0131n\u0131n hakikati yans\u0131tmamas\u0131 gibi.<\/p>\n\n\n\n<p class=\"wp-block-paragraph\"><\/p>\n\n\n\n<p class=\"wp-block-paragraph\">Sadece Filistin\u2019de soyk\u0131r\u0131m\u0131n s\u00fcrd\u00fc\u011f\u00fc takvim aral\u0131\u011f\u0131ndaki ihracat rakamlar\u0131na bakal\u0131m. T\u00dc\u0130K\u2019e g\u00f6re bile 2023\u2019te T\u00fcrkiye\u2019nin \u0130srail\u2019e 5,43 milyar dolarl\u0131k ihracat yapt\u0131\u011f\u0131n\u0131 Mart 2024\u2019te bu rakam\u0131n 437 milyon dolara ula\u015ft\u0131\u011f\u0131n\u0131 g\u00f6r\u00fcyoruz.<br>T\u00fcrkiye; \u00e7imento, cam, seramik, demir, \u00e7elik, elektrik ve elektronik, makine ve aksamlar\u0131 ihracat\u0131nda son d\u00f6rt y\u0131lda, siyonist \u0130srail burjuvazisiyle ticaret rekorlar\u0131 k\u0131r\u0131yor.<br>\u00d6yle ki soyk\u0131r\u0131m s\u00fcrerken T\u00fcrkiye, 2024\u2019te \u0130srail\u2019le en \u00e7ok ticaret yapan 5\u2019inci \u00fclke oldu. \u0130srail silah al\u0131yor, katliama m\u00fchimmat ta\u015f\u0131yor. T\u00fcrkiye liman veriyor, her t\u00fcrl\u00fc lojistik kolayl\u0131\u011f\u0131 sa\u011fl\u0131yor. Tek ba\u015f\u0131na liman ge\u00e7i\u015fleri bile, \u0130srail ile t\u00fcm ili\u015fkilerin s\u00fcrd\u00fc\u011f\u00fcn\u00fc g\u00f6steriyor. Timsah g\u00f6zya\u015flar\u0131 e\u015fli\u011finde at\u0131lan hamaset nutuklar\u0131n\u0131n alt\u0131nda \u0130srail ile s\u00fcrd\u00fcr\u00fclen ili\u015fkilerin ticaret parantezine al\u0131narak soyk\u0131r\u0131m su\u00e7una i\u015ftirak edildi\u011fini, ad\u0131yla san\u0131yla bir su\u00e7 ortakl\u0131\u011f\u0131 yap\u0131ld\u0131\u011f\u0131n\u0131 t\u00fcm \u00e7\u0131plakl\u0131\u011f\u0131yla ortaya koyuyor\u2026<br>Siyasi iktidar\u0131n \u0130sraille ticari ili\u015fkilerinin if\u015fa olmas\u0131n\u0131n ard\u0131ndan, Ticaret Bakanl\u0131\u011f\u0131 May\u0131s 2024\u2019te \u2018\u0130srail\u2019le ticaret ili\u015fkimiz s\u0131f\u0131r\u2019 a\u00e7\u0131klamas\u0131n\u0131 resmi internet sitesinden duyurmu\u015ftu. \u0130srail devletinin resmi kurumu \u0130srail \u0130statistik Ofisi\u2019nin verilerine g\u00f6re ise; 2025 y\u0131l\u0131n\u0131n ilk 3 ay\u0131nda \u0130srail\u2019e T\u00fcrkiye\u2019den 229 milyon dolarl\u0131k ihracat ger\u00e7ekle\u015ftirildi. 2025 ihracat verilerinde bir\u00e7ok kurum farkl\u0131 rakamlar verse de, ekonomistler rakam farkl\u0131l\u0131klar\u0131n\u0131n \u0130srail\u2019le yap\u0131lan ihracat\u0131 gizleme nedeniyle oldu\u011funu, \u00fc\u00e7\u00fcnc\u00fc \u00fclkeler dolay\u0131m\u0131yla ticaretin devam ettirildi\u011fini ifade ediyorlar. T\u0131pk\u0131 liman y\u00fcklemelerinin \u00fc\u00e7\u00fcnc\u00fc \u00fclkeler dolay\u0131m\u0131yla yap\u0131lmas\u0131 gibi.<br>Trump\u2019\u0131n ikinci kez ABD Ba\u015fkanl\u0131\u011f\u0131\u2019na gelmesinin ard\u0131ndan adeta bir emlak patronu misyonuyla Gazze\u2019yi l\u00fcks bir turizm merkezi olarak tahayy\u00fcl etmesine ili\u015fkin tek kelime dahi etmeyen iktidar\u0131n, Filistin davas\u0131n\u0131 kendi politik \u00e7\u0131karlar\u0131na i\u00e7kin bir PR \u00e7al\u0131\u015fmas\u0131ndan \u00f6te g\u00f6rmedi\u011fini bu veriler de ayan beyan ortaya koyuyor.<br>Madleen ve Vela gemisine yakla\u015f\u0131m son derece berrak bir iktidar foto\u011fraf\u0131 \u00e7ekiyor.<\/p>\n\n\n\n<p class=\"wp-block-paragraph\"><\/p>\n\n\n\n<p class=\"wp-block-paragraph\">Kaynak: <a href=\"http:\/\/<!-- wp:embed {&quot;url&quot;:&quot;https:\/\/elyazmalari.com\/2025\/06\/11\/kanli-denizin-ortasinda-dunyanin-maskesini-dusuren-iki-gemi-madleen-ve-vela&quot;} --&gt; <figure class=&quot;wp-block-embed&quot;&gt;<div class=&quot;wp-block-embed__wrapper&quot;&gt; https:\/\/elyazmalari.com\/2025\/06\/11\/kanli-denizin-ortasinda-dunyanin-maskesini-dusuren-iki-gemi-madleen-ve-vela <\/div&gt;<\/figure&gt; <!-- \/wp:embed --&gt;\">elYazmalar\u0131<\/a><\/p>\n\n\n\n<p class=\"wp-block-paragraph\"><\/p>","protected":false},"excerpt":{"rendered":"<p>D\u00fcnya 7 Ekim 2023\u2019ten beri bir soyk\u0131r\u0131m\u0131 canl\u0131 yay\u0131ndan seyrediyor.\u0130srail\u2019in Filistin\u2019e y\u00f6nelik soyk\u0131r\u0131m prati\u011fi; insanl\u0131k ve sava\u015f su\u00e7u olarak devam ederken, ba\u015fta emperyalist ve alt emperyalist \u00fclkeler olmak \u00fczere; a\u00e7\u0131k ya da gizli diplomatik, siyasi ve ticari ili\u015fkiler \u00fczerinden \u0130srail\u2019in soyk\u0131r\u0131m su\u00e7una bir fiil ortak olunuyor. Sessizlikle soyk\u0131r\u0131m seyircili\u011fine sava\u015f e\u015flik\u00e7ili\u011fi yap\u0131l\u0131yor. Katliam\u0131 kan\u0131ksatma prati\u011fi&hellip;<\/p>","protected":false},"author":5,"featured_media":7455,"comment_status":"closed","ping_status":"closed","sticky":false,"template":"","format":"standard","meta":{"_coblocks_attr":"","_coblocks_dimensions":"","_coblocks_responsive_height":"","_coblocks_accordion_ie_support":"","_eb_attr":"","inline_featured_image":false,"footnotes":""},"categories":[94,1373],"tags":[471,1422,1421],"ppma_author":[1255],"class_list":["post-7454","post","type-post","status-publish","format-standard","has-post-thumbnail","hentry","category-derleme","category-guncel","tag-gazze","tag-madleen","tag-soykirim","author-perihan-koca"],"authors":[{"term_id":1255,"user_id":0,"is_guest":1,"slug":"perihan-koca","display_name":"Perihan Koca","avatar_url":"https:\/\/www.mordayanisma.org\/wp-content\/litespeed\/avatar\/23494c9101089ad44ae88ce9d2f56aac.jpg?ver=1788427700","author_category":"","first_name":"","last_name":"","user_url":"","job_title":"","description":""}],"_links":{"self":[{"href":"https:\/\/www.mordayanisma.org\/en\/wp-json\/wp\/v2\/posts\/7454","targetHints":{"allow":["GET"]}}],"collection":[{"href":"https:\/\/www.mordayanisma.org\/en\/wp-json\/wp\/v2\/posts"}],"about":[{"href":"https:\/\/www.mordayanisma.org\/en\/wp-json\/wp\/v2\/types\/post"}],"author":[{"embeddable":true,"href":"https:\/\/www.mordayanisma.org\/en\/wp-json\/wp\/v2\/users\/5"}],"replies":[{"embeddable":true,"href":"https:\/\/www.mordayanisma.org\/en\/wp-json\/wp\/v2\/comments?post=7454"}],"version-history":[{"count":0,"href":"https:\/\/www.mordayanisma.org\/en\/wp-json\/wp\/v2\/posts\/7454\/revisions"}],"wp:featuredmedia":[{"embeddable":true,"href":"https:\/\/www.mordayanisma.org\/en\/wp-json\/wp\/v2\/media\/7455"}],"wp:attachment":[{"href":"https:\/\/www.mordayanisma.org\/en\/wp-json\/wp\/v2\/media?parent=7454"}],"wp:term":[{"taxonomy":"category","embeddable":true,"href":"https:\/\/www.mordayanisma.org\/en\/wp-json\/wp\/v2\/categories?post=7454"},{"taxonomy":"post_tag","embeddable":true,"href":"https:\/\/www.mordayanisma.org\/en\/wp-json\/wp\/v2\/tags?post=7454"},{"taxonomy":"author","embeddable":true,"href":"https:\/\/www.mordayanisma.org\/en\/wp-json\/wp\/v2\/ppma_author?post=7454"}],"curies":[{"name":"wp","href":"https:\/\/api.w.org\/{rel}","templated":true}]}}