{"id":7447,"date":"2025-06-06T16:09:49","date_gmt":"2025-06-06T13:09:49","guid":{"rendered":"https:\/\/www.mordayanisma.org\/?p=7447"},"modified":"2025-06-08T14:50:36","modified_gmt":"2025-06-08T11:50:36","slug":"bir-zamirden-otesi-biz","status":"publish","type":"post","link":"https:\/\/www.mordayanisma.org\/en\/2025\/06\/06\/bir-zamirden-otesi-biz\/","title":{"rendered":"Bir Zamirden \u00d6tesi: B\u0130Z"},"content":{"rendered":"<p class=\"wp-block-paragraph\">2016 y\u0131l\u0131nda g\u00fcndeme gelen yasa tasar\u0131s\u0131nda tecav\u00fcze u\u011frayan kad\u0131n, tecav\u00fcz faili erkekle evlenirse fail cezaevinden \u00e7\u0131kabilecekti. Zaten kad\u0131nlar\u0131n tecav\u00fcz failleriyle zorla evlendirildi\u011fi, failin korundu\u011fu; utanc\u0131n, d\u0131\u015flanman\u0131n, su\u00e7laman\u0131n kad\u0131nlar\u0131n omzuna y\u00fcklendi\u011fi&nbsp; ve hatta \u00f6l\u00fcm\u00fcn kad\u0131nlara reva g\u00f6r\u00fcld\u00fc\u011f\u00fc bir \u00fclkede ya\u015f\u0131yoruz. \u00dczerine b\u00f6yle bir yasa tasar\u0131s\u0131 patriyarkan\u0131n s\u0131rt\u0131n\u0131 s\u0131vazlayacak nitelikteydi. Ancak, bu tasar\u0131n\u0131n kar\u015f\u0131s\u0131nda \u00fclkenin d\u00f6rt bir yan\u0131nda kad\u0131nlar sokaklara d\u00f6k\u00fcld\u00fc ve tasar\u0131n\u0131n hayata ge\u00e7mesine izin vermedi.<\/p>\n\n\n\n<figure class=\"wp-block-image\"><img decoding=\"async\" src=\"https:\/\/lh7-rt.googleusercontent.com\/docsz\/AD_4nXeafBx55lYussxEzFJGycmOHiaTZXyu8vS8dBjVEMCBKMkN5dcwtrpeCc3BtFzO-VoRXiUNRG1wxQ2mQQ9RgyJWkeWekQx35f2G3xCwY7_IzS8je8vQF2dmuGMDuIpOHQm0cdguuQ?key=nnVd78CtPHyTPB7Zlgy0Lw\" alt=\"-\" title=\"\"><\/figure>\n\n\n\n<p class=\"wp-block-paragraph\">2023 yap\u0131m\u0131 \u201cBen Sen O Biz Siz Onlar\u201d filminin y\u00f6netmeni Sevin Yaman ve oyuncusu Remziye \u015eent\u00fcrk ile birlikte 21 May\u0131s\u2019ta \u0130zmir Mor Dayan\u0131\u015fma Kad\u0131n Derne\u011fimizde film g\u00f6sterimi ve s\u00f6yle\u015fi i\u00e7in bir araya geldik. \u0130\u015fte yukar\u0131da bahsini etti\u011fim tasar\u0131 g\u00fcndemi, izledi\u011fimiz filmin yolculuk hikayesinin ba\u015f\u0131nda yer al\u0131yor.&nbsp;<\/p>\n\n\n\n<p class=\"wp-block-paragraph\">Tad\u0131 dama\u011f\u0131m\u0131zda kal\u0131rcas\u0131na filmi iki kere izledik. Filmin ard\u0131ndan birlikte s\u00f6yle\u015firken sorduk Sevin\u2019e, bu filmin \u00e7\u0131k\u0131\u015f hikayesi nedir diye. Sevin bizi 2016\u2019ya, o yasa tasar\u0131s\u0131n\u0131n g\u00fcndemde oldu\u011fu g\u00fcnlere g\u00f6t\u00fcrd\u00fc. O g\u00fcnlerde, \u201cBu erkek egemen sistemin i\u00e7inde ben ne yapabilirim?\u201d sorusunu kendisine sormu\u015f. Kendi ya\u015fam \u00f6yk\u00fcs\u00fcn\u00fc de arkas\u0131na alarak, kad\u0131nlar i\u00e7in bir \u015feyler yapmaya karar vermi\u015f:<\/p>\n\n\n\n<p class=\"wp-block-paragraph\">\u201cDayan\u0131\u015fma ama\u00e7l\u0131 ne yaparsam yapay\u0131m yetersiz hissetti\u011fim bir d\u00f6nemdeydim. Bunun \u00fczerine bir sanat\u00e7\u0131 ve sinemac\u0131 olarak kameram\u0131 bir direni\u015f bi\u00e7imi olarak kullanmak istedim.\u201d<\/p>\n\n\n\n<p class=\"wp-block-paragraph\">Bu s\u00f6zler, s\u00f6yle\u015fideki kad\u0131nlarda ortak bir duygu yaratt\u0131. \u00c7\u00fcnk\u00fc izledi\u011fimiz \u015fey sadece bir film de\u011fil, bu bir hikayeydi, ger\u00e7ek bir hikaye. Evet genellikle filmlerde ortak bir duyguda bulu\u015furuz. Ama burada hem filmin konusu hem de \u00e7\u0131k\u0131\u015f noktas\u0131 bizim ortak derdimizle ilintiliydi: <strong>Rahats\u0131z\u0131z ve bir \u015fey yapmal\u0131y\u0131z.<\/strong><\/p>\n\n\n\n<p class=\"wp-block-paragraph\">Film izledi\u011fimiz klasik anlat\u0131lara benzemiyor. Deneysel bir t\u00fcrde kurgulanm\u0131\u015f. Bu fark\u0131n da kendini epey belli etti\u011fi bir g\u00f6sterim ve s\u00f6yle\u015fi oldu. Sevin klasik anlat\u0131dan \u015f\u00f6yle bahsediyor:<\/p>\n\n\n\n<p class=\"wp-block-paragraph\">\u201c\u00d6zellikle T\u00fcrkiye yap\u0131m\u0131 film ve dizilerde klasik anlat\u0131 yap\u0131s\u0131 kullan\u0131l\u0131yor ve genelde bu yap\u0131mlarda kad\u0131n istismara u\u011frar, zorla evlendirilir, \u00f6ld\u00fcr\u00fcl\u00fcr ya da intihar eder. Bu sahnelerin alt\u0131na da \u00e7ok ac\u0131kl\u0131 bir m\u00fczik konur, a\u011flan\u0131l\u0131r. \u0130zleyenlere \u2018Hayat \u00e7ok k\u00f6t\u00fc, b\u00f6yle d\u00fczen mi olur, \u015f\u00fck\u00fcr benim ba\u015f\u0131ma gelmedi, ben de soka\u011fa \u00e7\u0131kmayay\u0131m\u2026\u2019 dedirtilir. Benim istedi\u011fim bu de\u011fil. Sorgulatmak, \u0131\u015f\u0131k tutmak istiyorum. En nihayetinde dayan\u0131\u015fmay\u0131 \u00f6ne \u00e7\u0131karmakt\u0131 benim amac\u0131m. Deneysel t\u00fcr\u00fcn avantaj\u0131 da herkesin \u00fczerine farkl\u0131 ba\u011flar kurabilmesi. Bu benim i\u00e7in \u00e7ok k\u0131ymetli.\u201d<\/p>\n\n\n\n<p class=\"wp-block-paragraph\">Filmde \u00f6ne \u00e7\u0131kar\u0131lmak istenen dayan\u0131\u015fman\u0131n, filmin yap\u0131m s\u00fcrecine de sirayet etti\u011fini g\u00f6r\u00fcyoruz. Hi\u00e7bir bakanl\u0131ktan, belediyeden fon\/destek almayan bu film, oyunculu\u011fu \u00fcstlenen Remziye ba\u015fta olmak \u00fczere film ekibinin kolektif eme\u011fiyle in\u015fa oldu. Biraz da banka kredisi \ud83d\ude42 Bu yolculuk 16 \u00f6d\u00fcl\u00fc de heybesine koydu.<\/p>\n\n\n\n<p class=\"wp-block-paragraph\">Bu film vesilesiyle kad\u0131n filmi nedir, neye kad\u0131n filmi denir, sanat\u0131 feminist perspektif ile nas\u0131l ele alabiliriz konular\u0131n\u0131 da tart\u0131\u015ft\u0131k. B\u00f6yle bir iddias\u0131 olan filmde ekibin \u00e7o\u011funlu\u011funu erkeklerin olu\u015fturmas\u0131 elbette \u00e7eli\u015fkili olurdu. Keza bu film ekibinin de \u00e7o\u011funlu\u011fu kad\u0131n ve queer. Bunu bilmek, duymak, tekrar tekrar hat\u0131rlatmak, benzer \u00f6rneklerin \u00e7o\u011falmas\u0131 y\u00f6n\u00fcnde g\u00fc\u00e7l\u00fc bir motivasyon.<\/p>\n\n\n\n<p class=\"wp-block-paragraph\"><strong>Patriyarkal Sonlara Kar\u015f\u0131&nbsp;<\/strong><\/p>\n\n\n\n<p class=\"wp-block-paragraph\">Sinema sekt\u00f6r\u00fc, erkek egemen sistemin elinde tuttu\u011fu alanlardan bir tanesi. Evet sekt\u00f6r\u00fcn i\u00e7inde epey kad\u0131n var. Hatta kad\u0131nlar \u201csanat-sepet\u201d i\u015fleriyle daha \u00e7ok ilgilenir gibi bir kabul de var. Fakat, patriyarka kad\u0131nlar\u0131 bu sekt\u00f6rde daha \u00e7ok bedeniyle \u00f6ne \u00e7\u0131kartmak, onlar\u0131 birer objeye indirgemek istiyor. Kamera\u2018man\u2019, y\u00f6netmen, senarist, yap\u0131mc\u0131 gibi sineman\u0131n kendi i\u00e7indeki hiyerar\u015finin tabiri caizse y\u00fcksek yahut teknik basamaklar\u0131nda kad\u0131nlar\u0131 g\u00f6rmek zor. Kad\u0131nlar\u0131n g\u00f6r\u00fcnmez k\u0131l\u0131nd\u0131\u011f\u0131, o basamaklara eri\u015fmesinin \u00f6n\u00fcnde ekonomik, tarihsel ve toplumsal engellerin oldu\u011fu bir ger\u00e7eklik denizinde y\u00fcz\u00fcyoruz. Var olanlar\u0131n ad\u0131n\u0131n gelece\u011fe ta\u015f\u0131nmas\u0131 da ayn\u0131 duvarlara \u00e7arp\u0131yor. Kad\u0131nlar ne kadar ba\u015far\u0131l\u0131 i\u015f yaparlarsa yaps\u0131nlar, kimlikleri ba\u015far\u0131l\u0131 erke\u011fin arkas\u0131ndaki olman\u0131n \u00f6tesine pek ge\u00e7ebilmi\u015f de\u011fil.<\/p>\n\n\n\n<p class=\"wp-block-paragraph\">\u201c-di\u201d diyerek devam ediyoruz \u00e7\u00fcnk\u00fc sekt\u00f6rde ne kadar emek\u00e7i ve ba\u015far\u0131l\u0131 kad\u0131n oldu\u011fu, bug\u00fcn feminist hareketin \u00e7abalar\u0131yla daha g\u00f6r\u00fcn\u00fcr art\u0131k. \u0130\u015fte bug\u00fcn 16 \u00f6d\u00fcl alm\u0131\u015f Sevin Yaman ile birlikteyiz. S\u00f6yle\u015fiye kat\u0131lan akademisyen arkada\u015f\u0131m\u0131z arac\u0131l\u0131\u011f\u0131yla y\u00f6netmen Birsen Kaya ile tan\u0131\u015ft\u0131k. Deneysel t\u00fcr\u00fc konu\u015furken yarat\u0131c\u0131 ve feminist perspektif ile ortaya konan i\u015fi hep birlikte de\u011ferlendirdik. Klasik anlat\u0131larda hakim olan ac\u0131 ve \u00e7aresizli\u011fe kar\u015f\u0131, bu filmin incelikle ele ald\u0131\u011f\u0131 dayan\u0131\u015fmayla bitti\u011fini g\u00f6rd\u00fc\u011f\u00fcm\u00fczde, birbirimize yeni bak\u0131\u015flar, yeni isimler kazand\u0131rd\u0131\u011f\u0131m\u0131zda \u201cOh be!\u201d dedik hep birlikte.&nbsp;<\/p>\n\n\n\n<p class=\"wp-block-paragraph\">Kad\u0131nlar sinemada yaln\u0131zca bedeniyle ya da yard\u0131mc\u0131l\u0131k rol\u00fcyle de\u011fil; do\u011fru, etkili, g\u00fc\u00e7l\u00fc, sanatsal i\u015flerin mimar\u0131 olarak da varlar. Ve biz kad\u0131nlar, feminist hareketin \u00f6znesi olarak, bu film g\u00f6sterimine ve s\u00f6yle\u015fiye kat\u0131lan kad\u0131nlar olarak buradan ayr\u0131ld\u0131\u011f\u0131m\u0131zda izleyip tart\u0131\u015ft\u0131klar\u0131m\u0131z\u0131 birbirimize anlatacak ve aktaraca\u011f\u0131z. Hareketimizin g\u00f6r\u00fcn\u00fcrl\u00fck m\u00fccadelesine katk\u0131 hepimizin ellerinde.&nbsp;<\/p>\n\n\n\n<figure class=\"wp-block-image\"><img decoding=\"async\" src=\"https:\/\/lh7-rt.googleusercontent.com\/docsz\/AD_4nXeJy-gSzNttKRWOAmEoTwYOfHeluDOmHGaK8Hj9euXofbf0RJa5zjQosvW-H6dQ0cxTZPS_3-c1r1JAZAJ3fmhJGKIE6L6WrsXIENGIFoIMi5ViAWHZNhgA3z7btspBSApcNJ3iRA?key=nnVd78CtPHyTPB7Zlgy0Lw\" alt=\"-\" title=\"\"><\/figure>\n\n\n\n<p class=\"wp-block-paragraph\"><strong>Bir Ad\u0131m \u00d6ne \u00c7\u0131kanlar<\/strong><\/p>\n\n\n\n<p class=\"wp-block-paragraph\">Filmde kullan\u0131lan bir\u00e7ok metafor \u00fczerine konu\u015ftuk. G\u00fcnl\u00fck hayat\u0131m\u0131zda da yer etmi\u015f baz\u0131 durum ve duygularla kar\u015f\u0131la\u015fma anlar\u0131m\u0131z oldu. Say\u0131lar, su damlas\u0131, y\u00fcz\u00fck ya da kap\u0131 deli\u011fi\u2026 Bunlar\u0131 konu\u015fmak olduk\u00e7a keyifliydi. Su damlas\u0131n\u0131 g\u00f6rd\u00fc\u011f\u00fcm\u00fczde bizlerin de rahats\u0131z edici, can s\u0131k\u0131c\u0131 bir an\u0131n bitmesini beklerken bir \u015feye odakland\u0131\u011f\u0131m\u0131z\u0131, ikisinin biti\u015fini e\u015fitlemek istedi\u011fimizi konu\u015ftuk. Sadece filmden bir sahne de\u011fil kendi hayatlar\u0131m\u0131zdan bir sahneyi g\u00f6rmek, bu duyguda ortakla\u015fmak h\u00fcz\u00fcnl\u00fc bir keyifti. H\u00fcz\u00fcnl\u00fc \u00e7\u00fcnk\u00fc o \u201crahats\u0131z edici an\u201dlarla ilgili empatiyi ne yaz\u0131k ki rahatl\u0131kla kurabiliyoruz.&nbsp;<\/p>\n\n\n\n<p class=\"wp-block-paragraph\">Bir di\u011fer ortak duyguyu da ortakla\u015fmad\u0131\u011f\u0131m\u0131z yer i\u00e7in ifade edece\u011fim. Filmde g\u00f6rd\u00fc\u011f\u00fcm\u00fcz say\u0131lar, y\u00fcz\u00fck ya da kap\u0131 deli\u011fi hepimizin ayn\u0131 \u015feyi anlamad\u0131\u011f\u0131 metaforlar oldu. \u0130nsan\u0131n birbiriyle anla\u015fmamas\u0131 ho\u015funa gidebilirmi\u015f. \ud83d\ude42 Ayn\u0131 sahneye bakt\u0131\u011f\u0131m\u0131zda farkl\u0131 yorumlarda bulu\u015fmak, ba\u015fkas\u0131n\u0131n yorumunu dinlemek, \u201cAa evet o da olabilir\u201d c\u00fcmlelerini duymak, do\u011fruyu ya da yanl\u0131\u015f\u0131 aramad\u0131\u011f\u0131m\u0131z\u0131, kendi penceremizden bulu\u015ftu\u011fumuzu g\u00f6rmek ger\u00e7ekten keyifliydi.&nbsp;<\/p>\n\n\n\n<p class=\"wp-block-paragraph\">Filmin ad\u0131nda \u00f6znelerden herhangi birisi gibi g\u00f6r\u00fcnen; ama hem filmde hem de hayat\u0131m\u0131zda \u00f6zel olarak \u00f6ne \u00e7\u0131kan kelime \u201c<strong>B\u0130Z<\/strong>\u201d. Sadece bir zamir de\u011fil. Dayan\u0131\u015fma ile v\u00fccut buldu\u011fumuz, el ele omuz omuza kurdu\u011fumuz \u00e7emberlerimizin \u00f6znesi. Belki bu yaz\u0131y\u0131 okuyan sen, belki payla\u015fan o\u2026 sonunda \u201cbiz\u201d.&nbsp;&nbsp;<\/p>\n\n\n\n<p class=\"wp-block-paragraph\">Farkl\u0131 farkl\u0131 sekt\u00f6rlerde \u00e7al\u0131\u015fan, i\u015fsiz, \u00f6\u011frenci ya da eme\u011fi g\u00f6r\u00fcnmezle\u015ftirilen kad\u0131nlar\u0131z. Memleketlerimiz, dillerimiz, inan\u00e7lar\u0131m\u0131z birbiriyle ayn\u0131 de\u011fil. T\u00fcm farkl\u0131l\u0131klar\u0131m\u0131zla kad\u0131n olmaktan kaynakl\u0131 ya\u015fad\u0131\u011f\u0131m\u0131z sorunlar kar\u015f\u0131s\u0131nda ortakla\u015f\u0131yor, bir araya geliyoruz. Bu birliktelik, yan yana geli\u015f m\u00fccadelemizin can suyu. Biz olabilmek ise m\u00fccadelenin kendisi.&nbsp;<\/p>\n\n\n\n<p class=\"wp-block-paragraph\">Hayatlar\u0131m\u0131z\u0131n \u00f6znesi olarak nefes ald\u0131\u011f\u0131m\u0131z her yerde feminizm ile bulu\u015fmaya, bu duru\u015fu in\u015fa etmeye, patriyarkal tahakk\u00fcm ili\u015fkilerinden ve yans\u0131malar\u0131ndan kopu\u015farak kendi perspektifimizle i\u015fler yapabilmeye as\u0131lmal\u0131y\u0131z. Bu deneyimlerden biri bug\u00fcn 30 kad\u0131n\u0131n yan yana gelip \u201cevet i\u015fte bu\u201d demesini sa\u011flad\u0131. Buna \u00e7e\u015fitli bi\u00e7imlerle devam etmeliyiz.&nbsp;<\/p>\n\n\n\n<p class=\"wp-block-paragraph\">Bizim d\u00fcne ve bug\u00fcne ait ac\u0131m\u0131z\u0131, \u00f6fkemizi yar\u0131n\u0131 d\u00f6n\u00fc\u015ft\u00fcrme inad\u0131na \u00e7evirmemiz gerekiyor. Bizim, adlar\u0131 tarih sahnesinden silinen kad\u0131nlar\u0131 ke\u015ffedip ya\u015fatmam\u0131z gerekiyor. Can\u0131m\u0131z\u0131n yand\u0131\u011f\u0131 yerleri sanat\u0131m\u0131zla i\u015flememiz gerekiyor. Elleri dibimizdeyken kilometrelerce uza\u011fa s\u00fcr\u00fcklenen kad\u0131nlar\u0131n ellerini s\u0131k\u0131ca tutmam\u0131z gerekiyor. Kendi elimizi de tutulsun diye uzatmam\u0131z gerekiyor. Ve t\u00fcm bunlar\u0131 bir arada yaparak kad\u0131nlar i\u00e7in, kad\u0131nlarla birlikte y\u00fcr\u00fcmemiz gerekiyor.<\/p>","protected":false},"excerpt":{"rendered":"<p>2016 y\u0131l\u0131nda g\u00fcndeme gelen yasa tasar\u0131s\u0131nda tecav\u00fcze u\u011frayan kad\u0131n, tecav\u00fcz faili erkekle evlenirse fail cezaevinden \u00e7\u0131kabilecekti. Zaten kad\u0131nlar\u0131n tecav\u00fcz failleriyle zorla evlendirildi\u011fi, failin korundu\u011fu; utanc\u0131n, d\u0131\u015flanman\u0131n, su\u00e7laman\u0131n kad\u0131nlar\u0131n omzuna y\u00fcklendi\u011fi&nbsp; ve hatta \u00f6l\u00fcm\u00fcn kad\u0131nlara reva g\u00f6r\u00fcld\u00fc\u011f\u00fc bir \u00fclkede ya\u015f\u0131yoruz. \u00dczerine b\u00f6yle bir yasa tasar\u0131s\u0131 patriyarkan\u0131n s\u0131rt\u0131n\u0131 s\u0131vazlayacak nitelikteydi. Ancak, bu tasar\u0131n\u0131n kar\u015f\u0131s\u0131nda \u00fclkenin d\u00f6rt bir&hellip;<\/p>","protected":false},"author":5,"featured_media":7449,"comment_status":"closed","ping_status":"closed","sticky":false,"template":"","format":"standard","meta":{"_coblocks_attr":"","_coblocks_dimensions":"","_coblocks_responsive_height":"","_coblocks_accordion_ie_support":"","_eb_attr":"","inline_featured_image":false,"footnotes":""},"categories":[98],"tags":[212,300],"ppma_author":[577],"class_list":["post-7447","post","type-post","status-publish","format-standard","has-post-thumbnail","hentry","category-kultur-sanat","tag-feminist-sanat","tag-sinema","author-deniz-uslu"],"authors":[{"term_id":577,"user_id":0,"is_guest":1,"slug":"deniz-uslu","display_name":"Deniz Uslu","avatar_url":"https:\/\/www.mordayanisma.org\/wp-content\/litespeed\/avatar\/eb34dcef2ba410c5108957cc1d069f7b.jpg?ver=1788003468","author_category":"","first_name":"Deniz","last_name":"Uslu","user_url":"","job_title":"","description":"denizuslu@mordayanisma.org"}],"_links":{"self":[{"href":"https:\/\/www.mordayanisma.org\/en\/wp-json\/wp\/v2\/posts\/7447","targetHints":{"allow":["GET"]}}],"collection":[{"href":"https:\/\/www.mordayanisma.org\/en\/wp-json\/wp\/v2\/posts"}],"about":[{"href":"https:\/\/www.mordayanisma.org\/en\/wp-json\/wp\/v2\/types\/post"}],"author":[{"embeddable":true,"href":"https:\/\/www.mordayanisma.org\/en\/wp-json\/wp\/v2\/users\/5"}],"replies":[{"embeddable":true,"href":"https:\/\/www.mordayanisma.org\/en\/wp-json\/wp\/v2\/comments?post=7447"}],"version-history":[{"count":0,"href":"https:\/\/www.mordayanisma.org\/en\/wp-json\/wp\/v2\/posts\/7447\/revisions"}],"wp:featuredmedia":[{"embeddable":true,"href":"https:\/\/www.mordayanisma.org\/en\/wp-json\/wp\/v2\/media\/7449"}],"wp:attachment":[{"href":"https:\/\/www.mordayanisma.org\/en\/wp-json\/wp\/v2\/media?parent=7447"}],"wp:term":[{"taxonomy":"category","embeddable":true,"href":"https:\/\/www.mordayanisma.org\/en\/wp-json\/wp\/v2\/categories?post=7447"},{"taxonomy":"post_tag","embeddable":true,"href":"https:\/\/www.mordayanisma.org\/en\/wp-json\/wp\/v2\/tags?post=7447"},{"taxonomy":"author","embeddable":true,"href":"https:\/\/www.mordayanisma.org\/en\/wp-json\/wp\/v2\/ppma_author?post=7447"}],"curies":[{"name":"wp","href":"https:\/\/api.w.org\/{rel}","templated":true}]}}