{"id":7255,"date":"2024-03-28T15:17:00","date_gmt":"2024-03-28T12:17:00","guid":{"rendered":"https:\/\/www.mordayanisma.org\/?p=7255"},"modified":"2025-11-15T14:30:39","modified_gmt":"2025-11-15T11:30:39","slug":"meta-algoritmasi-eril-bir-bakisla-sermaye-sinifini-destekliyor","status":"publish","type":"post","link":"https:\/\/www.mordayanisma.org\/en\/2024\/03\/28\/meta-algoritmasi-eril-bir-bakisla-sermaye-sinifini-destekliyor\/","title":{"rendered":"&#8220;Meta Algoritmas\u0131 Eril Bir Bak\u0131\u015fla Sermaye S\u0131n\u0131f\u0131n\u0131 Destekliyor&#8221;"},"content":{"rendered":"\n<p class=\"wp-block-paragraph\">Instagram, Mor Dayan\u0131\u015fma\u2019n\u0131n uzun s\u00fcredir kulland\u0131\u011f\u0131 ve ar\u015fiv g\u00f6revi g\u00f6ren hesab\u0131n\u0131 8 \u015eubat 2024 g\u00fcn\u00fc \u201cdoland\u0131r\u0131c\u0131l\u0131k\u201d iddias\u0131yla kapatt\u0131. Mor Dayan\u0131\u015fma\u2019dan Asl\u0131 Elibol ve \u0130lknur Kazan s\u00fcreci ve teknoloji \u015firketlerinin eril politikalar\u0131n\u0131 bianet\u2019e aktard\u0131.<\/p>\n<span hidden class=\"__iawmlf-post-loop-links\" data-iawmlf-links=\"[{&quot;id&quot;:321,&quot;href&quot;:&quot;https:\\\/\\\/www.instagram.com\\\/mor.dayanisma&quot;,&quot;archived_href&quot;:&quot;&quot;,&quot;redirect_href&quot;:&quot;https:\\\/\\\/www.instagram.com\\\/accounts\\\/login\\\/?next=https%3A%2F%2Fwww.instagram.com%2Fmor.dayanisma\\u0026is_from_rle&quot;,&quot;checks&quot;:[],&quot;broken&quot;:false,&quot;last_checked&quot;:null,&quot;process&quot;:&quot;done&quot;},{&quot;id&quot;:322,&quot;href&quot;:&quot;https:\\\/\\\/bianet.org\\\/haber\\\/meta-algoritmasi-eril-bir-bakisla-sermaye-sinifini-destekliyor-293536&quot;,&quot;archived_href&quot;:&quot;https:\\\/\\\/web-wp.archive.org\\\/web\\\/20260522011355\\\/https:\\\/\\\/bianet.org\\\/haber\\\/meta-algoritmasi-eril-bir-bakisla-sermaye-sinifini-destekliyor-293536&quot;,&quot;redirect_href&quot;:&quot;&quot;,&quot;checks&quot;:[{&quot;date&quot;:&quot;2026-06-05 19:10:18&quot;,&quot;http_code&quot;:200},{&quot;date&quot;:&quot;2026-06-20 02:48:37&quot;,&quot;http_code&quot;:200},{&quot;date&quot;:&quot;2026-07-05 18:29:11&quot;,&quot;http_code&quot;:200},{&quot;date&quot;:&quot;2026-08-15 10:11:54&quot;,&quot;http_code&quot;:200}],&quot;broken&quot;:false,&quot;last_checked&quot;:{&quot;date&quot;:&quot;2026-08-15 10:11:54&quot;,&quot;http_code&quot;:200},&quot;process&quot;:&quot;done&quot;}]\"><\/span>\n\n\n<p class=\"wp-block-paragraph\">Instagram\u2019\u0131n siyasi i\u00e7eriklere getirdi\u011fi k\u0131s\u0131tlama karar\u0131, teknoloji \u015firketlerinin aktivizmin dijital ortamlara ta\u015f\u0131nmas\u0131ndaki rol\u00fcn\u00fc tekrar tart\u0131\u015fmaya a\u00e7t\u0131.<\/p>\n\n\n\n<p class=\"wp-block-paragraph\">Mor Dayan\u0131\u015fma Sosyal Medya Komisyonu\u2019ndan Asl\u0131 Elibol ve \u0130lknur Kazan, bir ay \u00f6nce Instagram hesaplar\u0131n\u0131n kapat\u0131lmas\u0131 s\u00fcrecini ve Instagram\u2019\u0131n ba\u011fl\u0131 oldu\u011fu Meta \u015firketinin kad\u0131n m\u00fccadelesinin \u00f6n\u00fcne koydu\u011fu engelleri Samanda\u011f\u2019dan bianet&#8217;e anlatt\u0131.<\/p>\n\n\n\n<p class=\"wp-block-paragraph\">\u0130kiliye g\u00f6re Meta, tam olarak kar\u015f\u0131lar\u0131nda durduklar\u0131 d\u00fczenin bir yans\u0131mas\u0131. Dinliyoruz:<\/p>\n\n\n\n<h3 class=\"wp-block-heading\">&#8220;Adaleti sosyal medyadan sa\u011flar olduk&#8221;<\/h3>\n\n\n\n<p class=\"wp-block-paragraph\"><strong>Instagram ve di\u011fer sosyal medya mecralar\u0131nda y\u00fcr\u00fct\u00fclen \u00e7al\u0131\u015fmalar ile dijital aktivizm kad\u0131n m\u00fccadelesine nas\u0131l katk\u0131 sa\u011fl\u0131yor? Sosyal medya kad\u0131n hareketi i\u00e7in neden \u00f6nemli?<\/strong><\/p>\n\n\n\n<p class=\"wp-block-paragraph\"><strong>Asl\u0131 Elibol:<\/strong> Instagram hepimiz i\u00e7in \u00f6nemli bir yere sahip. Daha geni\u015f kitlelere ula\u015fmam\u0131z\u0131 sa\u011fl\u0131yor. Mesela \u00e7a\u011fr\u0131lar\u0131m\u0131z\u0131 daha g\u00f6r\u00fcn\u00fcr k\u0131l\u0131yor.<\/p>\n\n\n\n<p class=\"wp-block-paragraph\">8 Mart\u2019ta burada, Samanda\u011f\u2019da, sesimizi \u00e7\u0131kartt\u0131\u011f\u0131m\u0131z, kendi s\u00f6z\u00fcm\u00fcz\u00fc s\u00f6yledi\u011fimiz \u00e7ok g\u00fczel bir y\u00fcr\u00fcy\u00fc\u015f\u00fc oldu. Bu s\u00f6z\u00fcm\u00fcz\u00fc Instagram\u2019da payla\u015farak Samanda\u011f\u2019\u0131n d\u0131\u015f\u0131na \u00e7\u0131karm\u0131\u015f olduk, bizi takip etmeyen farkl\u0131 \u00e7evrelere de ula\u015ft\u0131rm\u0131\u015f olduk.<\/p>\n\n\n\n<p class=\"wp-block-paragraph\"><strong>\u0130lknur Kazan: <\/strong>Ana ak\u0131m medyadaki d\u00fc\u015fmanl\u0131\u011f\u0131n kar\u015f\u0131s\u0131nda biz tam olarak kendi toplumsal cinsiyet odakl\u0131 medyam\u0131z\u0131 ve haber anlay\u0131\u015f\u0131m\u0131z\u0131 olu\u015fturuyoruz. Mesela bir trafik kazas\u0131nda \u015fof\u00f6r\u00fcn erkek olmas\u0131na niteleme yap\u0131lmazken, s\u00fcr\u00fcc\u00fc kad\u0131nsa mutlaka belirtiliyor.<\/p>\n\n\n\n<p class=\"wp-block-paragraph\">Medyan\u0131n her zamankinden \u00e7ok daha \u00f6nemli bir g\u00fc\u00e7 oldu\u011funun fark\u0131nday\u0131z. Ana ak\u0131m medya her g\u00fcn eril ve yanda\u015f diliyle yay\u0131n yap\u0131yor.&nbsp;Biz kad\u0131nlar adalet ve \u00f6zg\u00fcrl\u00fck m\u00fccadelesi y\u00fcr\u00fct\u00fcyoruz. Bug\u00fcn geldi\u011fimiz noktada adaleti sosyal medyadan sa\u011flar olduk.<\/p>\n\n\n\n<p class=\"wp-block-paragraph\">Bize onlarca kad\u0131n gerek davas\u0131 i\u00e7in, gerek \u00f6rg\u00fctlenmek i\u00e7in sosyal medyadan ula\u015f\u0131yor. Dolay\u0131s\u0131yla medya ve teknoloji \u00e7a\u011f\u0131nda dijital mecralar\u0131n bu y\u00fczden \u00e7ok \u00f6nemli yeri var.<\/p>\n\n\n\n<h3 class=\"wp-block-heading\">&#8220;Geni\u015f kitlelere ula\u015fmam\u0131z\u0131 sa\u011fl\u0131yordu&#8221;<\/h3>\n\n\n\n<p class=\"wp-block-paragraph\"><strong>Instagram hesab\u0131n\u0131z\u0131n kapat\u0131lmas\u0131na giden s\u00fcreci anlatabilir misiniz?&nbsp;<\/strong><\/p>\n\n\n\n<p class=\"wp-block-paragraph\"><strong>AE: <\/strong>8 \u015eubat 2024 gecesi b\u00fct\u00fcn Sosyal Medya Komisyonunda olan ve hesaba eri\u015fimi olan herkes Instagram hesab\u0131ndan at\u0131ld\u0131, hesap bir alanda ask\u0131ya al\u0131nd\u0131. Hesab\u0131m\u0131z\u0131n doland\u0131r\u0131c\u0131l\u0131k \u015f\u00fcphesiyle donduruldu\u011funa dair bir bildirim ald\u0131k. \u0130tiraz i\u00e7in belli bir s\u00fcre tan\u0131nd\u0131. \u0130tiraz ettik fakat bu sefer 9 \u015eubat\u2019ta 35-40 bin takip\u00e7ili \u201cmor_dayanisma\u201d Instagram hesab\u0131m\u0131z\u0131n kapat\u0131ld\u0131\u011f\u0131na dair bir bildirim ald\u0131k.<\/p>\n\n\n\n<p class=\"wp-block-paragraph\">Neredeyse 10 y\u0131la yak\u0131n zamand\u0131r kulland\u0131\u011f\u0131m\u0131z bir hesapt\u0131, ar\u015fivimiz vard\u0131 ve \u00e7ok aktif kulland\u0131\u011f\u0131m\u0131z bir s\u00fcre\u00e7teydik. Sosyal Medya Komisyonu kampanyalar y\u00fcr\u00fct\u00fcl\u00fcyordu ve geni\u015f bir kitleye de ula\u015f\u0131yorduk.<\/p>\n\n\n\n<h3 class=\"wp-block-heading\"><strong>&#8220;Yapay zeka ve algoritmalar eril tahakk\u00fcm uyguluyor&#8221;<\/strong><\/h3>\n\n\n\n<p class=\"wp-block-paragraph\"><strong>Hesab\u0131n\u0131z\u0131n kapat\u0131lmas\u0131nda ya da i\u00e7eriklerin sosyal medyada yayg\u0131nla\u015fmas\u0131n\u0131n zorlanmas\u0131nda platformlar\u0131n da pay\u0131 var m\u0131, mesela Instagram algoritmas\u0131n\u0131n i\u015finizi zorla\u015ft\u0131rd\u0131\u011f\u0131n\u0131 d\u00fc\u015f\u00fcn\u00fcyor musunuz? Sizce algoritmada eril bir \u00f6nyarg\u0131 var m\u0131?<\/strong><\/p>\n\n\n\n<p class=\"wp-block-paragraph\"><strong>AE:&nbsp;<\/strong>Hesab\u0131m\u0131zda hi\u00e7bir \u015fekilde doland\u0131r\u0131c\u0131l\u0131k \u015f\u00fcphesi olabilecek bir payla\u015f\u0131m ya da aktivite yoktu. Hesap Sosyal Medya Komisyonu \u00fcyelerince kullan\u0131yordu ve kimsenin buna y\u00f6nelik \u015f\u00fcphe olu\u015fturabilecek bir davran\u0131\u015f\u0131 olmad\u0131.<\/p>\n\n\n\n<p class=\"wp-block-paragraph\"><strong>\u0130K:<\/strong> Ya\u015fad\u0131\u011f\u0131m\u0131z olay asl\u0131nda Meta\u2019n\u0131n haks\u0131z bir \u015fekilde hesab\u0131m\u0131z\u0131 kapatt\u0131\u011f\u0131n\u0131 g\u00f6steriyor. Eril bir bak\u0131\u015fa ek olarak algoritman\u0131n sermaye s\u0131n\u0131f\u0131n\u0131 destekledi\u011fini de s\u00f6yleyebiliriz.<\/p>\n\n\n\n<p class=\"wp-block-paragraph\">Bunu, resmi Instagram hesab\u0131m\u0131z\u0131n kapat\u0131lmas\u0131ndan g\u00fcnler sonra i\u015f\u00e7i emek\u00e7i s\u0131n\u0131f\u0131n s\u00f6z\u00fcn\u00fc taleplerini s\u00f6yleyen Umut-Sen&#8217;in Instagram hesab\u0131n\u0131n da kapat\u0131lmas\u0131yla g\u00f6rm\u00fc\u015f olduk. Meta, tam olarak kar\u015f\u0131s\u0131nda oldu\u011fumuz d\u00fczenin bir yans\u0131mas\u0131 olup; patriyarkal kapitalist bir yerden sald\u0131r\u0131s\u0131n\u0131 ger\u00e7ekle\u015ftirmi\u015f bulunuyor.<\/p>\n\n\n\n<p class=\"wp-block-paragraph\"><strong>AE: <\/strong>Meta\u2019n\u0131n zaten T\u00fcrkiye\u2019deki kad\u0131n hareketini sans\u00fcrledi\u011fini biliyorduk. Bize itiraz hakk\u0131 verilmemesi de bu \u015f\u00fcpheyi besledi. Normalde itiraz i\u00e7in 180 g\u00fcn s\u00fcre veriliyor ama ne zaman itiraz talebinde bulunduysak ya bu s\u00fcrenin a\u015f\u0131ld\u0131\u011f\u0131 ya da bu itiraz hakk\u0131na sahip olmad\u0131\u011f\u0131m\u0131za dair bir d\u00f6n\u00fc\u015f geldi.<\/p>\n\n\n\n<p class=\"wp-block-paragraph\">Yeni hesab\u0131m\u0131z\u0131 a\u00e7t\u0131\u011f\u0131m\u0131zda bot hesaplar birden bizi seri bir \u015fekilde takip etmeye ba\u015flad\u0131. Yeni hesab\u0131n sald\u0131r\u0131 alt\u0131nda oldu\u011funu d\u00fc\u015f\u00fcnd\u00fck ve hesab\u0131m\u0131z\u0131 gizlemek zorunda kald\u0131k.<\/p>\n\n\n\n<p class=\"wp-block-paragraph\">Her \u015feye ra\u011fmen fikrimizi ve s\u00f6z\u00fcm\u00fcz\u00fc s\u00f6ylemekten geri durmayaca\u011f\u0131z. Y\u0131llard\u0131r kulland\u0131\u011f\u0131m\u0131z bu hesapta bir itiraz hakk\u0131m\u0131z olmal\u0131yd\u0131, burada eril tahakk\u00fcm var.<\/p>\n\n\n\n<h3 class=\"wp-block-heading\">&#8220;Bizim sans\u00fcrlenmemiz hayat\u0131m\u0131z\u0131n sans\u00fcrlenmesi demek&#8221;<\/h3>\n\n\n\n<p class=\"wp-block-paragraph\"><strong>Meta\u2019n\u0131n siyasi i\u00e7erikleri s\u0131n\u0131rlama karar\u0131 sizin i\u00e7in ne demek oluyor? \u015eirketin sans\u00fcr politikalar\u0131 feminist hareketin dijital ortama ta\u015f\u0131nmas\u0131nda nas\u0131l bir engel olu\u015fturuyor?<\/strong><\/p>\n\n\n\n<p class=\"wp-block-paragraph\"><strong>AE:<\/strong> Mesela feminist hareketteki herhangi bir \u00f6rg\u00fct herhangi bir reklam verse, ak\u0131m videosu yapsa dahi ak\u0131\u015fa d\u00fc\u015fmekte zorlan\u0131yor. Bunun \u015firketin sans\u00fcr politikalar\u0131yla alakal\u0131 oldu\u011funu d\u00fc\u015f\u00fcn\u00fcyoruz.<\/p>\n\n\n\n<p class=\"wp-block-paragraph\">Mesela kendimizden \u00f6rnek verelim. Bir\u00e7ok feminist \u00f6rg\u00fct\u00fc takip etmemize ve algoritman\u0131n \u00e7ok y\u00fcksek ihtimalle sosyalist feminist oldu\u011fumuzu bilmesine ra\u011fmen ak\u0131\u015fta biz b\u00f6yle i\u00e7erikler g\u00f6remiyorsak hareket d\u0131\u015f\u0131ndan biri nas\u0131l g\u00f6rebilir? Bunu en iyi kendimizden biliyoruz.<\/p>\n\n\n\n<p class=\"wp-block-paragraph\">Siyasi i\u00e7eriklerin sans\u00fcrlenmesi ise asl\u0131nda hepimizin sans\u00fcrlenmesi demek. Biz &#8216;Hayatlar\u0131m\u0131z politiktir, kad\u0131n cinayetleri politiktir&#8217; demeye devam ediyoruz. Bizim sans\u00fcrlenmemiz hayat\u0131m\u0131z\u0131n sans\u00fcrlenmesi demek oluyor.<\/p>\n\n\n\n<p class=\"wp-block-paragraph\">G\u00f6nderilerimiz zaten ana ak\u0131m medyan\u0131n kar\u015f\u0131s\u0131nda duran bir yerdeydi, g\u00fcndeme dair refleks olarak s\u00f6z \u00fcretti\u011fimiz bir yerdi. T\u00fcrkiye\u2019de g\u00fcndem de daima siyasi ve siyasi s\u0131n\u0131rlamalar her mecrada maalesef ki kar\u015f\u0131m\u0131za \u00e7\u0131k\u0131yor. Bu durum da bunun \u00f6rneklerinden biri.<\/p>\n\n\n\n<h3 class=\"wp-block-heading\">&#8220;Sokaktaki m\u00fccadeleyi g\u00f6r\u00fcn\u00fcr k\u0131l\u0131p yayg\u0131nla\u015ft\u0131rmak \u00e7ok \u00f6nemli&#8221;<\/h3>\n\n\n\n<p class=\"wp-block-paragraph\"><strong>Sizce m\u00fccadeleyi sosyal medyada s\u00fcrd\u00fcrmek i\u00e7in at\u0131lmas\u0131 gereken ad\u0131mlar neler, Mor Dayan\u0131\u015fma olarak sonraki ad\u0131m\u0131n\u0131z ne olacak?<\/strong><\/p>\n\n\n\n<p class=\"wp-block-paragraph\"><strong>AE: <\/strong>\u00d6ncelikle eski kitlemize ula\u015fabilmek i\u00e7in tekrar yeni hesab\u0131m\u0131z\u0131 b\u00fcy\u00fctmeye \u00e7al\u0131\u015f\u0131yoruz. \u015eu an bine yak\u0131n takip\u00e7imiz var ama algoritman\u0131n bizi engellemesi takip\u00e7i say\u0131m\u0131z\u0131n artmas\u0131n\u0131n \u00f6n\u00fcnde engel olu\u015fturuyor.&nbsp;Kendi i\u00e7imizde \u00f6rg\u00fctl\u00fc daha fazla ki\u015fi varken algoritmalar\u0131n g\u00f6r\u00fcn\u00fcrl\u00fc\u011f\u00fcm\u00fcz\u00fc k\u0131s\u0131tlad\u0131\u011f\u0131n\u0131 g\u00f6steriyor.<\/p>\n\n\n\n<p class=\"wp-block-paragraph\">Biz ne yap\u0131yorsak onu yapmaya, yapt\u0131klar\u0131m\u0131z\u0131 sosyal medyadan duyurmaya devam edece\u011fiz. Sosyal medya bizim i\u00e7in ayn\u0131 zamanda bir \u00f6rg\u00fctlenme arac\u0131. Prati\u011fimizde sokak aya\u011f\u0131n\u0131 g\u00f6r\u00fcn\u00fcr k\u0131lan bir ara\u00e7, sokaktaki m\u00fccadelemizi g\u00f6r\u00fcn\u00fcr k\u0131l\u0131p yayg\u0131nla\u015ft\u0131rmas\u0131 \u00e7ok \u00f6nemli.<\/p>\n\n\n\n<p class=\"wp-block-paragraph\"><strong>\u0130K: <\/strong>Mesela burada, deprem b\u00f6lgesinde pek \u00e7ok sorun var. Kad\u0131nlar kendi ya\u015famlar\u0131 d\u0131\u015f\u0131ndaki \u015feyleri g\u00f6r\u00fcyor. \u00d6rg\u00fctl\u00fc olmayan kad\u0131nlar\u0131n da sokakta kad\u0131nlar\u0131n var oldu\u011funu g\u00f6rmesi onlar\u0131 g\u00fc\u00e7l\u00fc hissettiriyor. Biz m\u00fccadelemize, kad\u0131nlar\u0131 g\u00fc\u00e7l\u00fc hissettirmeye devam edece\u011fiz.<\/p>\n\n\n\n<p class=\"wp-block-paragraph\"><em>Mor Dayan\u0131\u015fma&#8217;y\u0131 yeni adresi \u201c<a href=\"https:\/\/www.instagram.com\/mor.dayanisma\/\" target=\"_blank\" rel=\"noreferrer noopener\">mor.dayanisma<\/a>\u201d \u00fczerinden takip edebilirsiniz.<\/em><\/p>\n\n\n\n<p class=\"has-text-align-left wp-block-paragraph\">Kaynak: <a href=\"https:\/\/bianet.org\/haber\/meta-algoritmasi-eril-bir-bakisla-sermaye-sinifini-destekliyor-293536\" target=\"_blank\" rel=\"noopener\">Bianet<\/a><\/p>\n\n\n\n<p class=\"wp-block-paragraph\"><\/p>\n","protected":false},"excerpt":{"rendered":"<p>Instagram, Mor Dayan\u0131\u015fma\u2019n\u0131n uzun s\u00fcredir kulland\u0131\u011f\u0131 ve ar\u015fiv g\u00f6revi g\u00f6ren hesab\u0131n\u0131 8 \u015eubat 2024 g\u00fcn\u00fc \u201cdoland\u0131r\u0131c\u0131l\u0131k\u201d iddias\u0131yla kapatt\u0131. Mor Dayan\u0131\u015fma\u2019dan Asl\u0131 Elibol ve \u0130lknur Kazan s\u00fcreci ve teknoloji \u015firketlerinin eril politikalar\u0131n\u0131 bianet\u2019e aktard\u0131. Instagram\u2019\u0131n siyasi i\u00e7eriklere getirdi\u011fi k\u0131s\u0131tlama karar\u0131, teknoloji \u015firketlerinin aktivizmin dijital ortamlara ta\u015f\u0131nmas\u0131ndaki rol\u00fcn\u00fc tekrar tart\u0131\u015fmaya a\u00e7t\u0131. Mor Dayan\u0131\u015fma Sosyal Medya Komisyonu\u2019ndan Asl\u0131&hellip;<\/p>","protected":false},"author":5,"featured_media":7256,"comment_status":"closed","ping_status":"closed","sticky":false,"template":"","format":"standard","meta":{"_coblocks_attr":"","_coblocks_dimensions":"","_coblocks_responsive_height":"","_coblocks_accordion_ie_support":"","_eb_attr":"","inline_featured_image":false,"footnotes":""},"categories":[537],"tags":[1503,272,484],"ppma_author":[573],"class_list":["post-7255","post","type-post","status-publish","format-standard","has-post-thumbnail","hentry","category-basinda-biz","tag-dijital-patriyarka","tag-feministmucadele","tag-sosyalmedya","author-mor-dayanisma"],"authors":[{"term_id":573,"user_id":5,"is_guest":0,"slug":"mor-dayanisma","display_name":"Mor Dayan\u0131\u015fma","avatar_url":"https:\/\/www.mordayanisma.org\/wp-content\/litespeed\/avatar\/18b1bff8d2c98eaf6f87c388a27f2cfa.jpg?ver=1788268176","author_category":"1","first_name":"Mor","last_name":"Dayan\u0131\u015fma","user_url":"","job_title":"","description":"<a href=\"https:\/\/www.mordayanisma.org\/en\/iletisim\/\" target=\"_blank\" rel=\"noopener\">Contact<\/a>\r\n\r\ndayanismamor@gmail.com"}],"_links":{"self":[{"href":"https:\/\/www.mordayanisma.org\/en\/wp-json\/wp\/v2\/posts\/7255","targetHints":{"allow":["GET"]}}],"collection":[{"href":"https:\/\/www.mordayanisma.org\/en\/wp-json\/wp\/v2\/posts"}],"about":[{"href":"https:\/\/www.mordayanisma.org\/en\/wp-json\/wp\/v2\/types\/post"}],"author":[{"embeddable":true,"href":"https:\/\/www.mordayanisma.org\/en\/wp-json\/wp\/v2\/users\/5"}],"replies":[{"embeddable":true,"href":"https:\/\/www.mordayanisma.org\/en\/wp-json\/wp\/v2\/comments?post=7255"}],"version-history":[{"count":2,"href":"https:\/\/www.mordayanisma.org\/en\/wp-json\/wp\/v2\/posts\/7255\/revisions"}],"predecessor-version":[{"id":9448,"href":"https:\/\/www.mordayanisma.org\/en\/wp-json\/wp\/v2\/posts\/7255\/revisions\/9448"}],"wp:featuredmedia":[{"embeddable":true,"href":"https:\/\/www.mordayanisma.org\/en\/wp-json\/wp\/v2\/media\/7256"}],"wp:attachment":[{"href":"https:\/\/www.mordayanisma.org\/en\/wp-json\/wp\/v2\/media?parent=7255"}],"wp:term":[{"taxonomy":"category","embeddable":true,"href":"https:\/\/www.mordayanisma.org\/en\/wp-json\/wp\/v2\/categories?post=7255"},{"taxonomy":"post_tag","embeddable":true,"href":"https:\/\/www.mordayanisma.org\/en\/wp-json\/wp\/v2\/tags?post=7255"},{"taxonomy":"author","embeddable":true,"href":"https:\/\/www.mordayanisma.org\/en\/wp-json\/wp\/v2\/ppma_author?post=7255"}],"curies":[{"name":"wp","href":"https:\/\/api.w.org\/{rel}","templated":true}]}}