{"id":6644,"date":"2025-03-07T23:02:06","date_gmt":"2025-03-07T20:02:06","guid":{"rendered":"https:\/\/www.mordayanisma.org\/?p=6644"},"modified":"2025-06-17T13:33:33","modified_gmt":"2025-06-17T10:33:33","slug":"cadirlardan-alanlara-8-martta-sokaklara","status":"publish","type":"post","link":"https:\/\/www.mordayanisma.org\/en\/2025\/03\/07\/cadirlardan-alanlara-8-martta-sokaklara\/","title":{"rendered":"\u00c7ad\u0131rlardan Alanlara! 8 Mart&#8217;ta Sokaklara!\u00a0"},"content":{"rendered":"<p class=\"wp-block-paragraph\">Bundan iki y\u0131l \u00f6nce, 6 \u015eubat depremlerinin ard\u0131ndan, bir kad\u0131n olarak \u00e7ad\u0131r i\u00e7erisinde \u00e7ekmi\u015ftim isyan bayra\u011f\u0131m\u0131. Kutsal aileye, erkek egemenli\u011fine ve kald\u0131r\u0131lmayan o enkazlara kar\u015f\u0131.<\/p>\n\n\n\n<p class=\"wp-block-paragraph\">6 \u015eubat depremlerini herkes bilir, herkes hat\u0131rlar. Depremzede de\u011filseniz bile televizyonlardan g\u00f6rm\u00fc\u015fs\u00fcn\u00fczd\u00fcr. Televizyonda ve sosyal medyada yans\u0131t\u0131lan enkazlar, insanlar\u0131n feryatlar\u0131&#8230;\u00c7aresizlik bol bol ajitasyon ile halka sunulmu\u015ftu.\u00a0<\/p>\n\n\n\n<p class=\"wp-block-paragraph\"><strong>\u201cB\u00fcy\u00fck bir y\u0131k\u0131m vard\u0131, \u00e7\u0131k\u0131\u015f yoktu.\u201d<\/strong> Sistemin her yere uzanan medyas\u0131 b\u00fcy\u00fck y\u0131k\u0131m\u0131 g\u00f6steriyor, ba\u011f\u0131\u015flar topluyor ama o enkazlar\u0131n alt\u0131ndan nas\u0131l \u00e7\u0131k\u0131laca\u011f\u0131na dair tek bir s\u00f6z s\u00f6ylemiyor, hi\u00e7bir \u015fey yapm\u0131yordu. Sadece \u00e7\u0131k\u0131\u015f de\u011fil, o y\u0131k\u0131mlar\u0131n ard\u0131ndan artan kad\u0131n cinayetleri, \u015fiddet, istismar da hi\u00e7 g\u00f6sterilmiyordu.&nbsp;<\/p>\n\n\n\n<p class=\"wp-block-paragraph\">Kad\u0131nlar \u015fiddete u\u011frad\u0131klar\u0131 birka\u00e7 odal\u0131 evlerden, tek g\u00f6z \u00e7ad\u0131rlara hapsedilmi\u015fti. Bu ikisinin aras\u0131ndaki tek fark, bir \u2018avantaj\u2019. Birka\u00e7 odal\u0131 evde \u2018ka\u00e7\u0131labilecek\u2019 bir alan yarat\u0131labilir, nefes almak i\u00e7in bir pencere a\u00e7\u0131labilir. Tek g\u00f6z bir \u00e7ad\u0131rda pencere bile a\u00e7\u0131lamaz, imkan yoktur, ka\u00e7acak yer yoktur. Varsa \u00f6zsavunma, kad\u0131n i\u00e7in hakt\u0131r.&nbsp;<\/p>\n\n\n\n<p class=\"wp-block-paragraph\">\u0130lk g\u00fcnler y\u0131k\u0131m\u0131n b\u00fcy\u00fckl\u00fc\u011f\u00fc ile oradan oraya ko\u015fturuyordum. Y\u0131k\u0131m\u0131n b\u00fcy\u00fckl\u00fc\u011f\u00fc kar\u015f\u0131s\u0131nda tek ba\u015f\u0131ma bir \u015fey yapamayaca\u011f\u0131m\u0131 anlad\u0131\u011f\u0131mda i\u00e7imi bir \u00e7aresizlik, \u00e7aresizlik ile birlikte bir \u00f6fke b\u00fcr\u00fcm\u00fc\u015ft\u00fc.&nbsp;<\/p>\n\n\n\n<p class=\"wp-block-paragraph\">Bu \u00e7aresizlik ile i\u00e7ime d\u00f6nmeye ba\u015flam\u0131\u015ft\u0131m. Ya\u015fad\u0131\u011f\u0131m\u0131z yerde be\u015f-alt\u0131 aile birlikte kal\u0131yorduk. Depremin ba\u015flar\u0131nda sadece uyumaya gidiyordum s\u0131\u011f\u0131nd\u0131\u011f\u0131m\u0131z yere, i\u00e7ime d\u00f6nmeye ba\u015flay\u0131nca ise daha \u00e7ok vakit ge\u00e7irmeye ba\u015flad\u0131m oralarda. Ve bu daha da i\u00e7ime d\u00f6nmeme sebep oldu. Kad\u0131nlar sabah erken kalk\u0131yor, yiyecek bir \u015feyler ar\u0131yor, kendileri buluyor ya da yard\u0131m t\u0131rlar\u0131n\u0131 bekliyor, sofray\u0131 kuruyordu. Erkekler akut d\u00f6nem ge\u00e7tikten sonra fiziksel kuvvet gerekmedik\u00e7e pek bir \u015fey yapm\u0131yor, zaman zaman yard\u0131m t\u0131rlar\u0131n\u0131n bo\u015falt\u0131lmas\u0131n\u0131 organize ediyor, g\u00fcn i\u00e7erisinde ne yapm\u0131\u015f olursa olsun ak\u015fam gelip ayn\u0131 sofraya oturabiliyordu. Yani cinsiyet rolleri hi\u00e7 de\u011fi\u015fmiyor ama kad\u0131n\u0131n \u00fczerine \u2018normalden\u2019 bin kat daha \u00e7ok y\u00fck biniyordu.\u00a0<\/p>\n\n\n\n<p class=\"wp-block-paragraph\">Bunlara maruz kald\u0131k\u00e7a mutsuzlu\u011fa b\u00fcr\u00fcn\u00fcyordum, \u00f6fkem di\u015flerimi g\u0131c\u0131rtad\u0131yor, g\u00fcnlerim ge\u00e7mez oluyordu. \u00c7ad\u0131rda kendimle ge\u00e7irece\u011fim \u00f6zel alan da olmad\u0131\u011f\u0131ndan do\u011faya ka\u00e7\u0131yordum, a\u011fa\u00e7lar\u0131n aras\u0131na dal\u0131p gizli gizli sigara i\u00e7iyordum (erkekler istedikleri yerde sigara i\u00e7ebiliyordu. Bense akraba bask\u0131s\u0131ndan saklan\u0131yordum). Tarih marta yakla\u015f\u0131yordu ve g\u00fcnlerim tekerr\u00fcrden ibaret giderken, mart kap\u0131ya dayan\u0131nca \u201c\u2018Bizimkiler\u2019 bu sene nerede acaba?\u201d diye sordum kendime. Az bu\u00e7uk \u00e7eken telefonumla Mor Dayan\u0131\u015fma\u2019n\u0131n, Kamp\u00fcs Cad\u0131lar\u0131\u2019n\u0131n sosyal medya sayfalar\u0131na girip 8 Mart \u00e7a\u011fr\u0131lar\u0131n\u0131 bulmaya \u00e7al\u0131\u015ft\u0131m. Sonra bekledi\u011fim g\u00f6nderiyi buldum: &#8220;8 Mart\u2019ta Yeni Park\u2019tay\u0131z&#8221;.\u00a0<\/p>\n\n\n\n<p class=\"wp-block-paragraph\">8 Mart g\u00fcn\u00fc gidiyorum Yeni Park\u2019a. \u015eimdi \u201cbizimkiler\u201d diye adland\u0131rd\u0131\u011f\u0131m kad\u0131nlar beni tan\u0131m\u0131yor, ben de hen\u00fcz onlar\u0131 tan\u0131m\u0131yorum. O zamanlar \u00f6rg\u00fctl\u00fc de\u011filim ama yak\u0131ndan takipteyim \u201cbizimkileri\u201d. Park\u0131n ortas\u0131nda bir kad\u0131n \u00e7emberi kuruyoruz, herkes payla\u015f\u0131mda bulunuyor. Kad\u0131nlar bir araday\u0131z ve orada kad\u0131n kimli\u011fimizin yan\u0131na depremzede kimli\u011fimiz de eklenmi\u015f durumda.&nbsp;<\/p>\n\n\n\n<p class=\"wp-block-paragraph\">Kad\u0131nlar\u0131n konu\u015fmalar\u0131n\u0131 dinlerken orada kalmak istedi\u011fimi fazlas\u0131yla fark ediyorum. \u00c7ember sona eriyor ve ard\u0131ndan \u201cDayan\u0131\u015fma Ya\u015fat\u0131r\u201d pankart\u0131m\u0131za defne yapraklar\u0131 yap\u0131\u015ft\u0131r\u0131yoruz, dilekler tutuyoruz. Sonra kalanlarla muhabbet ediyoruz. Uzun zamand\u0131r i\u00e7imde olmayan bir his olu\u015fuyor, aitlik hissi.&nbsp;<\/p>\n\n\n\n<p class=\"wp-block-paragraph\">Tekrar gelece\u011fimin s\u00f6z\u00fcn\u00fc veriyorum hem kendime hem tan\u0131\u015ft\u0131\u011f\u0131m arkada\u015flara. Ve ertesi g\u00fcn sabah\u0131n \u00e7ok erken bir saatinde kendimi tekrar orada buluyorum.&nbsp;<\/p>\n\n\n\n<figure class=\"wp-block-image aligncenter size-large\"><img loading=\"lazy\" decoding=\"async\" width=\"1024\" height=\"770\" sizes=\"auto, (max-width: 800px) 100vw, 800px\" src=\"https:\/\/www.mordayanisma.org\/wp-content\/uploads\/2025\/03\/8-mart-samandag-1024x770.png\" alt=\"-\" class=\"wp-image-6646\" title=\"\" srcset=\"https:\/\/www.mordayanisma.org\/wp-content\/uploads\/2025\/03\/8-mart-samandag-1024x770.png 1024w, https:\/\/www.mordayanisma.org\/wp-content\/uploads\/2025\/03\/8-mart-samandag-300x226.png 300w, https:\/\/www.mordayanisma.org\/wp-content\/uploads\/2025\/03\/8-mart-samandag-768x578.png 768w, https:\/\/www.mordayanisma.org\/wp-content\/uploads\/2025\/03\/8-mart-samandag-16x12.png 16w, https:\/\/www.mordayanisma.org\/wp-content\/uploads\/2025\/03\/8-mart-samandag-770x579.png 770w, https:\/\/www.mordayanisma.org\/wp-content\/uploads\/2025\/03\/8-mart-samandag-370x278.png 370w, https:\/\/www.mordayanisma.org\/wp-content\/uploads\/2025\/03\/8-mart-samandag.png 1280w\" \/><\/figure>\n\n\n\n<p class=\"wp-block-paragraph\">Aile \u00e7ad\u0131r\u0131ndan etraf\u0131mla \u00e7at\u0131\u015farak \u00e7\u0131k\u0131p, ait oldu\u011fumu hissetti\u011fim \u00e7ad\u0131ra gidiyorum her g\u00fcn. Enkaz\u0131n izleri, dayan\u0131\u015fma ile hafiflemeye ba\u015fl\u0131yor. Kendimde g\u00fc\u00e7 bulmaya ba\u015fl\u0131yorum, bu kolektif bir g\u00fc\u00e7.&nbsp;<\/p>\n\n\n\n<p class=\"wp-block-paragraph\">Bu gidi\u015flerin ard\u0131ndan, 1 May\u0131s\u2019ta, kad\u0131n cinayetlerinde, Evvel Temmuz\u2019da, 25 Kas\u0131m\u2019da sokakta buluyorum kendimi. \u0130syan\u0131mla, \u00f6fkemle, yolda\u015flar\u0131mla!&nbsp;<\/p>\n\n\n\n<p class=\"wp-block-paragraph\">\u00c7ad\u0131rda, sokakta, i\u015fte, hayat\u0131n her alan\u0131nda erkekli\u011fe ve sermayeye kafa tutarken buluyorum kendimi.&nbsp;<\/p>\n\n\n\n<p class=\"wp-block-paragraph\">\u015eimdi d\u00f6n\u00fcp bak\u0131yorum da neredeyse 2 y\u0131l olmu\u015f \u00e7ad\u0131rdan \u00e7\u0131k\u0131p sokaklara d\u00f6k\u00fcleli.&nbsp;<\/p>\n\n\n\n<p class=\"wp-block-paragraph\">8 Mart yeniden gelip \u00e7atm\u0131\u015fken an\u0131ms\u0131yorum t\u00fcm bunlar\u0131. Yeni bir 8 Mart heyecan\u0131 b\u00fcr\u00fcyor i\u00e7imi, bu sefer \u0130stanbul&#8217;day\u0131m. K\u00fc\u00e7\u00fck k\u00f6y\u00fcm\u00fcn k\u00fc\u00e7\u00fck bir \u00e7ad\u0131r\u0131ndan \u0130stanbul\u2019a, \u0130stanbul\u2019dan sokaklara d\u00f6k\u00fcl\u00fcyorum.&nbsp;<\/p>\n\n\n\n<p class=\"wp-block-paragraph\">Taksim kapat\u0131lacak olsa da, irademizle, isyan\u0131m\u0131zla 8 Mart\u2019ta sokaklara!<\/p>","protected":false},"excerpt":{"rendered":"<p>Bundan iki y\u0131l \u00f6nce, 6 \u015eubat depremlerinin ard\u0131ndan, bir kad\u0131n olarak \u00e7ad\u0131r i\u00e7erisinde \u00e7ekmi\u015ftim isyan bayra\u011f\u0131m\u0131. Kutsal aileye, erkek egemenli\u011fine ve kald\u0131r\u0131lmayan o enkazlara kar\u015f\u0131. 6 \u015eubat depremlerini herkes bilir, herkes hat\u0131rlar. Depremzede de\u011filseniz bile televizyonlardan g\u00f6rm\u00fc\u015fs\u00fcn\u00fczd\u00fcr. Televizyonda ve sosyal medyada yans\u0131t\u0131lan enkazlar, insanlar\u0131n feryatlar\u0131&#8230;\u00c7aresizlik bol bol ajitasyon ile halka sunulmu\u015ftu.\u00a0 \u201cB\u00fcy\u00fck bir y\u0131k\u0131m vard\u0131,&hellip;<\/p>","protected":false},"author":5,"featured_media":6647,"comment_status":"closed","ping_status":"closed","sticky":false,"template":"","format":"standard","meta":{"_coblocks_attr":"","_coblocks_dimensions":"","_coblocks_responsive_height":"","_coblocks_accordion_ie_support":"","_eb_attr":"","inline_featured_image":false,"footnotes":""},"categories":[538,420],"tags":[448,412],"ppma_author":[1361],"class_list":["post-6644","post","type-post","status-publish","format-standard","has-post-thumbnail","hentry","category-8-mart","category-deprem-bolgesinden-notlar","tag-6subatdepremi","tag-kadincadiri","author-yildiz-gezici"],"authors":[{"term_id":1361,"user_id":64,"is_guest":0,"slug":null,"display_name":"Y\u0131ld\u0131z Gezici","avatar_url":"https:\/\/www.mordayanisma.org\/wp-content\/litespeed\/avatar\/bad43031b3459dc83e381a19aaa26fd0.jpg?ver=1788002578","author_category":"","first_name":"","last_name":"","user_url":"","job_title":"","description":""}],"_links":{"self":[{"href":"https:\/\/www.mordayanisma.org\/en\/wp-json\/wp\/v2\/posts\/6644","targetHints":{"allow":["GET"]}}],"collection":[{"href":"https:\/\/www.mordayanisma.org\/en\/wp-json\/wp\/v2\/posts"}],"about":[{"href":"https:\/\/www.mordayanisma.org\/en\/wp-json\/wp\/v2\/types\/post"}],"author":[{"embeddable":true,"href":"https:\/\/www.mordayanisma.org\/en\/wp-json\/wp\/v2\/users\/5"}],"replies":[{"embeddable":true,"href":"https:\/\/www.mordayanisma.org\/en\/wp-json\/wp\/v2\/comments?post=6644"}],"version-history":[{"count":0,"href":"https:\/\/www.mordayanisma.org\/en\/wp-json\/wp\/v2\/posts\/6644\/revisions"}],"wp:featuredmedia":[{"embeddable":true,"href":"https:\/\/www.mordayanisma.org\/en\/wp-json\/wp\/v2\/media\/6647"}],"wp:attachment":[{"href":"https:\/\/www.mordayanisma.org\/en\/wp-json\/wp\/v2\/media?parent=6644"}],"wp:term":[{"taxonomy":"category","embeddable":true,"href":"https:\/\/www.mordayanisma.org\/en\/wp-json\/wp\/v2\/categories?post=6644"},{"taxonomy":"post_tag","embeddable":true,"href":"https:\/\/www.mordayanisma.org\/en\/wp-json\/wp\/v2\/tags?post=6644"},{"taxonomy":"author","embeddable":true,"href":"https:\/\/www.mordayanisma.org\/en\/wp-json\/wp\/v2\/ppma_author?post=6644"}],"curies":[{"name":"wp","href":"https:\/\/api.w.org\/{rel}","templated":true}]}}