{"id":6301,"date":"2020-03-04T11:20:00","date_gmt":"2020-03-04T08:20:00","guid":{"rendered":"https:\/\/www.mordayanisma.org\/?p=6301"},"modified":"2025-11-15T14:42:53","modified_gmt":"2025-11-15T11:42:53","slug":"mor-dayanisma-uyesi-deniz-usludan-kadinlara-8-martta-alanlarda-olalim-video","status":"publish","type":"post","link":"https:\/\/www.mordayanisma.org\/en\/2020\/03\/04\/mor-dayanisma-uyesi-deniz-usludan-kadinlara-8-martta-alanlarda-olalim-video\/","title":{"rendered":"Mor Dayan\u0131\u015fma \u00dcyesi Deniz Uslu\u2019dan Kad\u0131nlara: 8 Mart&#8217;ta Alanlarda Olal\u0131m &#8211; Video"},"content":{"rendered":"\n<figure class=\"wp-block-embed is-type-video is-provider-youtube wp-block-embed-youtube wp-embed-aspect-16-9 wp-has-aspect-ratio\"><div class=\"wp-block-embed__wrapper\">\n<iframe loading=\"lazy\" title=\"Mor Dayan\u0131\u015fma \u00dcyesi Deniz Uslu&#039;dan kad\u0131nlara: 8 Mart alanlarda olal\u0131m\" width=\"500\" height=\"281\" src=\"https:\/\/www.youtube.com\/embed\/bGYt9foq5SI?feature=oembed\" frameborder=\"0\" allow=\"accelerometer; autoplay; clipboard-write; encrypted-media; gyroscope; picture-in-picture; web-share\" referrerpolicy=\"strict-origin-when-cross-origin\" allowfullscreen><\/iframe>\n<\/div><\/figure>\n<span hidden class=\"__iawmlf-post-loop-links\" data-iawmlf-links=\"[{&quot;id&quot;:572,&quot;href&quot;:&quot;https:\\\/\\\/pirha.org\\\/mor-dayanisma-uyesi-deniz-usludan-kadinlara-8-martta-alanlarda-olalim-video-206611.html\\\/04\\\/03\\\/2020&quot;,&quot;archived_href&quot;:&quot;https:\\\/\\\/web-wp.archive.org\\\/web\\\/20260522045403\\\/https:\\\/\\\/pirha.org\\\/mor-dayanisma-uyesi-deniz-usludan-kadinlara-8-martta-alanlarda-olalim-video-206611.html\\\/04\\\/03\\\/2020\\\/&quot;,&quot;redirect_href&quot;:&quot;https:\\\/\\\/pirha.org\\\/mor-dayanisma-uyesi-deniz-usludan-kadinlara-8-martta-alanlarda-olalim-video-206611.html\\\/04\\\/03\\\/2020\\\/&quot;,&quot;checks&quot;:[{&quot;date&quot;:&quot;2026-06-24 05:03:40&quot;,&quot;http_code&quot;:200}],&quot;broken&quot;:false,&quot;last_checked&quot;:{&quot;date&quot;:&quot;2026-06-24 05:03:40&quot;,&quot;http_code&quot;:200},&quot;process&quot;:&quot;done&quot;}]\"><\/span>\n\n\n<p class=\"wp-block-paragraph\">8 Mart D\u00fcnya Emek\u00e7i Kad\u0131nlar G\u00fcn\u00fc, \u0130zmir\u2019de Pazar g\u00fcn\u00fc saat 16.00\u2019da Alsancak \u00d6SYM \u00f6n\u00fcnden bir kad\u0131n y\u00fcr\u00fcy\u00fc\u015f\u00fcyle kutlanacak. Y\u00fcr\u00fcy\u00fc\u015f bittikten sonra ise T\u00fcrkan Saylan K\u00fclt\u00fcr Merkezi \u00f6n\u00fcnde \u0130zmir Kad\u0131nlar Birlikte G\u00fc\u00e7l\u00fc Platformu\u2019nun haz\u0131rlad\u0131\u011f\u0131 performans g\u00f6sterimi olacak.<\/p>\n\n\n\n<p class=\"wp-block-paragraph\">8 Mart D\u00fcnya Emek\u00e7i Kad\u0131nlar G\u00fcn\u00fc yakla\u015f\u0131rken <strong>P\u0130RHA\u2019<\/strong>ya konu\u015fan <strong>Mor Dayan\u0131\u015fma \u00dcyesi Deniz Uslu<\/strong>, kad\u0131nlar\u0131n 1857 y\u0131l\u0131nda bir fabrika yang\u0131n\u0131nda \u00f6len i\u015f\u00e7i kad\u0131nlardan sonra d\u00fcnyan\u0131n bir\u00e7ok yerinde \u2018e\u015fit i\u015f e\u015fit \u00fccret, k\u00fcrtaj hakk\u0131, g\u00fcvenceli \u00e7al\u0131\u015fma hakk\u0131, taciz ve tecav\u00fcze kar\u015f\u0131\u2019 talepleriyle soka\u011fa \u00e7\u0131kt\u0131klar\u0131 bir g\u00fcn haline geldi\u011fini s\u00f6yledi.<\/p>\n\n\n\n<p class=\"wp-block-paragraph\">8 Mart\u2019\u0131n \u015fimdilerde ise enternasyonal kad\u0131n m\u00fccadelesinin ivme kazand\u0131\u011f\u0131 g\u00fcnlerde daha tarihsel ve politik bir anlam\u0131n\u0131n oldu\u011funu kaydeden Uslu, 8\u2019Mart\u2019\u0131n takvimsel bir g\u00fcn olmad\u0131\u011f\u0131n\u0131, kad\u0131n hareketinin isyanlar\u0131n\u0131 ortakla\u015ft\u0131rabildikleri ve alanlarda hayk\u0131rabildikleri bir g\u00fcn oldu\u011funun alt\u0131n\u0131 \u00e7izdi.<\/p>\n\n\n\n<p class=\"wp-block-paragraph\"><strong>\u201cKADINLAR HER ALANDA ERKEK \u015e\u0130DDET\u0130NE MARUZ KALIYOR\u201d<\/strong><\/p>\n\n\n\n<p class=\"wp-block-paragraph\">T\u00fcrkiye\u2019de son 16 y\u0131lda kad\u0131n cinayetlerinin artt\u0131\u011f\u0131n\u0131 s\u00f6yleyen Uslu, \u201cCinayet d\u0131\u015f\u0131nda tacizlerin, tecav\u00fczlerin, hem kad\u0131na hem \u00e7ocu\u011fa y\u00f6nelik istismarlar\u0131n her g\u00fcn ya\u015fand\u0131\u011f\u0131 bir durum var. Kad\u0131nlar\u0131n hayat\u0131n her alan\u0131nda erkek \u015fiddetine maruz kald\u0131\u011f\u0131 bir \u00fclkede ya\u015f\u0131yoruz. Bunlar elbette tek ba\u015f\u0131na belirli cezalarla son bulacak \u015feyler de\u011fil, zihinsel d\u00f6n\u00fc\u015f\u00fcmler gerekiyor. Bunun i\u00e7in daha geni\u015f \u00e7apta m\u00fccadele etmek gerekiyor\u201d dedi.<\/p>\n\n\n\n<p class=\"wp-block-paragraph\">Kad\u0131nlar katledilmesine, taciz, \u015fiddet gibi konularda yeterli cezan\u0131n verilmesinin, hem adaletin sa\u011flanmas\u0131 hem de cayd\u0131r\u0131c\u0131l\u0131k niteli\u011fi ta\u015f\u0131d\u0131\u011f\u0131 i\u00e7in \u00f6nemli oldu\u011funu s\u00f6yleyen Deniz Uslu, 6284 say\u0131l\u0131 ya da \u0130stanbul S\u00f6zle\u015fmesi\u2019nde aile i\u00e7i \u015fiddetten, istismara kadar kad\u0131na y\u00f6nelik \u015fiddetin bir\u00e7ok bi\u00e7imine dair cezalar\u0131n mevcut oldu\u011funu hat\u0131rlatt\u0131. Uslu, \u0130stanbul S\u00f6zle\u015fmesi ve 6284 Say\u0131l\u0131 Yasa\u2019n\u0131n da kad\u0131nlar\u0131n m\u00fccadeleleri sonucu kazan\u0131ld\u0131\u011f\u0131na dikkat \u00e7ekti.<\/p>\n\n\n\n<p class=\"wp-block-paragraph\"><strong>\u201cHAK\u0130MLER EL\u0130NDE OLAN \u0130N\u0130S\u0130YAT\u0130F\u0130 DAHA ER\u0130L KULLANIYOR\u201d<\/strong><\/p>\n\n\n\n<p class=\"wp-block-paragraph\">\u0130stanbul S\u00f6zle\u015fmesi ve 6284 Say\u0131l\u0131 Yasa\u2019n\u0131n tam anlam\u0131yla uygulanmad\u0131\u011f\u0131na tepki g\u00f6steren Uslu, konu\u015fmas\u0131n\u0131 \u015f\u00f6yle s\u00fcrd\u00fcrd\u00fc:<\/p>\n\n\n\n<p class=\"wp-block-paragraph\">\u201cBir kad\u0131n katilinin mahkeme salonlar\u0131nda \u201ciyi hal\u201d davran\u0131\u015flar\u0131n\u0131n, kravat takmas\u0131n\u0131n, pi\u015fman\u0131m demesinin mahkeme sonucunu indirim y\u00f6n\u00fcnde etkiledi\u011fini g\u00f6r\u00fcyoruz. Hakimlerin elinde olan inisiyatifleri daha eril bir \u015fekilde kulland\u0131klar\u0131n\u0131 g\u00f6r\u00fcyoruz. Bu iyi hal ve haks\u0131z tahrik indirimleri asl\u0131nda \u015fu mesaj\u0131 veriyor: Siz kad\u0131nlar\u0131 rahatl\u0131kla \u00f6ld\u00fcrebilirsiniz, \u00fc\u00e7 be\u015f y\u0131l yatar \u00e7\u0131kars\u0131n\u0131z ya da bir \u015fiddet uygulad\u0131\u011f\u0131n\u0131zda hapis bile yatman\u0131za gerek yok para cezas\u0131na \u00e7evirip bir kad\u0131n\u0131 d\u00f6vmenin bin iki bin lira kar\u015f\u0131l\u0131\u011f\u0131nda bir cezas\u0131 vard\u0131r.<\/p>\n\n\n\n<p class=\"wp-block-paragraph\">Bizim mevzuat\u0131m\u0131zdaki yasalar uygulan\u0131rsa belirli cayd\u0131r\u0131c\u0131 h\u00fck\u00fcmleri olaca\u011f\u0131n\u0131 d\u00fc\u015f\u00fcn\u00fcyoruz. Fakat bizde tam tersi bir durum var. \u00c7e\u015fitli erkek g\u00fcruhlar\u0131 taraf\u0131ndan \u0130stanbul S\u00f6zle\u015fmesi\u2019ne sald\u0131r\u0131lar\u0131n oldu\u011fu bir d\u00f6nemden ge\u00e7iyoruz. \u2018Aileyi yakan yasa\u2019 diye tarif ediliyor.<\/p>\n\n\n\n<p class=\"wp-block-paragraph\">Buradan bu sald\u0131r\u0131lar\u0131n arkas\u0131nda elbetteki iktidar\u0131nda buna y\u00f6nelik tutumlar\u0131n\u0131n oldu\u011funu g\u00f6r\u00fcyoruz. \u2018\u0130stanbul S\u00f6zle\u015fmesi g\u00f6zden ge\u00e7irilmelidir\u2019 s\u00f6ylemleri ya da herhangi bir kad\u0131n \u00f6rg\u00fct\u00fcn\u00fcn davet edilmedi\u011fi toplant\u0131lar yap\u0131lmas\u0131 buralardaki o yanl\u0131 yakla\u015f\u0131m\u0131n sonucunu g\u00f6steriyor. Bir tane genelge \u00e7\u0131kart\u0131yorlar. Kad\u0131n cinayetlerine kar\u015f\u0131 biz bir ad\u0131m at\u0131yoruz, \u00e7\u00f6z\u00fcm \u00fcretiyoruz bo\u015f durmuyoruza getirdikleri bir genelge. Ama genelgenin i\u00e7eri\u011fine bakt\u0131\u011f\u0131n\u0131zda zaten mevzuatta var olan \u015feylerin tekrar edildi\u011fi, \u00fczerine gizlilik esas\u0131n\u0131n getirildi\u011fini g\u00f6r\u00fcyoruz.<\/p>\n\n\n\n<p class=\"wp-block-paragraph\"><strong>\u201c\u00c7\u00d6Z\u00dcM, GENELGE \u00c7IKARMAK DE\u011e\u0130L \u0130STANBUL S\u00d6ZLE\u015eMES\u0130\u2019N\u0130 G\u00dc\u00c7LEND\u0130RMEK\u201d<\/strong><\/p>\n\n\n\n<p class=\"wp-block-paragraph\">\u015eu an \u00e7\u00f6z\u00fcm bir genelge \u00e7\u0131karmakta de\u011fil, var olan 6284\u2019u kuvvetlendirmek, \u0130stanbul S\u00f6zle\u015fmesi\u2019ni kuvvetlendirmek, en temelde de bunlar\u0131 uygulamak. Bunlar uyguland\u0131\u011f\u0131 taktirde bizler belki devletin samimiyetine inanabilece\u011fiz. Fakat g\u00f6rd\u00fc\u011f\u00fcm\u00fcz s\u00fcre\u00e7ler, meclisten yap\u0131lan s\u00f6ylemler, erk iktidar\u0131n kendi alanlar\u0131nda kulland\u0131klar\u0131 s\u00f6ylemlerde kad\u0131n d\u00fc\u015fman\u0131 politikalar\u0131n\u0131n oldu\u011funu \u00e7ok fazla g\u00f6r\u00fcyoruz.<\/p>\n\n\n\n<p class=\"wp-block-paragraph\">Kad\u0131n\u0131n hamile bir \u015fekilde sokakta gezmesine kar\u015f\u0131 olan bir iktidar, kad\u0131n\u0131n kahkaha atmas\u0131na kar\u015f\u0131 olan bir iktidar, en az \u00fc\u00e7 \u00e7ocuk do\u011furun diye k\u00fcrtaj\u0131 da yasaklayan bir iktidar var. B\u00f6ylesi problemleri kendi politikas\u0131 haline getiren bir iktidardan elbetteki kad\u0131n sorunlar\u0131na y\u00f6nelik iyi bir ad\u0131m ataca\u011f\u0131n\u0131 \u00e7ok beklemiyoruz. Dolay\u0131s\u0131yla burada T\u00fcrkiye\u2019deki kad\u0131n hareketinin daha fazla \u00f6rg\u00fctlenip o g\u00fc\u00e7 birli\u011fini yaratarak&nbsp; buralarda \u00e7\u00f6z\u00fcm odakl\u0131 \u00e7al\u0131\u015fmas\u0131 gerekiyor.\u201d<\/p>\n\n\n\n<p class=\"wp-block-paragraph\"><strong>8 MART PAZAR G\u00dcN\u00dc ALSANCAK \u00d6SYM \u00d6N\u00dcNDE Y\u00dcR\u00dcY\u00dc\u015e YAPILACAK&nbsp;<\/strong><\/p>\n\n\n\n<p class=\"wp-block-paragraph\">8 Mart\u2019da \u0130zmir\u2019de gerek tek tek kad\u0131n \u00f6rg\u00fctleri, gerek ortak eylemlikler olacak. \u0130zmir Kad\u0131n Platformu, 8 Mart Pazar g\u00fcn\u00fc saat 16.00\u2019da Alsancak \u00d6SYM \u00f6n\u00fcnden bir kad\u0131n y\u00fcr\u00fcy\u00fc\u015f\u00fc ger\u00e7ekle\u015ftirecek. Y\u00fcr\u00fcy\u00fc\u015f bittikten sonra ise T\u00fcrkan Saylan K\u00fclt\u00fcr Merkezi \u00f6n\u00fcnde \u0130zmir Kad\u0131nlar Birlikte G\u00fc\u00e7l\u00fc Platformu\u2019nun haz\u0131rlad\u0131\u011f\u0131 performans g\u00f6sterimi olacak.<\/p>\n\n\n\n<p class=\"wp-block-paragraph\"><strong>\u201cSES\u0130M\u0130Z\u0130 B\u0130RL\u0130KTE Y\u00dcKSELTEL\u0130M\u201d<\/strong><\/p>\n\n\n\n<p class=\"wp-block-paragraph\">8 Mart\u2019da \u0130zmir\u2019de yap\u0131lacak kad\u0131n y\u00fcr\u00fcy\u00fc\u015f\u00fc i\u00e7in Mor Dayan\u0131\u015fma \u00dcyesi Deniz Uslu, \u015fu \u00e7a\u011fr\u0131y\u0131 yapt\u0131:<\/p>\n\n\n\n<p class=\"wp-block-paragraph\">\u201c8 Mart\u2019da D\u00fcnya Kad\u0131nlar G\u00fcn\u00fcn\u2019de evdeki, i\u015fteki, okuldaki, \u00f6\u011frenci, i\u015f\u00e7i, i\u015fsiz, emekli, gen\u00e7, ya\u015fl\u0131 b\u00fct\u00fcn kad\u0131nlar\u0131 kad\u0131n dayan\u0131\u015fmas\u0131n\u0131 b\u00fcy\u00fctmek i\u00e7in; eme\u011fi, bedeni ve haklar\u0131 i\u00e7in sokaklardan vazge\u00e7memeye, alanlarda olmaya, sesimizi birlikte g\u00fc\u00e7l\u00fc \u00e7\u0131karmaya \u00e7a\u011f\u0131r\u0131yoruz.\u201d<\/p>\n\n\n\n<p class=\"wp-block-paragraph\"><strong>P\u0130RHA\/\u0130ZM\u0130R<\/strong><\/p>\n\n\n\n<p class=\"wp-block-paragraph\">Kaynak: <a href=\"https:\/\/pirha.org\/mor-dayanisma-uyesi-deniz-usludan-kadinlara-8-martta-alanlarda-olalim-video-206611.html\/04\/03\/2020\/\" target=\"_blank\" rel=\"noopener\">P\u0130RHA<\/a><\/p>\n","protected":false},"excerpt":{"rendered":"<p>\u0130zmir\u2019de, Mor Dayan\u0131\u015fma \u00dcyesi Deniz Uslu, 8 Mart\u2019\u0131n tarihsel ve politik bir anlam\u0131n\u0131n oldu\u011funu s\u00f6yledi. Uslu, \u201c8 Mart\u2019ta, evdeki, i\u015fteki, okuldaki, \u00f6\u011frenci, i\u015f\u00e7i, i\u015fsiz, emekli, gen\u00e7, ya\u015fl\u0131 b\u00fct\u00fcn kad\u0131nlar\u0131 kad\u0131n dayan\u0131\u015fmas\u0131n\u0131 b\u00fcy\u00fctmek i\u00e7in sokaklardan vazge\u00e7memeye, alanlarda beraber olmaya sesimizi birlikte g\u00fc\u00e7l\u00fc \u00e7\u0131karmaya \u00e7a\u011f\u0131r\u0131yoruz\u201d dedi. <\/p>","protected":false},"author":5,"featured_media":6303,"comment_status":"closed","ping_status":"closed","sticky":false,"template":"","format":"standard","meta":{"_coblocks_attr":"","_coblocks_dimensions":"","_coblocks_responsive_height":"","_coblocks_accordion_ie_support":"","_eb_attr":"","inline_featured_image":false,"footnotes":""},"categories":[538,537],"tags":[487,440,1281],"ppma_author":[1333],"class_list":["post-6301","post","type-post","status-publish","format-standard","has-post-thumbnail","hentry","category-8-mart","category-basinda-biz","tag-8mart","tag-erkekadaletdegilgercekadalet","tag-istanbul-sozlesmesi-2","author-pirha"],"authors":[{"term_id":1333,"user_id":0,"is_guest":1,"slug":"pirha","display_name":"P\u0130RHA","avatar_url":"https:\/\/www.mordayanisma.org\/wp-content\/litespeed\/avatar\/23494c9101089ad44ae88ce9d2f56aac.jpg?ver=1788427700","author_category":"","first_name":"","last_name":"","user_url":"","job_title":"","description":""}],"_links":{"self":[{"href":"https:\/\/www.mordayanisma.org\/en\/wp-json\/wp\/v2\/posts\/6301","targetHints":{"allow":["GET"]}}],"collection":[{"href":"https:\/\/www.mordayanisma.org\/en\/wp-json\/wp\/v2\/posts"}],"about":[{"href":"https:\/\/www.mordayanisma.org\/en\/wp-json\/wp\/v2\/types\/post"}],"author":[{"embeddable":true,"href":"https:\/\/www.mordayanisma.org\/en\/wp-json\/wp\/v2\/users\/5"}],"replies":[{"embeddable":true,"href":"https:\/\/www.mordayanisma.org\/en\/wp-json\/wp\/v2\/comments?post=6301"}],"version-history":[{"count":1,"href":"https:\/\/www.mordayanisma.org\/en\/wp-json\/wp\/v2\/posts\/6301\/revisions"}],"predecessor-version":[{"id":9666,"href":"https:\/\/www.mordayanisma.org\/en\/wp-json\/wp\/v2\/posts\/6301\/revisions\/9666"}],"wp:featuredmedia":[{"embeddable":true,"href":"https:\/\/www.mordayanisma.org\/en\/wp-json\/wp\/v2\/media\/6303"}],"wp:attachment":[{"href":"https:\/\/www.mordayanisma.org\/en\/wp-json\/wp\/v2\/media?parent=6301"}],"wp:term":[{"taxonomy":"category","embeddable":true,"href":"https:\/\/www.mordayanisma.org\/en\/wp-json\/wp\/v2\/categories?post=6301"},{"taxonomy":"post_tag","embeddable":true,"href":"https:\/\/www.mordayanisma.org\/en\/wp-json\/wp\/v2\/tags?post=6301"},{"taxonomy":"author","embeddable":true,"href":"https:\/\/www.mordayanisma.org\/en\/wp-json\/wp\/v2\/ppma_author?post=6301"}],"curies":[{"name":"wp","href":"https:\/\/api.w.org\/{rel}","templated":true}]}}