{"id":6293,"date":"2019-03-11T20:12:00","date_gmt":"2019-03-11T17:12:00","guid":{"rendered":"https:\/\/www.mordayanisma.org\/?p=6293"},"modified":"2025-11-15T14:54:10","modified_gmt":"2025-11-15T11:54:10","slug":"kadinlardan-akpnin-ezan-provokasyonuna-karsi-aciklamalar-yalanla-hedef-gostermeyle-susturamazsiniz","status":"publish","type":"post","link":"https:\/\/www.mordayanisma.org\/en\/2019\/03\/11\/kadinlardan-akpnin-ezan-provokasyonuna-karsi-aciklamalar-yalanla-hedef-gostermeyle-susturamazsiniz\/","title":{"rendered":"Kad\u0131nlardan AKP\u2019nin Ezan Provokasyonuna Kar\u015f\u0131 A\u00e7\u0131klamalar: Yalanla, Hedef G\u00f6stermeyle Susturamazs\u0131n\u0131z!"},"content":{"rendered":"\n<p class=\"wp-block-paragraph\">Tayyip Erdo\u011fan ba\u015fta olmak \u00fczere iktidar s\u00f6zc\u00fclerinin ve medyas\u0131n\u0131n 8 Mart Feminist Gece Y\u00fcr\u00fcy\u00fc\u015f\u00fc\u2019nde kad\u0131nlar\u0131n ezan\u0131 \u0131sl\u0131klad\u0131\u011f\u0131 yalan\u0131 \u00fczerinden ba\u015flatt\u0131\u011f\u0131 provokasyon s\u00fcr\u00fcyor.<\/p>\n<span hidden class=\"__iawmlf-post-loop-links\" data-iawmlf-links=\"[{&quot;id&quot;:577,&quot;href&quot;:&quot;https:\\\/\\\/twitter.com\\\/hashtag\\\/FeministGeceY%C3%BCr%C3%BCy%C3%BC%C5%9F%C3%BC?src=hash\\u0026ref_src=twsrc%5Etfw&quot;,&quot;archived_href&quot;:&quot;https:\\\/\\\/web-wp.archive.org\\\/web\\\/20220905221739\\\/https:\\\/\\\/twitter.com\\\/hashtag\\\/FeministGeceY%C3%BCr%C3%BCy%C3%BC%C5%9F%C3%BC?src=hash&quot;,&quot;redirect_href&quot;:&quot;&quot;,&quot;checks&quot;:[{&quot;date&quot;:&quot;2026-05-22 05:04:46&quot;,&quot;http_code&quot;:200}],&quot;broken&quot;:false,&quot;last_checked&quot;:{&quot;date&quot;:&quot;2026-05-22 05:04:46&quot;,&quot;http_code&quot;:200},&quot;process&quot;:&quot;done&quot;},{&quot;id&quot;:578,&quot;href&quot;:&quot;https:\\\/\\\/twitter.com\\\/hashtag\\\/8Mart?src=hash\\u0026ref_src=twsrc%5Etfw&quot;,&quot;archived_href&quot;:&quot;&quot;,&quot;redirect_href&quot;:&quot;https:\\\/\\\/x.com\\\/hashtag\\\/8Mart?src=hash&quot;,&quot;checks&quot;:[],&quot;broken&quot;:false,&quot;last_checked&quot;:null,&quot;process&quot;:&quot;done&quot;},{&quot;id&quot;:579,&quot;href&quot;:&quot;https:\\\/\\\/twitter.com\\\/hashtag\\\/8Mart2019?src=hash\\u0026ref_src=twsrc%5Etfw&quot;,&quot;archived_href&quot;:&quot;&quot;,&quot;redirect_href&quot;:&quot;https:\\\/\\\/x.com\\\/hashtag\\\/8Mart2019?src=hash&quot;,&quot;checks&quot;:[],&quot;broken&quot;:false,&quot;last_checked&quot;:null,&quot;process&quot;:&quot;done&quot;},{&quot;id&quot;:580,&quot;href&quot;:&quot;https:\\\/\\\/t.co\\\/YW0b5NVIca&quot;,&quot;archived_href&quot;:&quot;https:\\\/\\\/web-wp.archive.org\\\/web\\\/20260522050737\\\/https:\\\/\\\/t.co\\\/YW0b5NVIca&quot;,&quot;redirect_href&quot;:&quot;&quot;,&quot;checks&quot;:[{&quot;date&quot;:&quot;2026-05-22 18:02:36&quot;,&quot;http_code&quot;:200},{&quot;date&quot;:&quot;2026-06-22 07:10:18&quot;,&quot;http_code&quot;:200}],&quot;broken&quot;:false,&quot;last_checked&quot;:{&quot;date&quot;:&quot;2026-06-22 07:10:18&quot;,&quot;http_code&quot;:200},&quot;process&quot;:&quot;done&quot;},{&quot;id&quot;:581,&quot;href&quot;:&quot;https:\\\/\\\/twitter.com\\\/DayanismaMor\\\/status\\\/1105030552795664384?ref_src=twsrc%5Etfw&quot;,&quot;archived_href&quot;:&quot;&quot;,&quot;redirect_href&quot;:&quot;&quot;,&quot;checks&quot;:[],&quot;broken&quot;:false,&quot;last_checked&quot;:null,&quot;process&quot;:&quot;done&quot;},{&quot;id&quot;:582,&quot;href&quot;:&quot;https:\\\/\\\/sendika.org\\\/2019\\\/03\\\/kadinlardan-akpnin-ezan-provokasyonuna-karsi-aciklamalar-yalanla-hedef-gostermeyle-susturamazsiniz-537204&quot;,&quot;archived_href&quot;:&quot;https:\\\/\\\/web-wp.archive.org\\\/web\\\/20260522050622\\\/https:\\\/\\\/sendika.org\\\/2019\\\/03\\\/kadinlardan-akpnin-ezan-provokasyonuna-karsi-aciklamalar-yalanla-hedef-gostermeyle-susturamazsiniz-537204&quot;,&quot;redirect_href&quot;:&quot;&quot;,&quot;checks&quot;:[{&quot;date&quot;:&quot;2026-05-22 18:02:37&quot;,&quot;http_code&quot;:200}],&quot;broken&quot;:false,&quot;last_checked&quot;:{&quot;date&quot;:&quot;2026-05-22 18:02:37&quot;,&quot;http_code&quot;:200},&quot;process&quot;:&quot;done&quot;}]\"><\/span>\n\n\n<p class=\"wp-block-paragraph\">Feminist Gece Y\u00fcr\u00fcy\u00fc\u015f\u00fc\u2019n\u00fc d\u00fczenleyen kad\u0131nlar bir a\u00e7\u0131klama yay\u0131mlayarak \u201cezan\u0131n \u0131sl\u0131kland\u0131\u011f\u0131\u201d iddias\u0131n\u0131n kas\u0131tl\u0131 bir yalan oldu\u011funu vurgulam\u0131\u015f, \u201cKimse \u00e7arp\u0131tmas\u0131n: Bizim isyan\u0131m\u0131z polis barikat\u0131na, kad\u0131nlar\u0131n y\u00fcr\u00fcy\u00fc\u015f\u00fcn\u00fc, 8 Mart\u2019\u0131 engellemek isteyenlere\u2026\u201d demi\u015fti.<\/p>\n\n\n\n<figure class=\"wp-block-embed is-type-rich is-provider-twitter wp-block-embed-twitter\"><div class=\"wp-block-embed__wrapper\">\n<blockquote class=\"twitter-tweet\" data-width=\"500\" data-dnt=\"true\"><p lang=\"tr\" dir=\"ltr\">Bas\u0131nda ve sosyal medyadaki lince dair a\u00e7\u0131klamam\u0131z:<br>Kimse \u00e7arp\u0131tmas\u0131n: Bizim isyan\u0131m\u0131z polis barikat\u0131na, kad\u0131nlar\u0131n y\u00fcr\u00fcy\u00fc\u015f\u00fcn\u00fc, <a href=\"https:\/\/twitter.com\/hashtag\/8Mart?src=hash&amp;ref_src=twsrc%5Etfw\" target=\"_blank\" rel=\"noopener\">#8Mart<\/a>\u2019\u0131 engellemek isteyenlere&#8230;<a href=\"https:\/\/twitter.com\/hashtag\/FeministGeceY%C3%BCr%C3%BCy%C3%BC%C5%9F%C3%BC?src=hash&amp;ref_src=twsrc%5Etfw\" target=\"_blank\" rel=\"noopener\">#FeministGeceY\u00fcr\u00fcy\u00fc\u015f\u00fc<\/a> <a href=\"https:\/\/t.co\/bFrjuYiVWh\">pic.twitter.com\/bFrjuYiVWh<\/a><\/p>&mdash; 8 Mart Feminist Gece Y\u00fcr\u00fcy\u00fc\u015f\u00fc (@8MartYuruyus) <a href=\"https:\/\/twitter.com\/8MartYuruyus\/status\/1104790915653292037?ref_src=twsrc%5Etfw\" target=\"_blank\" rel=\"noopener\">March 10, 2019<\/a><\/blockquote><script async src=\"https:\/\/platform.twitter.com\/widgets.js\" charset=\"utf-8\"><\/script>\n<\/div><\/figure>\n\n\n\n<p class=\"wp-block-paragraph\">\u0130ktidara yak\u0131n kimi gazeteciler de d\u00fczeltme yap\u0131p \u00f6z\u00fcr diledi ve iktidar\u0131n iddia etti\u011fi gibi bir durum olmad\u0131\u011f\u0131n\u0131 belirtti. Ancak Erdo\u011fan ve di\u011fer iktidar s\u00f6zc\u00fcleri bu yalan\u0131 \u0131srarla s\u00fcrd\u00fcr\u00fcyor.<\/p>\n\n\n\n<p class=\"wp-block-paragraph\">Kad\u0131n \u00f6rg\u00fctleri devam eden sald\u0131r\u0131 kar\u015f\u0131s\u0131nda ayr\u0131 ayr\u0131 a\u00e7\u0131klamalar yay\u0131mlad\u0131.<\/p>\n\n\n\n<p class=\"wp-block-paragraph\">Kad\u0131n Savunmas\u0131, 8 Mart\u2019ta kad\u0131nlar\u0131n t\u00fcm d\u00fcnyan\u0131n g\u00f6z\u00fc \u00f6n\u00fcnde devlet \u015fiddetine maruz b\u0131rak\u0131ld\u0131\u011f\u0131n\u0131 belirterek, \u201cY\u0131llard\u0131r ilmek ilmek \u00f6rd\u00fc\u011f\u00fcm\u00fcz m\u00fccadelemizi, bekas\u0131n\u0131 kad\u0131n d\u00fc\u015fmanl\u0131\u011f\u0131ndan alan, \u0130slamc\u0131 Fa\u015fist safla\u015fman\u0131n hedefi haline getirmenize izin vermeyece\u011fiz\u201d dedi.<\/p>\n\n\n\n<figure class=\"wp-block-embed is-type-rich is-provider-twitter wp-block-embed-twitter\"><div class=\"wp-block-embed__wrapper\">\n<blockquote class=\"twitter-tweet\" data-width=\"500\" data-dnt=\"true\"><p lang=\"tr\" dir=\"ltr\">M\u00fccadelemiz Ger\u00e7ek; Yalanla, Hedef G\u00f6stermeyle Geri D\u00f6nd\u00fcremezsiniz! <a href=\"https:\/\/t.co\/1ZCnQQxiGT\">pic.twitter.com\/1ZCnQQxiGT<\/a><\/p>&mdash; Kad\u0131n Savunmas\u0131 (@kadinsavunmasi) <a href=\"https:\/\/twitter.com\/kadinsavunmasi\/status\/1104849719862456322?ref_src=twsrc%5Etfw\" target=\"_blank\" rel=\"noopener\">March 10, 2019<\/a><\/blockquote><script async src=\"https:\/\/platform.twitter.com\/widgets.js\" charset=\"utf-8\"><\/script>\n<\/div><\/figure>\n\n\n\n<p class=\"wp-block-paragraph\">\u0130lerici Kad\u0131nlar Derne\u011fi \u201cBiliyoruz ki, yazd\u0131klar\u0131 senaryo ve yayd\u0131klar\u0131 k\u00f6t\u00fcl\u00fck, \u015fiddete, yoksullu\u011fa, bask\u0131ya ve kad\u0131n d\u00fc\u015fman\u0131 politikalar\u0131na ra\u011fmen susmayan, inatla ve diren\u00e7le Taksim\u2019i dolduran binlerce kad\u0131na y\u00f6neliktir!\u201d dedi.<\/p>\n\n\n\n<figure class=\"wp-block-embed is-type-rich is-provider-twitter wp-block-embed-twitter\"><div class=\"wp-block-embed__wrapper\">\n<blockquote class=\"twitter-tweet\" data-width=\"500\" data-dnt=\"true\"><p lang=\"tr\" dir=\"ltr\">YALANLARINIZ DE\u011e\u0130L KADINLAR KAZANACAK!<br>Biliyoruz ki, yazd\u0131klar\u0131 senaryo ve yayd\u0131klar\u0131 k\u00f6t\u00fcl\u00fck, \u015fiddete, yoksullu\u011fa, bask\u0131ya ve kad\u0131n d\u00fc\u015fman\u0131 politikalar\u0131na ra\u011fmen susmayan, inatla ve diren\u00e7le Taksim&#39;i dolduran binlerce kad\u0131na y\u00f6neliktir! <a href=\"https:\/\/twitter.com\/hashtag\/DirenerekG%C3%BC%C3%A7leniyoruz?src=hash&amp;ref_src=twsrc%5Etfw\" target=\"_blank\" rel=\"noopener\">#DirenerekG\u00fc\u00e7leniyoruz<\/a> <a href=\"https:\/\/twitter.com\/hashtag\/8Mart?src=hash&amp;ref_src=twsrc%5Etfw\" target=\"_blank\" rel=\"noopener\">#8Mart<\/a> <a href=\"https:\/\/t.co\/3uo1q5TO38\">pic.twitter.com\/3uo1q5TO38<\/a><\/p>&mdash; \u0130lerici Kad\u0131nlar Meclisi (@ilericikadin) <a href=\"https:\/\/twitter.com\/ilericikadin\/status\/1104835939766022144?ref_src=twsrc%5Etfw\" target=\"_blank\" rel=\"noopener\">March 10, 2019<\/a><\/blockquote><script async src=\"https:\/\/platform.twitter.com\/widgets.js\" charset=\"utf-8\"><\/script>\n<\/div><\/figure>\n\n\n\n<p class=\"wp-block-paragraph\">Mor Dayan\u0131\u015fma: \u201cBizim derdimiz i\u015fte bu kad\u0131n d\u00fc\u015fmanl\u0131\u011f\u0131 ile!\u201d<\/p>\n\n\n\n<blockquote class=\"wp-block-quote is-layout-flow wp-block-quote-is-layout-flow\">\n<p class=\"wp-block-paragraph\">Bas\u0131nda ve sosyal medyadaki lin\u00e7 kampanyas\u0131na dair Mor Dayan\u0131\u015fma olarak a\u00e7\u0131klamam\u0131zd\u0131r.<a href=\"https:\/\/twitter.com\/hashtag\/FeministGeceY%C3%BCr%C3%BCy%C3%BC%C5%9F%C3%BC?src=hash&amp;ref_src=twsrc%5Etfw\" target=\"_blank\" rel=\"noopener\">#FeministGeceY\u00fcr\u00fcy\u00fc\u015f\u00fc<\/a> <a href=\"https:\/\/twitter.com\/hashtag\/8Mart?src=hash&amp;ref_src=twsrc%5Etfw\" target=\"_blank\" rel=\"noopener\">#8Mart<\/a> <a href=\"https:\/\/twitter.com\/hashtag\/8Mart2019?src=hash&amp;ref_src=twsrc%5Etfw\" target=\"_blank\" rel=\"noopener\">#8Mart2019<\/a> <a href=\"https:\/\/t.co\/YW0b5NVIca\">pic.twitter.com\/YW0b5NVIca<\/a><\/p>\n\n\n\n<p class=\"wp-block-paragraph\">\u2014 MorDayan\u0131\u015fma (@DayanismaMor) <a href=\"https:\/\/twitter.com\/DayanismaMor\/status\/1105030552795664384?ref_src=twsrc%5Etfw\" target=\"_blank\" rel=\"noopener\">March 11, 2019<\/a><\/p>\n<\/blockquote>\n\n\n\n<p class=\"wp-block-paragraph\">Kad\u0131n Meclisleri: \u201cYalanlarla \u015fiddetin \u00fcst\u00fcn\u00fc kapatmazs\u0131n\u0131z!\u201d<\/p>\n\n\n\n<figure class=\"wp-block-embed is-type-rich is-provider-twitter wp-block-embed-twitter\"><div class=\"wp-block-embed__wrapper\">\n<blockquote class=\"twitter-tweet\" data-width=\"500\" data-dnt=\"true\"><p lang=\"tr\" dir=\"ltr\">\u00d6mer \u00c7elik, konuyu ortaya atanlar geri ad\u0131m atm\u0131\u015fken yalana devam ediyor. Kad\u0131n m\u00fccadelesi siz kabul etseniz de etmeseniz de devam edecek. Kad\u0131nlar videolarda apa\u00e7\u0131k g\u00f6r\u00fcnen ger\u00e7ekler i\u00e7in savunma yapmayacak!<br><br>Yalanlarla \u015fiddetin \u00fcst\u00fcn\u00fc kapatamazs\u0131n\u0131z.<a href=\"https:\/\/t.co\/WIlUUzFdzb\">https:\/\/t.co\/WIlUUzFdzb<\/a> <a href=\"https:\/\/t.co\/wvkUTabikY\">pic.twitter.com\/wvkUTabikY<\/a><\/p>&mdash; Kad\u0131n Cinayetlerini Durduraca\u011f\u0131z Platformu (yeni) (@kcdplatformu) <a href=\"https:\/\/twitter.com\/kcdplatformu\/status\/1105059310483243008?ref_src=twsrc%5Etfw\" target=\"_blank\" rel=\"noopener\">March 11, 2019<\/a><\/blockquote><script async src=\"https:\/\/platform.twitter.com\/widgets.js\" charset=\"utf-8\"><\/script>\n<\/div><\/figure>\n\n\n\n<p class=\"wp-block-paragraph\">Kaynak: <a href=\"https:\/\/sendika.org\/2019\/03\/kadinlardan-akpnin-ezan-provokasyonuna-karsi-aciklamalar-yalanla-hedef-gostermeyle-susturamazsiniz-537204\" target=\"_blank\" rel=\"noopener\">sendika.org<\/a><\/p>\n","protected":false},"excerpt":{"rendered":"<p>AKP ve medyas\u0131 b\u00fct\u00fcn yalanlamalara ra\u011fmen \u201c8 Mart\u2019ta kad\u0131nlar ezan\u0131 \u0131sl\u0131klad\u0131\u201d diye provokatif a\u00e7\u0131klamalar yapmaya devam ederken kad\u0131nlar da sessiz kalm\u0131yor, \u201cKad\u0131nlar susmad\u0131, susmayacak. Erkek egemenli\u011fine de fa\u015fizme de dinci gericili\u011fe de teslim olmak yok\u201d diyor<\/p>","protected":false},"author":5,"featured_media":6295,"comment_status":"closed","ping_status":"closed","sticky":false,"template":"","format":"standard","meta":{"_coblocks_attr":"","_coblocks_dimensions":"","_coblocks_responsive_height":"","_coblocks_accordion_ie_support":"","_eb_attr":"","inline_featured_image":false,"footnotes":""},"categories":[538,537],"tags":[1512,348,1272],"ppma_author":[1332],"class_list":["post-6293","post","type-post","status-publish","format-standard","has-post-thumbnail","hentry","category-8-mart","category-basinda-biz","tag-feminist-gece-yuruyusu","tag-feministisyan","tag-kadin-ozgurluk-mucadelesi","author-sendika-org"],"authors":[{"term_id":1332,"user_id":0,"is_guest":1,"slug":"sendika-org","display_name":"sendika.org","avatar_url":"https:\/\/www.mordayanisma.org\/wp-content\/litespeed\/avatar\/23494c9101089ad44ae88ce9d2f56aac.jpg?ver=1788427700","author_category":"","first_name":"","last_name":"","user_url":"","job_title":"","description":""}],"_links":{"self":[{"href":"https:\/\/www.mordayanisma.org\/en\/wp-json\/wp\/v2\/posts\/6293","targetHints":{"allow":["GET"]}}],"collection":[{"href":"https:\/\/www.mordayanisma.org\/en\/wp-json\/wp\/v2\/posts"}],"about":[{"href":"https:\/\/www.mordayanisma.org\/en\/wp-json\/wp\/v2\/types\/post"}],"author":[{"embeddable":true,"href":"https:\/\/www.mordayanisma.org\/en\/wp-json\/wp\/v2\/users\/5"}],"replies":[{"embeddable":true,"href":"https:\/\/www.mordayanisma.org\/en\/wp-json\/wp\/v2\/comments?post=6293"}],"version-history":[{"count":1,"href":"https:\/\/www.mordayanisma.org\/en\/wp-json\/wp\/v2\/posts\/6293\/revisions"}],"predecessor-version":[{"id":9672,"href":"https:\/\/www.mordayanisma.org\/en\/wp-json\/wp\/v2\/posts\/6293\/revisions\/9672"}],"wp:featuredmedia":[{"embeddable":true,"href":"https:\/\/www.mordayanisma.org\/en\/wp-json\/wp\/v2\/media\/6295"}],"wp:attachment":[{"href":"https:\/\/www.mordayanisma.org\/en\/wp-json\/wp\/v2\/media?parent=6293"}],"wp:term":[{"taxonomy":"category","embeddable":true,"href":"https:\/\/www.mordayanisma.org\/en\/wp-json\/wp\/v2\/categories?post=6293"},{"taxonomy":"post_tag","embeddable":true,"href":"https:\/\/www.mordayanisma.org\/en\/wp-json\/wp\/v2\/tags?post=6293"},{"taxonomy":"author","embeddable":true,"href":"https:\/\/www.mordayanisma.org\/en\/wp-json\/wp\/v2\/ppma_author?post=6293"}],"curies":[{"name":"wp","href":"https:\/\/api.w.org\/{rel}","templated":true}]}}