{"id":5992,"date":"2019-04-16T14:43:00","date_gmt":"2019-04-16T11:43:00","guid":{"rendered":"https:\/\/www.mordayanisma.org\/?p=5992"},"modified":"2025-03-07T10:52:17","modified_gmt":"2025-03-07T07:52:17","slug":"munevver-kizil-bugun-yine-mahkemedeydi","status":"publish","type":"post","link":"https:\/\/www.mordayanisma.org\/en\/2019\/04\/16\/munevver-kizil-bugun-yine-mahkemedeydi\/","title":{"rendered":"M\u00fcnevver K\u0131z\u0131l Bug\u00fcn Yine Mahkemedeydi"},"content":{"rendered":"\n<p class=\"wp-block-paragraph\">M\u00fcnevver K\u0131z\u0131l bug\u00fcn yine mahkemedeydi<\/p>\n<span hidden class=\"__iawmlf-post-loop-links\" data-iawmlf-links=\"[{&quot;id&quot;:576,&quot;href&quot;:&quot;https:\\\/\\\/kartalinsesi.org\\\/munevver-kizil-bugun-yine-mahkemedeydi&quot;,&quot;archived_href&quot;:&quot;https:\\\/\\\/web-wp.archive.org\\\/web\\\/20260522034501\\\/https:\\\/\\\/kartalinsesi.org\\\/munevver-kizil-bugun-yine-mahkemedeydi\\\/&quot;,&quot;redirect_href&quot;:&quot;&quot;,&quot;checks&quot;:[{&quot;date&quot;:&quot;2026-05-22 05:03:57&quot;,&quot;http_code&quot;:200},{&quot;date&quot;:&quot;2026-06-13 21:51:39&quot;,&quot;http_code&quot;:503},{&quot;date&quot;:&quot;2026-06-21 02:05:55&quot;,&quot;http_code&quot;:200},{&quot;date&quot;:&quot;2026-07-01 10:16:02&quot;,&quot;http_code&quot;:200},{&quot;date&quot;:&quot;2026-07-22 01:52:21&quot;,&quot;http_code&quot;:200},{&quot;date&quot;:&quot;2026-07-28 01:33:51&quot;,&quot;http_code&quot;:200},{&quot;date&quot;:&quot;2026-08-28 17:15:52&quot;,&quot;http_code&quot;:200}],&quot;broken&quot;:false,&quot;last_checked&quot;:{&quot;date&quot;:&quot;2026-08-28 17:15:52&quot;,&quot;http_code&quot;:200},&quot;process&quot;:&quot;done&quot;}]\"><\/span>\n\n\n<p class=\"wp-block-paragraph\">M\u00fcnevver K\u0131z\u0131l\u2019\u0131n, Kartal Anadolu Adliyesi 59. Asliye Ceza Mahkemesinde 2016 dan beri devam eden davas\u0131n\u0131n 10. Celse\u2019si g\u00f6r\u00fcld\u00fc bu g\u00fcn.<\/p>\n\n\n\n<p class=\"wp-block-paragraph\">Davaya san\u0131k S. Tanko kat\u0131lmad\u0131 ve avukat\u0131 da mahkemeye gelmedi.<\/p>\n\n\n\n<p class=\"wp-block-paragraph\">Mahkemece, san\u0131\u011f\u0131n t\u00fcm aramalara ra\u011fmen bulunamad\u0131\u011f\u0131 ve ka\u00e7ak oldu\u011fu anla\u015f\u0131ld\u0131\u011f\u0131ndan hakk\u0131nda yakalama emri \u00e7\u0131kar\u0131ld\u0131. Duru\u015fma 19\/09\/2019 saat 10.00\u2019a b\u0131rak\u0131ld\u0131.<\/p>\n\n\n\n<p class=\"wp-block-paragraph\">M\u00fcnevve K\u0131z\u0131l\u2019\u0131n davas\u0131n\u0131 \u0130HD\u2019den Av. Jiyan Kaya, Kad\u0131n Meclisinden Av. K\u00fcbra S\u00fcleyman, Mor Dayan\u0131\u015fma\u2019dan stajyer Av. Sezer Ezer takip ettiler.<br>Sosyalist Kad\u0131n Meclisinden ve Kad\u0131n Meclisinden kad\u0131nlar dayan\u0131\u015fma amac\u0131yla davay\u0131 takip ettiler.<\/p>\n\n\n\n<p class=\"wp-block-paragraph\">M\u00fcnevver K\u0131z\u0131l duru\u015fma sonras\u0131 yapt\u0131\u011f\u0131 a\u00e7\u0131klamada: \u201cDayan\u0131\u015fma da bulunan her kese \u00e7ok te\u015fekk\u00fcr ediyorum. Sevgi ve dayan\u0131\u015fma ile selaml\u0131yorum\u201d dedi.<\/p>\n\n\n\n<p class=\"wp-block-paragraph\">Kaynak: <a href=\"https:\/\/kartalinsesi.org\/munevver-kizil-bugun-yine-mahkemedeydi\/\" target=\"_blank\" rel=\"noopener\">Kartal\u0131n Sesi <\/a> <\/p>\n","protected":false},"excerpt":{"rendered":"<p>M\u00fcnevver K\u0131z\u0131l bug\u00fcn yine mahkemedeydi M\u00fcnevver K\u0131z\u0131l\u2019\u0131n, Kartal Anadolu Adliyesi 59. Asliye Ceza Mahkemesinde 2016 dan beri devam eden davas\u0131n\u0131n 10. Celse\u2019si g\u00f6r\u00fcld\u00fc bu g\u00fcn. Davaya san\u0131k S. Tanko kat\u0131lmad\u0131 ve avukat\u0131 da mahkemeye gelmedi. Mahkemece, san\u0131\u011f\u0131n t\u00fcm aramalara ra\u011fmen bulunamad\u0131\u011f\u0131 ve ka\u00e7ak oldu\u011fu anla\u015f\u0131ld\u0131\u011f\u0131ndan hakk\u0131nda yakalama emri \u00e7\u0131kar\u0131ld\u0131. Duru\u015fma 19\/09\/2019 saat 10.00\u2019a b\u0131rak\u0131ld\u0131. M\u00fcnevve&hellip;<\/p>","protected":false},"author":5,"featured_media":5994,"comment_status":"closed","ping_status":"closed","sticky":false,"template":"","format":"standard","meta":{"_coblocks_attr":"","_coblocks_dimensions":"","_coblocks_responsive_height":"","_coblocks_accordion_ie_support":"","_eb_attr":"","inline_featured_image":false,"footnotes":""},"categories":[539,537],"tags":[1304,1305,1306],"ppma_author":[573],"class_list":["post-5992","post","type-post","status-publish","format-standard","has-post-thumbnail","hentry","category-25-kasim","category-basinda-biz","tag-ihd","tag-jiyan","tag-munevver-kizil","author-mor-dayanisma"],"authors":[{"term_id":573,"user_id":5,"is_guest":0,"slug":"mor-dayanisma","display_name":"Mor Dayan\u0131\u015fma","avatar_url":"https:\/\/www.mordayanisma.org\/wp-content\/litespeed\/avatar\/18b1bff8d2c98eaf6f87c388a27f2cfa.jpg?ver=1788268176","author_category":"1","first_name":"Mor","last_name":"Dayan\u0131\u015fma","user_url":"","job_title":"","description":"<a href=\"https:\/\/www.mordayanisma.org\/en\/iletisim\/\" target=\"_blank\" rel=\"noopener\">Contact<\/a>\r\n\r\ndayanismamor@gmail.com"}],"_links":{"self":[{"href":"https:\/\/www.mordayanisma.org\/en\/wp-json\/wp\/v2\/posts\/5992","targetHints":{"allow":["GET"]}}],"collection":[{"href":"https:\/\/www.mordayanisma.org\/en\/wp-json\/wp\/v2\/posts"}],"about":[{"href":"https:\/\/www.mordayanisma.org\/en\/wp-json\/wp\/v2\/types\/post"}],"author":[{"embeddable":true,"href":"https:\/\/www.mordayanisma.org\/en\/wp-json\/wp\/v2\/users\/5"}],"replies":[{"embeddable":true,"href":"https:\/\/www.mordayanisma.org\/en\/wp-json\/wp\/v2\/comments?post=5992"}],"version-history":[{"count":0,"href":"https:\/\/www.mordayanisma.org\/en\/wp-json\/wp\/v2\/posts\/5992\/revisions"}],"wp:featuredmedia":[{"embeddable":true,"href":"https:\/\/www.mordayanisma.org\/en\/wp-json\/wp\/v2\/media\/5994"}],"wp:attachment":[{"href":"https:\/\/www.mordayanisma.org\/en\/wp-json\/wp\/v2\/media?parent=5992"}],"wp:term":[{"taxonomy":"category","embeddable":true,"href":"https:\/\/www.mordayanisma.org\/en\/wp-json\/wp\/v2\/categories?post=5992"},{"taxonomy":"post_tag","embeddable":true,"href":"https:\/\/www.mordayanisma.org\/en\/wp-json\/wp\/v2\/tags?post=5992"},{"taxonomy":"author","embeddable":true,"href":"https:\/\/www.mordayanisma.org\/en\/wp-json\/wp\/v2\/ppma_author?post=5992"}],"curies":[{"name":"wp","href":"https:\/\/api.w.org\/{rel}","templated":true}]}}