{"id":4300,"date":"2024-07-14T14:48:18","date_gmt":"2024-07-14T11:48:18","guid":{"rendered":"http:\/\/mordayanisma.org\/?p=4300"},"modified":"2025-01-26T16:50:52","modified_gmt":"2025-01-26T13:50:52","slug":"hakkariden-yukselen-ses-feminist-yoldaslik","status":"publish","type":"post","link":"https:\/\/www.mordayanisma.org\/en\/2024\/07\/14\/hakkariden-yukselen-ses-feminist-yoldaslik\/","title":{"rendered":"Hakk\u00e2ri&#8217;den Y\u00fckselen Ses; Feminist Yolda\u015fl\u0131k"},"content":{"rendered":"<p class=\"has-text-align-left wp-block-paragraph\">M\u00fccadele tarihi i\u00e7erisinde dayan\u0131\u015fma k\u00f6pr\u00fcleri hep kuruldu. Bizler de ge\u00e7mi\u015fin miras\u0131n\u0131 s\u0131rtlanan ve y\u00fcr\u00fcyen feministler olarak k\u0131z karde\u015flik, yolda\u015fl\u0131k k\u00f6pr\u00fclerini kurmaya devam ediyoruz.<\/p>\n\n\n\n<p class=\"has-text-align-left wp-block-paragraph\">8-9 Haziran tarihinde Amed ve Batman&#8217;a feministlerin gidi\u015fiyle yolda\u015fl\u0131k k\u00f6pr\u00fcs\u00fcn\u00fcn bir \u00f6rne\u011fi orada kurulmu\u015fken di\u011fer \u00f6rne\u011fini kurmak i\u00e7in Hakkari\u2019ye ve Van&#8217;a bizler de kat\u0131ld\u0131k. Gidi\u015f karar\u0131n\u0131 ve plan\u0131n\u0131 yapt\u0131\u011f\u0131m\u0131zda Hakk\u00e2ri\u2019ye kayy\u0131m ya da daha yerinde bir tabirle, &#8220;i\u015fgal valisi&#8221; hen\u00fcz atanmam\u0131\u015ft\u0131. Kayy\u0131m atanmas\u0131n\u0131n ard\u0131ndan h\u0131zlanan plan ile 7-8 Temmuz tarihlerinde \u0130stanbul, \u0130zmir ve Ankara&#8217;dan feministler olarak Hakk\u00e2ri ve Van&#8217;dayd\u0131k.<\/p>\n\n\n\n<figure class=\"wp-block-image size-large\"><img loading=\"lazy\" decoding=\"async\" width=\"1024\" height=\"684\" sizes=\"auto, (max-width: 800px) 100vw, 800px\" src=\"https:\/\/mordayanisma.org\/wp-content\/uploads\/2024\/07\/WhatsApp-Image-2024-07-14-at-13.46.29-1-1024x684.jpeg\" alt=\"-\" class=\"wp-image-4302\" title=\"\" srcset=\"https:\/\/www.mordayanisma.org\/wp-content\/uploads\/2024\/07\/WhatsApp-Image-2024-07-14-at-13.46.29-1-1024x684.jpeg 1024w, https:\/\/www.mordayanisma.org\/wp-content\/uploads\/2024\/07\/WhatsApp-Image-2024-07-14-at-13.46.29-1-300x200.jpeg 300w, https:\/\/www.mordayanisma.org\/wp-content\/uploads\/2024\/07\/WhatsApp-Image-2024-07-14-at-13.46.29-1-768x513.jpeg 768w, https:\/\/www.mordayanisma.org\/wp-content\/uploads\/2024\/07\/WhatsApp-Image-2024-07-14-at-13.46.29-1-391x260.jpeg 391w, https:\/\/www.mordayanisma.org\/wp-content\/uploads\/2024\/07\/WhatsApp-Image-2024-07-14-at-13.46.29-1-1536x1025.jpeg 1536w, https:\/\/www.mordayanisma.org\/wp-content\/uploads\/2024\/07\/WhatsApp-Image-2024-07-14-at-13.46.29-1-370x247.jpeg 370w, https:\/\/www.mordayanisma.org\/wp-content\/uploads\/2024\/07\/WhatsApp-Image-2024-07-14-at-13.46.29-1-760x507.jpeg 760w, https:\/\/www.mordayanisma.org\/wp-content\/uploads\/2024\/07\/WhatsApp-Image-2024-07-14-at-13.46.29-1-600x401.jpeg 600w, https:\/\/www.mordayanisma.org\/wp-content\/uploads\/2024\/07\/WhatsApp-Image-2024-07-14-at-13.46.29-1.jpeg 1600w\" \/><\/figure>\n\n\n\n<p class=\"has-text-align-left wp-block-paragraph\">On y\u0131llard\u0131r s\u00fcren m\u00fccadele i\u00e7erisinde K\u00fcrt Kad\u0131n Hareketi\u2019nin ayr\u0131 bir \u00f6nemi ve a\u011f\u0131rl\u0131\u011f\u0131 oldu\u011funu o topraklara daha ilk ad\u0131m\u0131 atar atmaz hissettik ve g\u00f6rd\u00fck. Kentte kad\u0131nlar\u0131n g\u00fcc\u00fcn\u00fc hissetmek hepimize ba\u015fka bir g\u00fc\u00e7 verdi. Hangi eve gitsek kiminle konu\u015fsak boyun e\u011fmez, g\u00fc\u00e7l\u00fc kad\u0131nlarla kar\u015f\u0131la\u015ft\u0131k. Bu elbette K\u00fcrt Kad\u0131n Hareketi ve toplamda kad\u0131n hareketinin g\u00fcc\u00fc. Ge\u00e7ti\u011fimiz yerel se\u00e7imlerdeki kazan\u0131mda da bu a\u011f\u0131rl\u0131\u011f\u0131n ve de\u011fi\u015ftirici g\u00fcc\u00fcn etkisi b\u00fcy\u00fck.<\/p>\n\n\n\n<p class=\"has-text-align-left wp-block-paragraph\">B\u00f6lgede yerel se\u00e7imlerin ard\u0131ndan tabloya bakt\u0131\u011f\u0131m\u0131zda kad\u0131nlar\u0131n \u00f6zel olarak kazand\u0131\u011f\u0131 bir atmosfer var. Bu ger\u00e7e\u011fi kayy\u0131m\u0131n ilk \u00f6nce kad\u0131n kurumlar\u0131na, s\u0131\u011f\u0131nma evlerine sald\u0131rmas\u0131ndan, kad\u0131n \u00e7al\u0131\u015fanlar\u0131 i\u015ften \u00e7\u0131karmas\u0131ndan da anlamak m\u00fcmk\u00fcn. Bu ad\u0131mlar\u0131n hi\u00e7birinin tesad\u00fcf olmad\u0131\u011f\u0131 hepimizin malumu.Belediyenin ilk defa kazan\u0131ld\u0131\u011f\u0131 Geva\u015f&#8217;ta e\u015f ba\u015fkan K\u00fcbra Akt\u0131&#8217;n\u0131n &#8220;Belediyede kad\u0131n tuvaleti bile yoktu&#8221; diye dile getirdi\u011fi durum kayy\u0131m\u0131n da iktidar\u0131n da erkek y\u00fcz\u00fc ve zihniyeti i\u00e7in \u00e7arp\u0131c\u0131 bir \u00f6rnek.Kayy\u0131mla m\u00fccadelenin de feminist bir m\u00fccadele oldu\u011fu bir kere de oradaki arkada\u015flar\u0131m\u0131zdan dinledi\u011fimiz deneyim aktar\u0131mlar\u0131yla kan\u0131tlanm\u0131\u015f oldu ve tabii ki tarihe ge\u00e7ti. Mesele feminist m\u00fccadelenin konusu, \u00e7\u00fcnk\u00fc; &#8220;i\u015fgal valileri&#8221; iktidar\u0131 temsilen ilk i\u015f olarak kad\u0131nlar\u0131n mekanlar\u0131na, haklar\u0131na ve hayatlar\u0131na sald\u0131r\u0131yor.<\/p>\n\n\n\n<p class=\"wp-block-paragraph\">Tam da bunun fark\u0131ndal\u0131\u011f\u0131 ile m\u00fcthi\u015f bir co\u015fku, sevecenlik, i\u00e7tenlikle kar\u015f\u0131land\u0131k. \u00d6zellikle Hakk\u00e2ri\u2019de kayy\u0131m sald\u0131r\u0131s\u0131na birlikte yan\u0131t vermenin gururunu hepimiz hissettik. Van&#8217;da ise hem sand\u0131kta hem sokakta kazanman\u0131n co\u015fkusu ve \u00f6zg\u00fcveni ile kar\u015f\u0131la\u015ft\u0131k. Eksik b\u0131rak\u0131lan yerleri tart\u0131\u015ft\u0131\u011f\u0131m\u0131z gibi g\u00fc\u00e7l\u00fc yanlar\u0131m\u0131z\u0131 da birlikte konu\u015ftuk. Ve b\u00fct\u00fcn bunlar\u0131 konu\u015furken k\u0131z karde\u015flik hissi hep ortamda, yan\u0131 ba\u015f\u0131m\u0131zda ve bize g\u00fc\u00e7 veren \u015fey oldu.<\/p>\n\n\n\n<figure class=\"wp-block-image size-large\"><img loading=\"lazy\" decoding=\"async\" width=\"1024\" height=\"768\" sizes=\"auto, (max-width: 800px) 100vw, 800px\" src=\"https:\/\/mordayanisma.org\/wp-content\/uploads\/2024\/07\/WhatsApp-Image-2024-07-14-at-13.46.29-1024x768.jpeg\" alt=\"-\" class=\"wp-image-4303\" title=\"\" srcset=\"https:\/\/www.mordayanisma.org\/wp-content\/uploads\/2024\/07\/WhatsApp-Image-2024-07-14-at-13.46.29-1024x768.jpeg 1024w, https:\/\/www.mordayanisma.org\/wp-content\/uploads\/2024\/07\/WhatsApp-Image-2024-07-14-at-13.46.29-300x225.jpeg 300w, https:\/\/www.mordayanisma.org\/wp-content\/uploads\/2024\/07\/WhatsApp-Image-2024-07-14-at-13.46.29-768x576.jpeg 768w, https:\/\/www.mordayanisma.org\/wp-content\/uploads\/2024\/07\/WhatsApp-Image-2024-07-14-at-13.46.29-1536x1152.jpeg 1536w, https:\/\/www.mordayanisma.org\/wp-content\/uploads\/2024\/07\/WhatsApp-Image-2024-07-14-at-13.46.29-370x278.jpeg 370w, https:\/\/www.mordayanisma.org\/wp-content\/uploads\/2024\/07\/WhatsApp-Image-2024-07-14-at-13.46.29-760x570.jpeg 760w, https:\/\/www.mordayanisma.org\/wp-content\/uploads\/2024\/07\/WhatsApp-Image-2024-07-14-at-13.46.29-600x450.jpeg 600w, https:\/\/www.mordayanisma.org\/wp-content\/uploads\/2024\/07\/WhatsApp-Image-2024-07-14-at-13.46.29.jpeg 1600w\" \/><\/figure>\n\n\n\n<p class=\"wp-block-paragraph\">Bir yandan o d\u00fczeyde g\u00fc\u00e7l\u00fc \u00f6rg\u00fctl\u00fcl\u00fck di\u011fer yandan \u00f6rg\u00fctl\u00fcl\u00fc\u011f\u00fcn kad\u0131nlara nas\u0131l bir g\u00fc\u00e7 verdi\u011fini, bir co\u011frafyay\u0131 nas\u0131l de\u011fi\u015ftirdi\u011fini g\u00f6rmek her birimiz i\u00e7in ba\u015fka bir deneyimdi.<\/p>\n\n\n\n<p class=\"wp-block-paragraph\">\u0130\u015fgalin kendisini bizzat i\u00e7inde g\u00f6rd\u00fck. Hakk\u00e2ri\u2019de kad\u0131nlar soka\u011fa \u00e7\u0131kam\u0131yor, \u00e7\u00fcnk\u00fc her \u00e7\u0131kt\u0131\u011f\u0131nda asker, polis, uzman \u00e7avu\u015f tacizi ile kar\u015f\u0131 kar\u015f\u0131ya. Y\u0131llard\u0131r s\u00fcrd\u00fcr\u00fclen kayy\u0131m politikas\u0131 ile fiili i\u015fgal, hayat\u0131 \u00e7ok daha derinden etkiliyor. Ku\u015fatma ve bunun kad\u0131nlara yans\u0131mas\u0131 her an her yerde hissediliyor. \u00d6yle ki kamuya hizmet i\u00e7in var olan belediye binas\u0131n\u0131n kap\u0131s\u0131n\u0131n halka kapal\u0131 olmas\u0131 bir yana belediye binas\u0131na yakla\u015fmak bile imk\u00e2ns\u0131z.<\/p>\n\n\n\n<p class=\"wp-block-paragraph\">Belediyenin kazan\u0131lmas\u0131n\u0131n hemen ard\u0131ndan kad\u0131nlar\u0131n \u00e7e\u015fitli \u015fikayetler i\u00e7in belediye binalar\u0131na ko\u015fmas\u0131 \u00e7ok \u00f6nemli bir veri sunuyor bize. Hakk\u00e2ri\u2019de bu kazan\u0131ma kar\u015f\u0131 iktidar sald\u0131r\u0131s\u0131na dair duru\u015f net.<\/p>\n\n\n\n<p class=\"wp-block-paragraph\">Bu ziyaret s\u0131ras\u0131nda bizim de dahil oldu\u011fumuz \u201c\u0130radeye Sayg\u0131 Y\u00fcr\u00fcy\u00fc\u015f\u00fc\u201d bunun \u00f6nemli bir par\u00e7as\u0131 oldu. Bu y\u00fcr\u00fcy\u00fc\u015f s\u0131ras\u0131nda tarihimizden bir k\u00f6pr\u00fc ile de kar\u015f\u0131la\u015ft\u0131k. Devrimci gen\u00e7lik \u00f6nderleri Deniz Gezmi\u015f ve yolda\u015flar\u0131n\u0131n Zap suyu \u00fczerine in\u015fa ettikleri ve halk aras\u0131nda &#8220;Deniz Gezmi\u015f K\u00f6pr\u00fcs\u00fc&#8221; diye an\u0131lan Devrimci Gen\u00e7lik K\u00f6pr\u00fcs\u00fc&#8217;nde y\u00fcr\u00fcy\u00fc\u015f\u00fc\/y\u00fcr\u00fcy\u00fc\u015f\u00e7\u00fcleri kar\u015f\u0131laman\u0131n anlam\u0131na de\u011finmeden ge\u00e7mek eksik kal\u0131r. Bir k\u00f6pr\u00fcy\u00fc kurarken tarihimizin ba\u015fka bir k\u00f6pr\u00fcs\u00fcnden g\u00fc\u00e7 ald\u0131k, y\u00fcr\u00fcd\u00fck.<\/p>\n\n\n\n<figure class=\"wp-block-gallery columns-1 is-cropped wp-block-gallery-1 is-layout-flex wp-block-gallery-is-layout-flex\"><ul class=\"blocks-gallery-grid\"><li class=\"blocks-gallery-item\"><figure><img loading=\"lazy\" decoding=\"async\" width=\"1024\" height=\"461\" src=\"https:\/\/mordayanisma.org\/wp-content\/uploads\/2024\/07\/WhatsApp-Image-2024-07-14-at-13.46.29-2-1024x461.jpeg\" alt=\"-\" data-id=\"4304\" data-full-url=\"https:\/\/mordayanisma.org\/wp-content\/uploads\/2024\/07\/WhatsApp-Image-2024-07-14-at-13.46.29-2.jpeg\" data-link=\"https:\/\/mordayanisma.org\/?attachment_id=4304\" class=\"wp-image-4304\" title=\"\" srcset=\"https:\/\/www.mordayanisma.org\/wp-content\/uploads\/2024\/07\/WhatsApp-Image-2024-07-14-at-13.46.29-2-1024x461.jpeg 1024w, https:\/\/www.mordayanisma.org\/wp-content\/uploads\/2024\/07\/WhatsApp-Image-2024-07-14-at-13.46.29-2-300x135.jpeg 300w, https:\/\/www.mordayanisma.org\/wp-content\/uploads\/2024\/07\/WhatsApp-Image-2024-07-14-at-13.46.29-2-768x346.jpeg 768w, https:\/\/www.mordayanisma.org\/wp-content\/uploads\/2024\/07\/WhatsApp-Image-2024-07-14-at-13.46.29-2-1536x692.jpeg 1536w, https:\/\/www.mordayanisma.org\/wp-content\/uploads\/2024\/07\/WhatsApp-Image-2024-07-14-at-13.46.29-2-370x167.jpeg 370w, https:\/\/www.mordayanisma.org\/wp-content\/uploads\/2024\/07\/WhatsApp-Image-2024-07-14-at-13.46.29-2-760x342.jpeg 760w, https:\/\/www.mordayanisma.org\/wp-content\/uploads\/2024\/07\/WhatsApp-Image-2024-07-14-at-13.46.29-2-600x270.jpeg 600w, https:\/\/www.mordayanisma.org\/wp-content\/uploads\/2024\/07\/WhatsApp-Image-2024-07-14-at-13.46.29-2.jpeg 1600w\" sizes=\"auto, (max-width: 1024px) 100vw, 1024px\" \/><\/figure><\/li><\/ul><\/figure>\n\n\n\n<p class=\"wp-block-paragraph\">Bir yenilgi kar\u015f\u0131s\u0131nda sald\u0131r\u0131 konseptini h\u0131zland\u0131ran iktidar kad\u0131nlar\u0131n, gen\u00e7lerin, halk\u0131n kendi m\u00fccadelesinin duvar\u0131na tosluyor. Van&#8217;da sadece sand\u0131kta de\u011fil, sokakta da kazan\u0131lan belediye \u015fimdi Van halk\u0131 i\u00e7in ba\u015fka bir \u00f6zg\u00fcven ve g\u00fc\u00e7 anlam\u0131 ta\u015f\u0131rken Hakk\u00e2ri\u2019de de &#8220;i\u015fgal valisine&#8221; kar\u015f\u0131 \u0131srarl\u0131 direni\u015f devam ediyor. Kad\u0131nlar, sosyalistler, K\u00fcrt halk\u0131n\u0131n kendisi Van direni\u015fi ile \u00e7ok \u00f6nemli bir e\u015fikten ge\u00e7ti. \u0130stanbul&#8217;dan Amed&#8217;e, \u0130zmir&#8217;den Hakk\u00e2ri\u2019ye d\u00f6rt bir yanda kent merkezlerini ku\u015fatarak iradesinin sesini y\u00fckselten binlerce insan Van&#8217;\u0131 bir kere daha kazand\u0131. \u015eimdi ise di\u011fer illerde oldu\u011fu gibi kayy\u0131mlar\u0131n b\u0131rakt\u0131\u011f\u0131 enkaz\u0131 kald\u0131rmaya ba\u015flad\u0131lar bile.<\/p>\n\n\n\n<p class=\"has-text-align-left wp-block-paragraph\">Van&#8217;da a\u00e7\u0131\u011fa \u00e7\u0131kan direni\u015f yan\u0131 ba\u015f\u0131ndaki Hakk\u00e2ri halk\u0131na ba\u015fka bir g\u00fc\u00e7 verdi. Kad\u0131nlar ve Hakk\u00e2ri halk\u0131 Viyan Tek\u00e7e&#8217;nin yan\u0131nda. Bizler de oradan dile getirdi\u011fimiz gibi t\u00fcm kad\u0131nlar\u0131, feministleri, kad\u0131n \u00f6rg\u00fctlerini ve belediyeleri Hakk\u00e2ri\u2019nin se\u00e7ilmi\u015f e\u015f ba\u015fkan\u0131 Viyan Tek\u00e7e&#8217;yi tan\u0131maya, ziyaret etmeye ve bu g\u00fcc\u00fc b\u00fcy\u00fctme \u00e7a\u011fr\u0131m\u0131z\u0131 yineliyoruz.<\/p>","protected":false},"excerpt":{"rendered":"<p>M\u00fccadele tarihi i\u00e7erisinde dayan\u0131\u015fma k\u00f6pr\u00fcleri hep kuruldu. Bizler de ge\u00e7mi\u015fin miras\u0131n\u0131 s\u0131rtlanan ve y\u00fcr\u00fcyen feministler olarak k\u0131z karde\u015flik, yolda\u015fl\u0131k k\u00f6pr\u00fclerini kurmaya devam ediyoruz. 8-9 Haziran tarihinde Amed ve Batman&#8217;a feministlerin gidi\u015fiyle yolda\u015fl\u0131k k\u00f6pr\u00fcs\u00fcn\u00fcn bir \u00f6rne\u011fi orada kurulmu\u015fken di\u011fer \u00f6rne\u011fini kurmak i\u00e7in Hakkari\u2019ye ve Van&#8217;a bizler de kat\u0131ld\u0131k. Gidi\u015f karar\u0131n\u0131 ve plan\u0131n\u0131 yapt\u0131\u011f\u0131m\u0131zda Hakk\u00e2ri\u2019ye kayy\u0131m ya&hellip;<\/p>","protected":false},"author":66,"featured_media":4301,"comment_status":"closed","ping_status":"closed","sticky":true,"template":"","format":"standard","meta":{"_coblocks_attr":"","_coblocks_dimensions":"","_coblocks_responsive_height":"","_coblocks_accordion_ie_support":"","_eb_attr":"","inline_featured_image":false,"footnotes":""},"categories":[97],"tags":[525,521,520,524,523],"ppma_author":[607],"class_list":["post-4300","post","type-post","status-publish","format-standard","has-post-thumbnail","hentry","category-sozumuz-var","tag-feministyoldaslik","tag-hakkari","tag-kayyim","tag-kurdistan","tag-van","author-didar-gul"],"authors":[{"term_id":607,"user_id":0,"is_guest":1,"slug":"didar-gul","display_name":"Didar G\u00fcl","avatar_url":{"url":"https:\/\/www.mordayanisma.org\/wp-content\/uploads\/2025\/08\/Ekran-Resmi-2025-08-20-20.42.32.webp","url2x":"https:\/\/www.mordayanisma.org\/wp-content\/uploads\/2025\/08\/Ekran-Resmi-2025-08-20-20.42.32.webp"},"author_category":"1","first_name":"Didar","last_name":"G\u00fcl","user_url":"","job_title":"","description":"didar.gul@mordayanisma.org"}],"_links":{"self":[{"href":"https:\/\/www.mordayanisma.org\/en\/wp-json\/wp\/v2\/posts\/4300","targetHints":{"allow":["GET"]}}],"collection":[{"href":"https:\/\/www.mordayanisma.org\/en\/wp-json\/wp\/v2\/posts"}],"about":[{"href":"https:\/\/www.mordayanisma.org\/en\/wp-json\/wp\/v2\/types\/post"}],"author":[{"embeddable":true,"href":"https:\/\/www.mordayanisma.org\/en\/wp-json\/wp\/v2\/users\/66"}],"replies":[{"embeddable":true,"href":"https:\/\/www.mordayanisma.org\/en\/wp-json\/wp\/v2\/comments?post=4300"}],"version-history":[{"count":0,"href":"https:\/\/www.mordayanisma.org\/en\/wp-json\/wp\/v2\/posts\/4300\/revisions"}],"wp:featuredmedia":[{"embeddable":true,"href":"https:\/\/www.mordayanisma.org\/en\/wp-json\/wp\/v2\/media\/4301"}],"wp:attachment":[{"href":"https:\/\/www.mordayanisma.org\/en\/wp-json\/wp\/v2\/media?parent=4300"}],"wp:term":[{"taxonomy":"category","embeddable":true,"href":"https:\/\/www.mordayanisma.org\/en\/wp-json\/wp\/v2\/categories?post=4300"},{"taxonomy":"post_tag","embeddable":true,"href":"https:\/\/www.mordayanisma.org\/en\/wp-json\/wp\/v2\/tags?post=4300"},{"taxonomy":"author","embeddable":true,"href":"https:\/\/www.mordayanisma.org\/en\/wp-json\/wp\/v2\/ppma_author?post=4300"}],"curies":[{"name":"wp","href":"https:\/\/api.w.org\/{rel}","templated":true}]}}