{"id":4275,"date":"2024-06-07T20:26:35","date_gmt":"2024-06-07T17:26:35","guid":{"rendered":"http:\/\/mordayanisma.org\/?p=4275"},"modified":"2025-01-26T16:50:53","modified_gmt":"2025-01-26T13:50:53","slug":"9-%e2%81%a0-%e2%81%a0yargi-paketine-karsi-kadinlar-alarm-veriyor","status":"publish","type":"post","link":"https:\/\/www.mordayanisma.org\/en\/2024\/06\/07\/9-%e2%81%a0-%e2%81%a0yargi-paketine-karsi-kadinlar-alarm-veriyor\/","title":{"rendered":"9.\u2060 \u2060Yarg\u0131 Paketine Kar\u015f\u0131 Kad\u0131nlar Alarm Veriyor!"},"content":{"rendered":"<p class=\"wp-block-coblocks-highlight\"><mark class=\"wp-block-coblocks-highlight__content has-background has-text-link-2-background-color\">Ceza infaz sisteminde d\u00fczenlemeler \u00f6ng\u00f6ren 9. Yarg\u0131 Paketi haz\u0131rl\u0131klar\u0131n tamamlanmas\u0131yla birlikte Meclis&#8217;e sunulacak ve Meclis&#8217;te kabul edilmesi halinde yasala\u015facak. Bir\u00e7ok kanun ve kanun h\u00fckm\u00fcnde kararnamede de\u011fi\u015fiklik i\u00e7eren 9\u2019uncu Yarg\u0131 Paketi\u2019nin \u00f6zellikle 3 maddesine yo\u011funla\u015ft\u0131\u011f\u0131m bu yaz\u0131 \u201c<strong>KADINLAR ALARM VER\u0130YOR!\u201d <\/strong>s\u00f6z\u00fcn\u00fcn alt\u0131n\u0131 dolduruyor.<\/mark><\/p>\n\n\n\n<h2 class=\"wp-block-heading\"><strong>Evlenen Kad\u0131n, Kendi Soyad\u0131n\u0131 Tek Ba\u015f\u0131na Kullanamayacak<\/strong><\/h2>\n\n\n\n<p class=\"wp-block-paragraph\">Yarg\u0131 paketinde yer alan soyad\u0131 d\u00fczenlemesi ba\u015fta olmak \u00fczere tazyik hapsine itiraz yolunun a\u00e7\u0131lmas\u0131 ve genel affa y\u00f6nelik \u00e7al\u0131\u015fmalar\u0131 kad\u0131nlar\u0131n kazan\u0131lm\u0131\u015f haklar\u0131 &nbsp;a\u00e7\u0131s\u0131ndan olduk\u00e7a tehlikeli bir durum yarat\u0131yor.Kad\u0131nlar evlendikten sonra evlenmeden \u00f6nceki soyisimlerini kullanabilmek i\u00e7in uzun y\u0131llar hukuki m\u00fccadele verdiler.&nbsp; \u00c7\u00fcnk\u00fc yak\u0131n bir tarihe kadar T\u00fcrk Medeni Kanunu\u2019nun 187\u2019nci maddesine g\u00f6re kad\u0131n evlendikten sonra ya sadece evlendi\u011fi kocas\u0131n\u0131n soyismini almak ya da kocas\u0131n\u0131n soyisminin \u00f6n\u00fcne evlenmeden \u00f6nceki soyismini ekleyerek her iki soyismini de kullanmak zorundayd\u0131. Kad\u0131nlar evlenmeden \u00f6nceki kendi soyisimlerini kullanmak i\u00e7in evlendikten sonra dava a\u00e7maya ba\u015flad\u0131lar ve bu davalar emsal olarak&nbsp; kabul edilen davalar oldular.<\/p>\n\n\n\n<blockquote class=\"wp-block-quote is-layout-flow wp-block-quote-is-layout-flow\" style=\"color:#793472\"><p>&nbsp;Anayasa Mahkemesi bu h\u00fckm\u00fc anayasan\u0131n e\u015fitlik ilkesine ayk\u0131r\u0131 buldu, cinsiyete dayal\u0131 ayr\u0131mc\u0131l\u0131\u011f\u0131n bir bi\u00e7imi olarak yorumlad\u0131.<\/p><\/blockquote>\n\n\n\n<p class=\"wp-block-paragraph\">Bu e\u015fitlik\u00e7i olmayan uygulamaya kar\u015f\u0131 kad\u0131nlar\u0131n verdi\u011fi uzun s\u00fcreli hukuk m\u00fccadeleleri sonunda Anayasa Mahkemesi, 22 \u015eubat 2023 tarihli Resm\u00ee Gazete\u2019de yay\u0131mlanan karar\u0131 ile \u201dkad\u0131n\u0131n evlendikten sonra kocas\u0131n\u0131n soyad\u0131n\u0131 almas\u0131n\u0131n ailenin ortak bir soyad\u0131na sahip olmas\u0131n\u0131 m\u00fcmk\u00fcn k\u0131lan tek se\u00e7enek olmad\u0131\u011f\u0131, aile ba\u011flar\u0131n\u0131n korunup g\u00fc\u00e7lendirilmesi amac\u0131n\u0131n kuralla \u00f6ng\u00f6r\u00fclen farkl\u0131 muamelenin makul nedeni olarak kabul edilmesinin m\u00fcmk\u00fcn olmad\u0131\u011f\u0131 gibi tespitlerde bulunularak evlenmeden \u00f6nceki soyad\u0131n\u0131n evlendikten sonra da tek ba\u015f\u0131na kullan\u0131lmas\u0131 ba\u011flam\u0131nda kad\u0131n ve erkek aras\u0131nda kuralla \u00f6ng\u00f6r\u00fclen farkl\u0131 muamelenin nesnel ve makul bir temele dayanmamas\u0131 sebebiyle e\u015fitlik ilkesini ihlal etti\u011fi sonucuna ula\u015farak\u201d 4721 say\u0131l\u0131 Kanun\u2019un 187. maddesinin birinci c\u00fcmlesinin iptaline karar verdi.<\/p>\n\n\n\n<p class=\"wp-block-paragraph\">&nbsp;Anayasa Mahkemesi bu h\u00fckm\u00fc anayasan\u0131n e\u015fitlik ilkesine ayk\u0131r\u0131 buldu, cinsiyete dayal\u0131 ayr\u0131mc\u0131l\u0131\u011f\u0131n bir bi\u00e7imi olarak yorumlad\u0131.Bu iptal h\u00fckm\u00fc Ocak 2024 itibariyle y\u00fcr\u00fcrl\u00fc\u011fe girmi\u015f olmas\u0131na ra\u011fmen N\u00fcfus M\u00fcd\u00fcrl\u00fckleri\u2019ne evlenmeden \u00f6nceki soyad\u0131n\u0131 kullanmak isteyen kad\u0131nlar ba\u015fvurduklar\u0131nda \u2018\u2019yasada dayanak olmad\u0131\u011f\u0131 ve kendilerine bakanl\u0131ktan bir bilgi gelmedi\u011fi\u2019\u2019 gerek\u00e7esiyle geri \u00e7evrildiler. Kad\u0131nlar\u0131n beklentisi Anayasa Mahkemesi karar\u0131n\u0131n bir an \u00f6nce uygulanmas\u0131yken kad\u0131n\u0131n soyad\u0131n\u0131 tek ba\u015f\u0131na kullanmas\u0131 engelleyen s\u00f6z konusu yarg\u0131 paketi tasla\u011f\u0131 \u00e7\u0131kar\u0131ld\u0131. Ortada Anayasa\u2019n\u0131n e\u015fitlik ilkesine ayk\u0131r\u0131 oldu\u011fu i\u00e7in iptal edilen bir Anayasa Mahkemesi &nbsp;karar\u0131 yokmu\u015f gibi eski d\u00fczenlemenin kopyas\u0131 bir d\u00fczenleme geri getirilmeye \u00e7al\u0131\u015f\u0131l\u0131yor.<\/p>\n\n\n\n<p class=\"wp-block-paragraph\">S\u00f6z konusu yarg\u0131 paketi tasla\u011f\u0131nda \u2018\u2019kad\u0131n\u0131n soyad\u0131, kendi soyad\u0131 ile \u00f6nceki kocas\u0131n\u0131n soyad\u0131ndan olu\u015fuyorsa kad\u0131n bu soyadlar\u0131ndan sadece birisini evlenece\u011fi kocas\u0131n\u0131n soyad\u0131n\u0131n \u00f6n\u00fcnde kullanabilir\u2018\u2019 ifadesi yer al\u0131yor. Nitekim anayasa mahkemesinin iptal etti\u011fi tasar\u0131n\u0131n ayn\u0131s\u0131 kad\u0131nlar\u0131n kar\u015f\u0131s\u0131na hi\u00e7 utanmadan \u00e7\u0131kar\u0131l\u0131yor. \u00dcst\u00fcne \u00fcstl\u00fck s\u00f6z konusu madde erkek kanun koyucu ak\u0131l taraf\u0131ndan &nbsp;\u201cAilenin \u00f6nemi de\u011ferlendirildi\u011finde, anne ve baban\u0131n ayr\u0131 ayr\u0131 soyad\u0131 kullanmalar\u0131, \u00e7ocuk \u00fczerinde olumsuz etkiler do\u011furabilecek, \u00e7ocu\u011fun hangi soyad\u0131n\u0131 kullanaca\u011f\u0131 ayr\u0131 bir tart\u0131\u015fma konusu haline gelecektir\u201d \u015feklinde son derece ataerkil bir yorumla aile kurumunun g\u00fc\u00e7lendirilmesi ile gerek\u00e7elendiriliyor. &nbsp;Aile kurumunun g\u00fc\u00e7lendirilmesi gerek\u00e7esiyle kad\u0131n haklar\u0131 t\u0131rpanlan\u0131rken anayasaya ve evrensel hukuka a\u00e7\u0131k\u00e7a ayk\u0131r\u0131l\u0131k te\u015fkil eden kararlar\u0131 yasala\u015ft\u0131rmaya \u00e7al\u0131\u015f\u0131yorlar. Bu d\u00fczenlemenin bu \u015fekilde yasalla\u015fmas\u0131 anayasan\u0131n tan\u0131nmamas\u0131 demektir! &nbsp;Hukuki g\u00fcvenli\u011fin tamamen ortadan kald\u0131r\u0131lmas\u0131 demektir! \u201cSoyun erkekten y\u00fcr\u00fcyece\u011fini\u201d s\u00f6yleyen ataerkil sistemin kad\u0131nlara sava\u015f a\u00e7mas\u0131 demektir! Sanki her evlenen, ailesi 9. Yarg\u0131 paketinin yasala\u015fmas\u0131 halinde binlerce y\u0131ll\u0131k ataerkil sistemin toplumsal hayat\u0131n ve ili\u015fkilerin her h\u00fccresine s\u0131zm\u0131\u015f erkek tahakk\u00fcm\u00fc yinelenecek ve tekrar g\u00fc\u00e7lendirilecek demektir! Evlilik s\u00f6zle\u015fmesi ile garanti alt\u0131na al\u0131nmaya \u00e7al\u0131\u015f\u0131lan erkek soyad\u0131\/soyu ve bir de bu \u015fekilde g\u00fc\u00e7lendirilmeye \u00e7al\u0131\u015f\u0131lan ataerki; kad\u0131nlar\u0131n e\u015fitlik, \u00f6zg\u00fcrl\u00fck, kurtulu\u015f m\u00fccadelesinde engel olmaya devam edecektir.<\/p>\n\n\n\n<h2 class=\"wp-block-heading\"><strong>Tazyik Hapsine \u0130tiraz Yolunun A\u00e7\u0131lmas\u0131: Kad\u0131n Cinayetlerine Tam Gaz Yol Veriyorlar!<\/strong><strong><\/strong><\/h2>\n\n\n\n<p class=\"wp-block-paragraph\">Kad\u0131nlar i\u00e7in en \u00f6nemli de\u011fi\u015fiklik de tazyik hapsine itiraz yolunun a\u00e7\u0131lmas\u0131 ve genel affa y\u00f6nelik \u00e7al\u0131\u015fmalar a\u00e7\u0131s\u0131ndan geliyor. \u0130ktidar bir gece yar\u0131s\u0131 evrensel hukuku bir yana b\u0131rak\u0131p \u0130stanbul S\u00f6zle\u015fmesi\u2019nden \u00e7ekilirken 6284 say\u0131l\u0131 kanunun varl\u0131\u011f\u0131 ve bu kanunun kad\u0131nlar ve \u00e7ocuklara y\u00f6nelik koruyucu ve \u00f6nleyici tedbirler i\u00e7ermesini gerek\u00e7e g\u00f6stermi\u015fti. 6284 say\u0131l\u0131 kanun \u015fiddete maruz kalan veya kalma tehdidi alt\u0131nda bulunan kad\u0131nlar\u0131 ve \u00e7ocuklar\u0131 korumay\u0131 ama\u00e7layan \u015fiddetsiz bir ya\u015fam\u0131n olanaklar\u0131n\u0131 yaratmay\u0131 ama\u00e7layan bir kanundur. Kad\u0131n erkek e\u015fitli\u011fini &#8216;f\u0131trata ayk\u0131r\u0131 bir durum&#8217; olarak de\u011ferlendiren zihniyet, kad\u0131n cinayetlerine, taciz ve istismarlara kar\u015f\u0131 cezas\u0131zl\u0131k rejimi hukuk eliyle in\u015fa etmeyi planl\u0131yor . Kad\u0131n cinayetlerin, cinsel \u015fiddet ve istismar vakalar\u0131 bu cezas\u0131zl\u0131k rejiminden besleniyor. Adalet Bakan\u0131\u2019n\u0131n &#8216;cezas\u0131zl\u0131k alg\u0131s\u0131n\u0131 ortadan kald\u0131rmas\u0131 hedefleniyor\u2019 \u015feklinde a\u00e7\u0131klad\u0131\u011f\u0131 yasa tasla\u011f\u0131yla asl\u0131nda bu cezas\u0131zl\u0131k halinin daha da sa\u011flamla\u015ft\u0131r\u0131lmak istendi\u011fi anla\u015f\u0131l\u0131yor.<\/p>\n\n\n\n<p class=\"wp-block-paragraph\">Erkek adalet sistemi&nbsp; zaten 6284 say\u0131l\u0131 kanunu fiilen uygulamazken bir de tedbir kararlar\u0131na uymayanlara verilen zorlama hapsine kar\u015f\u0131 itiraz yolu a\u00e7maya \u00e7al\u0131\u015f\u0131yor. Tazyik hapsi karar\u0131na itiraz yolunu a\u00e7mak demek, yasan\u0131n t\u00fcm\u00fcyle i\u015flevsiz hale getirmek demektir. Bu \u00fclkede ellerinde koruma karar\u0131 olmas\u0131na ra\u011fmen her y\u0131l onlarca kad\u0131n erkekler taraf\u0131ndan katledilirken 6284\u2019\u00fcn neredeyse cayd\u0131r\u0131c\u0131 tek maddesine itiraz yolunu a\u00e7mak kad\u0131nlar\u0131 ve \u00e7ocuklar\u0131 t\u00fcm\u00fcyle g\u00fcvencesiz hale getirip kendi kaderleriyle ba\u015fba\u015fa b\u0131rakacakt\u0131r. <strong>Bu y\u00fczden kad\u0131nlar alarm veriyor!<\/strong> Emniyet Genel M\u00fcd\u00fcrl\u00fc\u011f\u00fc\u2019n\u00fcn raporuna g\u00f6re; 2023 y\u0131l\u0131nda&nbsp;Kad\u0131n Destek Uygulamas\u0131(KADES)\u2019na 400 bin 419 kad\u0131n, \u015fiddet g\u00f6rd\u00fc\u011f\u00fc i\u00e7in ihbarda bulundu. Bu rakam, g\u00fcnde bin 97, saatte 45. Yani her 1,5 dakikada bir kad\u0131n\u0131n \u015fiddet g\u00f6rd\u00fc\u011f\u00fc i\u00e7in KADES uygulamas\u0131n\u0131 kulland\u0131\u011f\u0131 anlam\u0131na geliyor. Bu alarm butonlar\u0131 hayatlar\u0131m\u0131z\u0131 korumalar\u0131 i\u00e7inken, g\u00f6rd\u00fc\u011f\u00fcm\u00fcz \u015fey korumu\u015f gibi yapmaya devam eden AKP-MHP!<\/p>\n\n\n\n<h2 class=\"wp-block-heading\"><strong>\u0130ktidar\u0131n Yeni Bir Su\u00e7 Yaratma \u00c7abas\u0131: Etki Ajanl\u0131\u011f\u0131<\/strong><\/h2>\n\n\n\n<p class=\"wp-block-paragraph\">Son olarak \u00fczerinde durmak istedi\u011fim madde ise \u201cetki ajanl\u0131\u011f\u0131\u201d. \u0130ktidar medyas\u0131n\u0131n \u2018hak arama h\u00fcrriyetinin daha etkin \u015fekilde kullanabilmesine imkan tan\u0131yan d\u00fczenleme\u2019, \u2018&nbsp;cezas\u0131zl\u0131k alg\u0131s\u0131n\u0131n&nbsp;ortadan kald\u0131r\u0131lmas\u0131 hedefleniyor\u2019 \u015feklinde sundu\u011fu bu yarg\u0131 paketinin ger\u00e7ekte AKP\/MHP iktidar\u0131n\u0131n 15 Temmuz sonras\u0131nda bile yapmay\u0131 g\u00f6ze alamad\u0131\u011f\u0131 toplumsal muhalefetin b\u00fct\u00fcn\u00fcyle susturulmas\u0131 hedefine y\u00f6nelik bir hamle oldu\u011fu anla\u015f\u0131l\u0131yor. Taslakta yer alan ve kamuoyuna \u2018etki ajanl\u0131\u011f\u0131\u2019 olarak yans\u0131yan d\u00fczenleme iktidar\u0131n yeni bir su\u00e7 yaratma \u00e7abas\u0131 i\u00e7inde oldu\u011funu g\u00f6steriyor. Getirilmeye \u00e7al\u0131\u015f\u0131lan bu &#8221;yeni tip casusluk&#8221; su\u00e7unun gerek\u00e7esi de su\u00e7un konusu da son derece mu\u011flak.<\/p>\n\n\n\n<p class=\"wp-block-paragraph\">5237 Say\u0131l\u0131 Kanunda \u201cDevlet S\u0131rlar\u0131na Kar\u015f\u0131 Su\u00e7lar ve Casusluk\u201d su\u00e7lar\u0131n\u0131n&nbsp; d\u00fczenlendi\u011fi, ancak bu d\u00fczenlemenin &#8221;Belge ve bilgi temini veya a\u00e7\u0131klanmas\u0131 d\u0131\u015f\u0131nda devletin g\u00fcvenli\u011fi ile i\u00e7 veya d\u0131\u015f siyasal yararlar\u0131 aleyhine olacak \u015fekilde ger\u00e7ekle\u015ftirilen di\u011fer faaliyetler bak\u0131m\u0131ndan herhangi bir yapt\u0131r\u0131m \u00f6ng\u00f6r\u00fclmemi\u015ftir\u201d denilerek yeni getirilecek maddeyle \u201cdi\u011fer faaliyetler\u201d ad\u0131 alt\u0131nda yeni bir su\u00e7un kabul edilmesi bekleniyor. Burda belirtilen \u2018\u2019di\u011fer faaliyetler\u2019\u2019 kapsam\u0131nda iktisadi, mali, askeri, milli savunma, kamu sa\u011fl\u0131\u011f\u0131, kamu g\u00fcvenli\u011fi, kamu d\u00fczeni, teknolojik, k\u00fclt\u00fcrel, ula\u015ft\u0131rma, haberle\u015fme, siber alan, kritik altyap\u0131lar ve enerji gibi ucu buca\u011f\u0131 olmayan alanlar tan\u0131mlan\u0131yor. Bu yeni su\u00e7un kabul edilmesiyle birlikte&nbsp; \u2018\u2019di\u011fer faaliyetler\u2019\u2019 in cezaland\u0131r\u0131lmas\u0131 ger\u00e7ekle\u015fecek.<\/p>\n\n\n\n<p class=\"wp-block-paragraph\">Ceza kanunlar\u0131n\u0131n temel prensiplerinden biri su\u00e7 olarak tan\u0131mlanacak durumun \u00f6ng\u00f6r\u00fclebilir olmas\u0131d\u0131r. Buna g\u00f6re su\u00e7a tabi olacak ki\u015filerin eylemlerinin su\u00e7a konu olup olmayaca\u011f\u0131n\u0131 kestirebilmelidir. Bu d\u00fczenleme \u00f6ng\u00f6r\u00fclebilir olmad\u0131\u011f\u0131ndan a\u00e7\u0131k bir \u015fekilde anayasaya ayk\u0131r\u0131d\u0131r. AKP\/MHP iktidar\u0131 bu yolla muhalif bas\u0131n\u0131n yapt\u0131\u011f\u0131 herhangi bir haberin, sosyal medya payla\u015f\u0131m\u0131n\u0131n veya iktidar\u0131n yurt d\u0131\u015f\u0131nda y\u00fcr\u00fctt\u00fc\u011f\u00fc diplomatik \u00e7al\u0131\u015fmalara dair ele\u015ftirel bir g\u00f6r\u00fc\u015f bildirmenin dahi su\u00e7 kapsam\u0131na al\u0131nmas\u0131n\u0131n, bu su\u00e7u i\u015fleyenlerin casuslukla yarg\u0131lanmas\u0131n\u0131n \u00f6n\u00fcn\u00fc a\u00e7maya \u00e7al\u0131\u015f\u0131yor. Devlete ya da siyasal iktidara y\u00f6nelik her t\u00fcrl\u00fc ele\u015ftiri, politika belirleme,\u00fclkenin temel sorunlar\u0131na dair ara\u015ft\u0131rma yapma, analiz etme ve raporlama yapma su\u00e7un konusu haline getirilmeye \u00e7al\u0131\u015f\u0131l\u0131yor. En yal\u0131n \u00f6rne\u011fiyle kad\u0131n m\u00fccadelesi i\u00e7inde devletin kad\u0131n cinayetlerinde izledi\u011fi cezas\u0131zl\u0131k politikalar\u0131na y\u00f6nelik bir ara\u015ft\u0131rma yap\u0131p, raporlamak dahi su\u00e7 say\u0131labilecek. \u0130ktidar fa\u015fizmi kurumsalla\u015ft\u0131rma hamlelerini yaparken kanunu sopa olarak kullanmaya \u00e7al\u0131\u015f\u0131yor, a\u00e7\u0131k\u00e7a su\u00e7 i\u015fliyor. Etki ajanl\u0131\u011f\u0131 konusunda toplumsal muhalefet bug\u00fcnden yar\u0131na \u00e7ok h\u0131zl\u0131 ses y\u00fckseltmeli. \u00c7\u00fcnk\u00fc; me\u015fruiyetini b\u00fct\u00fcn\u00fcyle kaybetmi\u015f bu iktidar\u0131n fa\u015fizmi kurumsalla\u015ft\u0131rma yolunda \u00f6rg\u00fctlenme \u00f6zg\u00fcrl\u00fc\u011f\u00fcn\u00fc, ifade \u00f6zg\u00fcrl\u00fc\u011f\u00fcn\u00fc anayasaya ra\u011fmen yok etmeye haz\u0131rlan\u0131yor.<\/p>","protected":false},"excerpt":{"rendered":"<p>Evlenen Kad\u0131n, Kendi Soyad\u0131n\u0131 Tek Ba\u015f\u0131na Kullanamayacak Yarg\u0131 paketinde yer alan soyad\u0131 d\u00fczenlemesi ba\u015fta olmak \u00fczere tazyik hapsine itiraz yolunun a\u00e7\u0131lmas\u0131 ve genel affa y\u00f6nelik \u00e7al\u0131\u015fmalar\u0131 kad\u0131nlar\u0131n kazan\u0131lm\u0131\u015f haklar\u0131 &nbsp;a\u00e7\u0131s\u0131ndan olduk\u00e7a tehlikeli bir durum yarat\u0131yor.Kad\u0131nlar evlendikten sonra evlenmeden \u00f6nceki soyisimlerini kullanabilmek i\u00e7in uzun y\u0131llar hukuki m\u00fccadele verdiler.&nbsp; \u00c7\u00fcnk\u00fc yak\u0131n bir tarihe kadar T\u00fcrk Medeni Kanunu\u2019nun&hellip;<\/p>","protected":false},"author":66,"featured_media":4278,"comment_status":"closed","ping_status":"closed","sticky":true,"template":"","format":"standard","meta":{"_coblocks_attr":"","_coblocks_dimensions":"","_coblocks_responsive_height":"","_coblocks_accordion_ie_support":"","_eb_attr":"","inline_featured_image":false,"footnotes":""},"categories":[97],"tags":[],"ppma_author":[611],"class_list":["post-4275","post","type-post","status-publish","format-standard","has-post-thumbnail","hentry","category-sozumuz-var","author-gozde-veyisoglu"],"authors":[{"term_id":611,"user_id":52,"is_guest":0,"slug":null,"display_name":"G\u00f6zde Veyiso\u011flu","avatar_url":"https:\/\/www.mordayanisma.org\/wp-content\/litespeed\/avatar\/258d87147f456ebc9a37db5cf27039e4.jpg?ver=1788000755","author_category":"","first_name":"G\u00f6zde","last_name":"Veyiso\u011flu","user_url":"","job_title":"","description":"gozdeveyis@mordayanisma.org"}],"_links":{"self":[{"href":"https:\/\/www.mordayanisma.org\/en\/wp-json\/wp\/v2\/posts\/4275","targetHints":{"allow":["GET"]}}],"collection":[{"href":"https:\/\/www.mordayanisma.org\/en\/wp-json\/wp\/v2\/posts"}],"about":[{"href":"https:\/\/www.mordayanisma.org\/en\/wp-json\/wp\/v2\/types\/post"}],"author":[{"embeddable":true,"href":"https:\/\/www.mordayanisma.org\/en\/wp-json\/wp\/v2\/users\/66"}],"replies":[{"embeddable":true,"href":"https:\/\/www.mordayanisma.org\/en\/wp-json\/wp\/v2\/comments?post=4275"}],"version-history":[{"count":0,"href":"https:\/\/www.mordayanisma.org\/en\/wp-json\/wp\/v2\/posts\/4275\/revisions"}],"wp:featuredmedia":[{"embeddable":true,"href":"https:\/\/www.mordayanisma.org\/en\/wp-json\/wp\/v2\/media\/4278"}],"wp:attachment":[{"href":"https:\/\/www.mordayanisma.org\/en\/wp-json\/wp\/v2\/media?parent=4275"}],"wp:term":[{"taxonomy":"category","embeddable":true,"href":"https:\/\/www.mordayanisma.org\/en\/wp-json\/wp\/v2\/categories?post=4275"},{"taxonomy":"post_tag","embeddable":true,"href":"https:\/\/www.mordayanisma.org\/en\/wp-json\/wp\/v2\/tags?post=4275"},{"taxonomy":"author","embeddable":true,"href":"https:\/\/www.mordayanisma.org\/en\/wp-json\/wp\/v2\/ppma_author?post=4275"}],"curies":[{"name":"wp","href":"https:\/\/api.w.org\/{rel}","templated":true}]}}