{"id":4266,"date":"2024-06-05T14:27:11","date_gmt":"2024-06-05T11:27:11","guid":{"rendered":"http:\/\/mordayanisma.org\/?p=4266"},"modified":"2025-01-26T16:50:53","modified_gmt":"2025-01-26T13:50:53","slug":"mor-dayanisma-bolge-konferanslari-sonuc-metni","status":"publish","type":"post","link":"https:\/\/www.mordayanisma.org\/en\/2024\/06\/05\/mor-dayanisma-bolge-konferanslari-sonuc-metni\/","title":{"rendered":"Mor Dayan\u0131\u015fma B\u00f6lge Konferanslar\u0131 Sonu\u00e7 Metni"},"content":{"rendered":"<p class=\"wp-block-paragraph\">Mor Dayan\u0131\u015fma 4. T\u00fcrkiye Kad\u0131n Konferans\u0131\u2019na giderken 26 May\u0131s 2023 tarihinde \u00fc\u00e7 ayr\u0131 b\u00f6lge konferans\u0131m\u0131z\u0131 ger\u00e7ekle\u015ftirdik. \u0130ki y\u0131lda bir yapt\u0131\u011f\u0131m\u0131z T\u00fcrkiye kad\u0131n konferanslar\u0131m\u0131z\u0131, 10. y\u0131l\u0131m\u0131zda; Ege, Marmara ve G\u00fcney b\u00f6lge konferanslar\u0131yla yeni bir e\u015fi\u011fe ta\u015f\u0131d\u0131k.<\/p>\n\n\n\n<p class=\"wp-block-paragraph\">B\u00f6lge konferanslar\u0131m\u0131z\u0131 toplamda be\u015fy\u00fcze yak\u0131n kad\u0131n\u0131n kat\u0131l\u0131m\u0131yla ba\u015far\u0131yla tamamlad\u0131k. Ayr\u0131ca bir \u00e7ok dost kurum ve \u00f6znelerin kat\u0131l\u0131m\u0131 ile ger\u00e7ekle\u015fti.<\/p>\n\n\n\n<p class=\"wp-block-paragraph\">Konferanslar\u0131m\u0131zda; herkesin yeni bir d\u00f6nem, ge\u00e7i\u015f d\u00f6nemi gibi farkl\u0131 kavramlarla tan\u0131mlad\u0131\u011f\u0131, anlamland\u0131rmaya \u00e7al\u0131\u015ft\u0131\u011f\u0131 bu d\u00f6nemin feminist \u00e7\u0131k\u0131\u015f tart\u0131\u015fmalar\u0131na vesile olmas\u0131n\u0131 hedefledik.<\/p>\n\n\n\n<p class=\"wp-block-paragraph\">Zor ve \u00e7etrefilli bir s\u00fcre\u00e7ten ge\u00e7iyoruz. T\u00fcm d\u00fcnya kapitalizmin krizleriyle ve sava\u015fla \u00e7alkalan\u0131rken bu krizleri en derinden ya\u015fayan biz kad\u0131nlar oluyoruz.<\/p>\n\n\n\n<p class=\"wp-block-paragraph\">D\u00fcnya genelinde fa\u015fizm; cinsiyet\u00e7ilik ve \u0131rk\u00e7\u0131 politikalarla y\u00fckseliyor, sava\u015flar patlak veriyor. Krizlerin \u00e7\u00f6z\u00fcm yollar\u0131 daha \u00e7ok do\u011fay\u0131 tahrip etmekte , daha \u00e7ok maden kazmakta, bina dikmekte, canl\u0131lar\u0131n ya\u015fam haklar\u0131n\u0131 elinden almakla aran\u0131yor. Ayr\u0131ca yoksul halka reva g\u00f6r\u00fclen a\u00e7l\u0131k ve geleceksizlik gittik\u00e7e derinle\u015fen dipsiz bir kuyu adeta.\u00a0<\/p>\n\n\n\n<p class=\"wp-block-paragraph\">Patriyarkal kapitalizmin birikim ve kar krizleri ekseninde s\u0131k\u0131\u015ft\u0131\u011f\u0131, s\u0131k\u0131\u015ft\u0131k\u00e7a devletlerin i\u00e7erde ve d\u0131\u015farda \u00e7oklu sava\u015flarla bu krizleri a\u015fmaya \u00e7al\u0131\u015ft\u0131\u011f\u0131 sert bir d\u00f6nemdeyiz. En \u00e7ok kad\u0131nlar\u0131n bedenlerinde, bilin\u00e7lerinde ve emeklerinde y\u0131k\u0131m yaratan bu sava\u015flar g\u00fcn\u00fc geliyor erkek adaletin g\u00fc\u00e7 kazanmas\u0131yla artan kad\u0131n cinayetleri olarak tezah\u00fcr ediyor g\u00fcn\u00fc geliyor \u0130srail\u2019in Siyonist, soyk\u0131r\u0131mc\u0131 politikalar\u0131nda g\u00fcn y\u00fcz\u00fcne \u00e7\u0131k\u0131yor.&nbsp;<\/p>\n\n\n\n<p class=\"wp-block-paragraph\">T\u00fcm bu patriyarkal kapitalist \u00fclkelerin sava\u015f, katliam, sindirme ve yasak\u00e7\u0131 politikalar\u0131na kar\u015f\u0131 d\u00fcnya halklar\u0131 ayakta. Y\u00fczbinlerce insan Filistin&#8217;de katliama dur demek i\u00e7in soka\u011fa indi. Filistin halk\u0131n\u0131n, Filistinli kad\u0131nlar\u0131n direni\u015fi direni\u015fimizdir.\u00a0<\/p>\n\n\n\n<p class=\"wp-block-paragraph\">D\u00fcnya kad\u0131nlar\u0131 kendilerine y\u00f6neltilen bu k\u00f6lele\u015ftirici, s\u00f6m\u00fcr\u00fcc\u00fc erkek egemen sermaye d\u00fczenine kar\u015f\u0131 ayaktalar. Meksika&#8217;da erkek adalete kar\u015f\u0131 adliyeleri ate\u015fe veren, e\u015fit i\u015fe e\u015fit \u00fccret diyerek feminist grevleri ate\u015fleyen kad\u0131nlar\u0131n isyan\u0131 her yeri sard\u0131. Bizde 14 Ocak\u2019ta yapt\u0131\u011f\u0131m\u0131z &#8220;enternasyonal feminist \u00f6rg\u00fctlenme deneyimleri&#8221; konulu sempozyumla tohumlar\u0131n\u0131 att\u0131\u011f\u0131m\u0131z enternasyonal feminist m\u00fccadele ve dayan\u0131\u015fma a\u011f\u0131n\u0131 kurmak i\u00e7in kollar\u0131 s\u0131vad\u0131k. Bu sempozyum ve b\u00f6lge konferanslar\u0131m\u0131zla birlikte y\u00f6n\u00fcm\u00fcz\u00fc \u00e7evirdi\u011fimiz bu a\u011f\u0131n kurulu\u015fu i\u00e7in ad\u0131mlar\u0131m\u0131z\u0131 h\u0131zland\u0131raca\u011f\u0131z.\u00a0<\/p>\n\n\n\n<p class=\"wp-block-paragraph\">AKP-MHP iktidar koalisyonu yerel se\u00e7imlerde ald\u0131\u011f\u0131 yenilgi sonras\u0131 fa\u015fizmi kurumsalla\u015ft\u0131rma ad\u0131mlar\u0131n\u0131 h\u0131zland\u0131rm\u0131\u015f durumda. Bu iktidar koalisyonunun her ne kadar payla\u015f\u0131m sava\u015flar\u0131 devam etse de yeni bir rejimin kurucusu olma rol\u00fc ile yol ald\u0131\u011f\u0131n\u0131 ve bunu yaparken kad\u0131nlara bask\u0131c\u0131 ve gerici politikalar\u0131 artt\u0131rd\u0131\u011f\u0131n\u0131; feminist m\u00fccadelenin \u00f6zneleri olarak bizlerin unutmamas\u0131 gerekir.\u00a0<\/p>\n\n\n\n<p class=\"wp-block-paragraph\">\u0130ktidar taraf\u0131ndan bu kurumsalla\u015fman\u0131n son tehlikeli ad\u0131mlar\u0131, hayvan \u201cuyutma\u201d d\u00fczenlemesi, Ailenin Korunmas\u0131 ve G\u00fc\u00e7lendirilmesi Vizyon Belgesi, 9. Yarg\u0131 Paketi tasla\u011f\u0131d\u0131r. 9. Yarg\u0131 Paketi, zaten bir s\u00fcredir \u00e7\u00fcr\u00fcme halinde olan toplumun yap\u0131s\u0131n\u0131 k\u00f6kl\u00fc bir de\u011fi\u015fime sokacak ve bunu yaparken de kad\u0131nlar\u0131n ya\u015famlar\u0131na dair \u00e7ok yo\u011fun m\u00fcdahale planlar\u0131n\u0131 i\u00e7inde bar\u0131nd\u0131r\u0131yor. 9. Yarg\u0131 Paketini, hayvan katliam\u0131 d\u00fczenlemesini, kayyumlar ile halklar\u0131n irade gasplar\u0131n\u0131 geri p\u00fcsk\u00fcrtmek i\u00e7in ayaktay\u0131z, bu gidi\u015fat\u0131 durduraca\u011f\u0131z. 3 b\u00f6lgede yapt\u0131\u011f\u0131m\u0131z konferans\u0131m\u0131z bir kere daha bunun ilan\u0131d\u0131r.<\/p>\n\n\n\n<p class=\"wp-block-paragraph\">Patriyarkal kapitalist sistemin birikim ihtiyac\u0131 ve iktidarlar\u0131n\u0131 muktedir k\u0131lma arzusuyla; g\u00fcn\u00fcm\u00fcz AKP-MHP fa\u015fizminin en k\u0131sa ve en h\u0131zl\u0131 \u015fekilde, \u015fiddeti daha \u00e7ok art\u0131rarak yol almak istemesine \u015fa\u015f\u0131rmamak gerekir. Fakat; \u00f6zellikle yak\u0131n direni\u015f tarihimizden \u00f6rneklere de bakt\u0131\u011f\u0131m\u0131zda \u00f6z\u00fc itibariyle ataerkil, \u0131rk\u00e7\u0131, heteroseksist olan bu rejim in\u015fas\u0131 ne hen\u00fcz r\u0131za \u00fcretimini d\u00fczenli ve kal\u0131c\u0131 hale getirmi\u015ftir ne de sosyalistleri, feministleri, K\u00fcrtleri, Alevileri, LGBT\u0130+lar\u0131 yenmi\u015ftir. Aksine kendi yak\u0131n m\u00fccadele tarihimize bakt\u0131\u011f\u0131m\u0131z zaman k\u00fcrtaj eylemlerinde, T\u00fcrkiye\u2019nin her yerine yay\u0131lan \u0130stanbul S\u00f6zle\u015fmesi eylemlerinde, kutsal aile politikalar\u0131n\u0131n istismar, kad\u0131n cinayeti, ev i\u00e7i \u015fiddet i\u00e7erdi\u011fini g\u00f6steren kampanyalar\u0131nda, K\u00fcrt Kad\u0131n Hareketi ile dayan\u0131\u015fma ve yolda\u015fl\u0131k kurma alanlar\u0131nda, i\u015f\u00e7i s\u0131n\u0131f\u0131 grevlerine kad\u0131n m\u00fccadelesinin kendi rengini katmas\u0131nda, 6 \u015eubat depremlerinde kad\u0131n \u00e7ad\u0131rlar\u0131nda g\u00f6rd\u00fc\u011f\u00fcm\u00fcz \u015fey \u015fudur ki; \u00a0fa\u015fizmin bir rejim haline gelmesi \u00f6n\u00fcndeki en b\u00fcy\u00fck diren\u00e7lerden biri \u00f6rg\u00fctl\u00fc kad\u0131n ve feminist m\u00fccadele oldu ve olmaya devam ediyor.<\/p>\n\n\n\n<p class=\"wp-block-paragraph\">Mor Dayan\u0131\u015fma olarak, t\u00fcm bu direni\u015f ve m\u00fccadele alanlar\u0131n\u0131n ba\u015flat\u0131c\u0131, kat\u0131l\u0131mc\u0131, destekleyici rollerine devam etme ve bu konferansla birlikte ald\u0131\u011f\u0131m\u0131z sorumlulu\u011fu b\u00fcy\u00fcterek devam ettirme s\u00f6z\u00fcn\u00fc yeniden birbirimize verdik.\u00a0<\/p>\n\n\n\n<p class=\"wp-block-paragraph\">Mor Dayan\u0131\u015fma; 10 y\u0131ld\u0131r kentlerde, mahallelerde yerel tabanl\u0131-yatay \u00f6rg\u00fctlenme faaliyeti g\u00f6steren ve ikili sistem tarifi \u00fczerinden patriyarkal kapitalizme kar\u015f\u0131 sosyalist feminist ideolojik perspektifle m\u00fccadele veren bir kad\u0131n \u00f6rg\u00fct\u00fc. Bu iki sistemin hem birbirinden ayr\u0131 hem de s\u0131k\u00e7a ortakla\u015fan \u00e7\u0131karlar\u0131n\u0131 g\u00f6z \u00f6n\u00fcnde bulundurdu\u011fumuz zaman; ancak topyek\u00fcn bir kad\u0131n kurtulu\u015f m\u00fccadelesinin bizi \u00f6zg\u00fcrle\u015ftirece\u011fine inan\u0131yoruz.&nbsp;<\/p>\n\n\n\n<p class=\"wp-block-paragraph\">\u0130deolojik olarak s\u0131rt\u0131n\u0131 sosyalist feminizme, pratik olarak kolektif \u00f6znelere\/\u00f6znele\u015fmeye dayayan bir \u00f6rg\u00fctlenme bi\u00e7imi kazan\u0131mlar elde edebilir. G\u00fcncel acil ihtiya\u00e7lar a\u00e7\u0131s\u0131ndan \u00f6zelde bu rejim in\u015fas\u0131na kar\u015f\u0131 ataca\u011f\u0131m\u0131z her hamle zaten \u00f6z\u00fc itibariyle anti hetero-patriyarkal kapitalist praksisler i\u00e7eriyor. Mor Dayan\u0131\u015fma a\u00e7\u0131s\u0131ndan mahallelerde, semtlerde, derneklerimizde yapt\u0131\u011f\u0131m\u0131z sosyalist feminist kollektif \u00f6znele\u015fme ve bu \u00f6znelerle beraber bilin\u00e7 y\u00fckseltme, d\u00f6n\u00fc\u015ft\u00fcrme, kitleselle\u015fme, yay\u0131lma pratiklerinin kendini 10 y\u0131lda g\u00fc\u00e7l\u00fc bir e\u015fi\u011fe getirdi\u011fini ve feminist politikada yeni bir \u00f6rg\u00fctlenme deneyimi ortaya koydu\u011funa inan\u0131yoruz.<\/p>\n\n\n\n<p class=\"wp-block-paragraph\">Pratik faaliyetlerimiz \u00f6rerken ideolojik hatt\u0131m\u0131z, biz kad\u0131nlara sava\u015f a\u00e7m\u0131\u015f bu ikili sisteme kar\u015f\u0131d\u0131r. Ve bu sistemlerin \u00e7oklu sald\u0131r\u0131lar\u0131na kar\u015f\u0131 da par\u00e7as\u0131 oldu\u011fumuz i\u015f\u00e7i s\u0131n\u0131f\u0131 ile i\u00e7 i\u00e7e, Lgbti+, ekoloji, K\u00fcrt hareketi ve Aleviler ile ve elbette ki t\u00fcm antikapitalist-antipatriyarkal toplumsal hareketlerle de el eledir. Tam da bu y\u00fczden; azalmayan aksine g\u00fc\u00e7lenen ve sisteme kar\u015f\u0131 somut, maddi de\u011fi\u015fimler yaratan ve hatta yaratma umudunu dahi veren sosyalist feministlerin, K\u00fcrt kad\u0131n m\u00fccadelesinin bu kadar sald\u0131r\u0131 alt\u0131nda olmas\u0131n\u0131n, son s\u00fcre\u00e7te daha fazla tutuklamalar\u0131n\u0131n, artan \u015fekilde tecrite maruz b\u0131rak\u0131lmalar\u0131n\u0131n tesad\u00fcfi olmad\u0131\u011f\u0131n\u0131 g\u00f6rmemiz gerekir.<\/p>\n\n\n\n<p class=\"wp-block-paragraph\">Konferans\u0131m\u0131zda bu perspektifi ortaya koyarken olu\u015fturdu\u011fumuz \u00e7al\u0131\u015fma alanlar\u0131m\u0131zdan kad\u0131nlarla; K\u00fclt\u00fcr-Sanat, Hukuk, Sa\u011fl\u0131k, Psikososyal Destek Komisyonlar\u0131m\u0131z\u0131n misyonunu yans\u0131tt\u0131k. Akbelen, Alamut, Agrobay, Lezita, belediye i\u015f\u00e7ileri, emekliler, tekstil i\u015f\u00e7ileri, mevsimlik tar\u0131m i\u015f\u00e7ileri, hal i\u015f\u00e7ileri, ev emek\u00e7ileri, LGBT\u0130+&#8217;lar, \u00fcniversiteliler, liseliler, H\u00f6y\u00fck ve Dikmece direni\u015f\u00e7ileri ve depremzede kad\u0131nlar\u0131n konu\u015fmalar\u0131yla da toplumsal sorun alanlar\u0131nda kad\u0131nlar\u0131n \u00f6zg\u00fcl ya\u015fad\u0131\u011f\u0131 sorunlar ve bunlar\u0131n kar\u015f\u0131s\u0131ndaki m\u00fccadele deneyimlerini konu\u015ftuk.\u00a0<\/p>\n\n\n\n<p class=\"wp-block-paragraph\">T\u00fcm bunlar\u0131 konu\u015furken kad\u0131nlar\u0131n kar\u015f\u0131la\u015ft\u0131\u011f\u0131 sorunlar\u0131n \u00fcstesinden gelebilmek i\u00e7in dayan\u0131\u015fma ve \u00f6rg\u00fctl\u00fcl\u00fc\u011f\u00fcn ne denli kritik bir rol oynad\u0131\u011f\u0131 bir kez daha g\u00f6rd\u00fck. Yan yana gelmek, gerici politikalar kar\u015f\u0131s\u0131nda g\u00fcc\u00fcm\u00fcz\u00fc b\u00fcy\u00fctmek bu s\u00fcre\u00e7 i\u00e7in daha yak\u0131c\u0131 bir g\u00f6rev. Diyalektik bir tarih anlay\u0131\u015f\u0131na sahip olan bizler i\u00e7in, tarihi hem belirleyen hem de belirlenen \u00f6zneler olarak; \u00f6ncelikli olarak biriken gerilim anlar\u0131n\u0131n kad\u0131n hareketi i\u00e7in de k\u0131r\u0131lmalar yaratabilece\u011fine inan\u0131yoruz. Patriyarkal kapitalist d\u00fczenin g\u00fcndelik fa\u015fizm ko\u015fullar\u0131, \u015fok doktrinleri y\u00fcz\u00fcnden kad\u0131n hareketinin kendili\u011findenli\u011fe savrulmas\u0131 riskini, sadece rutin takvime-kriz durumlar\u0131na s\u0131k\u0131\u015fma potansiyelini g\u00f6rmemiz gerekir.&nbsp;<\/p>\n\n\n\n<p class=\"wp-block-paragraph\">G\u00fcn\u00fcm\u00fcz d\u00fcnya konjekt\u00fcr\u00fcnde kad\u0131nlar\u0131n \u00f6nc\u00fcl\u00fc\u011f\u00fcnde patlayan, ilerleyen hareketlerin; y\u00fcz\u00fcn\u00fc feminist politikaya ve s\u0131n\u0131f dinami\u011fine daha fazla d\u00f6nmesi, kendili\u011findencili\u011fe, dar grup\u00e7ulu\u011fa d\u00fc\u015fmeden s\u00f6ylem-pratik ikili\u011finden \u00e7\u0131kmas\u0131n\u0131 dayat\u0131yor. T\u00fcrkiye feminist hareketinin antikapitalist toplumsal hareketlerle temas\u0131n\u0131n artmas\u0131n\u0131 ve feminist yolda\u015fl\u0131\u011f\u0131n \u00f6rg\u00fctler arac\u0131yla v\u00fccut bulmas\u0131, kal\u0131c\u0131 hale gelmesini dayat\u0131yor. 10 y\u0131ll\u0131k hem k\u0131sa hem de uzun tarihimizde geldi\u011fimiz e\u015fi\u011fin ve kad\u0131n hareketine verece\u011fimiz g\u00fcc\u00fcn b\u00f6ylesi bir sorumlulu\u011funu ta\u015f\u0131d\u0131\u011f\u0131m\u0131z\u0131 bir kere daha ifade etmek isteriz. Eksikliklerimizle, yetemediklerimizle, hatalar\u0131m\u0131zla y\u00fczle\u015fmek, kollektif \u00f6\u011frenmenin ve feminist m\u00fccadelenin geli\u015ftiren, \u00f6\u011freten ve y\u0131k\u0131p yeniden kuran devrimci dinami\u011fini pusula edinmeye devam edece\u011fiz. &nbsp;<\/p>\n\n\n\n<p class=\"wp-block-paragraph\">Bu konferanslar\u0131n amac\u0131, kad\u0131nlar\u0131n ya\u015famlar\u0131n\u0131 etkileyen zorluklara dair tart\u0131\u015fmalarla birlikte bunlar\u0131n biz kad\u0131nlar\u0131n ya\u015famlar\u0131na nas\u0131l etki etti\u011fini g\u00fcn y\u00fcz\u00fcne \u00e7\u0131kar\u0131p, kar\u015f\u0131s\u0131nda koyulacak ideolojik perspektif ve \u00f6rg\u00fctlenme hatt\u0131n\u0131 birlikte tart\u0131\u015fabilmek. Ayr\u0131ca kad\u0131n hareketine dair birlikte hareket edecek zeminleri ve hareketin ihtiya\u00e7lar\u0131na dair bir y\u00f6n belirleyebilmek. \u00c7aremizin \u00f6rg\u00fctl\u00fc m\u00fccadelede oldu\u011funu tekrar hat\u0131rlamakt\u0131r. Kad\u0131n kurtulu\u015f m\u00fccadelesinin sokak sokak, mahalle mahalle, \u00fclke \u00fclke yayg\u0131nla\u015fmas\u0131 ve kitleselle\u015fmesi gerekmektedir. Bu konferans vesilesiyle, her bir kat\u0131l\u0131mc\u0131n\u0131n bu dayan\u0131\u015fman\u0131n ve \u00f6rg\u00fctl\u00fcl\u00fc\u011f\u00fcn bir par\u00e7as\u0131 olmas\u0131 ve bu bilinci yayg\u0131nla\u015ft\u0131rmas\u0131 en b\u00fcy\u00fck temennimizdir.<\/p>\n\n\n\n<p class=\"wp-block-paragraph\">Konferanslar\u0131m\u0131z\u0131 \u00f6rd\u00fc\u011f\u00fcm\u00fcz s\u00fcre\u00e7te \u015eakran Cezaevinde tutuklu olan arkada\u015flar\u0131m\u0131z Sibel ve Seda\u2019y\u0131 alman\u0131n s\u00f6z\u00fcn\u00fc de vermi\u015ftik birbirimize. Ve bug\u00fcn yolda\u015flar\u0131m\u0131z nihayet d\u0131\u015far\u0131da ve bizlerle. Tabii ki t\u00fcm siyasi tutsak kad\u0131nlar \u00e7\u0131kana kadar m\u00fccadelemiz devam edecek.\u00a0<\/p>\n\n\n\n<p class=\"wp-block-paragraph\">Sosyalist feminist m\u00fccadelemiz yeni bir d\u00f6nemin feminist \u00e7\u0131k\u0131\u015f\u0131n\u0131 zorluyor ve \u00f6rg\u00fctl\u00fc feministler olarak feminist m\u00fccadele hatt\u0131n\u0131 b\u00fcy\u00fctmenin bilinci ve tarihsel sorumlulu\u011fuyla hareket etmeye devam edece\u011fiz.<\/p>\n\n\n\n<p class=\"wp-block-paragraph\">Ya\u015fas\u0131n Kad\u0131n Dayan\u0131\u015fmam\u0131z<\/p>\n\n\n\n<p class=\"wp-block-paragraph\">Ya\u015fas\u0131n Sosyalist Feminist M\u00fccadelemiz!<\/p>\n\n\n\n<div class=\"wp-block-coblocks-gallery-offset alignwide\"><ul class=\"coblocks-gallery has-caption-style-dark has-small-images has-small-gutter\"><li class=\"coblocks-gallery--item\"><figure class=\"wp-block-coblocks-gallery-offset__figure\"><img loading=\"lazy\" decoding=\"async\" width=\"1024\" height=\"682\" src=\"https:\/\/mordayanisma.org\/wp-content\/uploads\/2024\/06\/WhatsApp-Image-2024-06-05-at-14.21.44-1024x682.jpeg\" alt=\"-\" data-id=\"4269\" data-imglink=\"\" data-link=\"https:\/\/mordayanisma.org\/?attachment_id=4269\" class=\"wp-image-4269\" title=\"\" srcset=\"https:\/\/www.mordayanisma.org\/wp-content\/uploads\/2024\/06\/WhatsApp-Image-2024-06-05-at-14.21.44-1024x682.jpeg 1024w, https:\/\/www.mordayanisma.org\/wp-content\/uploads\/2024\/06\/WhatsApp-Image-2024-06-05-at-14.21.44-300x200.jpeg 300w, https:\/\/www.mordayanisma.org\/wp-content\/uploads\/2024\/06\/WhatsApp-Image-2024-06-05-at-14.21.44-768x512.jpeg 768w, https:\/\/www.mordayanisma.org\/wp-content\/uploads\/2024\/06\/WhatsApp-Image-2024-06-05-at-14.21.44-391x260.jpeg 391w, https:\/\/www.mordayanisma.org\/wp-content\/uploads\/2024\/06\/WhatsApp-Image-2024-06-05-at-14.21.44-370x247.jpeg 370w, https:\/\/www.mordayanisma.org\/wp-content\/uploads\/2024\/06\/WhatsApp-Image-2024-06-05-at-14.21.44-760x506.jpeg 760w, https:\/\/www.mordayanisma.org\/wp-content\/uploads\/2024\/06\/WhatsApp-Image-2024-06-05-at-14.21.44-600x400.jpeg 600w, https:\/\/www.mordayanisma.org\/wp-content\/uploads\/2024\/06\/WhatsApp-Image-2024-06-05-at-14.21.44.jpeg 1280w\" sizes=\"auto, (max-width: 1024px) 100vw, 1024px\" \/><\/figure><\/li><li class=\"coblocks-gallery--item\"><figure class=\"wp-block-coblocks-gallery-offset__figure\"><img loading=\"lazy\" decoding=\"async\" width=\"1024\" height=\"768\" src=\"https:\/\/mordayanisma.org\/wp-content\/uploads\/2024\/06\/WhatsApp-Image-2024-06-05-at-14.21.45-1-1024x768.jpeg\" alt=\"-\" data-id=\"4270\" data-imglink=\"\" data-link=\"https:\/\/mordayanisma.org\/?attachment_id=4270\" class=\"wp-image-4270\" title=\"\" srcset=\"https:\/\/www.mordayanisma.org\/wp-content\/uploads\/2024\/06\/WhatsApp-Image-2024-06-05-at-14.21.45-1-1024x768.jpeg 1024w, https:\/\/www.mordayanisma.org\/wp-content\/uploads\/2024\/06\/WhatsApp-Image-2024-06-05-at-14.21.45-1-300x225.jpeg 300w, https:\/\/www.mordayanisma.org\/wp-content\/uploads\/2024\/06\/WhatsApp-Image-2024-06-05-at-14.21.45-1-768x576.jpeg 768w, https:\/\/www.mordayanisma.org\/wp-content\/uploads\/2024\/06\/WhatsApp-Image-2024-06-05-at-14.21.45-1-1536x1152.jpeg 1536w, https:\/\/www.mordayanisma.org\/wp-content\/uploads\/2024\/06\/WhatsApp-Image-2024-06-05-at-14.21.45-1-370x278.jpeg 370w, https:\/\/www.mordayanisma.org\/wp-content\/uploads\/2024\/06\/WhatsApp-Image-2024-06-05-at-14.21.45-1-760x570.jpeg 760w, https:\/\/www.mordayanisma.org\/wp-content\/uploads\/2024\/06\/WhatsApp-Image-2024-06-05-at-14.21.45-1-600x450.jpeg 600w, https:\/\/www.mordayanisma.org\/wp-content\/uploads\/2024\/06\/WhatsApp-Image-2024-06-05-at-14.21.45-1.jpeg 1600w\" sizes=\"auto, (max-width: 1024px) 100vw, 1024px\" \/><\/figure><\/li><li class=\"coblocks-gallery--item\"><figure class=\"wp-block-coblocks-gallery-offset__figure\"><img loading=\"lazy\" decoding=\"async\" width=\"1024\" height=\"682\" src=\"https:\/\/mordayanisma.org\/wp-content\/uploads\/2024\/06\/WhatsApp-Image-2024-06-05-at-14.22.57-1024x682.jpeg\" alt=\"-\" data-id=\"4271\" data-imglink=\"\" data-link=\"https:\/\/mordayanisma.org\/?attachment_id=4271\" class=\"wp-image-4271\" title=\"\" srcset=\"https:\/\/www.mordayanisma.org\/wp-content\/uploads\/2024\/06\/WhatsApp-Image-2024-06-05-at-14.22.57-1024x682.jpeg 1024w, https:\/\/www.mordayanisma.org\/wp-content\/uploads\/2024\/06\/WhatsApp-Image-2024-06-05-at-14.22.57-300x200.jpeg 300w, https:\/\/www.mordayanisma.org\/wp-content\/uploads\/2024\/06\/WhatsApp-Image-2024-06-05-at-14.22.57-768x512.jpeg 768w, https:\/\/www.mordayanisma.org\/wp-content\/uploads\/2024\/06\/WhatsApp-Image-2024-06-05-at-14.22.57-391x260.jpeg 391w, https:\/\/www.mordayanisma.org\/wp-content\/uploads\/2024\/06\/WhatsApp-Image-2024-06-05-at-14.22.57-1536x1023.jpeg 1536w, https:\/\/www.mordayanisma.org\/wp-content\/uploads\/2024\/06\/WhatsApp-Image-2024-06-05-at-14.22.57-370x247.jpeg 370w, https:\/\/www.mordayanisma.org\/wp-content\/uploads\/2024\/06\/WhatsApp-Image-2024-06-05-at-14.22.57-760x506.jpeg 760w, https:\/\/www.mordayanisma.org\/wp-content\/uploads\/2024\/06\/WhatsApp-Image-2024-06-05-at-14.22.57-600x400.jpeg 600w, https:\/\/www.mordayanisma.org\/wp-content\/uploads\/2024\/06\/WhatsApp-Image-2024-06-05-at-14.22.57.jpeg 1600w\" sizes=\"auto, (max-width: 1024px) 100vw, 1024px\" \/><\/figure><\/li><li class=\"coblocks-gallery--item\"><figure class=\"wp-block-coblocks-gallery-offset__figure\"><img data-imglink=\"\" class=\"\"\/><\/figure><\/li><li class=\"coblocks-gallery--item\"><figure class=\"wp-block-coblocks-gallery-offset__figure\"><img data-imglink=\"\" class=\"\"\/><\/figure><\/li><\/ul><\/div>","protected":false},"excerpt":{"rendered":"<p>Mor Dayan\u0131\u015fma 4. T\u00fcrkiye Kad\u0131n Konferans\u0131\u2019na giderken 26 May\u0131s 2023 tarihinde \u00fc\u00e7 ayr\u0131 b\u00f6lge konferans\u0131m\u0131z\u0131 ger\u00e7ekle\u015ftirdik. \u0130ki y\u0131lda bir yapt\u0131\u011f\u0131m\u0131z T\u00fcrkiye kad\u0131n konferanslar\u0131m\u0131z\u0131, 10. y\u0131l\u0131m\u0131zda; Ege, Marmara ve G\u00fcney b\u00f6lge konferanslar\u0131yla yeni bir e\u015fi\u011fe ta\u015f\u0131d\u0131k. B\u00f6lge konferanslar\u0131m\u0131z\u0131 toplamda be\u015fy\u00fcze yak\u0131n kad\u0131n\u0131n kat\u0131l\u0131m\u0131yla ba\u015far\u0131yla tamamlad\u0131k. Ayr\u0131ca bir \u00e7ok dost kurum ve \u00f6znelerin kat\u0131l\u0131m\u0131 ile ger\u00e7ekle\u015fti. Konferanslar\u0131m\u0131zda;&hellip;<\/p>","protected":false},"author":5,"featured_media":4267,"comment_status":"closed","ping_status":"closed","sticky":true,"template":"","format":"standard","meta":{"_coblocks_attr":"","_coblocks_dimensions":"","_coblocks_responsive_height":"","_coblocks_accordion_ie_support":"","_eb_attr":"","inline_featured_image":false,"footnotes":""},"categories":[97],"tags":[],"ppma_author":[573],"class_list":["post-4266","post","type-post","status-publish","format-standard","has-post-thumbnail","hentry","category-sozumuz-var","author-mor-dayanisma"],"authors":[{"term_id":573,"user_id":5,"is_guest":0,"slug":"mor-dayanisma","display_name":"Mor Dayan\u0131\u015fma","avatar_url":"https:\/\/www.mordayanisma.org\/wp-content\/litespeed\/avatar\/18b1bff8d2c98eaf6f87c388a27f2cfa.jpg?ver=1788268176","author_category":"1","first_name":"Mor","last_name":"Dayan\u0131\u015fma","user_url":"","job_title":"","description":"<a href=\"https:\/\/www.mordayanisma.org\/en\/iletisim\/\" target=\"_blank\" rel=\"noopener\">Contact<\/a>\r\n\r\ndayanismamor@gmail.com"}],"_links":{"self":[{"href":"https:\/\/www.mordayanisma.org\/en\/wp-json\/wp\/v2\/posts\/4266","targetHints":{"allow":["GET"]}}],"collection":[{"href":"https:\/\/www.mordayanisma.org\/en\/wp-json\/wp\/v2\/posts"}],"about":[{"href":"https:\/\/www.mordayanisma.org\/en\/wp-json\/wp\/v2\/types\/post"}],"author":[{"embeddable":true,"href":"https:\/\/www.mordayanisma.org\/en\/wp-json\/wp\/v2\/users\/5"}],"replies":[{"embeddable":true,"href":"https:\/\/www.mordayanisma.org\/en\/wp-json\/wp\/v2\/comments?post=4266"}],"version-history":[{"count":0,"href":"https:\/\/www.mordayanisma.org\/en\/wp-json\/wp\/v2\/posts\/4266\/revisions"}],"wp:featuredmedia":[{"embeddable":true,"href":"https:\/\/www.mordayanisma.org\/en\/wp-json\/wp\/v2\/media\/4267"}],"wp:attachment":[{"href":"https:\/\/www.mordayanisma.org\/en\/wp-json\/wp\/v2\/media?parent=4266"}],"wp:term":[{"taxonomy":"category","embeddable":true,"href":"https:\/\/www.mordayanisma.org\/en\/wp-json\/wp\/v2\/categories?post=4266"},{"taxonomy":"post_tag","embeddable":true,"href":"https:\/\/www.mordayanisma.org\/en\/wp-json\/wp\/v2\/tags?post=4266"},{"taxonomy":"author","embeddable":true,"href":"https:\/\/www.mordayanisma.org\/en\/wp-json\/wp\/v2\/ppma_author?post=4266"}],"curies":[{"name":"wp","href":"https:\/\/api.w.org\/{rel}","templated":true}]}}