{"id":4252,"date":"2024-06-05T12:45:20","date_gmt":"2024-06-05T09:45:20","guid":{"rendered":"http:\/\/mordayanisma.org\/?p=4252"},"modified":"2025-11-03T17:15:48","modified_gmt":"2025-11-03T14:15:48","slug":"cati-belgesel-roportaj","status":"publish","type":"post","link":"https:\/\/www.mordayanisma.org\/en\/2024\/06\/05\/cati-belgesel-roportaj\/","title":{"rendered":"&#8220;\u00c7at\u0131 Belgesel&#8221; Y\u00f6netmenleri ile R\u00f6portaj"},"content":{"rendered":"<p class=\"wp-block-paragraph\"><strong>\u2022&nbsp;Merhaba, sizi \u00c7at\u0131 belgeseliyle tan\u0131d\u0131k, bize kendinizden bahsedebilir misiniz?<\/strong><\/p>\n\n\n\n<p class=\"wp-block-paragraph\"><strong>Asl\u0131: <\/strong>Ben Asl\u0131. Marmara&nbsp;\u00dcniversitesi Film Tasar\u0131m\u0131 b\u00f6l\u00fcm\u00fcnden mezun oldum. Yakla\u015f\u0131k&nbsp;3senedir kad\u0131n m\u00fccadelesindeyim,&nbsp;mor dayan\u0131\u015fmada faaliyet y\u00fcr\u00fct\u00fcyorum. Sosyalist feminist bir aktivistim.&nbsp;\u015eu an Samanda\u011f&#8217;da mahallelerde, sosyal medya komisyonunda aktif faaliyet y\u00fcr\u00fct\u00fcyorum. Y\u0131llard\u0131r m\u00fccadele etti\u011fimiz alanlarda, toplumsal cinsiyet e\u015fitsizli\u011fini ve kad\u0131n haklar\u0131n\u0131&nbsp;sanat&nbsp;\u00fczerinden anlatma yollar\u0131n\u0131&nbsp;ararken belgesel alan\u0131na y\u00f6nlendim. Ayn\u0131&nbsp;zamanda&nbsp;sanat\u0131m\u0131&nbsp;da sosyal medya algoritmalar\u0131&nbsp;ile birle\u015ftirerek bu alan\u0131&nbsp;yo\u011funlukla kullanan kad\u0131nlara da ula\u015fmaya&nbsp;\u00e7al\u0131\u015ft\u0131\u011f\u0131m\u0131&nbsp;s\u00f6yleyebilidim.&nbsp;<\/p>\n\n\n\n<figure class=\"wp-block-image size-full\"><img loading=\"lazy\" decoding=\"async\" width=\"735\" height=\"735\" sizes=\"auto, (max-width: 735px) 100vw, 735px\" src=\"https:\/\/www.mordayanisma.org\/wp-content\/uploads\/2024\/06\/image_2025-11-03_171507584.avif\" alt=\"-\" class=\"wp-image-9241\" title=\"\" srcset=\"https:\/\/www.mordayanisma.org\/wp-content\/uploads\/2024\/06\/image_2025-11-03_171507584.avif 735w, https:\/\/www.mordayanisma.org\/wp-content\/uploads\/2024\/06\/image_2025-11-03_171507584-300x300.avif 300w, https:\/\/www.mordayanisma.org\/wp-content\/uploads\/2024\/06\/image_2025-11-03_171507584-150x150.avif 150w, https:\/\/www.mordayanisma.org\/wp-content\/uploads\/2024\/06\/image_2025-11-03_171507584-12x12.avif 12w, https:\/\/www.mordayanisma.org\/wp-content\/uploads\/2024\/06\/image_2025-11-03_171507584-600x600.avif 600w\" \/><\/figure>\n\n\n\n<p class=\"wp-block-paragraph\"><strong>Yaren: <\/strong>Merhaba. Ben Yaren, ben de Marmara \u00dcniversitesi Film Tasar\u0131m\u0131 b\u00f6l\u00fcm\u00fc son s\u0131n\u0131f&nbsp;\u00f6\u011frencisiyim. Yakla\u015f\u0131k 4 senedir de kad\u0131n m\u00fccadelesi i\u00e7erisindeyim, mor dayan\u0131\u015fmal\u0131y\u0131m,&nbsp;\u00f6rg\u00fctl\u00fc sosyalist feminist bir kad\u0131n\u0131m. Hem yerelde, mahallelerde hem k\u00fclt\u00fcr sanat komisyonunda faaliyet y\u00fcr\u00fct\u00fcyorum. Sanatla politikan\u0131n birle\u015fti\u011fi yerde var olabilece\u011fimin inanc\u0131yla, m\u00fccadelemizin sanatla harmanland\u0131\u011f\u0131 yerleri a\u00e7maya, hem kendim \u00fcretmeye hem de k\u00fclt\u00fcr sanat komisyonumuzla kolektif \u00fcretimlerin var olmas\u0131n\u0131 sa\u011flay\u0131p hikayelerimizin sanat\u0131n&nbsp;\u00e7e\u015fitli dallar\u0131 vas\u0131tas\u0131yla duyulmas\u0131 i\u00e7in \u00e7aba g\u00f6steren arkada\u015flardan biriyim. Hem sokakta hem sanatla ses&nbsp;\u00e7\u0131kartmaya&nbsp;\u00e7al\u0131\u015f\u0131yorum diyebiliriz<\/p>\n\n\n\n<p class=\"wp-block-paragraph\"><strong>\u2022&nbsp;Bir yandan dayan\u0131\u015fmayla halk\u0131n ihtiya\u00e7lar\u0131n\u0131 kar\u015f\u0131lamaya&nbsp;\u00e7al\u0131\u015f\u0131rken bir yandan da bu belgeseli&nbsp;\u00e7ektiniz. Sizi bu belgeseli \u00e7ekmeye iten bir kritik an oldu mu? Nas\u0131l karar verdiniz?&nbsp;<\/strong><\/p>\n\n\n\n<p class=\"wp-block-paragraph\"><strong>Yaren: <\/strong>Yani asl\u0131nda sizin de s\u00f6yledi\u011finiz gibi biz ba\u015fta oraya dayan\u0131\u015fma faaliyetleri i\u00e7in gittik. Mor dayan\u0131\u015fma olarak ikinci g\u00fcn Hatay\u2019da kad\u0131n&nbsp;\u00e7ad\u0131r\u0131m\u0131z\u0131 kurduk ve temel ihtiya\u00e7lar\u0131n kar\u015f\u0131lanmas\u0131 i\u00e7in \u00e7al\u0131\u015fmalara ba\u015flad\u0131k. Bizim orada oldu\u011fumuz, sosyalistlerin, feministlerin orada oldu\u011fu bu s\u00fcre zarf\u0131nda devlet yetkilisi tek bir ki\u015fi bile b\u00f6lgede de\u011fildi ve Samanda\u011f g\u00f6z g\u00f6re g\u00f6re \u00f6l\u00fcme terk edilmi\u015f durumdayd\u0131. Bunun kar\u015f\u0131s\u0131nda mevcut iktidar yalanlar\u0131yla ana ak\u0131m\u0131 ku\u015fatm\u0131\u015f ve sanki halk\u0131n yan\u0131ndalarm\u0131\u015f, krizi&nbsp;\u00e7\u00f6zmeye \u00e7al\u0131\u015f\u0131yorlarm\u0131\u015f gibi bir sis perdesini medya ara\u00e7lar\u0131 vas\u0131tas\u0131yla yaymaya ba\u015flam\u0131\u015ft\u0131. &nbsp;Ama bizler orada halka birlikte yan yana olanlar biliyorduk ki, ger\u00e7eklik bu de\u011fildi. Krizi b\u0131rak\u0131n&nbsp;\u00e7\u00f6zmeye \u00e7al\u0131\u015fmay\u0131, f\u0131rsata&nbsp;\u00e7evirmi\u015f ve kendi&nbsp;\u00e7\u0131karlar\u0131 u\u011fruna halk\u0131n&nbsp;\u00f6l\u00fcm\u00fcne g\u00f6z yummu\u015flard\u0131. \u0130\u015fte b\u00f6ylesi bir s\u00fcre\u00e7te Asl\u0131 ve ben bu tarihi s\u00fcreci belgelemeye karar verdik, hatta bunun sorumlulu\u011funu hissettik. Hem devlete kar\u015f\u0131t bir belge olabilmesi hem de bize g\u00fcc\u00fcm\u00fcz\u00fc hat\u0131rlatacak bir haf\u0131za olu\u015fturmas\u0131 i\u00e7in. &nbsp;&nbsp;<\/p>\n\n\n\n<p class=\"wp-block-paragraph\"><strong>Asl\u0131: <\/strong>Depremin ilk&nbsp;saatlerinden itibaren&nbsp;antikapitalist alanlarla ortak bir \u015fekilde faaliyet y\u00fcr\u00fctmeye ba\u015flad\u0131k&nbsp;asl\u0131nda.&nbsp;\u00c7ok h\u0131zl\u0131&nbsp;bir&nbsp;\u015fekilde bir t\u0131r malzeme ile birlikte yolda\u015flar\u0131m\u0131z Hatay&#8217;a do\u011fru yola&nbsp;\u00e7\u0131kt\u0131.&nbsp;B\u00f6lgeye de Mor Dayan\u0131\u015fmal\u0131 olarak ilk giden arkada\u015flardan biri \u0130rem idi.&nbsp;Yaren&#8217;in dedi\u011fi gibi de ikinci g\u00fcn kad\u0131n&nbsp;\u00e7ad\u0131rlar\u0131m\u0131z kuruldu.&nbsp;\u0130lk s\u00fcre\u00e7 atlat\u0131ld\u0131ktan sonra ihtiya\u00e7lar\u0131n artmas\u0131 ile 9. g\u00fcn Yaren ve ben deste\u011fe gittik. Bu s\u00fcreye kadar ana ak\u0131m medyan\u0131n yalanlarla-dolanlarla bizleri manip\u00fcle etmeye \u00e7al\u0131\u015ft\u0131\u011f\u0131n\u0131 fark etmemiz d\u0131\u015f\u0131nda sosyal medyadan da asl\u0131nda yeteri kadar bilgi verilmedi\u011fini fark etmi\u015f olduk.&nbsp;15 g\u00fcnl\u00fck bu faaliyet g\u00f6sterdi\u011fimiz s\u00fcre\u00e7ten sonra ise bir sonraki geli\u015fimizde kameralarla gelmeyi kararla\u015ft\u0131rd\u0131k. 6 Mart&#8217;taki gidi\u015fimizde de kameralar\u0131m\u0131z\u0131 alarak&nbsp;\u00e7ekimlere ba\u015flam\u0131\u015f olduk.&nbsp;<\/p>\n\n\n\n<figure class=\"wp-block-image aligncenter size-large\"><img loading=\"lazy\" decoding=\"async\" width=\"1024\" height=\"577\" sizes=\"auto, (max-width: 800px) 100vw, 800px\" src=\"https:\/\/mordayanisma.org\/wp-content\/uploads\/2024\/06\/WhatsApp-Image-2023-08-26-at-20.00.49-1024x577.jpeg\" alt=\"-\" class=\"wp-image-4257\" title=\"\" srcset=\"https:\/\/www.mordayanisma.org\/wp-content\/uploads\/2024\/06\/WhatsApp-Image-2023-08-26-at-20.00.49-1024x577.jpeg 1024w, https:\/\/www.mordayanisma.org\/wp-content\/uploads\/2024\/06\/WhatsApp-Image-2023-08-26-at-20.00.49-300x169.jpeg 300w, https:\/\/www.mordayanisma.org\/wp-content\/uploads\/2024\/06\/WhatsApp-Image-2023-08-26-at-20.00.49-768x433.jpeg 768w, https:\/\/www.mordayanisma.org\/wp-content\/uploads\/2024\/06\/WhatsApp-Image-2023-08-26-at-20.00.49-1536x866.jpeg 1536w, https:\/\/www.mordayanisma.org\/wp-content\/uploads\/2024\/06\/WhatsApp-Image-2023-08-26-at-20.00.49-370x209.jpeg 370w, https:\/\/www.mordayanisma.org\/wp-content\/uploads\/2024\/06\/WhatsApp-Image-2023-08-26-at-20.00.49-1170x658.jpeg 1170w, https:\/\/www.mordayanisma.org\/wp-content\/uploads\/2024\/06\/WhatsApp-Image-2023-08-26-at-20.00.49-760x428.jpeg 760w, https:\/\/www.mordayanisma.org\/wp-content\/uploads\/2024\/06\/WhatsApp-Image-2023-08-26-at-20.00.49-600x338.jpeg 600w, https:\/\/www.mordayanisma.org\/wp-content\/uploads\/2024\/06\/WhatsApp-Image-2023-08-26-at-20.00.49-270x152.jpeg 270w, https:\/\/www.mordayanisma.org\/wp-content\/uploads\/2024\/06\/WhatsApp-Image-2023-08-26-at-20.00.49.jpeg 1600w\" \/><\/figure>\n\n\n\n<p class=\"wp-block-paragraph\"><\/p>\n\n\n\n<p class=\"wp-block-paragraph\"><strong>Neden \u00c7at\u0131?&nbsp;\u00c7at\u0131 sizin i\u00e7in neyi ifade ediyor?<\/strong><\/p>\n\n\n\n<p class=\"wp-block-paragraph\"><strong>Asl\u0131: <\/strong>Belgeselde \u0130rem&#8217;in r\u00f6portajda dedi\u011fi gibi, hepimiz&nbsp;\u00c7at\u0131&#8217;s\u0131z kald\u0131k. Bu sefer zarf\u0131nda bu&nbsp;\u00e7at\u0131 bir&nbsp;\u00e7at\u0131 bulma hikayemize anlatt\u0131\u011f\u0131 i\u00e7inde isim olarak \u00e7ok de\u011ferli bir yerde kal\u0131yor. Keza \u0130rem bu r\u00f6portaj\u0131 biz&nbsp;&#8220;\u00e7at\u0131&#8221; ismini&nbsp;bulmadan&nbsp;\u00f6nce vermi\u015fti ve isim bulma s\u00fcrecimiz asl\u0131nda&nbsp;\u00e7ok ama \u00e7ok uzundu.&nbsp;\u0130sim konusunda \u0130rem en&nbsp;\u00e7ok emek veren arkada\u015flardan biriydi. \u0130smi bulduktan sonra r\u00f6portajda bu c\u00fcmlenin ge\u00e7ti\u011fini fark etmemizle birliktebizim i\u00e7in daha da de\u011ferli oldu asl\u0131nda.<\/p>\n\n\n\n<p class=\"wp-block-paragraph\"><strong>Yaren: <\/strong>Asl\u0131\u2019da s\u00f6yledi zaten burada&nbsp;\u0130rem\u2019in hakk\u0131n\u0131 yiyemeyiz Belgeselde de&nbsp;\u00e7ok\u00e7a g\u00f6rd\u00fc\u011f\u00fcm\u00fcz, bug\u00fcn hala hem Samanda\u011f\u2019da hem \u0130stanbul\u2019da faaliyette olan, ayn\u0131 zamanda Samanda\u011f\u2019l\u0131 olan arkada\u015flar\u0131m\u0131zdan biri \u0130rem. Ve bu belgesel s\u00fcrecinin her a\u015famas\u0131nda bizimleydi. \u0130sim bulma s\u00fcrecinde de vard\u0131 ve \u201c\u00c7at\u0131\u201d ismi asl\u0131nda onun fikriydi ve hepimizin i\u00e7ine \u00e7ok sindi. O s\u0131ralar bar\u0131nma krizi&nbsp;\u00fczerine \u00e7ok tart\u0131\u015f\u0131l\u0131yordu(hala&nbsp;\u00e7ok konu\u015fuluyor), yani somut anlamda da&nbsp;\u00e7at\u0131s\u0131z kalm\u0131\u015ft\u0131k asl\u0131nda. Okullar\u0131n, i\u015f yerlerin, evlerin&#8230;&nbsp;\u00c7at\u0131s\u0131 yoktu art\u0131k. Ve bu s\u00fcre\u00e7te bizler kurdu\u011fumuz dayan\u0131\u015fmam\u0131zla birbirimizin&nbsp;\u00e7at\u0131s\u0131 olmu\u015ftuk. &nbsp; &nbsp;<\/p>\n\n\n\n<figure class=\"wp-block-image aligncenter size-large\"><img loading=\"lazy\" decoding=\"async\" width=\"1024\" height=\"682\" sizes=\"auto, (max-width: 800px) 100vw, 800px\" src=\"https:\/\/mordayanisma.org\/wp-content\/uploads\/2024\/06\/WhatsApp-Image-2024-06-03-at-19.14.52-2-1024x682.jpeg\" alt=\"-\" class=\"wp-image-4256\" title=\"\" srcset=\"https:\/\/www.mordayanisma.org\/wp-content\/uploads\/2024\/06\/WhatsApp-Image-2024-06-03-at-19.14.52-2-1024x682.jpeg 1024w, https:\/\/www.mordayanisma.org\/wp-content\/uploads\/2024\/06\/WhatsApp-Image-2024-06-03-at-19.14.52-2-300x200.jpeg 300w, https:\/\/www.mordayanisma.org\/wp-content\/uploads\/2024\/06\/WhatsApp-Image-2024-06-03-at-19.14.52-2-768x512.jpeg 768w, https:\/\/www.mordayanisma.org\/wp-content\/uploads\/2024\/06\/WhatsApp-Image-2024-06-03-at-19.14.52-2-391x260.jpeg 391w, https:\/\/www.mordayanisma.org\/wp-content\/uploads\/2024\/06\/WhatsApp-Image-2024-06-03-at-19.14.52-2-370x247.jpeg 370w, https:\/\/www.mordayanisma.org\/wp-content\/uploads\/2024\/06\/WhatsApp-Image-2024-06-03-at-19.14.52-2-760x506.jpeg 760w, https:\/\/www.mordayanisma.org\/wp-content\/uploads\/2024\/06\/WhatsApp-Image-2024-06-03-at-19.14.52-2-600x400.jpeg 600w, https:\/\/www.mordayanisma.org\/wp-content\/uploads\/2024\/06\/WhatsApp-Image-2024-06-03-at-19.14.52-2.jpeg 1280w\" \/><\/figure>\n\n\n\n<p class=\"wp-block-paragraph\"><\/p>\n\n\n\n<p class=\"wp-block-paragraph\"><strong>Deprem s\u00fcrecini ve deprem sonras\u0131ndaki Samanda\u011f\u2019daki kad\u0131n dayan\u0131\u015fmas\u0131n\u0131 belgeselle\u015ftirdiniz. Bunu yaparken neler sizi zorlad\u0131?<\/strong><\/p>\n\n\n\n<p class=\"wp-block-paragraph\"><strong>Yaren: <\/strong>Yani teknik olarak her&nbsp;\u015fey planlad\u0131\u011f\u0131m\u0131z gibi olmad\u0131 tabii ki&nbsp;\u00e7\u00fcnk\u00fc biz faaliyetteydik ve \u00f6nceli\u011fimiz buydu. Haliyle temel ihtiya\u00e7lar i\u00e7in da\u011f\u0131t\u0131m yapt\u0131\u011f\u0131m\u0131z, kad\u0131nlarla etkinlikler yapt\u0131\u011f\u0131m\u0131z, sohbet etti\u011fimiz, mahalle gezdi\u011fimiz i\u00e7in kay\u0131t alt\u0131na alamad\u0131\u011f\u0131m\u0131z&nbsp;\u00e7ok an oldu, \u00e7ekebildi\u011fimiz anlar\u0131 da teknik olarak ba\u015far\u0131l\u0131 olarak&nbsp;\u00e7er\u00e7evelendirmekte zorland\u0131\u011f\u0131m\u0131z da oldu ama buna ra\u011fmen 5 ay s\u00fcre ile yapabildi\u011fimiz kadar an\u0131 kaydettik, elimizde 200 k\u00fcs\u00fcr saatlik g\u00f6r\u00fcnt\u00fc var. Ama teknik mevzunun d\u0131\u015f\u0131nda duygusal boyutu da var, bunu&nbsp;\u00e7ekim yaparken ya da o an\u0131n yo\u011funlu\u011funda fark etmedim ama sonras\u0131nda g\u00f6r\u00fcnt\u00fclerin hepsini izlemeye ba\u015flad\u0131\u011f\u0131m\u0131z zaman tarihe ge\u00e7mi\u015f b\u00f6ylesi bir depremin katliama \u00e7evrildi\u011fi bu s\u00fcreci belgelemi\u015f olman\u0131n a\u011f\u0131rl\u0131\u011f\u0131n\u0131&nbsp;\u00e7ok yo\u011fun hissettim omuzlar\u0131mda. Ba\u015fta da bir sorumluluk bilinciyle s\u00fcreci belgelemeye ba\u015flad\u0131\u011f\u0131m\u0131z\u0131 s\u00f6ylemi\u015ftim ama bu belgenin ne kadar ger\u00e7ek oldu\u011fuyla bir kez daha y\u00fczle\u015fmek daha ciddi bir sorumluluk hissi uyand\u0131rd\u0131 i\u00e7imde. Hatta sadece depreme dair de\u011fil,&nbsp;\u00fclkede ya\u015fan\u0131lan, bize ya\u015fatt\u0131r\u0131lan, kar\u015f\u0131s\u0131nda direndi\u011fimiz ve birlikte m\u00fccadele etti\u011fimiz her olay\u0131n belgelenmesine dair ciddi bir sorumluluk uyand\u0131rd\u0131. &nbsp;<\/p>\n\n\n\n<p class=\"wp-block-paragraph\"><strong>Asl\u0131:<\/strong>&nbsp;Ayr\u0131ca en&nbsp;\u00e7ok zorlayan&nbsp;\u015feylerden biri Arap\u00e7a bilmememizdi. \u00c7\u00fcnk\u00fc insanlar\u0131n ana dili ile r\u00f6portaj yapamam\u0131\u015f hatta genel olarak konu\u015fmalar\u0131 dahi&nbsp;\u00e7ok anlayamam\u0131\u015f olduk.&nbsp;Bu s\u00fcre\u00e7te yereldeki arkada\u015flar ne kadar&nbsp;\u00e7eviri yapsa da ortamda konu\u015fulan sohbetleri tam anlam\u0131yla kar\u015f\u0131layacak bir&nbsp;\u00e7eviriyi zaman\u0131nda yakalayamam\u0131\u015f&nbsp;olduk ve&nbsp;eksik kald\u0131\u011f\u0131m\u0131z\u0131&nbsp;bolca hissettik. Birka\u00e7&nbsp;defa Arap\u00e7a konu\u015fmalar\u0131&nbsp;kay\u0131t alt\u0131na alsak da&nbsp;\u00e7ekim yaparken de kurgu yaparken de bizi&nbsp;\u00e7ok zorlad\u0131\u011f\u0131ndan bu g\u00f6r\u00fcnt\u00fcleri&nbsp;kullanamad\u0131k.<\/p>\n\n\n\n<p class=\"wp-block-paragraph\">Bir de hem faaliyet y\u00fcr\u00fctmek hem de belgesel \u00e7ekmek bir yan\u0131yla&nbsp;\u00e7ok faydal\u0131 bir yan\u0131yla da&nbsp;\u00e7ok zorluydu.&nbsp;\u0130nsanlarla i\u00e7 i\u00e7e olmak ve onlara dokunabilmek belgeseli daha da samimi bir hale getirdi&nbsp;ve g\u00fcnl\u00fck hayat\u0131n ak\u0131\u015f\u0131n\u0131&nbsp;ve anl\u0131k sohbetleri, olaylar\u0131&nbsp;\u00e7ekebilme f\u0131rsat\u0131&nbsp;yakalad\u0131k.&nbsp;fakat ayn\u0131 anda hem kad\u0131nlarla ileti\u015fime ge\u00e7mek hem de \u00e7ekim yapmak bizim i\u00e7in \u00e7ok zorluydu ki bu y\u00fczden bir\u00e7ok alanda \u00e7ekim dahi yapamam\u0131\u015f olduk.&nbsp;Anl\u0131k geli\u015fen olaylarda elimizde kamera olmad\u0131\u011f\u0131nda hikayeyi ka\u00e7\u0131rm\u0131\u015f&nbsp;oluyorduk.&nbsp;\u00c7ekim yapabildi\u011fimiz alanlarda da d\u00f6n\u00fc\u015f\u00fcml\u00fc&nbsp;kameray\u0131&nbsp;elimize alma durumunda kald\u0131k. Yani birimiz&nbsp;\u00e7o\u011funlukla olay\u0131n d\u0131\u015f\u0131nda kal\u0131yordu.<\/p>\n\n\n\n<figure class=\"wp-block-pullquote\"><blockquote><p>Hatta sadece depreme dair de\u011fil,&nbsp;\u00fclkede ya\u015fan\u0131lan, bize ya\u015fatt\u0131r\u0131lan, kar\u015f\u0131s\u0131nda direndi\u011fimiz ve birlikte m\u00fccadele etti\u011fimiz her olay\u0131n belgelenmesine dair ciddi bir sorumluluk uyand\u0131rd\u0131. &nbsp;<\/p><\/blockquote><\/figure>\n\n\n\n<p class=\"wp-block-paragraph\"><strong>Belgeseli \u00e7ekerken Samanda\u011fl\u0131 kad\u0131nlar\u0131n size geri d\u00f6n\u00fc\u015fleri nas\u0131l oldu? Sonu\u00e7ta \u00f6nemli bir s\u00fcreci belgelediniz ve kad\u0131nlar\u0131n bir\u00e7ok an\u0131nda yanlar\u0131ndayd\u0131n\u0131z.<\/strong><\/p>\n\n\n\n<p class=\"wp-block-paragraph\"><strong>Asl\u0131: <\/strong>Bu s\u00fcre\u00e7te faaliyet y\u00fcr\u00fctmemizle birlikte kad\u0131nlar\u0131n g\u00fcvenini sa\u011flam\u0131\u015f olduk. Kamera ile bizi g\u00f6rmeleri asl\u0131nda onlar\u0131 daha da g\u00fc\u00e7 verdi\u011fini hissettim.&nbsp;\u00c7\u00fcnk\u00fc ayn\u0131 zamanda sadece yerelde de\u011fil medyada da&nbsp;seslerini duyurabileceklerini hissettiler ve bazen kamerayakonu\u015fmaktan asla&nbsp;\u00e7ekinmediler. \u00d6zellikle&nbsp;direni\u015f alanlar\u0131nda kad\u0131nlara kameray\u0131&nbsp;\u00e7evirmek ve onlarla&nbsp;olay tazeyken&nbsp;r\u00f6portaj yapmak hepimiz i\u00e7in bamba\u015fka bir&nbsp;deneyimdi.&nbsp;\u00c7\u00fcnk\u00fc&nbsp;o anki hissedilen duygularla kurulan c\u00fcmleler kad\u0131nlar\u0131n&nbsp;\u00f6fkesini de direni\u015fini de&nbsp;\u015feffaf bir&nbsp;\u015fekilde yans\u0131tt\u0131\u011f\u0131m\u0131z\u0131&nbsp;hissettirdi bize de. Eylem alanlar\u0131nda en&nbsp;\u00f6nde ajitasyon&nbsp;\u00e7eken kad\u0131nlar\u0131n g\u00f6zlerindeki alevi g\u00f6rmek birbirimize tutunduk\u00e7a m\u00fccadelemizin ne kadar&nbsp;\u00f6nemli ve de\u011ferli oldu\u011funu g\u00f6sterdi.<\/p>\n\n\n\n<figure class=\"wp-block-image aligncenter size-large\"><img loading=\"lazy\" decoding=\"async\" width=\"1024\" height=\"768\" sizes=\"auto, (max-width: 800px) 100vw, 800px\" src=\"https:\/\/mordayanisma.org\/wp-content\/uploads\/2024\/06\/IMG-20230215-WA0190-1024x768.jpg\" alt=\"-\" class=\"wp-image-4255\" title=\"\" srcset=\"https:\/\/www.mordayanisma.org\/wp-content\/uploads\/2024\/06\/IMG-20230215-WA0190-1024x768.jpg 1024w, https:\/\/www.mordayanisma.org\/wp-content\/uploads\/2024\/06\/IMG-20230215-WA0190-300x225.jpg 300w, https:\/\/www.mordayanisma.org\/wp-content\/uploads\/2024\/06\/IMG-20230215-WA0190-768x576.jpg 768w, https:\/\/www.mordayanisma.org\/wp-content\/uploads\/2024\/06\/IMG-20230215-WA0190-1536x1152.jpg 1536w, https:\/\/www.mordayanisma.org\/wp-content\/uploads\/2024\/06\/IMG-20230215-WA0190-370x278.jpg 370w, https:\/\/www.mordayanisma.org\/wp-content\/uploads\/2024\/06\/IMG-20230215-WA0190-760x570.jpg 760w, https:\/\/www.mordayanisma.org\/wp-content\/uploads\/2024\/06\/IMG-20230215-WA0190-600x450.jpg 600w, https:\/\/www.mordayanisma.org\/wp-content\/uploads\/2024\/06\/IMG-20230215-WA0190.jpg 1600w\" \/><\/figure>\n\n\n\n<p class=\"wp-block-paragraph\"><strong>Yaren:<\/strong> Duygusal anlar ya\u015fand\u0131 yani depremin ilk zamanlar\u0131ndan bug\u00fcne her&nbsp;\u015fey g\u00f6z\u00fcm\u00fcz\u00fcn \u00f6n\u00fcnden ge\u00e7ti, dayan\u0131\u015fmam\u0131z\u0131 ve m\u00fccadelemizi, birlikte ne kadar g\u00fc\u00e7l\u00fc oldu\u011fumuzu bir kez daha g\u00f6rd\u00fck ve birbirimize hat\u0131rlatt\u0131k. D\u00f6n\u00fc\u015fler genelde duygusal ama bir o kadar da umutlu oldu. Bir kez daha&nbsp;\u00f6rg\u00fctl\u00fcl\u00fc\u011f\u00fcn \u00f6neminin alt\u0131n\u0131&nbsp;\u00e7izdik hep beraber ve bol bol sar\u0131ld\u0131k birbirimize, yan yana ve omuz omuza olu\u015fumuza iyi ki dedik, bundan sonras\u0131 i\u00e7in de g\u00fc\u00e7 verdik birbirimize.<\/p>\n\n\n\n<p class=\"wp-block-paragraph\"><strong>Bu deprem felaketinde sorumlular g\u00f6revlerini yerine getirmedi\u011fi i\u00e7in do\u011fal afet bir katliama d\u00f6nd\u00fc. Bunun sonu\u00e7lar\u0131n\u0131 ve sonras\u0131nda kurulan dayan\u0131\u015fmay\u0131 belgesele d\u00f6n\u00fc\u015ft\u00fcrmek size nas\u0131l hissettiriyor?<\/strong><\/p>\n\n\n\n<p class=\"wp-block-paragraph\"><strong>Asl\u0131: <\/strong>Evet bu bir afet de\u011fil katliamd\u0131. Bir\u00e7ok k\u0131z karde\u015fimizi,&nbsp;kom\u015fumuzu akrabam\u0131z\u0131 bu katliamda kaybettik. Fakat sonras\u0131nda kurulan dayan\u0131\u015fma hepimizi g\u00fc\u00e7l\u00fc k\u0131ld\u0131 ve hepimizin i\u00e7indeki&nbsp;o&nbsp;alevin ne kadar harlanabilece\u011fini&nbsp;g\u00f6sterdi.&nbsp;Biz zaten&nbsp;\u00f6rg\u00fctl\u00fc&nbsp;oldu\u011fumuz i\u00e7in o zamanlarda devletin, iktidar\u0131n neden g\u00f6revlerini yerine getirmedi\u011fini gayet iyi biliyorduk. Yak\u0131n zamanda &#8220;oy yoksa hizmet yok&#8221; diye kendi politikalar\u0131n\u0131&nbsp;da a\u00e7\u0131k\u00e7a itiraf etmi\u015f&nbsp;oldular. Biz de bu belgeselde daha ilk g\u00fcnlerden halk dayan\u0131\u015fmas\u0131n\u0131n bizi ne denli g\u00fc\u00e7l\u00fc&nbsp;k\u0131labilece\u011fini ve mevcut iktidar olmadan asl\u0131nda daha da iyi olabilece\u011fimizi g\u00f6stermi\u015f&nbsp;olduk.&nbsp;\u00c7\u00fcnk\u00fc&nbsp;iktidar\u0131n gelid\u011fi yerde moloz y\u0131\u011f\u0131nlar\u0131, yalanlar, manip\u00fclasyon ve&nbsp;\u015fiddet&nbsp;vard\u0131. Bu dayan\u0131\u015fma&nbsp;bizim&nbsp;ne kadar \u00f6znele\u015febilece\u011fimizi&nbsp;ve s\u0131n\u0131rlar\u0131m\u0131z\u0131 ne kadar zorlayabilece\u011fimizi fark etmemizi sa\u011flad\u0131.&nbsp;\u00d6rg\u00fctl\u00fcl\u00fc\u011f\u00fcn&nbsp;ne kadar \u00f6nemli oldu\u011funu ve dayan\u0131\u015fman\u0131n&nbsp;bizi&nbsp;ne kadar kuvvetli k\u0131laca\u011f\u0131n\u0131 ve iyi hissettirdi\u011fini fark etmi\u015f olduk.asla yaln\u0131z kalmayaca\u011f\u0131m\u0131z\u0131 hissetmi\u015f olduk.&nbsp;<\/p>\n\n\n\n<p class=\"wp-block-paragraph\">Ayr\u0131ca kurgu s\u00fcrecinde g\u00f6r\u00fcnt\u00fcleri&nbsp;defalarca izledik. Fakat&nbsp;ilk g\u00f6sterimi atlayamayaca\u011f\u0131m,&nbsp;dev ekranda&nbsp;ve g\u00f6sterime gelen onlarca&nbsp;ki\u015fiyle yan yana&nbsp;izlemenin bamba\u015fka bir&nbsp;\u015fey oldu\u011funu hissettim. bunu kelimelerle dahi anlatam\u0131yorum. San\u0131r\u0131m bu s\u00fcre\u00e7te verilen eme\u011fi ve m\u00fccadeleyi Hatay d\u0131\u015f\u0131ndaki halka ula\u015ft\u0131rmak hepimiz ad\u0131na gururland\u0131rd\u0131&nbsp;beni.&nbsp;G\u00f6zya\u015flar\u0131ma hakim olamad\u0131\u011f\u0131m\u0131 itiraf edebilirim.<\/p>\n\n\n\n<p class=\"wp-block-paragraph\"><strong>Yaren: <\/strong>G\u00fc\u00e7l\u00fc. Tek kelimeyle b\u00f6yle ifade ederim san\u0131yorum. Yani bu g\u00fcc\u00fcn sebebi de kesinlikle \u00f6rg\u00fctl\u00fcl\u00fck. \u00d6yle ki y\u0131llard\u0131r h\u00fck\u00fcm s\u00fcren bir iktidar var, kendi \u00e7\u0131karlar\u0131 u\u011fruna t\u00fcrl\u00fc t\u00fcrl\u00fc oyunlar i\u00e7erisinde halkla dalga ge\u00e7er gibi yalanlar s\u00f6yl\u00fcyor, varl\u0131\u011f\u0131n\u0131z\u0131, haklar\u0131n\u0131z\u0131, hayatlar\u0131n\u0131z\u0131, hatta akl\u0131n\u0131z\u0131 yok say\u0131yor ve siz bunun kar\u015f\u0131s\u0131nda \u201cben buraday\u0131m, biz buraday\u0131z ve sizin de kim oldu\u011funuzu ne yapmaya&nbsp;\u00e7al\u0131\u015ft\u0131\u011f\u0131n\u0131z\u0131&nbsp;\u00e7ok iyi biliyoruz\u201d diyorsunuz.&nbsp;\u0130\u015fte&nbsp;\u00f6rg\u00fctl\u00fc ya\u015fam i\u00e7erisinde yapt\u0131\u011f\u0131m\u0131z her faaliyete de bu belgesele dair de hissetti\u011fim \u015fey tam da bu, iktidar\u0131n ve bu katliamdan sorumlu olanlar\u0131n ger\u00e7ekli\u011fi&nbsp;\u00e7arp\u0131tarak yaratmaya&nbsp;\u00e7al\u0131\u015ft\u0131klar\u0131 g\u00fcc\u00fcn kar\u015f\u0131s\u0131nda, halk\u0131n&nbsp;\u00f6z g\u00fcc\u00fc ve iradesiyle cevap vermenin ve hesap sorman\u0131n g\u00fcc\u00fc. Biz sosyalistler, feministler, halk olarak depremin ilk saatlerinden itibaren b\u00f6lgede dayan\u0131\u015fma i\u00e7erisindeyken siz neredeydiniz?! &nbsp;&nbsp;<\/p>\n\n\n\n<p class=\"wp-block-paragraph\"><strong>Eski ismiyle Yeni Park, sizin koydu\u011funuz ismi ile de 6 \u015eubat Dayan\u0131\u015fma Park\u0131\u2026 Bu parkta neler yapt\u0131n\u0131z, nas\u0131l bir dayan\u0131\u015fma merkezine d\u00f6n\u00fc\u015ft\u00fcrd\u00fcn\u00fcz, biraz bahsedebilir misiniz?<\/strong><\/p>\n\n\n\n<p class=\"wp-block-paragraph\"><strong>Yaren: <\/strong>Asl\u0131nda Asl\u0131\u2019n\u0131n da s\u00f6yledi\u011fi gibi buras\u0131 kad\u0131n&nbsp;\u00e7ad\u0131r\u0131m\u0131z\u0131 kurdu\u011fumuz ilk yer. Burada ba\u015flarda&nbsp;\u00e7ad\u0131r vas\u0131tas\u0131yla kad\u0131nlar\u0131n temel ihtiya\u00e7lara ula\u015fmas\u0131 i\u00e7in da\u011f\u0131t\u0131mlar yap\u0131yorduk, daha sonra ihtiya\u00e7lar da&nbsp;\u015fekillendi, bir yerden sonra burada psiko-sosyal destek&nbsp;\u00e7al\u0131\u015fmalar\u0131, avukat arkada\u015flarla hak gasplar\u0131m\u0131z\u0131n kar\u015f\u0131s\u0131nda ne yapmam\u0131z gerekti\u011fine dair at\u00f6lyeler, k\u00fclt\u00fcr sanat etkinlikleri yapmaya ba\u015flad\u0131k. Buras\u0131 bizim i\u00e7in eylem alan\u0131, etkinlik yeri, birlikte yemek yap\u0131p yedi\u011fimiz,&nbsp;\u00e7ay kahve i\u00e7tip sohbet etti\u011fimiz, birbirimizin g\u00fcvenli\u011fi i\u00e7in n\u00f6bet tuttu\u011fumuz,&nbsp;\u00e7ocuklar i\u00e7in oyun bah\u00e7esi olan bir ya\u015fam alan\u0131na d\u00f6nd\u00fc. Gecenin sessizli\u011finde de sabah\u0131n g\u00fcr\u00fclt\u00fcs\u00fcnde de yan yana oldu\u011fumuz ve bir arada olman\u0131n g\u00fcc\u00fcn\u00fc iliklerimize kadar hissetti\u011fimiz yerdi buras\u0131, dayan\u0131\u015fman\u0131n&nbsp;\u00e7ok somut bir kar\u015f\u0131l\u0131\u011f\u0131yd\u0131 hepimiz i\u00e7in. Hep de \u00f6yle olacak, oras\u0131 bizim i\u00e7in \u201c6&nbsp;\u015eubat dayan\u0131\u015fma park\u0131\u201d ve&nbsp;\u00f6yle kalacak.&nbsp;<\/p>\n\n\n\n<p class=\"wp-block-paragraph\"><strong>Asl\u0131: <\/strong>Samanda\u011f&#8217;da&nbsp;\u00e7ad\u0131rlar\u0131m\u0131z\u0131 kurdu\u011fumuz ilk koordinasyon merkezi buras\u0131yd\u0131. Yolda\u015flar\u0131m\u0131zdeprem s\u00fcrecinde&nbsp;burada&nbsp;\u00f6rg\u00fctlendi, kad\u0131nlarla etkinlikleri buralarda yapt\u0131k, 8 Mart&#8217;\u0131&nbsp;bu parkta ger\u00e7ekle\u015ftirdik, kad\u0131nlarla&nbsp;birlikte emek verdik,&nbsp;dayan\u0131\u015fma ya\u015fat\u0131r pankart\u0131n\u0131n&nbsp;\u00f6n\u00fcnde&nbsp;s\u0131k s\u0131k bir araya geldik&#8230;&nbsp;\u00c7ocuklarla haftada bir bu park\u0131n meydan\u0131nda oyunlar oynad\u0131k, bayramlar\u0131&nbsp;bu meydanda kutlad\u0131k, yas\u0131m\u0131z\u0131&nbsp;bu meydanda ya\u015fad\u0131k.&nbsp;\u00c7ok fazla an\u0131lar asl\u0131nda. Hepsi bizim i\u00e7in ayr\u0131 ayr\u0131 de\u011ferli.&nbsp;Dayan\u0131\u015fma park\u0131&nbsp;bizim i\u00e7in sadece bir park olmaktan&nbsp;\u00e7\u0131k\u0131p ya\u015fam alan\u0131m\u0131z haline gelmi\u015fti. mutlulu\u011fumuzda da h\u00fczn\u00fcm\u00fczde de hep bir ate\u015f&nbsp;ba\u015f\u0131nda yan yana idik.&nbsp;<\/p>\n\n\n\n<figure class=\"wp-block-pullquote\"><blockquote><p>Dayan\u0131\u015fma, benim hayat\u0131ma&nbsp;\u00f6nce birka\u00e7 ki\u015fiyle geldi sonra bu birka\u00e7 ki\u015fi y\u00fczlerce ki\u015fi oldu. Ve bu birka\u00e7 ki\u015fi birbirine&nbsp;\u00f6nce g\u00fc\u00e7 sonra da \u00e7at\u0131 oldu. Bu&nbsp;\u00e7at\u0131 da b\u00fct\u00fcn kad\u0131nlara umut oldu.<\/p><\/blockquote><\/figure>\n\n\n\n<p class=\"wp-block-paragraph\"><strong>Belgeseli izleyenlerden nas\u0131l geri d\u00f6n\u00fc\u015fler ald\u0131n\u0131z? Bir\u00e7ok yerde g\u00f6sterimi yap\u0131lan bu g\u00f6sterimlerde bir\u00e7ok kad\u0131n\u0131n ayn\u0131 duyguda\u015fl\u0131\u011f\u0131 ya\u015fanmas\u0131n\u0131 sa\u011flad\u0131n\u0131z. Sizi etkileyen bir yorum oldu mu? Ve Belgeseli izlemek isteyenler nereden izleyebilir?<\/strong><\/p>\n\n\n\n<p class=\"wp-block-paragraph\"><strong>Asl\u0131: <\/strong>G\u00f6sterimlerdeki t\u00fcm yorumlar bizim i\u00e7in bamba\u015fka bir de\u011fere sahipti.&nbsp;Beni&nbsp;en&nbsp;\u00e7ok etkileyen yorum bu s\u00fcre\u00e7te ilk \u00f6rg\u00fctlenen arkada\u015f\u0131m\u0131z \u0130lknur&#8217;un yorumuydu&nbsp;diyebilirim. Hatta Instagram sayfas\u0131nda \u0130lknur&#8217;un do\u011fum g\u00fcn\u00fcn\u00fc kutlad\u0131\u011f\u0131m\u0131z bir videoda konu\u015fmas\u0131n\u0131 yaz\u0131l\u0131 halini alta eklemi\u015f olduk.&nbsp;bu konu\u015fman\u0131n en de\u011ferli k\u0131sm\u0131&nbsp;benim i\u00e7in&nbsp;\u015fu c\u00fcmlelerdi:<\/p>\n\n\n\n<p class=\"wp-block-paragraph\">&#8220;Dayan\u0131\u015fma tan\u0131mad\u0131\u011f\u0131n insanlar\u0131n yaralar\u0131n\u0131 sarmakt\u0131, bazen k\u00fc\u00e7\u00fck bir kamp \u00e7ad\u0131r\u0131, s\u0131cak bir g\u00fcl\u00fcmsemenin sebebi olmakt\u0131, bazen yemek s\u0131ralar\u0131nda beraber beklemek, mahallelerde ayaklar\u0131m\u0131z su toplayana kadar dola\u015fmak,&nbsp;bazen sar\u0131lmak, karanl\u0131k bast\u0131rd\u0131\u011f\u0131nda birbirine \u0131\u015f\u0131k olmak, sabahlara kadar birlikte n\u00f6bet tutmak ve en \u00f6nemlisi de birlikte m\u00fccadele etmekti. Dayan\u0131\u015fma, benim hayat\u0131ma&nbsp;\u00f6nce birka\u00e7 ki\u015fiyle geldi sonra bu birka\u00e7 ki\u015fi y\u00fczlerce ki\u015fi oldu. Ve bu birka\u00e7 ki\u015fi birbirine&nbsp;\u00f6nce g\u00fc\u00e7 sonra da \u00e7at\u0131 oldu. Bu&nbsp;\u00e7at\u0131 da b\u00fct\u00fcn kad\u0131nlara umut oldu.&#8221;<\/p>\n\n\n\n<p class=\"wp-block-paragraph\">Belgesel hen\u00fcz herhangi bir platformda de\u011fil. Fakat bir s\u00fcre daha g\u00f6sterimlere devam ettikten sonra&nbsp;\u00c7at\u0131&#8217;n\u0131n instagram sayfas\u0131nda nerede yay\u0131nlad\u0131\u011f\u0131m\u0131z\u0131&nbsp;payla\u015fm\u0131\u015f&nbsp;olaca\u011f\u0131z.<\/p>\n\n\n\n<p class=\"wp-block-paragraph\"><strong>Yaren: <\/strong>Kurgu a\u015famas\u0131ndayken hikayeye dair konu\u015ftu\u011fumuz s\u0131rada emin oldu\u011fumuz tek bir \u015fey vard\u0131, bu belgeselin y\u0131k\u0131m\u0131 de\u011fil, bu s\u00fcrecin i\u00e7erisindeki dayan\u0131\u015fmay\u0131 ve m\u00fccadeleyi belgelemesi. \u00c7\u00fcnk\u00fc ac\u0131 ve y\u0131k\u0131m\u0131&nbsp;\u00e7e\u015fitli versiyonlar\u0131yla g\u00f6rm\u00fc\u015f ve ya\u015fam\u0131\u015ft\u0131k ama bunun kar\u015f\u0131s\u0131nda direnen halk\u0131, dayan\u0131\u015fmay\u0131 yeterince g\u00f6rememi\u015ftik. Bu sebeple beni san\u0131r\u0131m en&nbsp;\u00e7ok etkileyen yorumlar, yapmak istedi\u011fimiz \u015feyi g\u00f6ren, belgeselin dayan\u0131\u015fma ve m\u00fccadele k\u0131sm\u0131n\u0131 tutup oray\u0131&nbsp;\u00f6n plana \u00e7\u0131kartan yorumlar oldu. Onlardan biri de \u015fuydu: \u201c\u00c7at\u0131, devlet ve sermaye&nbsp;\u00e7emberi i\u00e7erisinde kalmam\u0131\u015f, o&nbsp;\u00e7emberi k\u0131rmak&nbsp;\u00fczere kadraj\u0131n\u0131 y\u00f6neltmi\u015f ve \u2018s\u0131n\u0131f\u0131n&nbsp;\u00e7at\u0131s\u0131\u2019 olmay\u0131 se\u00e7mi\u015f\u2026 S\u00fcrecin bir y\u00f6n\u00fc y\u0131k\u0131m, enkaz, ac\u0131 ve&nbsp;\u00f6l\u00fcm ama di\u011fer y\u00f6n\u00fc dayan\u0131\u015fma, umut, direni\u015f ve ya\u015fam!\u201d<\/p>\n\n\n\n<p class=\"wp-block-paragraph\"><strong>*Bu r\u00f6portaj ilk olarak FEM\u0130NERVA dergisinin 11. say\u0131s\u0131nda yer alm\u0131\u015ft\u0131r.<\/strong><\/p>","protected":false},"excerpt":{"rendered":"<p>\u2022&nbsp;Merhaba, sizi \u00c7at\u0131 belgeseliyle tan\u0131d\u0131k, bize kendinizden bahsedebilir misiniz? Asl\u0131: Ben Asl\u0131. Marmara&nbsp;\u00dcniversitesi Film Tasar\u0131m\u0131 b\u00f6l\u00fcm\u00fcnden mezun oldum. Yakla\u015f\u0131k&nbsp;3senedir kad\u0131n m\u00fccadelesindeyim,&nbsp;mor dayan\u0131\u015fmada faaliyet y\u00fcr\u00fct\u00fcyorum. Sosyalist feminist bir aktivistim.&nbsp;\u015eu an Samanda\u011f&#8217;da mahallelerde, sosyal medya komisyonunda aktif faaliyet y\u00fcr\u00fct\u00fcyorum. Y\u0131llard\u0131r m\u00fccadele etti\u011fimiz alanlarda, toplumsal cinsiyet e\u015fitsizli\u011fini ve kad\u0131n haklar\u0131n\u0131&nbsp;sanat&nbsp;\u00fczerinden anlatma yollar\u0131n\u0131&nbsp;ararken belgesel alan\u0131na y\u00f6nlendim. Ayn\u0131&nbsp;zamanda&nbsp;sanat\u0131m\u0131&nbsp;da sosyal medya&hellip;<\/p>","protected":false},"author":5,"featured_media":4254,"comment_status":"closed","ping_status":"closed","sticky":true,"template":"","format":"standard","meta":{"_coblocks_attr":"","_coblocks_dimensions":"","_coblocks_responsive_height":"","_coblocks_accordion_ie_support":"","_eb_attr":"","inline_featured_image":false,"footnotes":""},"categories":[98],"tags":[515,513,272,411,412,151],"ppma_author":[573],"class_list":["post-4252","post","type-post","status-publish","format-standard","has-post-thumbnail","hentry","category-kultur-sanat","tag-6subat","tag-cati","tag-feministmucadele","tag-hataydepremi","tag-kadincadiri","tag-kadin-dayanismasi","author-mor-dayanisma"],"authors":[{"term_id":573,"user_id":5,"is_guest":0,"slug":"mor-dayanisma","display_name":"Mor Dayan\u0131\u015fma","avatar_url":"https:\/\/www.mordayanisma.org\/wp-content\/litespeed\/avatar\/18b1bff8d2c98eaf6f87c388a27f2cfa.jpg?ver=1788268176","author_category":"1","first_name":"Mor","last_name":"Dayan\u0131\u015fma","user_url":"","job_title":"","description":"<a href=\"https:\/\/www.mordayanisma.org\/en\/iletisim\/\" target=\"_blank\" rel=\"noopener\">Contact<\/a>\r\n\r\ndayanismamor@gmail.com"}],"_links":{"self":[{"href":"https:\/\/www.mordayanisma.org\/en\/wp-json\/wp\/v2\/posts\/4252","targetHints":{"allow":["GET"]}}],"collection":[{"href":"https:\/\/www.mordayanisma.org\/en\/wp-json\/wp\/v2\/posts"}],"about":[{"href":"https:\/\/www.mordayanisma.org\/en\/wp-json\/wp\/v2\/types\/post"}],"author":[{"embeddable":true,"href":"https:\/\/www.mordayanisma.org\/en\/wp-json\/wp\/v2\/users\/5"}],"replies":[{"embeddable":true,"href":"https:\/\/www.mordayanisma.org\/en\/wp-json\/wp\/v2\/comments?post=4252"}],"version-history":[{"count":2,"href":"https:\/\/www.mordayanisma.org\/en\/wp-json\/wp\/v2\/posts\/4252\/revisions"}],"predecessor-version":[{"id":9242,"href":"https:\/\/www.mordayanisma.org\/en\/wp-json\/wp\/v2\/posts\/4252\/revisions\/9242"}],"wp:featuredmedia":[{"embeddable":true,"href":"https:\/\/www.mordayanisma.org\/en\/wp-json\/wp\/v2\/media\/4254"}],"wp:attachment":[{"href":"https:\/\/www.mordayanisma.org\/en\/wp-json\/wp\/v2\/media?parent=4252"}],"wp:term":[{"taxonomy":"category","embeddable":true,"href":"https:\/\/www.mordayanisma.org\/en\/wp-json\/wp\/v2\/categories?post=4252"},{"taxonomy":"post_tag","embeddable":true,"href":"https:\/\/www.mordayanisma.org\/en\/wp-json\/wp\/v2\/tags?post=4252"},{"taxonomy":"author","embeddable":true,"href":"https:\/\/www.mordayanisma.org\/en\/wp-json\/wp\/v2\/ppma_author?post=4252"}],"curies":[{"name":"wp","href":"https:\/\/api.w.org\/{rel}","templated":true}]}}