{"id":4176,"date":"2024-03-07T11:23:30","date_gmt":"2024-03-07T08:23:30","guid":{"rendered":"http:\/\/mordayanisma.org\/?p=4176"},"modified":"2025-03-07T10:35:20","modified_gmt":"2025-03-07T07:35:20","slug":"8-mart-2024te-sokaklardayiz","status":"publish","type":"post","link":"https:\/\/www.mordayanisma.org\/en\/2024\/03\/07\/8-mart-2024te-sokaklardayiz\/","title":{"rendered":"8 Mart 2024&#8217;te Sokaklarday\u0131z!"},"content":{"rendered":"<h2 class=\"wp-block-heading\"><strong>Buraday\u0131z, G\u00fc\u00e7l\u00fcy\u00fcz<\/strong><\/h2>\n\n\n\n<p class=\"wp-block-paragraph\">Suriye\u2019den Ukrayna\u2019ya, Rojava\u2019dan Filistin\u2019e her yerde kad\u0131n bedeninin sava\u015f alan\u0131na \u00e7evrilmesinin \u00f6fkesiyle 8 Mart\u2019a y\u00fcr\u00fcyoruz. At\u00f6lyelerden alanlara, fabrikalardan meydanlara, evlerimizden soka\u011fa ta\u015f\u0131yoruz. Buraday\u0131z, g\u00fc\u00e7l\u00fcy\u00fcz! Hep beraber daha g\u00fc\u00e7l\u00fcy\u00fcz!<\/p>\n\n\n\n<p class=\"wp-block-paragraph\">Kad\u0131nlar\u0131n sesini k\u0131sman\u0131n her t\u00fcrl\u00fc yolunu arayan erkek \u015fiddetini, erkek devlet \u015fiddetini \u00e7ok iyi tan\u0131yoruz. \u0130ktidarlar\u0131n her \u00e7\u0131kmazda kendini var etmek i\u00e7in kad\u0131nlara, \u00e7ocuklara, emek\u00e7ilere, LGBT\u0130+\u2019lara sald\u0131rd\u0131\u011f\u0131n\u0131; bizleri a\u00e7l\u0131kla, yoksullukla, geleceksizlikle terbiye etmeye \u00e7al\u0131\u015ft\u0131\u011f\u0131n\u0131 biliyoruz. Bizi susturmaya \u00e7al\u0131\u015fanlara boyun e\u011fmiyoruz. Hayatlar\u0131m\u0131z\u0131, birbirimizin sesine g\u00fc\u00e7 katarak; birbirimize sahip \u00e7\u0131karak savunuyoruz.&nbsp;<\/p>\n\n\n\n<p class=\"wp-block-paragraph\">\u00c7EDES\u2019ten Medeni Kanun\u2019a, laikli\u011fe, inan\u00e7lar\u0131m\u0131za, haklar\u0131m\u0131za y\u00f6nelen sald\u0131r\u0131lar\u0131, s\u0131rt\u0131n\u0131 patriyarkaya yaslayan fa\u015fizmin kurumsalla\u015ft\u0131\u011f\u0131n\u0131 g\u00f6r\u00fcyoruz. Kad\u0131n eme\u011fini g\u00f6r\u00fcnmezle\u015ftirerek zenginle\u015ftiklerini, eme\u011fimize \u00e7\u00f6kerek kendilerini var ettiklerini biliyoruz.  Eme\u011fimizi, bedenimizi, hayatlar\u0131m\u0131z\u0131 s\u00f6m\u00fcren patriyarkan\u0131n, kapitalizmin, erkeklik s\u00f6zle\u015fmesinin kar\u015f\u0131s\u0131na feminist isyan\u0131m\u0131zla \u00e7\u0131k\u0131yoruz. Hi\u00e7bir kad\u0131n\u0131 arkada b\u0131rakmadan el ele y\u00fcr\u00fcyoruz.&nbsp;<\/p>\n\n\n\n<p class=\"wp-block-paragraph\">Depremle y\u0131k\u0131lan kentleri ranta, talana a\u00e7t\u0131klar\u0131n\u0131; evini, yak\u0131nlar\u0131n\u0131, ge\u00e7mi\u015fini kaybeden insanlar\u0131 temel ya\u015fam ko\u015fullar\u0131ndan mahrum b\u0131rakt\u0131klar\u0131n\u0131, halk\u0131n zeytinliklerine el koyduklar\u0131n\u0131, direnen k\u00f6yl\u00fclere biber gaz\u0131 s\u0131kt\u0131klar\u0131n\u0131 biliyoruz. Haks\u0131zl\u0131klara, hukuksuzluklara kar\u015f\u0131 \u00f6fkemizi, umudumuzu ku\u015fan\u0131yoruz! Vard\u0131k, var\u0131z ve buraday\u0131z!&nbsp;<\/p>\n\n\n\n<p class=\"wp-block-paragraph\">Kad\u0131n hareketini kriminalle\u015ftirmeye \u00e7al\u0131\u015farak g\u00f6zalt\u0131larla, tutuklamalarla bizi bask\u0131 alt\u0131na almaya \u00e7al\u0131\u015ft\u0131\u011f\u0131n\u0131z\u0131 biliyoruz. Devrimci tutsaklarla dayan\u0131\u015fan; tacize, tecav\u00fcze, \u015fiddete kar\u015f\u0131 ses \u00e7\u0131kar\u0131p \u00f6zsavunma hakk\u0131n\u0131 kullanan kad\u0131nlar\u0131 cezaevlerine kapatan sisteminize boyun e\u011fmiyoruz. Hukuku elinde oyuncak edip kad\u0131n dayan\u0131\u015fmam\u0131za yap\u0131lan sald\u0131r\u0131lar\u0131n fark\u0131nday\u0131z, g\u00f6r\u00fcyoruz. Fakat bizim umudumuz, en karanl\u0131k h\u00fccrelerde sakl\u0131 kal\u0131r da bir k\u0131z karde\u015fin g\u00fcl\u00fc\u015f\u00fcyle filizlenir, ya\u015fam bulur. Birli\u011fimizi, g\u00fcc\u00fcm\u00fcz\u00fc bu filizlerden ye\u015fertiriz.<\/p>\n\n\n\n<p class=\"wp-block-paragraph\">Derinle\u015fen yoksullukla \u00e7ocuklar\u0131n okula a\u00e7 gitti\u011fini, anne-babalar\u0131n kederini, \u00f6\u011fretmenlerin utanc\u0131n\u0131, tektiple\u015fen e\u011fitimi, hi\u00e7bir gelecek vadetmeyen ya\u015famdan vazge\u00e7en gen\u00e7leri, niteliksiz yurt ko\u015fullar\u0131nda ya\u015famaya \u00e7al\u0131\u015fan \u00f6\u011frencileri biliyoruz. Bilmenin sorumlulu\u011funu ta\u015f\u0131yoruz. Bu sorumlulukla sokaklara \u00e7\u0131k\u0131yoruz. Sadece kendimizkini de\u011fil, ezilen t\u00fcm insanlar\u0131n \u00f6fkesini ta\u015f\u0131yoruz. Ya\u015fam\u0131 yeniden kuraca\u011f\u0131m\u0131z\u0131n s\u00f6z\u00fcn\u00fc veriyoruz kendimize, birbirimize!<\/p>\n\n\n\n<p class=\"wp-block-paragraph\">Kar\u015f\u0131m\u0131zdaki AKP-MHP\u2019nin ba\u015f\u0131n\u0131 \u00e7ekti\u011fi dinci, gerici, fa\u015fist, muhafazak\u00e2r blokun sava\u015f politikalar\u0131yla, sermaye yanda\u015fl\u0131\u011f\u0131yla, K\u00fcrt, g\u00f6\u00e7men, m\u00fclteci d\u00fc\u015fmanl\u0131\u011f\u0131yla, i\u015f\u00e7i s\u00f6m\u00fcr\u00fcs\u00fcyle, cezas\u0131zl\u0131k politikalar\u0131yla, mafyatik ili\u015fkileriyle, do\u011fa talan\u0131yla, bask\u0131c\u0131 ve yasak\u00e7\u0131 zihniyetiyle bizi ku\u015fatmaya \u00e7al\u0131\u015ft\u0131\u011f\u0131n\u0131n fark\u0131nday\u0131z, biliyoruz. Fa\u015fistle\u015fen global atmosferi kendi \u00e7\u0131karlar\u0131 i\u00e7in kullanmaktan imtina etmeyen bu blokun bizi yaln\u0131zla\u015ft\u0131rmak, korkutmak, sindirmek, yoksulla\u015ft\u0131rmak i\u00e7in elinden geleni ard\u0131na koymad\u0131\u011f\u0131n\u0131 bizzat ya\u015f\u0131yoruz.&nbsp;<\/p>\n\n\n\n<p class=\"wp-block-paragraph\">Sevgili kad\u0131nlar, k\u0131z karde\u015flerimiz 8 Mart\u2019a y\u00fcr\u00fcrken \u015fimdiden ayak seslerimizi duyuyorlar. El y\u00fckselten fa\u015fizme boyun e\u011fmeyen kad\u0131nlar\u0131 sokaklarda g\u00f6r\u00fcyorlar. Ve \u00e7ok iyi biliyoruz ki \u00f6rg\u00fctl\u00fc m\u00fccadelemizden korkuyorlar; birli\u011fimiz, g\u00fcc\u00fcm\u00fcz patriyarkan\u0131n dizlerini titretiyor. Bizi karanl\u0131\u011fa mahkum etmeye \u00e7al\u0131\u015fanlara kar\u015f\u0131 ne gecelerden ne g\u00fcnd\u00fczlerden vazge\u00e7iyoruz! Ya\u015famlar\u0131m\u0131z\u0131 tehdit edenlere s\u00f6yleyecek s\u00f6z\u00fcm\u00fcz oldu\u011funu g\u00f6stermek i\u00e7in, hayatlar\u0131m\u0131za, bedenlerimize, eme\u011fimize sahip \u00e7\u0131kmak i\u00e7in, etraf\u0131m\u0131za gerilen umutsuzluk \u00e7emberini k\u0131rmak i\u00e7in alanlarda, meydanlarda kahkahalar\u0131m\u0131zla, ne\u015femizle, umudumuzla karanl\u0131\u011f\u0131n, zorbal\u0131\u011f\u0131n, \u015fiddetin \u00fczerine y\u00fcr\u00fcyoruz!&nbsp;<\/p>\n\n\n\n<p class=\"wp-block-paragraph\">8 Mart&#8217;ta sokaklarda, gecelerde, alanlarda, meydanlarday\u0131z!<\/p>","protected":false},"excerpt":{"rendered":"<p>Buraday\u0131z, G\u00fc\u00e7l\u00fcy\u00fcz Suriye\u2019den Ukrayna\u2019ya, Rojava\u2019dan Filistin\u2019e her yerde kad\u0131n bedeninin sava\u015f alan\u0131na \u00e7evrilmesinin \u00f6fkesiyle 8 Mart\u2019a y\u00fcr\u00fcyoruz. At\u00f6lyelerden alanlara, fabrikalardan meydanlara, evlerimizden soka\u011fa ta\u015f\u0131yoruz. Buraday\u0131z, g\u00fc\u00e7l\u00fcy\u00fcz! Hep beraber daha g\u00fc\u00e7l\u00fcy\u00fcz! Kad\u0131nlar\u0131n sesini k\u0131sman\u0131n her t\u00fcrl\u00fc yolunu arayan erkek \u015fiddetini, erkek devlet \u015fiddetini \u00e7ok iyi tan\u0131yoruz. \u0130ktidarlar\u0131n her \u00e7\u0131kmazda kendini var etmek i\u00e7in kad\u0131nlara, \u00e7ocuklara, emek\u00e7ilere,&hellip;<\/p>","protected":false},"author":5,"featured_media":4178,"comment_status":"closed","ping_status":"closed","sticky":true,"template":"","format":"standard","meta":{"_coblocks_attr":"","_coblocks_dimensions":"","_coblocks_responsive_height":"","_coblocks_accordion_ie_support":"","_eb_attr":"","inline_featured_image":false,"footnotes":""},"categories":[97],"tags":[487,490,488,489],"ppma_author":[573],"class_list":["post-4176","post","type-post","status-publish","format-standard","has-post-thumbnail","hentry","category-sozumuz-var","tag-8mart","tag-8thmarch","tag-dunyakadinlargunu","tag-womensday","author-mor-dayanisma"],"authors":[{"term_id":573,"user_id":5,"is_guest":0,"slug":"mor-dayanisma","display_name":"Mor Dayan\u0131\u015fma","avatar_url":"https:\/\/www.mordayanisma.org\/wp-content\/litespeed\/avatar\/18b1bff8d2c98eaf6f87c388a27f2cfa.jpg?ver=1788268176","author_category":"1","first_name":"Mor","last_name":"Dayan\u0131\u015fma","user_url":"","job_title":"","description":"<a href=\"https:\/\/www.mordayanisma.org\/en\/iletisim\/\" target=\"_blank\" rel=\"noopener\">Contact<\/a>\r\n\r\ndayanismamor@gmail.com"}],"_links":{"self":[{"href":"https:\/\/www.mordayanisma.org\/en\/wp-json\/wp\/v2\/posts\/4176","targetHints":{"allow":["GET"]}}],"collection":[{"href":"https:\/\/www.mordayanisma.org\/en\/wp-json\/wp\/v2\/posts"}],"about":[{"href":"https:\/\/www.mordayanisma.org\/en\/wp-json\/wp\/v2\/types\/post"}],"author":[{"embeddable":true,"href":"https:\/\/www.mordayanisma.org\/en\/wp-json\/wp\/v2\/users\/5"}],"replies":[{"embeddable":true,"href":"https:\/\/www.mordayanisma.org\/en\/wp-json\/wp\/v2\/comments?post=4176"}],"version-history":[{"count":0,"href":"https:\/\/www.mordayanisma.org\/en\/wp-json\/wp\/v2\/posts\/4176\/revisions"}],"wp:featuredmedia":[{"embeddable":true,"href":"https:\/\/www.mordayanisma.org\/en\/wp-json\/wp\/v2\/media\/4178"}],"wp:attachment":[{"href":"https:\/\/www.mordayanisma.org\/en\/wp-json\/wp\/v2\/media?parent=4176"}],"wp:term":[{"taxonomy":"category","embeddable":true,"href":"https:\/\/www.mordayanisma.org\/en\/wp-json\/wp\/v2\/categories?post=4176"},{"taxonomy":"post_tag","embeddable":true,"href":"https:\/\/www.mordayanisma.org\/en\/wp-json\/wp\/v2\/tags?post=4176"},{"taxonomy":"author","embeddable":true,"href":"https:\/\/www.mordayanisma.org\/en\/wp-json\/wp\/v2\/ppma_author?post=4176"}],"curies":[{"name":"wp","href":"https:\/\/api.w.org\/{rel}","templated":true}]}}