{"id":4088,"date":"2023-12-29T16:58:33","date_gmt":"2023-12-29T13:58:33","guid":{"rendered":"http:\/\/mordayanisma.org\/?p=4088"},"modified":"2025-01-26T17:02:44","modified_gmt":"2025-01-26T14:02:44","slug":"kutsal-masallar-diyari","status":"publish","type":"post","link":"https:\/\/www.mordayanisma.org\/en\/2023\/12\/29\/kutsal-masallar-diyari\/","title":{"rendered":"Kutsal Masallar Diyar\u0131"},"content":{"rendered":"<p class=\"wp-block-paragraph\"><strong>Esneklik daha nas\u0131l esnetilir?<\/strong><\/p>\n\n\n\n<p class=\"wp-block-paragraph\">Ge\u00e7ti\u011fimiz g\u00fcnlerde Aile ve Sosyal Hizmetler Bakan\u0131 Mahinur \u00d6zdemir G\u00f6kta\u015f\u2019\u0131n kad\u0131n erkek f\u0131rsat e\u015fitli\u011fi ve kad\u0131nlar\u0131n g\u00fc\u00e7lenmesi ile ilgili uluslararas\u0131 bir toplant\u0131daki a\u00e7\u0131klamalar\u0131 insanda darbelenme hissi olu\u015fturuyor. Bakan G\u00f6kta\u015f \u201cKad\u0131nlar\u0131n ev ve i\u015f hayat\u0131 aras\u0131nda bir tercih yapmak durumunda kalmamas\u0131 i\u00e7in esnek ve uzaktan bir \u00e7al\u0131\u015fma modeli olan hibrit \u00e7al\u0131\u015fma modeli \u00fczerinde \u00e7al\u0131\u015f\u0131yoruz\u201d dedi.<em><\/em><\/p>\n\n\n\n<p class=\"wp-block-paragraph\">Yine kad\u0131nlar ad\u0131na, kad\u0131nlara sormadan ve sanki onlar\u0131n yarar\u0131naym\u0131\u015f gibi g\u00f6sterilen \u00e7e\u015fitli s\u00f6ylemler ve \u00e7abalar\u2026<\/p>\n\n\n\n<p class=\"wp-block-paragraph\"><strong>Tabloya bir bak\u0131\u015f<\/strong><\/p>\n\n\n\n<p class=\"wp-block-paragraph\">\u015eimdi \u015f\u00f6yle bir geri saral\u0131m. \u0130ktidar uzunca bir s\u00fcredir kendi i\u00e7inde krizde.<\/p>\n\n\n\n<p class=\"wp-block-paragraph\">Ekonomik kriz de var, \u00fclke her a\u00e7\u0131dan g\u00fcvenli bir ortamda de\u011fil. Haliyle ekonomideki istikrars\u0131zl\u0131k ile, emperyal \u00fclkelerin yat\u0131r\u0131mlar\u0131n\u0131n geri \u00e7ekili\u015flerini ve s\u00fcrekli sava\u015f politikalar\u0131n\u0131 s\u0131k\u00e7a izledik. Tam bunlar\u0131n \u0131\u015f\u0131\u011f\u0131nda bir se\u00e7im s\u00fcrecine haz\u0131rlan\u0131rken bir de \u00fcst\u00fcne depremle \u00fclkenin on bir \u015fehrinde ciddi y\u0131k\u0131mlar ve \u00f6l\u00fcmler ya\u015fand\u0131.<\/p>\n\n\n\n<p class=\"wp-block-paragraph\">Gelgelelim bin bir t\u00fcrl\u00fc dalavereyle iktidar yine bu se\u00e7imi ald\u0131 ve m\u00fcttefiklerinin kalplerine su serpti. D\u0131\u015f \u00fclkelere de dediki, bak\u0131n bu \u00fclkede istikrar var. Bu istikrar\u0131 ben sa\u011fl\u0131yorum. Size de \u00e7a\u011fr\u0131m; hi\u00e7bir yasal evrak, belge, vergi falan istemiyorum. Gelin kara para m\u0131 akl\u0131yorsunuz, uyu\u015fturucu ticareti mi yap\u0131yorsunuz, \u00e7eteler mi kuruyorsunuz, cinayet mi i\u015fliyorsunuz ne isterseniz yap\u0131n, bu \u00fclkeye para ge\u00e7irin.<\/p>\n\n\n\n<p class=\"wp-block-paragraph\">Ha siz bunlar\u0131 yaparken ben de size sadece yasal s\u0131n\u0131rs\u0131zl\u0131k tan\u0131mayaca\u011f\u0131m; t\u00fcm bunlar\u0131n yan\u0131nda esnek, g\u00fcvencesiz, uzun saatler, t\u00fcm haklar\u0131ndan yoksun \u00e7al\u0131\u015ft\u0131r\u0131lan yerli ve g\u00f6\u00e7men i\u015f\u00e7iler vaat ediyorum.<\/p>\n\n\n\n<p class=\"wp-block-paragraph\">Peki bu durumun kar\u015f\u0131s\u0131na ge\u00e7elim ve \u015fimdi bir de kendi cephemizden bakal\u0131m. Halk\u0131n neye ihtiyac\u0131 var? Daha insani ko\u015fullarda \u00e7al\u0131\u015fmaya ve ge\u00e7inebilecekleri \u00fccretlere, bar\u0131nabilmeye, eri\u015filebilir ve g\u00fcvenli sa\u011fl\u0131\u011fa, e\u015fit ve bilimsel e\u011fitime, g\u0131daya, huku\u011fa eri\u015fime ihtiyac\u0131 var.<\/p>\n\n\n\n<p class=\"wp-block-paragraph\">Yani asl\u0131nda atla deve de\u011fil, sosyal haklardan bahsediyoruz.<\/p>\n\n\n\n<p class=\"wp-block-paragraph\">\u0130ktidar koltu\u011funu yeniden sa\u011flamla\u015ft\u0131rmas\u0131 ile insanlar\u0131n t\u00fcm bu haklar\u0131n\u0131 nas\u0131l tamamen devre d\u0131\u015f\u0131 b\u0131rakaca\u011f\u0131 \u00fczerinde \u00e7al\u0131\u015f\u0131yor. Oradan buradan didikleye didikleye yolunmu\u015f tavu\u011fa d\u00f6nd\u00fcr\u00fcyor.<\/p>\n\n\n\n<p class=\"wp-block-paragraph\">Halk se\u00e7im sonu\u00e7lar\u0131n\u0131n ve ekonomik krizin a\u011f\u0131rl\u0131\u011f\u0131yla en temel canl\u0131 g\u00fcd\u00fcs\u00fc olan hayatta kalabilme refleksi g\u00f6stermeye \u00e7al\u0131\u015f\u0131yor. Ancak halk tamamen yaln\u0131zca bu pozisyonla m\u0131 yetiniyor? Elbetteki de\u011fil. Direni\u015flerde, grevlerde, eylemlerde nefes almaya; \u00e7\u0131k\u0131\u015f yolu bulmaya, g\u00fcc\u00fcn\u00fc tekrar toparlamaya \u00e7al\u0131\u015f\u0131yor.<\/p>\n\n\n\n<p class=\"wp-block-paragraph\"><strong>\u00c7al\u0131\u015fmak ama nas\u0131l?<\/strong><\/p>\n\n\n\n<p class=\"wp-block-paragraph\">\u015eimdi \u00fclkenin atmosferinin \u00e7er\u00e7evesini az \u00e7ok \u00e7izdikten sonra bir de bu Aile ve Sosyal Hizmetler Bakan\u0131m\u0131z\u0131n yeni a\u00e7\u0131klamalar\u0131na tekrar bakal\u0131m.<\/p>\n\n\n\n<p class=\"wp-block-paragraph\">Sevgili bakan\u0131m\u0131z demi\u015fki; kad\u0131nlar \u00e7al\u0131\u015fmak istiyorlar, \u00e7al\u0131\u015fmak istedikleri zaman da ev ile i\u015f aras\u0131nda kal\u0131yorlar. \u0130\u015fte biz buna \u00e7are olaca\u011f\u0131z, hibrit bir uygulama \u00fczerinde \u00e7al\u0131\u015f\u0131yoruz. Kad\u0131nlar\u0131n esnek \u00e7al\u0131\u015fmas\u0131na daha \u00e7ok te\u015fvik!<\/p>\n\n\n\n<p class=\"wp-block-paragraph\">Ev emek\u00e7isi olmak zaten \u00e7al\u0131\u015fmak de\u011fil midir? Ev emek\u00e7isi bir kad\u0131n\u0131n uyku d\u0131\u015f\u0131ndaki t\u00fcm saatleri zaten \u00e7al\u0131\u015farak ge\u00e7mekte de\u011fil midir?<\/p>\n\n\n\n<p class=\"wp-block-paragraph\">Devlet ev i\u00e7i eme\u011fe dair yasal iyile\u015ftirmeler yapmak yerine onu daha da de\u011fersizle\u015ftirmeyi tercih ediyor. Kad\u0131nlar toplumsal cinsiyet normlar\u0131 ile zaten t\u00fcm haklar\u0131ndan yoksun bir bi\u00e7imde \u00f6zel alana hapsedilmi\u015fken ve gerek toplum gerek devlet gerek sermaye taraf\u0131ndan bask\u0131lanm\u0131\u015fken bir de enformel bir bi\u00e7imde \u00e7al\u0131\u015fmaya daha \u00e7ok te\u015fvik edilerek etinden, s\u00fct\u00fcnden, eme\u011finden s\u00f6m\u00fcr\u00fclmedik zerresi b\u0131rak\u0131lmamak isteniyor.<\/p>\n\n\n\n<p class=\"wp-block-paragraph\"><strong>Esnek dedi\u011fimiz asl\u0131nda nedir?<\/strong><\/p>\n\n\n\n<p class=\"wp-block-paragraph\">Bu yeni bir durum de\u011fil. 1970\u2019lerde neoliberal ekonomi politikalar\u0131n\u0131n k\u00fcresel \u00e7apta yay\u0131lmas\u0131n\u0131n h\u0131zlanmas\u0131yla birlikte \u00fcretim s\u00fcre\u00e7lerinde olu\u015fan de\u011fi\u015fimler, istihdam\u0131n bi\u00e7imini ve alanlar\u0131n\u0131 daha da esnek ve enformal bir \u015fekle d\u00f6n\u00fc\u015ft\u00fcrm\u00fc\u015ft\u00fc. Bu durum tabii ki T\u00fcrkiye\u2019de de emek piyasas\u0131na do\u011frudan etki etti. &nbsp;<\/p>\n\n\n\n<p class=\"wp-block-paragraph\">Cinsiyet\u00e7i ideoloji ve pratikler nedeniyle kad\u0131n eme\u011fi daha da olumsuz etkilendi.<\/p>\n\n\n\n<p class=\"wp-block-paragraph\">Kad\u0131nlar\u0131n eme\u011finin; istihdam bi\u00e7imlerini ve oranlar\u0131n\u0131 yaln\u0131zca \u00fclkedeki ekonomik ili\u015fkiler de\u011fil, \u00fclkenin toplumsal yap\u0131s\u0131 ve patriyarkan\u0131n bu yap\u0131y\u0131 nas\u0131l etkiledi\u011fi de belirler.<\/p>\n\n\n\n<p class=\"wp-block-paragraph\">Enformal dedi\u011fimiz bu \u00fcretim s\u00fcrecinde, emek s\u00f6m\u00fcr\u00fcs\u00fc k\u00fc\u00e7\u00fck \u00f6l\u00e7ekli ve esnek bir \u015fekilde \u00fcretim yapan ta\u015feron firmalar arac\u0131l\u0131\u011f\u0131yla sa\u011fland\u0131 ve bu strateji, \u00fcretim yap\u0131lan mek\u00e2n\u0131n evlere ta\u015f\u0131nmas\u0131 gibi maliyeti en aza indirme yollar\u0131na do\u011fru y\u00f6neldi.<\/p>\n\n\n\n<p class=\"wp-block-paragraph\">B\u00fct\u00fcn bunlar\u0131n yan\u0131nda ge\u00e7ici veya d\u00f6nemsel \u00e7al\u0131\u015fma, k\u0131smi zamanl\u0131 \u00e7al\u0131\u015fma, evden \u00e7al\u0131\u015fma, par\u00e7a ba\u015f\u0131 \u00e7al\u0131\u015fma, tele \u00e7al\u0131\u015fma gibi klasik modellerin d\u0131\u015f\u0131ndaki \u00e7al\u0131\u015fma \u015fekilleri de yayg\u0131nla\u015ft\u0131.<\/p>\n\n\n\n<p class=\"wp-block-paragraph\">Bu \u00e7al\u0131\u015fma bi\u00e7imleri ile bir yandan i\u015f\u00e7iler birbirinden uzakla\u015ft\u0131r\u0131larak ve izole edilerek \u00f6rg\u00fctlenme ve \u00f6zl\u00fck gibi haklar\u0131n\u0131 da talep edebilecekleri bir ortamdan uzakla\u015ft\u0131r\u0131lm\u0131\u015f oldular.<\/p>\n\n\n\n<p class=\"wp-block-paragraph\">Bu \u015fartlarda kad\u0131n eme\u011finin durumu ise daha da k\u0131r\u0131lgan bir hal ald\u0131. Gelinen bu noktadan t\u00fcm i\u015f\u00e7i s\u0131n\u0131f\u0131 etkilenirken kad\u0131nlar\u0131n etkilenme durumu daha farkl\u0131la\u015ft\u0131.<\/p>\n\n\n\n<p class=\"wp-block-paragraph\">Kad\u0131nlar\u0131n istihdam\u0131n\u0131n d\u00fc\u015f\u00fc\u015f\u00fc 1950\u2019lerde ba\u015flayarak gittik\u00e7e d\u00fc\u015ft\u00fc.<\/p>\n\n\n\n<p class=\"wp-block-paragraph\">Kad\u0131n istihdam\u0131 1955\u2019te %72 oran\u0131nda iken 2015\u2019te %31\u2019e kadar geriledi.<\/p>\n\n\n\n<p class=\"wp-block-paragraph\">Tar\u0131msal faaliyetlerin daralmas\u0131 ve aile i\u015f\u00e7isi kad\u0131nlar\u0131n i\u015fsiz kalmas\u0131, yat\u0131r\u0131mlar\u0131n in\u015faat sekt\u00f6r\u00fcnde yo\u011funla\u015fmas\u0131 da bu sonu\u00e7lara zemin haz\u0131rlad\u0131.<\/p>\n\n\n\n<p class=\"wp-block-paragraph\">Kad\u0131nlar esnek \u00e7al\u0131\u015ft\u0131r\u0131lmak istendikleri evin i\u00e7inde; ev i\u015fleri, \u00e7ocuk, ya\u015fl\u0131, hasta bak\u0131m\u0131 gibi ev hizmetleri sorumlusu olarak toplum taraf\u0131ndan g\u00f6revlendiriliyor. Bu bak\u0131\u015f a\u00e7\u0131s\u0131yla kad\u0131nlar hem kamusal alana \u00e7\u0131kmaktan hem de e\u011fitim gibi bir\u00e7ok haklar\u0131ndan yoksun kal\u0131yor. Ev i\u015fleri nedeniyle i\u015fg\u00fcc\u00fcne kat\u0131lamayan bir erkek bile yokken bu durum kad\u0131nlarda tam tersine.<\/p>\n\n\n\n<p class=\"wp-block-paragraph\">\u00c7ocuk, ya\u015fl\u0131 ve hasta bak\u0131m\u0131 sa\u011flanmas\u0131 ve devletin bu hizmetleri art\u0131rmama politikas\u0131 kad\u0131n eme\u011fi s\u00f6m\u00fcr\u00fcs\u00fcne te\u015fvik veriyor.<\/p>\n\n\n\n<p class=\"wp-block-paragraph\"><strong>Kutsal masallar diyar\u0131<\/strong><\/p>\n\n\n\n<p class=\"wp-block-paragraph\">Bir de tabii ki muhafazakarla\u015fma politikalar\u0131, kutsal T\u00fcrk aile yap\u0131s\u0131 T\u00fcrk aile yap\u0131s\u0131nda ve T\u00fcrk toplumunda kad\u0131n\u0131n yeri ve de\u011ferleri\u2026<\/p>\n\n\n\n<p class=\"wp-block-paragraph\">Erdo\u011fan iktidar\u0131 hem T\u00fcrkiye hem de s\u00fcrekli dillendirdi\u011fi T\u00fcrk \u00fclkeleri ile birlikte T\u00fcrk \u0130slam modeli bir muhafazak\u00e2rl\u0131k olu\u015fturmak istiyor. Bunu temellendirirken de en b\u00fcy\u00fck hak gasplar\u0131n\u0131 kad\u0131nlar ve \u00e7ocuklar \u00fczerinden ger\u00e7ekle\u015ftiriyor.<\/p>\n\n\n\n<p class=\"wp-block-paragraph\">Se\u00e7imlerin ard\u0131ndan kad\u0131nlar\u0131n haklar\u0131na ve kazan\u0131mlar\u0131na y\u00f6nelik sald\u0131r\u0131lar\u0131n dozunu artt\u0131rmakta h\u0131z kesmiyor.<\/p>\n\n\n\n<p class=\"wp-block-paragraph\">Yine ayn\u0131 bakan, ayn\u0131 toplant\u0131da \u201cMilletimin en g\u00fc\u00e7l\u00fc kalesi ailedir\u201d diye ilan ederken asl\u0131nda iktidar\u0131n fa\u015fizme giden yolda kad\u0131na \u00e7izdi\u011fi resmi bize yeniden g\u00f6steriyor. Her \u015feyi haneye b\u0131rakarak kutsal aile ba\u015fl\u0131\u011f\u0131 alt\u0131nda bak\u0131m y\u00fck\u00fcn\u00fcn tamamen evde \u00e7\u00f6z\u00fclmesini istiyorlar ve bu nedenle kad\u0131nlara \u201cikisini birlikte y\u00fcr\u00fctebilme f\u0131rsat\u0131 yarataca\u011f\u0131z\u201d diyorlar.<\/p>\n\n\n\n<p class=\"wp-block-paragraph\">&nbsp;Bu d\u00fczenlemelerle ve di\u011fer politikalar\u0131yla bunu toplum ya\u015fay\u0131\u015f\u0131nda nas\u0131l daha etkin k\u0131lmak istediklerini de g\u00f6steriyorlar.<\/p>\n\n\n\n<p class=\"wp-block-paragraph\">Esnek \u00e7al\u0131\u015fma modellemeleri ile hem ev emek\u00e7ili\u011finin hem de sermaye k\u00f6leli\u011finin te\u015fvi\u011fi, kad\u0131nlar\u0131n \u00e7ifte s\u00f6m\u00fcr\u00fcs\u00fcn\u00fcn kutsal aile ad\u0131 alt\u0131nda per\u00e7inlenmesidir.<\/p>\n\n\n\n<figure class=\"wp-block-image size-large\"><img decoding=\"async\" src=\"blob:https:\/\/mordayanisma.org\/a50acfff-1dcb-4ffd-9a3d-f3d62555b21b\" alt=\"-\" title=\"\"><\/figure>","protected":false},"excerpt":{"rendered":"<p>Esneklik daha nas\u0131l esnetilir? Ge\u00e7ti\u011fimiz g\u00fcnlerde Aile ve Sosyal Hizmetler Bakan\u0131 Mahinur \u00d6zdemir G\u00f6kta\u015f\u2019\u0131n kad\u0131n erkek f\u0131rsat e\u015fitli\u011fi ve kad\u0131nlar\u0131n g\u00fc\u00e7lenmesi ile ilgili uluslararas\u0131 bir toplant\u0131daki a\u00e7\u0131klamalar\u0131 insanda darbelenme hissi olu\u015fturuyor. Bakan G\u00f6kta\u015f \u201cKad\u0131nlar\u0131n ev ve i\u015f hayat\u0131 aras\u0131nda bir tercih yapmak durumunda kalmamas\u0131 i\u00e7in esnek ve uzaktan bir \u00e7al\u0131\u015fma modeli olan hibrit \u00e7al\u0131\u015fma modeli&hellip;<\/p>","protected":false},"author":35,"featured_media":4094,"comment_status":"closed","ping_status":"closed","sticky":false,"template":"","format":"standard","meta":{"_coblocks_attr":"","_coblocks_dimensions":"","_coblocks_responsive_height":"","_coblocks_accordion_ie_support":"","_eb_attr":"","inline_featured_image":false,"footnotes":""},"categories":[1246,97],"tags":[],"ppma_author":[596],"class_list":["post-4088","post","type-post","status-publish","format-standard","has-post-thumbnail","hentry","category-kadin-ve-emek","category-sozumuz-var","author-pelin-songul-cicek"],"authors":[{"term_id":596,"user_id":35,"is_guest":0,"slug":null,"display_name":"Pelin Songul Cicek","avatar_url":"https:\/\/www.mordayanisma.org\/wp-content\/litespeed\/avatar\/0c1466a3f3dd5d07c37d4b0d3a912575.jpg?ver=1788000755","author_category":"","first_name":"Pelin Songul","last_name":"Cicek","user_url":"","job_title":"","description":"pelinsongulcicek@mordayanisma.org"}],"_links":{"self":[{"href":"https:\/\/www.mordayanisma.org\/en\/wp-json\/wp\/v2\/posts\/4088","targetHints":{"allow":["GET"]}}],"collection":[{"href":"https:\/\/www.mordayanisma.org\/en\/wp-json\/wp\/v2\/posts"}],"about":[{"href":"https:\/\/www.mordayanisma.org\/en\/wp-json\/wp\/v2\/types\/post"}],"author":[{"embeddable":true,"href":"https:\/\/www.mordayanisma.org\/en\/wp-json\/wp\/v2\/users\/35"}],"replies":[{"embeddable":true,"href":"https:\/\/www.mordayanisma.org\/en\/wp-json\/wp\/v2\/comments?post=4088"}],"version-history":[{"count":0,"href":"https:\/\/www.mordayanisma.org\/en\/wp-json\/wp\/v2\/posts\/4088\/revisions"}],"wp:featuredmedia":[{"embeddable":true,"href":"https:\/\/www.mordayanisma.org\/en\/wp-json\/wp\/v2\/media\/4094"}],"wp:attachment":[{"href":"https:\/\/www.mordayanisma.org\/en\/wp-json\/wp\/v2\/media?parent=4088"}],"wp:term":[{"taxonomy":"category","embeddable":true,"href":"https:\/\/www.mordayanisma.org\/en\/wp-json\/wp\/v2\/categories?post=4088"},{"taxonomy":"post_tag","embeddable":true,"href":"https:\/\/www.mordayanisma.org\/en\/wp-json\/wp\/v2\/tags?post=4088"},{"taxonomy":"author","embeddable":true,"href":"https:\/\/www.mordayanisma.org\/en\/wp-json\/wp\/v2\/ppma_author?post=4088"}],"curies":[{"name":"wp","href":"https:\/\/api.w.org\/{rel}","templated":true}]}}