{"id":3989,"date":"2023-09-22T14:04:12","date_gmt":"2023-09-22T11:04:12","guid":{"rendered":"http:\/\/mordayanisma.org\/?p=3989"},"modified":"2025-05-26T15:44:49","modified_gmt":"2025-05-26T12:44:49","slug":"cevre-mucadelesi-ile-kadin-mucadelesinin-kesistigi-nokta-dikmece-direnisi","status":"publish","type":"post","link":"https:\/\/www.mordayanisma.org\/en\/2023\/09\/22\/cevre-mucadelesi-ile-kadin-mucadelesinin-kesistigi-nokta-dikmece-direnisi\/","title":{"rendered":"\u00c7evre M\u00fccadelesi ile Kad\u0131n M\u00fccadelesinin Kesi\u015fti\u011fi Nokta: Dikmece Direni\u015fi"},"content":{"rendered":"<blockquote class=\"wp-block-quote is-layout-flow wp-block-quote-is-layout-flow\"><p>&#8220;Hem topra\u011f\u0131m\u0131z\u0131, evimizi, a\u011fac\u0131m\u0131z\u0131 koruyoruz hem de her g\u00fcn kendimizi biraz daha ke\u015ffediyoruz, biraz daha ufkumuz a\u00e7\u0131l\u0131yor, daha \u00e7ok bilin\u00e7leniyoruz.&nbsp;&#8221; -Meryem Kutlu<\/p><\/blockquote>\n\n\n\n<p class=\"wp-block-paragraph\"><strong>Mor Dayan\u0131\u015fma&#8217;dan Bilge Batur; Hatay Dikmece direni\u015finin ba\u015f\u0131ndan bu yana ekoloji m\u00fccadelesini b\u00fcy\u00fcten ve kad\u0131n dayan\u0131\u015fmas\u0131 ile topra\u011fa, zeytinliklere, do\u011faya sahip \u00e7\u0131kan sevgili arkada\u015flar\u0131m\u0131z Selver Kele\u015f ve Meryem Kutlu ile bir r\u00f6portaj yapt\u0131. Ve bizleri umutla, zeytin dallar\u0131yla saran bu g\u00fczel yaz\u0131 ortaya \u00e7\u0131kt\u0131. \u0130yi okumalar.<\/strong><\/p>\n\n\n\n<p class=\"wp-block-paragraph\">Not: Rop\u00f6rtaj direni\u015fin 31. g\u00fcn\u00fcnde yap\u0131lm\u0131\u015ft\u0131r. Yaz\u0131n\u0131n yay\u0131nlanma tarihinde direni\u015fin 54. g\u00fcn\u00fcndeyiz.<\/p>\n\n\n\n<p class=\"wp-block-paragraph\"><strong>Bilge: \u00d6ncelikle, Akbelen\u2019den Dikmece\u2019ye ilerleyen ve oradaki direni\u015fi meydana getiren olaylar\u0131n nas\u0131l ba\u015flad\u0131\u011f\u0131n\u0131 sormak istiyorum.<\/strong><\/p>\n\n\n\n<p class=\"wp-block-paragraph\"><strong>Meryem: <\/strong>Burda d\u00f6rt ayd\u0131r s\u00fcren bir direni\u015f var. D\u00f6rt ay \u00f6nce, tarlalar\u0131m\u0131za el koyuldu\u011funu \u00f6\u011frendik hem de kimse bizimle irtibata ge\u00e7meden. \u0130nsanlar e-devlet \u00fczerinden arsalar\u0131n\u0131n, zeytinliklerinin adlar\u0131ndan d\u00fc\u015ft\u00fc\u011f\u00fcn\u00fc g\u00f6rmeye ba\u015flad\u0131lar. S\u00fcre\u00e7 bu \u015fekilde ba\u015flad\u0131 ve \u015fu anda i\u015f makineleriyle arsalara girmi\u015f durumdalar. Biz direniyoruz, onlar \u00e7al\u0131\u015fmaya devam ediyorlar.&nbsp;<\/p>\n\n\n\n<p class=\"wp-block-paragraph\"><strong>Selver: <\/strong>Buralar \u00f6nceden k\u00f6yd\u00fc, \u015fimdi mahalle oldular. Biz hep k\u00f6y diyoruz bu y\u00fczden. Dikmece de bu \u015fekilde, \u00f6nceden k\u00f6yd\u00fc \u015fimdi mahalle oldu ama halk dilinde buralar bizim i\u00e7in hala k\u00f6y. Burada G\u00fclderen K\u00f6y diye bir k\u00f6y var. Bir hastane yap\u0131lacak yak\u0131n taraf\u0131na, ama yine k\u00f6yden topraklar\u0131 almaya \u00e7al\u0131\u015f\u0131yorlar hastane ad\u0131 alt\u0131nda. \u0130lk \u00f6nce oradan arkada\u015flar bize- Mor Dayan\u0131\u015fmaya- ula\u015fm\u0131\u015ft\u0131. Biz oraya gidip \u00c7a\u011fda\u015f Hukuk\u00e7ular Derne\u011fi ile bir toplant\u0131 yapt\u0131k. Sonras\u0131nda ise Dikmece\u2019deki arkada\u015flar bunu g\u00f6r\u00fcnce, burada da bir problem var diyerek bize ula\u015ft\u0131. Biz de onlar\u0131n arac\u0131l\u0131\u011f\u0131yla k\u00f6yden birka\u00e7 arkada\u015fa ula\u015ft\u0131k. \u0130lk toplant\u0131y\u0131 arkada\u015flar\u0131n tar\u0131m yapt\u0131\u011f\u0131 evlere yak\u0131n bir bah\u00e7e evinde yapt\u0131k. 5-6 ki\u015fiydik, nas\u0131l bir s\u00fcre\u00e7 izleriz diye konu\u015ftuk. Oradan hi\u00e7 kimseyi \u00e7ok tan\u0131m\u0131yorken \u00c7a\u011fda\u015f Hukuk\u00e7ular Derne\u011fi ile bir toplant\u0131 karar\u0131 ald\u0131k. Bu Nisan\u2019\u0131n ortas\u0131yd\u0131. Yani s\u00fcre\u00e7 bizim i\u00e7in Nisan\u2019da ba\u015flad\u0131 diyebiliriz. Sonras\u0131nda ba\u015fka bir k\u00f6yden, yine istimlak edilmeye \u00e7al\u0131\u015f\u0131lan Anayaz\u0131, Alazi K\u00f6y\u00fc\u2019nden, bu durumdan direkt etkilenen oral\u0131 bir arkada\u015fla yeniden Dikmece\u2019ye geldik. Bilgilendirme toplant\u0131lar\u0131 devam ederken 22 May\u0131s\u2019ta b\u00fcy\u00fck bir y\u00fcr\u00fcy\u00fc\u015f d\u00fczenledik. Bu y\u00fcr\u00fcy\u00fc\u015fe bas\u0131n emek\u00e7isi arkada\u015flar\u0131, \u00e7evre mahalleleri, d\u0131\u015far\u0131dan kurumlar\u0131 davet ettik. Bu \u015fekilde direni\u015fimizi duyurarak s\u00fcreci ba\u015flatm\u0131\u015f olduk.&nbsp;&nbsp;<\/p>\n\n\n\n<p class=\"wp-block-paragraph\"><strong>Meryem:<\/strong> Tarlalarda \u00e7al\u0131\u015fmaya ba\u015flad\u0131klar\u0131nda biz tarlalara girip kep\u00e7eleri durdurmaya \u00e7al\u0131\u015ft\u0131k, b\u00fcy\u00fck bir m\u00fcdahale ile kar\u015f\u0131la\u015ft\u0131k. Sonra direni\u015f \u00e7ad\u0131r\u0131m\u0131z\u0131 kurduk, bug\u00fcn direni\u015fimizin 31. g\u00fcn\u00fcndeyiz.<\/p>\n\n\n\n<div class=\"wp-block-coblocks-gallery-offset alignwide\"><ul class=\"coblocks-gallery has-caption-style-dark has-large-images has-small-gutter\"><li class=\"coblocks-gallery--item\"><figure class=\"wp-block-coblocks-gallery-offset__figure\"><img loading=\"lazy\" decoding=\"async\" width=\"1024\" height=\"576\" src=\"http:\/\/mordayanisma.org\/wp-content\/uploads\/2023\/09\/DI\u0307KMECE-2-1-1-1024x576.png\" alt=\"-\" data-id=\"4008\" data-link=\"http:\/\/mordayanisma.org\/?attachment_id=4008\" class=\"wp-image-4008\" title=\"\" srcset=\"https:\/\/www.mordayanisma.org\/wp-content\/uploads\/2023\/09\/DI\u0307KMECE-2-1-1-1024x576.png 1024w, https:\/\/www.mordayanisma.org\/wp-content\/uploads\/2023\/09\/DI\u0307KMECE-2-1-1-300x169.png 300w, https:\/\/www.mordayanisma.org\/wp-content\/uploads\/2023\/09\/DI\u0307KMECE-2-1-1-768x432.png 768w, https:\/\/www.mordayanisma.org\/wp-content\/uploads\/2023\/09\/DI\u0307KMECE-2-1-1-370x208.png 370w, https:\/\/www.mordayanisma.org\/wp-content\/uploads\/2023\/09\/DI\u0307KMECE-2-1-1-1170x658.png 1170w, https:\/\/www.mordayanisma.org\/wp-content\/uploads\/2023\/09\/DI\u0307KMECE-2-1-1-972x546.png 972w, https:\/\/www.mordayanisma.org\/wp-content\/uploads\/2023\/09\/DI\u0307KMECE-2-1-1-760x428.png 760w, https:\/\/www.mordayanisma.org\/wp-content\/uploads\/2023\/09\/DI\u0307KMECE-2-1-1-600x338.png 600w, https:\/\/www.mordayanisma.org\/wp-content\/uploads\/2023\/09\/DI\u0307KMECE-2-1-1-270x152.png 270w, https:\/\/www.mordayanisma.org\/wp-content\/uploads\/2023\/09\/DI\u0307KMECE-2-1-1.png 1280w\" sizes=\"auto, (max-width: 1024px) 100vw, 1024px\" \/><\/figure><\/li><\/ul><\/div>\n\n\n\n<p class=\"wp-block-paragraph\"><\/p>\n\n\n\n<p class=\"wp-block-paragraph\"><strong>Bilge: Bu direni\u015fte Mor Dayan\u0131\u015fma\u2019n\u0131n konumu nedir?<\/strong><\/p>\n\n\n\n<p class=\"wp-block-paragraph\"><strong>Selver<\/strong>: Deprem s\u00fcrecinden dolay\u0131 \u00c7a\u011fda\u015f Hukuk\u00e7ular Derne\u011fi her hafta d\u00fczenli olarak buraya geliyordu, hatta biz Dikmece d\u0131\u015f\u0131nda Serinyol\u2019da da baz\u0131 mahallelerde de toplant\u0131lar ald\u0131k. \u00c7\u00fcnk\u00fc s\u00fcrecin buralara da s\u0131\u00e7rayaca\u011f\u0131n\u0131 biliyorduk. \u0130lk y\u00fcr\u00fcy\u00fc\u015ften iki g\u00fcn sonra mahallede bulu\u015ftuk, Mor Dayan\u0131\u015fma olarak orada bir evin avlusunda kad\u0131nlarla bir toplant\u0131 yapt\u0131k. \u0130lk ileti\u015fim kurdu\u011fumuz arkada\u015flar kad\u0131nlara haber verdiler, biz kad\u0131nlar\u0131 tan\u0131m\u0131yorduk. B\u00f6ylece ilk grubumuzu olu\u015fturduk haberle\u015fmek i\u00e7in. Sonra, k\u00f6yden kad\u0131n arkada\u015flar da haber vermeye ba\u015flad\u0131. D\u00fczenli olarak k\u00f6ye gitmeye ba\u015flad\u0131k her hafta. Yine bu konudan ciddi bir \u015fekilde etkilenen G\u00fczelbur\u00e7 Mahallesi\u2019ne de gidiyorduk. Ya etkinlik yaparak ya da kad\u0131nlarla bulu\u015fma \u015feklinde Dikmece\u2019ye gitmeye ba\u015flad\u0131k.&nbsp;<\/p>\n\n\n\n<p class=\"wp-block-paragraph\"><strong>Meryem: <\/strong>Ben Mersin\u2019den yeni d\u00f6nm\u00fc\u015ft\u00fcm. \u00c7ocuklar\u0131 okutmak i\u00e7in oraya g\u00f6t\u00fcrm\u00fc\u015ft\u00fcm. D\u00f6nd\u00fc\u011f\u00fcmde, bir toplant\u0131 var dediler. Mor Dayan\u0131\u015fma\u2019dan Selver\u2019in geldi\u011fini s\u00f6ylediler. Daha \u00f6nce bizimle kimse ilgilenmemi\u015fti, kimse k\u00f6ye gelmemi\u015fti, k\u00f6y da\u011f\u0131n eteklerinde oldu\u011fu i\u00e7in \u00f6tekile\u015ftirilmi\u015f durumdayd\u0131k. Selver\u2019le tan\u0131\u015ft\u0131k, daha sonra beraber festivale kat\u0131ld\u0131k. Bu bizim i\u00e7in \u00e7ok g\u00fczel oldu, ben iyi ki Mor Dayan\u0131\u015fma buraya gelmi\u015f de b\u00f6yle g\u00fczel bir \u015feye sebep olmu\u015f diyorum.&nbsp;<\/p>\n\n\n\n<p class=\"wp-block-paragraph\"><strong>Bilge: O zaman kad\u0131nlar\u0131n \u00f6rg\u00fctlenmesi Mor Dayan\u0131\u015fma \u00fczerinden ileti\u015fimle oldu diyebiliriz, de\u011fil mi?<\/strong><\/p>\n\n\n\n<p class=\"wp-block-paragraph\"><strong>Meryem:<\/strong> Tabi ki. Herkes kendi halindeydi, burada ula\u015f\u0131m\u0131m\u0131z olmad\u0131\u011f\u0131 i\u00e7in d\u0131\u015far\u0131ya hi\u00e7 \u00e7\u0131kam\u0131yoruz. Bu k\u00fc\u00e7\u00fck k\u00f6yde herkes, depremden sonra psikolojisi bozuk bir halde, kendi evinde oturuyordu. Evimizden \u00e7\u0131k\u0131p kom\u015fular\u0131m\u0131za bile kolay kolay gidemiyorduk. Bu toplant\u0131 sayesinde ben uzun zamand\u0131r mahalleden g\u00f6rmedi\u011fim kad\u0131n arkada\u015flarla oturdum sohbet ettim, benim i\u00e7in \u00e7ok g\u00fczeldi. Daha sonra bu yava\u015f yava\u015f birbirimizi daha s\u0131k g\u00f6rmeye, birbirimizden fikir almaya, yani yava\u015f yava\u015f bir \u00f6rg\u00fctlenme \u015fekline d\u00f6n\u00fc\u015ft\u00fc. Ben \u00e7ok mutluyum bu durumdan.<\/p>\n\n\n\n<p class=\"wp-block-paragraph\"><strong>Selver: <\/strong>Depremin \u00f6ncesinde de mahallelerde \u00e7al\u0131\u015fmalar y\u00fcr\u00fct\u00fcyorduk ama bu bize ula\u015fan kad\u0131nlar arac\u0131l\u0131\u011f\u0131yla oluyordu. Harbiye, Samanda\u011f, Armutlu, Antakya\u2019daki \u00e7evrede, Serinyol ve Karaa\u011fa\u00e7\u2019ta kad\u0131n \u00e7ad\u0131rlar\u0131n\u0131 depremden sonra 7 \u015eubat\u2019ta kurduk. Bu ilk s\u00fcre\u00e7 bizim i\u00e7in enkazdan kurtarma ve sonra \u015fehre tuvalet getirme \u00e7al\u0131\u015fmalar\u0131yla ba\u015flad\u0131. Ben de mesela depremden etkilenen kad\u0131nlardan bir tanesiyim. Y\u0131k\u0131m\u0131n \u00e7ok b\u00fcy\u00fck oldu\u011fu bir mahalleden, depremden sa\u011f \u00e7\u0131kt\u0131m. Mor Dayan\u0131\u015fmal\u0131 bir kad\u0131n arkada\u015fla kal\u0131yordum Armutlu\u2019da. \u0130kimiz de enkazdan \u00e7\u0131kt\u0131k. Ama 7 \u015eubat\u2019ta t\u00fcm sosyalist feministlerin, \u015fehir d\u0131\u015f\u0131ndan gelen kad\u0131n \u00f6rg\u00fctlerinin ve sosyalistlerin d\u00fc\u015f\u00fcncesi yaln\u0131zca fiziksel olarak de\u011fil, d\u00fc\u015f\u00fcnsel olarak da bu \u015fehri yeniden kurmaya ihtiyac\u0131m\u0131z oldu\u011fuydu. Bu y\u00fczden bulundu\u011fumuz mahallede buna y\u00f6nelik \u00e7al\u0131\u015fmalar\u0131 s\u0131k ve istikrarl\u0131 bir \u015fekilde yapmaya \u00e7al\u0131\u015f\u0131yoruz. Dikmece i\u00e7in de \u00f6yle, konumuz en ba\u015ftan beri istimlakt\u0131 ama tabi biz Mor Dayan\u0131\u015fma olarak ara ara ba\u015fka konular \u00fczerinden de tart\u0131\u015fmalar ve etkinlikler y\u00fcr\u00fct\u00fcyorduk. Kad\u0131n m\u00fccadelesinin girmedi\u011fi sokak, girmedi\u011fi mahalle, girmedi\u011fi k\u00f6y kalmas\u0131n diye d\u00fc\u015f\u00fcnd\u00fc\u011f\u00fcm\u00fcz i\u00e7in, hem istimlak sorununu \u00e7\u00f6zmek hem de kad\u0131nlar\u0131n \u00f6zg\u00fcrle\u015fmesini, kendilerini ke\u015ffetmesini sa\u011flamak ve kad\u0131n m\u00fccadelesini Hatay\u2019dan y\u00fckseltmek d\u00fc\u015f\u00fcncesiyle ilerledik.&nbsp;<\/p>\n\n\n\n<div class=\"wp-block-coblocks-gallery-offset alignwide\"><ul class=\"coblocks-gallery has-caption-style-dark has-large-images has-medium-gutter\"><li class=\"coblocks-gallery--item\"><figure class=\"wp-block-coblocks-gallery-offset__figure\"><img loading=\"lazy\" decoding=\"async\" width=\"1024\" height=\"768\" src=\"https:\/\/mordayanisma.org\/wp-content\/uploads\/2023\/09\/WhatsApp-Image-2023-09-21-at-14.36.46-1.jpeg\" alt=\"-\" data-id=\"4001\" data-link=\"https:\/\/mordayanisma.org\/?attachment_id=4001\" class=\"wp-image-4001\" title=\"\" srcset=\"https:\/\/www.mordayanisma.org\/wp-content\/uploads\/2023\/09\/WhatsApp-Image-2023-09-21-at-14.36.46-1.jpeg 1024w, https:\/\/www.mordayanisma.org\/wp-content\/uploads\/2023\/09\/WhatsApp-Image-2023-09-21-at-14.36.46-1-300x225.jpeg 300w, https:\/\/www.mordayanisma.org\/wp-content\/uploads\/2023\/09\/WhatsApp-Image-2023-09-21-at-14.36.46-1-768x576.jpeg 768w, https:\/\/www.mordayanisma.org\/wp-content\/uploads\/2023\/09\/WhatsApp-Image-2023-09-21-at-14.36.46-1-370x278.jpeg 370w, https:\/\/www.mordayanisma.org\/wp-content\/uploads\/2023\/09\/WhatsApp-Image-2023-09-21-at-14.36.46-1-760x570.jpeg 760w, https:\/\/www.mordayanisma.org\/wp-content\/uploads\/2023\/09\/WhatsApp-Image-2023-09-21-at-14.36.46-1-600x450.jpeg 600w\" sizes=\"auto, (max-width: 1024px) 100vw, 1024px\" \/><\/figure><\/li><\/ul><\/div>\n\n\n\n<p class=\"wp-block-paragraph\"><\/p>\n\n\n\n<p class=\"wp-block-paragraph\"><strong>Bilge: Dikmece\u2019de olanlar, T\u00fcrkiye\u2019nin bir\u00e7ok yerinde de ya\u015fand\u0131\u011f\u0131 gibi bir do\u011fay\u0131 talan etme projesi. Ayn\u0131 zamanda kad\u0131nlar\u0131n daha \u00e7ok eve mahkum edildi\u011fi, g\u00fcnden g\u00fcne korumas\u0131zla\u015ft\u0131r\u0131ld\u0131\u011f\u0131 bir s\u00fcre\u00e7ten ge\u00e7iyoruz. Dikmece direni\u015finde, devletin \u00e7evre talan\u0131yla kad\u0131n talan\u0131n\u0131na kar\u015f\u0131 somut olarak m\u00fccadele edildi\u011fini g\u00f6rebiliyor muyuz? Ekolojik y\u0131k\u0131m ve kad\u0131n talan\u0131na tepkilerin birle\u015fmi\u015f olarak bir \u00f6rg\u00fctl\u00fcl\u00fc\u011fe d\u00f6n\u00fc\u015ft\u00fc\u011f\u00fc s\u00f6ylenebilir mi? Dikmece bu a\u00e7\u0131dan sembolik bir anlam ta\u015f\u0131yor diyebilir miyiz?<\/strong><\/p>\n\n\n\n<p class=\"wp-block-paragraph\"><strong>Meryem: <\/strong>San\u0131r\u0131m diyebiliriz. \u015eu anda biz kad\u0131nlar m\u00fccadelede genelde \u00f6n saflarday\u0131z, direni\u015fi b\u00fcy\u00fctmeye \u00e7al\u0131\u015f\u0131yoruz, bu \u00e7ok b\u00fcy\u00fck bir etki yarat\u0131yor tabi ki. Bize de \u00e7ok iyi geldi. Hem topra\u011f\u0131m\u0131z\u0131, evimizi, a\u011fac\u0131m\u0131z\u0131 koruyoruz hem de her g\u00fcn kendimizi biraz daha ke\u015ffediyoruz, biraz daha ufkumuz a\u00e7\u0131l\u0131yor, daha \u00e7ok bilin\u00e7leniyoruz.&nbsp;<\/p>\n\n\n\n<p class=\"wp-block-paragraph\"><strong>Bilge: Her mahalleye girmenin, t\u00fcm kad\u0131nlarla ileti\u015fim kurman\u0131n, ayn\u0131 zamanda kad\u0131nlar\u0131 Dikmece direni\u015fi etraf\u0131nda birle\u015ftirmenin etkisini somut olarak nas\u0131l de\u011ferlendirirsiniz? Dikmece direni\u015finin gitti\u011fi y\u00f6n\u00fc, kad\u0131nlar\u0131n do\u011fayla ili\u015fkisini ve haklar\u0131na sahip \u00e7\u0131kmalar\u0131n\u0131 d\u00fc\u015f\u00fcnd\u00fc\u011f\u00fcn\u00fczde bunlar\u0131n \u00f6n\u00fcm\u00fczdeki s\u00fcre\u00e7te Hatay\u2019da hayat\u0131 yeniden kurmaya nas\u0131l etki edece\u011fini d\u00fc\u015f\u00fcn\u00fcyorsunuz?&nbsp;<\/strong><\/p>\n\n\n\n<p class=\"wp-block-paragraph\"><strong>Selver: <\/strong>Dikmece merkezi bir mahalle, Antakya\u2019yla \u0130skenderun\u2019a giden yol hatt\u0131nda ve Dikmece\u2019deki zeytin endemik bir t\u00fcr. Buradaki insanlar ge\u00e7im kayna\u011f\u0131n\u0131 zeytinden sa\u011fl\u0131yor. Kep\u00e7eler mahsuls\u00fcz tarlalara girmi\u015f durumda. \u0130kincisi depremde etkilenen b\u00f6lgelerin ve istimlak edilen b\u00f6lgelerin hepsi Arap Alevi n\u00fcfusun bulundu\u011fu b\u00f6lgeler. \u00dc\u00e7\u00fcnc\u00fcs\u00fc, gelen yer TOK\u0130 oldu\u011fu i\u00e7in daha da \u00e7ok sermayenin zenginle\u015fmeye \u00e7al\u0131\u015f\u0131yor, bir yandan da tabi bir do\u011fa talan\u0131yla kar\u015f\u0131 kar\u015f\u0131yay\u0131z. Bu do\u011fa talan\u0131na dair de biz hep \u015funu s\u00f6yl\u00fcyoruz, orada sadece zeytinler ya da mahsul yok. Bitki t\u00fcr\u00fcnden b\u00f6cek t\u00fcr\u00fcne, ku\u015f t\u00fcr\u00fcnden kelebek t\u00fcr\u00fcne bir\u00e7ok canl\u0131 ya\u015f\u0131yor. Burada topyekun bir sald\u0131r\u0131 halindeyiz ama di\u011fer soru i\u00e7in de \u015funu s\u00f6yleyebilirim, T\u00fcrkiye\u2019de zaten kad\u0131nlar \u0130kizk\u00f6y\u2019den \u0130kizdere\u2019ye, Kaz Da\u011flar\u0131\u2019na kadar direni\u015flere \u00f6nc\u00fcl\u00fck ediyor. Zaten kad\u0131n hareketinin de T\u00fcrkiye\u2019de daha da y\u00fckseldi\u011fi bir s\u00fcre\u00e7le kar\u015f\u0131 kar\u015f\u0131yay\u0131z. 25 Kas\u0131m, 8 Mart, 1 May\u0131s\u2019ta alanlara ya da herhangi bir g\u00fcncel sorundan kaynakl\u0131 soka\u011fa en h\u0131zl\u0131 \u00e7\u0131kan kad\u0131nlar oluyor. Bir de \u015f\u00f6yle de bakmak gerekiyor bu s\u00fcrece; Dikmece\u2019de kad\u0131nlar direni\u015fe bazen d\u00f6n\u00fc\u015f\u00fcml\u00fc olarak geliyorlar. Mesela, arkada\u015f\u0131n d\u00f6rt \u00e7ocu\u011fu varsa ya da eltisinin \u00fc\u00e7 \u00e7ocu\u011fu varsa birbirlerine b\u0131rakarak geliyorlar direni\u015fe daha \u00e7ok kat\u0131lmak i\u00e7in. En son bir arkada\u015f, \u201cacaba \u00e7ocu\u011fuma bakmas\u0131 i\u00e7in birini mi bulsam?\u201d diyordu. Biz \u00f6\u011flen bir duyuru varsa iki arkada\u015f duyuruya \u00e7\u0131k\u0131yoruz, ak\u015fam yeme\u011fini ev emek\u00e7isi bir arkada\u015f haz\u0131rl\u0131yor, en az\u0131ndan direni\u015ften ya da etkinlikten sonra ba\u015fka y\u00fcklerle kar\u015f\u0131la\u015fmayal\u0131m diye d\u00f6n\u00fc\u015f\u00fcml\u00fc yap\u0131yoruz. S\u00fcre\u00e7 asl\u0131nda b\u00f6yle ilerliyor. Ba\u015fta k\u00f6yle, direnelim mi direnmeyelim mi diye konu\u015fuyorduk; \u015fimdi ise direni\u015fin form\u00fcllerini konu\u015fuyoruz, acaba hangi alan\u0131 se\u00e7sek, bu alan\u0131 se\u00e7ti\u011fimizde nas\u0131l olur, t\u00fcm k\u00f6y\u00fc nas\u0131l katabiliriz vs. diyerek. \u015eu da bir ger\u00e7ek, mitingde de ilk \u00f6nce kad\u0131nlar bulu\u015fma alan\u0131ndayd\u0131. Biz zaten Mor Dayan\u0131\u015fma\u2019dan da haberle\u015fiyoruz. \u015eunu da s\u00f6yl\u00fcyoruz, duyuruyu sadece biz yapmayal\u0131m; bu y\u00fczden duyuru yaparken ortak bir \u015fekilde \u00e7\u0131k\u0131yoruz, herkesin bir on ki\u015filik listesi olsun istiyoruz. En sonki mitingimiz de b\u00f6yleydi; slogan\u0131ndan konu\u015fmac\u0131s\u0131na, duyurucusuna, teknik i\u015fleri haz\u0131rlamas\u0131na; elbette biz de vard\u0131k, ama k\u00f6ydeki arkada\u015flar bunlar\u0131 ayarlad\u0131. Toplant\u0131lar\u0131 da haz\u0131rl\u0131klar\u0131 da meclis tarz\u0131nda ilerletiyoruz, kararlar\u0131 ortak al\u0131yoruz. Ama kad\u0131nlar olarak \u015funu da ayr\u0131 yap\u0131yoruz; direni\u015f \u00e7ad\u0131r\u0131ndayken \u00f6ncesinde biz bir g\u00f6r\u00fc\u015fme al\u0131yoruz ya da direni\u015f \u00e7ad\u0131r\u0131nda ba\u015fka bir i\u015fimiz varsa mahalleden ba\u015fka bir kad\u0131n\u0131n evinin avlusuna gidiyoruz, o birilerine haber veriyor. Hem Mor Dayan\u0131\u015fma\u2019y\u0131 hem bu direni\u015fi hem de neden direni\u015fe kat\u0131lmam\u0131z gerekti\u011fini konu\u015fuyoruz. Yani s\u00fcre\u00e7 \u00e7ok y\u00f6nl\u00fc ilerliyor.<\/p>\n\n\n\n<p class=\"wp-block-paragraph\"><strong>Meryem<\/strong>: Ben do\u011fma b\u00fcy\u00fcme bural\u0131y\u0131m. Buran\u0131n insanlar\u0131n\u0131, onlar\u0131n kafa yap\u0131s\u0131n\u0131 az \u00e7ok tan\u0131yorum. Ben direni\u015fteki y\u00fcr\u00fcy\u00fc\u015fleri ve bas\u0131n a\u00e7\u0131klamalar\u0131n\u0131 \u00f6nce televizyondan izledim. Sonra alana geldim, \u00f6nce d\u0131\u015far\u0131dan izliyordum ve izledik\u00e7e kendimi i\u015fin i\u00e7inde g\u00f6rd\u00fcm. Bir \u015feylerin yap\u0131lmas\u0131 gerekti\u011fini, kad\u0131nlar\u0131n \u00f6rg\u00fctlenmesi gerekti\u011fini d\u00fc\u015f\u00fcnd\u00fcm. Biz kad\u0131nlar \u00f6nc\u00fcl\u00fck etmeden hi\u00e7bir \u015fey olaca\u011f\u0131n\u0131 d\u00fc\u015f\u00fcnm\u00fcyordum, biz kad\u0131nlar ne kadar \u00f6n safhalarda olursak san\u0131r\u0131m erkekler bizi o kadar \u00e7ok destekliyorlar. Selver\u2019in de dedi\u011fi gibi burada imkanlar\u0131m\u0131z bazen \u00e7ok k\u0131s\u0131tl\u0131 oluyor, direni\u015fi d\u00f6n\u00fc\u015f\u00fcml\u00fc yap\u0131yoruz. Bu \u015fekilde y\u00fcr\u00fct\u00fcyoruz, san\u0131r\u0131m g\u00fcn ge\u00e7tik\u00e7e daha da \u00e7ok b\u00fcy\u00fcyecek bu \u00f6rg\u00fctlenme, daha g\u00fczel \u015feyler olacak.&nbsp;<\/p>\n\n\n\n<p class=\"wp-block-paragraph\"><strong>Bilge: \u015eu anda uygulanan istimlak politikas\u0131ndan vazge\u00e7ilmedik\u00e7e bu direni\u015f devam edecek ve b\u00fcy\u00fcteceksiniz diye anl\u0131yorum, de\u011fil mi? 31. g\u00fcnde oldu\u011funuzu s\u00f6ylediniz, kat\u0131l\u0131m g\u00fcnden g\u00fcne tabi ki art\u0131yordur ama ba\u015flarda \u00e7ekingenlik g\u00f6steren, direni\u015fin i\u00e7inde olmayanlar\u0131n da sonras\u0131nda \u00f6rg\u00fctlendi\u011fini ve bunun gerekli bir \u015fey oldu\u011funu d\u00fc\u015f\u00fcnmeye ba\u015flad\u0131\u011f\u0131n\u0131 g\u00f6r\u00fcyor musunuz?<\/strong><\/p>\n\n\n\n<p class=\"wp-block-paragraph\"><strong>Meryem: <\/strong>Asl\u0131nda bu mahalledeki bir s\u00fcr\u00fc kad\u0131n benimle ayn\u0131 fikirde. Tabi ki \u00f6nce \u00e7ekinenler oldu; sonradan \u201cbiz de burday\u0131z, biz de sesimizi \u00e7\u0131karaca\u011f\u0131z, beraber y\u00fcr\u00fcyece\u011fiz\u201d diyenler oldu. Kad\u0131nlar asl\u0131nda burada \u00f6rg\u00fctlenmeye a\u00e7\u0131klar, tabi bazen provokasyonlar oluyor ve korkutulmaya \u00e7al\u0131\u015f\u0131yorlar. Ona ra\u011fmen bir s\u00fcr\u00fc kad\u0131n arkada\u015f bunlardan hi\u00e7 korkmadan devam ediyor bizimle y\u00fcr\u00fcmeye. Biraz \u00e7ekinip korkup geri duranlar da var, fakat o geride duranlar da evde bir \u015fekilde ellerinden geleni yapmaya \u00e7al\u0131\u015f\u0131yorlar. Ya sosyal medyadan ya da ba\u015fka \u015fekillerde bize destek olarak direni\u015fin i\u00e7inde oluyorlar.&nbsp;<\/p>\n\n\n\n<div class=\"wp-block-coblocks-gallery-offset alignwide\"><ul class=\"coblocks-gallery has-caption-style-dark has-large-images has-small-gutter\"><li class=\"coblocks-gallery--item\"><figure class=\"wp-block-coblocks-gallery-offset__figure\"><img loading=\"lazy\" decoding=\"async\" width=\"1024\" height=\"768\" src=\"http:\/\/mordayanisma.org\/wp-content\/uploads\/2023\/09\/WhatsApp-Image-2023-09-21-at-14.36.46-1-2.jpeg\" alt=\"-\" data-id=\"4003\" data-link=\"http:\/\/mordayanisma.org\/?attachment_id=4003\" class=\"wp-image-4003\" title=\"\" srcset=\"https:\/\/www.mordayanisma.org\/wp-content\/uploads\/2023\/09\/WhatsApp-Image-2023-09-21-at-14.36.46-1-2.jpeg 1024w, https:\/\/www.mordayanisma.org\/wp-content\/uploads\/2023\/09\/WhatsApp-Image-2023-09-21-at-14.36.46-1-2-300x225.jpeg 300w, https:\/\/www.mordayanisma.org\/wp-content\/uploads\/2023\/09\/WhatsApp-Image-2023-09-21-at-14.36.46-1-2-768x576.jpeg 768w, https:\/\/www.mordayanisma.org\/wp-content\/uploads\/2023\/09\/WhatsApp-Image-2023-09-21-at-14.36.46-1-2-370x278.jpeg 370w, https:\/\/www.mordayanisma.org\/wp-content\/uploads\/2023\/09\/WhatsApp-Image-2023-09-21-at-14.36.46-1-2-760x570.jpeg 760w, https:\/\/www.mordayanisma.org\/wp-content\/uploads\/2023\/09\/WhatsApp-Image-2023-09-21-at-14.36.46-1-2-600x450.jpeg 600w\" sizes=\"auto, (max-width: 1024px) 100vw, 1024px\" \/><\/figure><\/li><li class=\"coblocks-gallery--item\"><figure class=\"wp-block-coblocks-gallery-offset__figure\"><img loading=\"lazy\" decoding=\"async\" width=\"1024\" height=\"768\" src=\"http:\/\/mordayanisma.org\/wp-content\/uploads\/2023\/09\/WhatsApp-Image-2023-09-21-at-15.20.22-1-2.jpeg\" alt=\"-\" data-id=\"4012\" data-link=\"http:\/\/mordayanisma.org\/?attachment_id=4012\" class=\"wp-image-4012\" title=\"\" srcset=\"https:\/\/www.mordayanisma.org\/wp-content\/uploads\/2023\/09\/WhatsApp-Image-2023-09-21-at-15.20.22-1-2.jpeg 1024w, https:\/\/www.mordayanisma.org\/wp-content\/uploads\/2023\/09\/WhatsApp-Image-2023-09-21-at-15.20.22-1-2-300x225.jpeg 300w, https:\/\/www.mordayanisma.org\/wp-content\/uploads\/2023\/09\/WhatsApp-Image-2023-09-21-at-15.20.22-1-2-768x576.jpeg 768w, https:\/\/www.mordayanisma.org\/wp-content\/uploads\/2023\/09\/WhatsApp-Image-2023-09-21-at-15.20.22-1-2-370x278.jpeg 370w, https:\/\/www.mordayanisma.org\/wp-content\/uploads\/2023\/09\/WhatsApp-Image-2023-09-21-at-15.20.22-1-2-760x570.jpeg 760w, https:\/\/www.mordayanisma.org\/wp-content\/uploads\/2023\/09\/WhatsApp-Image-2023-09-21-at-15.20.22-1-2-600x450.jpeg 600w\" sizes=\"auto, (max-width: 1024px) 100vw, 1024px\" \/><\/figure><\/li><\/ul><\/div>\n\n\n\n<p class=\"wp-block-paragraph\"><\/p>\n\n\n\n<p class=\"wp-block-paragraph\"><strong>Bilge: Hem ki\u015fisel tecr\u00fcbenize dayanarak hem de oradaki kad\u0131nlara verdi\u011fi g\u00fc\u00e7 ve \u00f6rg\u00fctlenmeye katk\u0131s\u0131 a\u00e7\u0131s\u0131ndan Mor Dayan\u0131\u015fma\u2019n\u0131n rol\u00fcn\u00fc nas\u0131l betimlersiniz?&nbsp;<\/strong><\/p>\n\n\n\n<p class=\"wp-block-paragraph\">Meryem: \u0130lk toplant\u0131da, Selver\u2019le tan\u0131\u015ft\u0131\u011f\u0131m g\u00fcn, ortam\u0131 g\u00f6zlemlemi\u015ftim ve sanki Selver i\u00e7imizden biri gibiydi, bizi y\u0131llard\u0131r tan\u0131yormu\u015f gibiydi. Sonra etraftaki arkada\u015flar da ondan bahsetmeye ba\u015flad\u0131lar, daha \u00e7ok g\u00f6r\u00fc\u015fmeye ba\u015flad\u0131k. G\u00fcven vericiydi, o ve Mor Dayan\u0131\u015fma ger\u00e7ekten her konuda zihnimizi a\u00e7mak i\u00e7in farkl\u0131 fikirler sunuyorlar bize. Mor Dayan\u0131\u015fma\u2019n\u0131n buraya gelmesinin, b\u00f6yle bir \u00e7al\u0131\u015fma y\u00fcr\u00fctmesinin \u00e7ok yerinde ve g\u00fczel bir faaliyet oldu\u011funu d\u00fc\u015f\u00fcn\u00fcyorum. Benim i\u00e7in ayr\u0131 bir \u00f6zelli\u011fi oldu; ben zaten bu k\u00f6yde gen\u00e7 kesimdenim, 34 ya\u015f\u0131nday\u0131m. Biraz eksiklik hissediyorum bu konuda. Sanki insanlar, kad\u0131nlar birbirlerinden ayr\u0131\u015ft\u0131r\u0131l\u0131yorlar, bir \u015fekilde bu oluyor. \u015eu anda ger\u00e7ekten birbirimizi daha \u00e7ok tan\u0131yoruz, birbirimizle daha \u00e7ok g\u00f6r\u00fc\u015f\u00fcyoruz, birbirimize destek oluyoruz. Bunu g\u00f6rd\u00fck\u00e7e, bu \u00f6rg\u00fctlenmeyi, bu deste\u011fi, birbirleriyle neredeyse hi\u00e7 g\u00f6r\u00fc\u015fmeyen insanlar bile g\u00f6r\u00fc\u015fmeye ba\u015flad\u0131. Bunu k\u0131rmak \u00e7ok g\u00fczel ve \u00e7ok heyecan verici benim i\u00e7in, hele mahallemde bu olay\u0131n olmas\u0131 benim i\u00e7in \u00e7ok \u00e7ok g\u00fczel oldu. Bunun i\u00e7in Mor Dayan\u0131\u015fma\u2019ya \u00e7ok te\u015fekk\u00fcr ederim asl\u0131nda. \u0130yi ki geldiler, iyi ki beraber direniyoruz.&nbsp;<\/p>\n\n\n\n<p class=\"wp-block-paragraph\"><strong>Selver: <\/strong>Ben de ilk k\u00f6ye gitti\u011fimde mesela, sonras\u0131nda arkada\u015flarla konu\u015ftu\u011fumda \u015funu s\u00f6yleyenler oldu: \u201cBa\u015fta size \u00e7ok g\u00fcvenemedik, acaba kim bunlar\u201d dedik. Ama sonra bu g\u00fcvenle birlikte bir teredd\u00fct hissetmediklerini s\u00f6yledi kad\u0131nlar. Ba\u015fta i\u015f durumuna g\u00f6re daha aktif olanlar ba\u015fka bir \u015fekilde bu aktifli\u011fini s\u00fcrd\u00fcrd\u00fc. Bu aktiflik Meryem\u2019in de s\u00f6yledi\u011fi gibi \u00f6rne\u011fin, bir arkada\u015f tarlada \u00e7al\u0131\u015f\u0131yorsa, ak\u015fam kom\u015fuya haber veriyordu ya da sosyal medyada payla\u015f\u0131yordu, ba\u015fka bir arkada\u015f evinin \u00f6n\u00fcn\u00fc a\u00e7\u0131yor, ba\u015fka bir arkada\u015f hangi kad\u0131na gitmeliyiz onu ayarl\u0131yor, kimlerle ileti\u015fim kurmal\u0131y\u0131z, ne \u015fekilde ilerlemeliyiz s\u00f6yl\u00fcyordu. Evet biz bir direni\u015f i\u00e7erisindeyiz, ama siyasette de bunun \u00f6ncesinde \u015f\u00f6yle s\u00f6yl\u00fcyorduk \u201csiyaseti de erkeklere b\u0131rakmayaca\u011f\u0131z ya\u015fama hakk\u0131m\u0131z\u0131 da b\u0131rakmayaca\u011f\u0131z\u201d ve burada Dikmece\u2019de \u015funu g\u00f6rebiliyoruz: oray\u0131 zenginle\u015ftirici fikirlerin kad\u0131nlardan \u00e7\u0131kt\u0131\u011f\u0131n\u0131 ya da kolektif karma toplant\u0131lar\u0131m\u0131zda oraya da y\u00f6n veren arkada\u015flar\u0131n da k\u00f6yden kad\u0131n arkada\u015flar oldu\u011funu g\u00f6rebiliyoruz. Direni\u015fte ilk foto\u011frafta da b\u00f6yleydi, en sonki foto\u011frafta da. Genelde kad\u0131nlar ya da \u00e7ocuklar ya da ya\u015fl\u0131 arkada\u015flar g\u00f6r\u00fcnt\u00fcde daha \u00f6n planda oluyor. \u015eunu da g\u00f6zlemledim Mor Dayan\u0131\u015fma\u2019ya dair, biz gitti\u011fimizde k\u00f6yde merak etmi\u015flerdi, \u201cistimlak d\u0131\u015f\u0131nda ne i\u00e7in burdas\u0131n\u0131z, ne yapaca\u011f\u0131z?\u201d diye. Biz direkt \u015funu s\u00f6yledik: \u00d6rg\u00fctlenmek ve depremden sonra ya\u015fam\u0131 beraber kurmak. \u015eu an burdaki sorun istimlak, ba\u015fka bir yerdeki sorun asbest oluyor, ba\u015fka bir yerde y\u0131k\u0131m, bir ba\u015fka yerdeki sorun \u015fiddet olabiliyor ya da kad\u0131n cinayeti. Bizim derdimiz burada \u00f6rg\u00fctlenmek ve istimlak gibi k\u00f6t\u00fc bir vesileyle iyi \u015feyler yapmak, kad\u0131n m\u00fccadelesini art\u0131rmak. \u015eimdi de kamp\u0131m\u0131z var, miting bitti, kamp oda\u011f\u0131m\u0131za ba\u015flad\u0131k. Kampta mesela, Dikmece\u2019den kat\u0131lan arkada\u015flar, direni\u015f ruhuyla kat\u0131lm\u0131\u015f olacaklar. Orada direni\u015fe dair de s\u00f6yle\u015fimiz olacak. Di\u011fer \u015fehirlerdeki kad\u0131nlar da olacak orada, mesela Adana, Mersin ya da di\u011fer iller. Hatay\u2019\u0131 ziyaret ederken genelde Adana\u2019dan kad\u0131nlar geliyordu, merak ediyorlard\u0131, y\u0131k\u0131m\u0131n oldu\u011fu yerlere gidiyorduk ya da mahalleye geldiklerinde kad\u0131nlar\u0131 \u00e7a\u011f\u0131rd\u0131\u011f\u0131m\u0131zda duygu ve d\u00fc\u015f\u00fcncelerini payla\u015f\u0131yorlard\u0131. \u015eimdi biz hem daha da g\u00fc\u00e7lenerek \u00e7\u0131kt\u0131k, hem de depremin alt\u0131nc\u0131 ay\u0131 ge\u00e7ti. Bir\u00e7ok m\u00fccadele ve ba\u015fka deneyimlerimiz oldu. Kampta da ben bunu en g\u00fczel \u015fekilde yans\u0131taca\u011f\u0131m\u0131z\u0131 ve k\u0131z karde\u015flik ba\u011f\u0131m\u0131z\u0131 y\u00fckseltece\u011fimizi d\u00fc\u015f\u00fcn\u00fcyorum. Bu direni\u015f, istimlak ya da ba\u015fka bir olay, bize asl\u0131nda kad\u0131n m\u00fccadelesini daha da b\u00fcy\u00fctmemiz gerekti\u011fini ve b\u00fcy\u00fctme yolunda oldu\u011fumuzu g\u00f6steriyor.&nbsp;<\/p>\n\n\n\n<p class=\"wp-block-paragraph\">Mor Dayan\u0131\u015fma\u2019n\u0131n kuruldu\u011fu yer Antakya\u2019yd\u0131. Gezi\u2019den hemen sonraki s\u00fcre\u00e7te a\u00e7t\u0131k.. Gezi de bizim i\u00e7in ba\u015fka bir toplumsal hareketti ve yine kad\u0131nlar\u0131n en \u00f6nde oldu\u011fu, \u201ck\u00fcf\u00fcrs\u00fcz direnin\u201d diyen kad\u0131nlar\u0131n oldu\u011fu bir direni\u015fti. Antakya\u2019da bizim derne\u011fimiz ilk Armutlu\u2019da a\u00e7\u0131ld\u0131 ve Antakya\u2019dan sonra bir\u00e7ok yerde Mor Dayan\u0131\u015fma\u2019y\u0131 b\u00fcy\u00fctt\u00fck. Bize ula\u015fan kad\u0131nlarla s\u0131rt \u00e7antam\u0131z\u0131 alarak, mahallelere giderek orada dayan\u0131\u015fmay\u0131 b\u00fcy\u00fctmeye, Mor Dayan\u0131\u015fma\u2019y\u0131 daha da \u00f6rg\u00fctlemeye \u00e7al\u0131\u015ft\u0131k. \u015eimdi ilk yerimizde, hayat\u0131 yeniden in\u015fa edece\u011fiz diyerek Antakya\u2019dan ba\u015fl\u0131yoruz. \u015eu an mahallelerdeyiz, umar\u0131m di\u011fer s\u00fcre\u00e7lerde Armutlu\u2019da da, Armutlu\u2019nun \u00e7evresinde de depremden dolay\u0131 giden ama \u015fu an geri gelen ya da gelmek isteyen bir\u00e7ok kad\u0131nla yan yana geliriz. Dikmece, istimlak d\u0131\u015f\u0131nda, kad\u0131n m\u00fccadelesini farkl\u0131 boyutlar\u0131yla, \u00f6rg\u00fctlenme boyutuyla bize farkl\u0131 pencereler a\u00e7ar.&nbsp;<\/p>\n\n\n\n<p class=\"wp-block-paragraph\"><strong>Meryem: <\/strong>\u015e\u00f6yle bir an\u0131 akl\u0131ma geldi. Biz Selver\u2019le dola\u015f\u0131yoruz, bazen duyuru yap\u0131yoruz, bazen \u00e7ad\u0131rda bulunuyoruz. Selver\u2019le daha \u00f6nce tan\u0131\u015fmayan arkada\u015flar ar\u0131yorlar beni, \u201cbize de gelin ziyarete\u201d diyorlar. \u201cBize de o arkada\u015f\u0131n\u0131 getir, bir tan\u0131\u015fal\u0131m, kahve i\u00e7elim, sohbet edelim\u201d diyorlar. B\u00f6yle \u00e7ok g\u00fczel geri d\u00f6n\u00fc\u015fler al\u0131yoruz. Kimisi de \u201changi aileden bu arkada\u015f?\u201d diyor, yani Selver\u2019i bizim k\u00f6yl\u00fc olarak g\u00f6r\u00fcyor \u00e7o\u011fu ki\u015fi. Arkada\u015fl\u0131\u011f\u0131m\u0131z \u00e7ok g\u00fczel oldu, i\u00e7imizden biri olarak \u015fu anda Selver, ba\u015fka biri gibi d\u00fc\u015f\u00fcnm\u00fcyoruz onu hi\u00e7. Sanki y\u0131llard\u0131r beraber b\u00fcy\u00fcm\u00fc\u015f\u00fcz, k\u0131z karde\u015fimizmi\u015f. Gelen tepkiler \u00e7ok g\u00fczel, herkes bir \u015feyler yapmaya \u00e7al\u0131\u015f\u0131yor. Bu \u00f6rg\u00fctlenme daha \u00e7ok b\u00fcy\u00fcyecek Dikmece\u2019de, o potansiyelin oldu\u011funu d\u00fc\u015f\u00fcn\u00fcyorum.&nbsp;<br>Selver: Depremden sonraki ilk 8 Mart\u2019ta bir kad\u0131n zinciri kurmu\u015ftuk Antakya\u2019da. \u00dc\u00e7 b\u00f6lgede 8 Mart\u2019\u0131 \u00e7ok g\u00fc\u00e7l\u00fc ger\u00e7ekle\u015ftirmi\u015ftik, o s\u00fcre\u00e7te arkada\u015flarla tan\u0131\u015fm\u0131yorduk. Seneye 8 Mart\u2019ta ya da \u00f6ncesinde 25 Kas\u0131m\u2019da Dikmece\u2019den kad\u0131nlarla da yine Antakya\u2019ya inmi\u015f oluruz. Belki b\u00f6lgelerde de a\u00e7\u0131klamalar\u0131m\u0131z\u0131 yapm\u0131\u015f oldu\u011fumuz g\u00f6r\u00fcnt\u00fcleri sosyal medyada duyurmu\u015f oluruz. Buradan biz \u015funun beyan\u0131n\u0131 veriyoruz; kad\u0131n dayan\u0131\u015fmas\u0131n\u0131 her mahallede b\u00fcy\u00fctece\u011fiz. \u0130stimlak vesilesiyle Dikmece\u2019de de b\u00fcy\u00fctece\u011fiz ve oradaki arkada\u015flarla birlikte di\u011fer mahallelere de yay\u0131l\u0131p burada kolektif ya\u015fam\u0131 birlikte \u00fcretece\u011fiz. \u015e\u00f6yle bir komik an\u0131m\u0131z oldu onu anlat\u0131p bitireyim. Mitingde kurumlar normal anons edilirken Meryem, kad\u0131n m\u00fccadelesinin de i\u00e7erisinde bir kad\u0131n olarak, Mor Dayan\u0131\u015fma\u2019y\u0131 daha g\u00fc\u00e7l\u00fc bir \u015fekilde s\u00f6yledi. Ak\u015fam aram\u0131zda g\u00fclmeye ba\u015flad\u0131k, \u201cbak \u015fimdi oklar bize d\u00f6necek\u201d diyerek. Her gelen oka be\u015f okla cevap verdi\u011fimiz i\u00e7in bu bizim i\u00e7in \u00e7ok bir sorun olmuyor. Buradan \u015funu beyan edelim; biz burada H\u00fcy\u00fck maden direni\u015fini kazand\u0131k, Arsuz\u2019da. Yine Arsuz\u2019da Kurtba\u011f\u0131 k\u00f6y\u00fcndeki direni\u015fi kazand\u0131k. Bu direni\u015fi de kazanaca\u011f\u0131z ve ayr\u0131ca kad\u0131n m\u00fccademizi de b\u00fcy\u00fctece\u011fiz.<\/p>","protected":false},"excerpt":{"rendered":"<p>&#8220;Hem topra\u011f\u0131m\u0131z\u0131, evimizi, a\u011fac\u0131m\u0131z\u0131 koruyoruz hem de her g\u00fcn kendimizi biraz daha ke\u015ffediyoruz, biraz daha ufkumuz a\u00e7\u0131l\u0131yor, daha \u00e7ok bilin\u00e7leniyoruz.&nbsp;&#8221; -Meryem Kutlu Mor Dayan\u0131\u015fma&#8217;dan Bilge Batur; Hatay Dikmece direni\u015finin ba\u015f\u0131ndan bu yana ekoloji m\u00fccadelesini b\u00fcy\u00fcten ve kad\u0131n dayan\u0131\u015fmas\u0131 ile topra\u011fa, zeytinliklere, do\u011faya sahip \u00e7\u0131kan sevgili arkada\u015flar\u0131m\u0131z Selver Kele\u015f ve Meryem Kutlu ile bir r\u00f6portaj yapt\u0131.&hellip;<\/p>","protected":false},"author":26,"featured_media":4013,"comment_status":"closed","ping_status":"closed","sticky":false,"template":"","format":"standard","meta":{"_coblocks_attr":"","_coblocks_dimensions":"","_coblocks_responsive_height":"","_coblocks_accordion_ie_support":"","_eb_attr":"","inline_featured_image":false,"footnotes":""},"categories":[95,420],"tags":[1420,276],"ppma_author":[593],"class_list":["post-3989","post","type-post","status-publish","format-standard","has-post-thumbnail","hentry","category-sen-anlat","category-deprem-bolgesinden-notlar","tag-dikmece-direnisi","tag-ekolojikyikim","author-bilge-batur"],"authors":[{"term_id":593,"user_id":26,"is_guest":0,"slug":null,"display_name":"Bilge Batur","avatar_url":"https:\/\/www.mordayanisma.org\/wp-content\/litespeed\/avatar\/22f567d0457734aab6d9c01b9b8092e6.jpg?ver=1788001662","author_category":"","first_name":"Bilge","last_name":"Batur","user_url":"","job_title":"","description":"bilgebatur@mordayanisma.org"}],"_links":{"self":[{"href":"https:\/\/www.mordayanisma.org\/en\/wp-json\/wp\/v2\/posts\/3989","targetHints":{"allow":["GET"]}}],"collection":[{"href":"https:\/\/www.mordayanisma.org\/en\/wp-json\/wp\/v2\/posts"}],"about":[{"href":"https:\/\/www.mordayanisma.org\/en\/wp-json\/wp\/v2\/types\/post"}],"author":[{"embeddable":true,"href":"https:\/\/www.mordayanisma.org\/en\/wp-json\/wp\/v2\/users\/26"}],"replies":[{"embeddable":true,"href":"https:\/\/www.mordayanisma.org\/en\/wp-json\/wp\/v2\/comments?post=3989"}],"version-history":[{"count":0,"href":"https:\/\/www.mordayanisma.org\/en\/wp-json\/wp\/v2\/posts\/3989\/revisions"}],"wp:featuredmedia":[{"embeddable":true,"href":"https:\/\/www.mordayanisma.org\/en\/wp-json\/wp\/v2\/media\/4013"}],"wp:attachment":[{"href":"https:\/\/www.mordayanisma.org\/en\/wp-json\/wp\/v2\/media?parent=3989"}],"wp:term":[{"taxonomy":"category","embeddable":true,"href":"https:\/\/www.mordayanisma.org\/en\/wp-json\/wp\/v2\/categories?post=3989"},{"taxonomy":"post_tag","embeddable":true,"href":"https:\/\/www.mordayanisma.org\/en\/wp-json\/wp\/v2\/tags?post=3989"},{"taxonomy":"author","embeddable":true,"href":"https:\/\/www.mordayanisma.org\/en\/wp-json\/wp\/v2\/ppma_author?post=3989"}],"curies":[{"name":"wp","href":"https:\/\/api.w.org\/{rel}","templated":true}]}}