{"id":3891,"date":"2023-04-22T17:27:56","date_gmt":"2023-04-22T14:27:56","guid":{"rendered":"http:\/\/mordayanisma.org\/?p=3891"},"modified":"2025-06-17T13:37:00","modified_gmt":"2025-06-17T10:37:00","slug":"yasami-beraber-kurmak-icin-1-mayista-alanlara","status":"publish","type":"post","link":"https:\/\/www.mordayanisma.org\/en\/2023\/04\/22\/yasami-beraber-kurmak-icin-1-mayista-alanlara\/","title":{"rendered":"Ya\u015fam\u0131 Beraber Kurmak i\u00e7in 1 May\u0131s&#8217;ta Alanlara!"},"content":{"rendered":"<h4 class=\"wp-block-heading has-text-align-left\"><strong>Patriyarkal kapitalizmin \u00fclkenin d\u00f6rt bir yan\u0131n\u0131 felakete \u00e7evirdi\u011fi bug\u00fcnlerde kad\u0131nlar hi\u00e7 olmad\u0131\u011f\u0131 kadar politik bir atmosferin havas\u0131n\u0131 soluyor ve b\u00fcy\u00fck bir seferberlikle ya\u015fam\u0131n kurucu \u00f6znesi oluyor.<\/strong><\/h4>\n\n\n\n<p class=\"wp-block-paragraph\">Tarih boyunca toplumsal krizleri, de\u011fi\u015fimleri ve sava\u015flar\u0131 \u00e7ok boyutlu ya\u015fayan kad\u0131nlar; \u015fimdi de y\u0131k\u0131nt\u0131lar\u0131n aras\u0131nda en can al\u0131c\u0131 yerde duruyor.&nbsp;<\/p>\n\n\n\n<p class=\"wp-block-paragraph\">Kad\u0131nlar\u0131n ev i\u00e7i eme\u011fini s\u00f6m\u00fcrerek kendini yeniden \u00fcreten patriyarkal kapitalist sistem, \u015fimdi de yar\u0131m yamalak kurulan \u00e7ad\u0131rlar\u0131n ve ge\u00e7ici bar\u0131nma alanlar\u0131n\u0131n i\u00e7inde kendini var ediyor.<\/p>\n\n\n\n<p class=\"wp-block-paragraph\">Depremin ard\u0131ndan \u00e7ad\u0131rlar ve konteynerlerde ya\u015famak zorunda olan kad\u0131nlar i\u00e7in \u201cev i\u015fleri \u201c, yerini \u201c\u00e7ad\u0131r i\u015fleri\u201dne b\u0131rakm\u0131\u015f durumda.<\/p>\n\n\n\n<p class=\"wp-block-paragraph\">\u00dcstelik, kad\u0131nlar beraber ya\u015fad\u0131\u011f\u0131 aile bireylerinin bak\u0131m\u0131n\u0131, ruhsal olarak iyile\u015fmesini ve temel ihtiya\u00e7lar\u0131n\u0131 da kar\u015f\u0131lamaya mecbur b\u0131rak\u0131l\u0131yor.<\/p>\n\n\n\n<h4 class=\"wp-block-heading has-text-align-left\"><strong>Yoksulluk, \u015eiddet, Depremi Felakete D\u00f6n\u00fc\u015ft\u00fcrmeleri Kaderimiz De\u011fil!<\/strong><\/h4>\n\n\n\n<p class=\"wp-block-paragraph\">6 \u015eubat&#8217;ta Mara\u015f merkez \u00fcss\u00fcnde ya\u015fanan deprem 11 ilde etkisini g\u00f6sterdi. Do\u011fal afetin b\u00f6yle toplumsal bir felakete d\u00f6n\u00fc\u015fece\u011fi ise ilk saatlerden itibaren AKP-MHP koalisyonunun ve i\u00e7i bo\u015falt\u0131lm\u0131\u015f kamu kurumlar\u0131n\u0131n tutumlar\u0131 ile belliydi.<\/p>\n\n\n\n<p class=\"wp-block-paragraph\">Kad\u0131nlar\u0131n kazan\u0131lm\u0131\u015f haklar\u0131n\u0131 gasp eden, katilleri koruma politikas\u0131 ile kad\u0131n cinayetlerinin \u00f6n\u00fcn\u00fc a\u00e7an, hukuksuzlu\u011fu ve adaletsizli\u011fi kendine ilke edinmi\u015f Cumhur \u0130ttifak\u0131; halk nezdinde itibar\u0131n\u0131 ve me\u015frulu\u011funu kaybetti.<\/p>\n\n\n\n<p class=\"wp-block-paragraph\">Depremin \u00fczerinden iki ay ge\u00e7mesine ra\u011fmen hala ne g\u00fcvenli bar\u0131nma alanlar\u0131 olu\u015fturulmu\u015f ne de temel ihtiya\u00e7lar kar\u015f\u0131lanm\u0131\u015f durumda.<\/p>\n\n\n\n<p class=\"wp-block-paragraph\">Yetersiz hijyen ko\u015fullar\u0131 her ge\u00e7en g\u00fcn kad\u0131n sa\u011fl\u0131\u011f\u0131 i\u00e7in b\u00fcy\u00fck tehdit olu\u015fturuyor.<\/p>\n\n\n\n<p class=\"wp-block-paragraph\">Toplumsal cinsiyet e\u015fitsizli\u011fi, bug\u00fcn y\u0131k\u0131m\u0131 ya\u015fam\u0131\u015f b\u00fct\u00fcn kad\u0131nlar\u0131 cinsiyet\u00e7i muamelelere maruz b\u0131rak\u0131yor.<\/p>\n\n\n\n<p class=\"wp-block-paragraph\">\u00d6zellikle deprem b\u00f6lgesinde kad\u0131na y\u00f6nelik \u015fiddetin devam ediyor. Bo\u015fanma a\u015famas\u0131nda olan bir\u00e7ok kad\u0131n deprem nedeniyle \u015fiddet g\u00f6rd\u00fckleri yerlere geri d\u00f6nmek zorunda kal\u0131yor.<\/p>\n\n\n\n<h4 class=\"wp-block-heading\"><strong>Felaket rejimini kabul etmiyoruz!<\/strong><\/h4>\n\n\n\n<h4 class=\"wp-block-heading\"><strong>*B\u00fct\u00fcn olas\u0131l\u0131klar\u0131n \u00e7ok g\u00fc\u00e7l\u00fc oldu\u011fu bir d\u00f6nemde 1 May\u0131s&#8217;a do\u011fru gidiyoruz*<\/strong><\/h4>\n\n\n\n<p class=\"wp-block-paragraph\">\u0130lk g\u00fcnden itibaren deprem b\u00f6lgelerine nas\u0131l \u00e7\u00f6keriz, y\u0131k\u0131lan alanlar\u0131 nas\u0131l betonla\u015ft\u0131r\u0131r\u0131z hesaplar\u0131 yapan rant\u00e7\u0131lardan; biz i\u015f\u00e7iler giderek yoksulla\u015f\u0131rken her g\u00fcn daha \u00e7ok zenginle\u015fen sermayedarlardan hesap soraca\u011f\u0131z!<\/p>\n\n\n\n<p class=\"wp-block-paragraph\">Kad\u0131nlar\u0131n eme\u011fini ucuz, esnek, g\u00fcvencesiz b\u0131rakan ve bizlere yoksullu\u011fu, i\u015fsizli\u011fi dayatan bu d\u00fczenden ve h\u00fck\u00fcmetten hesap soraca\u011f\u0131z!<\/p>\n\n\n\n<p class=\"wp-block-paragraph\">Kad\u0131n kurtulu\u015f m\u00fccadelesinin sosyalist feminist perspektif \u0131\u015f\u0131\u011f\u0131nda yeni yollar a\u00e7t\u0131\u011f\u0131 bir d\u00f6nemdeyiz. \u00dclkenin d\u00f6rt bir taraf\u0131nda kad\u0131nlar \u015fiddete, yoksullu\u011fa, bask\u0131ya ve erkek egemenli\u011fine kar\u015f\u0131 \u00f6rg\u00fctl\u00fc m\u00fccadeleyi b\u00fcy\u00fctmeye devam ediyor.<\/p>\n\n\n\n<p class=\"wp-block-paragraph\">Sokaklar\u0131 doldurup barikatlar\u0131 a\u015ft\u0131\u011f\u0131m\u0131z 8 Mart\u2019tan sonra s\u0131ra da 1 May\u0131s\u2019\u0131 kad\u0131nlar\u0131n m\u00fccadelesi ile bulu\u015fturmak var!<\/p>\n\n\n\n<h4 class=\"wp-block-heading\">Ya\u015fam\u0131 birlikte kurmak i\u00e7in 1 May\u0131s\u2019ta alanlara!<\/h4>","protected":false},"excerpt":{"rendered":"<p>Patriyarkal kapitalizmin \u00fclkenin d\u00f6rt bir yan\u0131n\u0131 felakete \u00e7evirdi\u011fi bug\u00fcnlerde kad\u0131nlar hi\u00e7 olmad\u0131\u011f\u0131 kadar politik bir atmosferin havas\u0131n\u0131 soluyor ve b\u00fcy\u00fck bir seferberlikle ya\u015fam\u0131n kurucu \u00f6znesi oluyor. Tarih boyunca toplumsal krizleri, de\u011fi\u015fimleri ve sava\u015flar\u0131 \u00e7ok boyutlu ya\u015fayan kad\u0131nlar; \u015fimdi de y\u0131k\u0131nt\u0131lar\u0131n aras\u0131nda en can al\u0131c\u0131 yerde duruyor.&nbsp; Kad\u0131nlar\u0131n ev i\u00e7i eme\u011fini s\u00f6m\u00fcrerek kendini yeniden \u00fcreten patriyarkal&hellip;<\/p>","protected":false},"author":5,"featured_media":3893,"comment_status":"closed","ping_status":"closed","sticky":false,"template":"","format":"standard","meta":{"_coblocks_attr":"","_coblocks_dimensions":"","_coblocks_responsive_height":"","_coblocks_accordion_ie_support":"","_eb_attr":"","inline_featured_image":false,"footnotes":""},"categories":[541],"tags":[1427],"ppma_author":[573],"class_list":["post-3891","post","type-post","status-publish","format-standard","has-post-thumbnail","hentry","category-1-mayis","tag-sosyalist-feminist-mucadele","author-mor-dayanisma"],"authors":[{"term_id":573,"user_id":5,"is_guest":0,"slug":"mor-dayanisma","display_name":"Mor Dayan\u0131\u015fma","avatar_url":"https:\/\/www.mordayanisma.org\/wp-content\/litespeed\/avatar\/18b1bff8d2c98eaf6f87c388a27f2cfa.jpg?ver=1788268176","author_category":"1","first_name":"Mor","last_name":"Dayan\u0131\u015fma","user_url":"","job_title":"","description":"<a href=\"https:\/\/www.mordayanisma.org\/en\/iletisim\/\" target=\"_blank\" rel=\"noopener\">Contact<\/a>\r\n\r\ndayanismamor@gmail.com"}],"_links":{"self":[{"href":"https:\/\/www.mordayanisma.org\/en\/wp-json\/wp\/v2\/posts\/3891","targetHints":{"allow":["GET"]}}],"collection":[{"href":"https:\/\/www.mordayanisma.org\/en\/wp-json\/wp\/v2\/posts"}],"about":[{"href":"https:\/\/www.mordayanisma.org\/en\/wp-json\/wp\/v2\/types\/post"}],"author":[{"embeddable":true,"href":"https:\/\/www.mordayanisma.org\/en\/wp-json\/wp\/v2\/users\/5"}],"replies":[{"embeddable":true,"href":"https:\/\/www.mordayanisma.org\/en\/wp-json\/wp\/v2\/comments?post=3891"}],"version-history":[{"count":0,"href":"https:\/\/www.mordayanisma.org\/en\/wp-json\/wp\/v2\/posts\/3891\/revisions"}],"wp:featuredmedia":[{"embeddable":true,"href":"https:\/\/www.mordayanisma.org\/en\/wp-json\/wp\/v2\/media\/3893"}],"wp:attachment":[{"href":"https:\/\/www.mordayanisma.org\/en\/wp-json\/wp\/v2\/media?parent=3891"}],"wp:term":[{"taxonomy":"category","embeddable":true,"href":"https:\/\/www.mordayanisma.org\/en\/wp-json\/wp\/v2\/categories?post=3891"},{"taxonomy":"post_tag","embeddable":true,"href":"https:\/\/www.mordayanisma.org\/en\/wp-json\/wp\/v2\/tags?post=3891"},{"taxonomy":"author","embeddable":true,"href":"https:\/\/www.mordayanisma.org\/en\/wp-json\/wp\/v2\/ppma_author?post=3891"}],"curies":[{"name":"wp","href":"https:\/\/api.w.org\/{rel}","templated":true}]}}