{"id":3843,"date":"2023-02-19T11:43:01","date_gmt":"2023-02-19T08:43:01","guid":{"rendered":"http:\/\/mordayanisma.org\/?p=3843"},"modified":"2025-01-26T16:51:48","modified_gmt":"2025-01-26T13:51:48","slug":"kadin-cadirindan-te-busik-iydik-ya-hayti","status":"publish","type":"post","link":"https:\/\/www.mordayanisma.org\/en\/2023\/02\/19\/kadin-cadirindan-te-busik-iydik-ya-hayti\/","title":{"rendered":"Kad\u0131n \u00c7ad\u0131r\u0131ndan-Te B\u00fcsik \u0130ydik Ya Hayti*"},"content":{"rendered":"<p class=\"has-text-align-left wp-block-paragraph\"><strong>*<\/strong>\u00d6peyim ellerinden k\u0131z karde\u015fim\u2026 Hatay\/Samanda\u011f\u2019da depremin 11. G\u00fcn\u00fcnde, uzak bir mahalleden arac\u0131 olmad\u0131\u011f\u0131 i\u00e7in y\u00fcr\u00fcyerek elinde po\u015fetle erzak almaya gelen ya\u015fl\u0131 bir kad\u0131ndan geldi bu s\u00f6z. Ben ba\u015f\u0131ndan \u00f6pt\u00fcm onun, g\u00f6zya\u015flar\u0131ndan akt\u0131k beraber, ellerimiz tutu\u015ftu. Bizim i\u00e7in ne yapsak ne etsek az kalacak, asla kay\u0131plar\u0131n yerini tutmayacak her \u00e7abam\u0131z; Samanda\u011f halk\u0131n\u0131n b\u00fcy\u00fck \u00e7o\u011funlu\u011funu olu\u015fturan Arap-Alevi n\u00fcfusundan olan kad\u0131nlar\u0131n yan\u0131ndaki \u201chayti\u201dlerin ellerini tutarak b\u00fcy\u00fcd\u00fc. <\/p>\n\n\n\n<p class=\"wp-block-paragraph\">6 \u015eubat depreminin ilk g\u00fcn\u00fcnden itibaren Samanda\u011f\u2019a var\u0131p kad\u0131n dayan\u0131\u015fma noktas\u0131n\u0131 ve kad\u0131n \u00e7ad\u0131rlar\u0131n\u0131 kuran bizler i\u00e7in k\u0131z karde\u015flerimize ula\u015fma ve \u201cBuraday\u0131z, beraberiz, hi\u00e7bir yere gitmiyoruz\u201d s\u00fcrecimizi anlatmaya \u00e7al\u0131\u015faca\u011f\u0131m. <\/p>\n\n\n\n<h2 class=\"wp-block-heading\">Kad\u0131n Dayan\u0131\u015fma Noktalar\u0131na Do\u011fru Yollara <\/h2>\n\n\n\n<p class=\"wp-block-paragraph\">6 \u015eubat sabah\u0131 11 ili a\u011f\u0131r bir \u015fekilde etkileyen deprem haberini ald\u0131\u011f\u0131m\u0131zda bir\u00e7o\u011fumuz ilk \u00f6nce ailemize, arkada\u015flar\u0131m\u0131za, akrabalar\u0131m\u0131za, kom\u015fular\u0131m\u0131za ula\u015fmaya \u00e7al\u0131\u015ft\u0131k ama tabii ki m\u00fcmk\u00fcn olmad\u0131. Kim birilerine ula\u015fabilmi\u015fse ya da \u00f6ld\u00fc\u011f\u00fcn\u00fc \u00f6\u011frenebilmi\u015fse be\u015finci a\u011f\u0131zdan bile gelse inanmak zorundayd\u0131k. Ve g\u00fcnler sonra anlad\u0131k ki \u00f6l\u00fcm\u00fc bile \u00f6\u011frenmek \u00e7ok \u00f6nemliydi. \u00c7\u00fcnk\u00fc birincisi; Samanda\u011f\u2019a depremin 4. g\u00fcn\u00fcnde AFAD\u2019tan gelen birka\u00e7 ekip binlerce insana ula\u015fmayacakt\u0131, ula\u015ft\u0131r\u0131lmayacakt\u0131 ve ilk g\u00fcn g\u00f6n\u00fcll\u00fc olarak gelen arama kurtarmac\u0131lara da \u201cOras\u0131 d\u00fcmd\u00fcz olmu\u015f. bo\u015funa gelmeyin\u201d denecekti. \u0130kincisi; depremin 11. G\u00fcn\u00fcnde dahi sa\u011f kurtar\u0131lan insanlar varken enkazlara kep\u00e7elerle girilmesi, zaten halk\u0131 ya\u015fatmak i\u00e7in gelmediklerini bir kere daha g\u00f6sterecekti. <\/p>\n\n\n\n<p class=\"wp-block-paragraph\">Bunlar\u0131 \u00f6ng\u00f6rerek ve tabii ki afet zamanlar\u0131nda en \u00e7ok kad\u0131nlar\u0131n, \u00e7ocuklar\u0131n, LGBT\u0130+\u2019lar\u0131n, engellilerin ikinci plana at\u0131ld\u0131\u011f\u0131n\u0131, \u00f6ld\u00fc\u011f\u00fcn\u00fc, \u00f6l\u00fcme ve hastal\u0131\u011fa terk edildi\u011fini bilerek, hemen mahallelerdeki kad\u0131n dayan\u0131\u015fma a\u011flar\u0131m\u0131za ula\u015ft\u0131k. B\u00f6lgede hava sa\u011fanak ya\u011fmurluydu ve gece eksilere d\u00fc\u015f\u00fcyordu.<\/p>\n\n\n\n<p class=\"wp-block-paragraph\">\u0130stanbul\u2019da Mor Dayan\u0131\u015fma \u00e7a\u011fr\u0131s\u0131yla birka\u00e7 saat i\u00e7erisinde toplanan ilk dayan\u0131\u015fma t\u0131r\u0131m\u0131z ve iki yemek karavan\u0131 ile \u00f6nce Antakya\u2019ya sonra Samanda\u011f\u2019\u0131na ula\u015fmay\u0131 planlad\u0131k. \u0130skenderun Belen ge\u00e7idinden sonra g\u00f6rd\u00fc\u011f\u00fcm\u00fcz kapkaranl\u0131k Antakya; ses, yard\u0131m bekliyordu. Hi\u00e7 kad\u0131n ve \u00e7ocuk sesi yoktu. Caddeler, sokaklar yard\u0131m bekleyen erkeklerce \u00e7evrilmi\u015fti. Ve kad\u0131nlar\u0131n \u00f6nceleri sessiz olan ac\u0131s\u0131n\u0131n, ,isyan\u0131n\u0131n oradan ba\u015flad\u0131\u011f\u0131n\u0131 hissettim. Ve bunu da yolda \u201cKad\u0131nlar; \u00e7ocuklar\u0131n, hastalar\u0131n, ya\u015fl\u0131lar\u0131n, enkazlar\u0131n ba\u015f\u0131nda\u201d s\u00f6zleri teyit ediyordu. <\/p>\n\n\n\n<p class=\"wp-block-paragraph\">Armutlu mahallesinin yerle bir oldu\u011funu bildi\u011fimiz i\u00e7in saat sabaha kar\u015f\u0131 02:00 civar\u0131nda Samanda\u011f\/Harbiye \u00e7evre yolu ayr\u0131m\u0131nda Mor Dayan\u0131\u015fma\u2019dan arkada\u015flarla, g\u00f6n\u00fcll\u00fclerle bulu\u015ftuk ve Armutlu, Serinyol, Harbiye, Defne\u2019ye gidecek \u015fekilde erzak, hijyen \u00fcr\u00fcnleri, bebek \u00fcr\u00fcnleri, kedi-k\u00f6pek mamas\u0131 payla\u015f\u0131m\u0131ndan sonra Samanda\u011f yoluna do\u011fru devam ettik.<\/p>\n\n\n\n<p class=\"wp-block-paragraph\">\u00d6zellikle y\u0131k\u0131m\u0131n en \u00e7ok g\u00f6r\u00fcnmeye ba\u015flad\u0131\u011f\u0131 bu yol boyunca haberle\u015fti\u011fimiz \u00e7o\u011fu kad\u0131n sokaklarda, bulabilmi\u015fse bir tentenin alt\u0131nda, \u00e7ok az bir \u00e7o\u011funlu\u011fu arabada \u00e7ocu\u011fu ile bekliyordu. Ve bunlar\u0131n \u00e7o\u011fu g\u00fcne\u015f \u0131\u015f\u0131\u011f\u0131 ve s\u0131cakl\u0131\u011f\u0131n\u0131 kullanabilecekleri 10 saat i\u00e7erisinde yapt\u0131klar\u0131 en asgari ko\u015fullard\u0131.<\/p>\n\n\n\n<p class=\"wp-block-paragraph\">Koyuno\u011flu mahallesinden haberle\u015fti\u011fimiz kad\u0131nlara saat 02:45 civar\u0131 ula\u015fabildik ve saatlerdir a\u00e7 ve susuz kalan \u00e7ocuklara ula\u015fmaya \u00e7al\u0131\u015ft\u0131k. 2 g\u00fcn i\u00e7inde de ilk i\u015f oraya kad\u0131nlarla bir a\u015f evi yerle\u015ftirmek ve \u00e7a\u011fr\u0131dan da\u011f\u0131t\u0131ma bir\u00e7ok \u015feyi organize etmek oldu. <\/p>\n\n\n\n<p class=\"wp-block-paragraph\">8 \u015eubat sabah\u0131 \u00e7ok erken saatlerde yollar\u0131n\u0131n \u00e7o\u011fu yar\u0131lm\u0131\u015f olan Samanda\u011f\u2019a t\u0131rla hemen giri\u015f yapamad\u0131k. \u00c7\u00fcnk\u00fc y\u0131k\u0131lan, yola do\u011fru e\u011filen y\u00fczlerce ev tehlikeliydi ve zaten fiilen de buna izin vermiyordu. Favvar k\u00f6pr\u00fcs\u00fcne yak\u0131n \u00e7evre yolunda durduk ve sokaklardan, uzak k\u00f6ylerden gelen y\u00fczlerce kad\u0131n\u0131 g\u00f6rd\u00fck. <\/p>\n\n\n\n<p class=\"wp-block-paragraph\">Samanda\u011f\u2019\u0131n b\u00fcy\u00fck \u00e7o\u011funlu\u011funu olu\u015fturan kad\u0131nlar\u0131n toplumsal cinsiyet e\u015fitsizli\u011fine \u00e7arpt\u0131klar\u0131n\u0131 ve bu duvarlar\u0131 Arap-Alevi k\u00fclt\u00fcr\u00fcnden ve kad\u0131n dayan\u0131\u015fmas\u0131ndan ald\u0131klar\u0131 bilin\u00e7, deneyim ve g\u00fc\u00e7 ile y\u0131kt\u0131klar\u0131n\u0131 bir kere daha g\u00f6steren bu ilk saatler, y\u0131k\u0131k evlerden \u00e7\u0131kabildiklerini, erkek-devletin ve h\u00fck\u00fcmetin y\u0131k\u0131c\u0131l\u0131\u011f\u0131n\u0131, ayr\u0131mc\u0131l\u0131\u011f\u0131n\u0131 \u00e7\u0131plak bir \u015fekilde g\u00f6rd\u00fcklerini bir kere daha g\u00f6steriyordu. Ve s\u00f6yl\u00fcyorlard\u0131 da: \u201cDevlet gelmedi, ilk defa rahat\u00e7a ped alabildik, ya\u015fl\u0131 ve engellilerimiz ile ilgilenmek zorunday\u0131m diye \u015fimdi gelebildim, i\u00e7 \u00e7ama\u015f\u0131r\u0131 hi\u00e7 gelmiyor ve kad\u0131n hastal\u0131klar\u0131m\u0131z artmaya ba\u015flad\u0131 vd.\u201d<\/p>\n\n\n\n<p class=\"wp-block-paragraph\"> \u201cDevlet gelmedi\u201d konusunu bir sonraki yaz\u0131 konusu olarak yazar m\u0131y\u0131m, sanm\u0131yorum. Bilinen, g\u00f6r\u00fcnen \u015feydi ve herkes vurgulad\u0131. Ama burada vurgulamak istedi\u011fim patriyarkal kapitalist devletin vah\u015fi varl\u0131\u011f\u0131yd\u0131. Bu depremden \u00f6nce de varken depremle beraber \u00f6zellikle Alevilerin \u00e7o\u011funlukta oldu\u011fu ve nispeten kad\u0131n \u00f6zg\u00fcrl\u00fck\u00e7\u00fc bir halk\u0131n ya\u015fad\u0131\u011f\u0131 bir \u00e7ok il\u00e7e, k\u00f6y ve mahalleye gidilmemesi, deprem ko\u015fullar\u0131nda toplumsal cinsiyet e\u015fitsizli\u011fini g\u00f6zeten bir politikan\u0131n olmamas\u0131 sadece spek\u00fclasyon mu zannediyorsunuz? Sadece biz devrimcilerin, feministlerin s\u00f6yledi\u011fi bir \u015fey mi san\u0131yorsunuz? O zaman \u00e7ok yan\u0131ld\u0131\u011f\u0131n\u0131z\u0131 g\u00f6steren bu 6 \u015eubat felaketine dair sadece kad\u0131nlar\u0131 dinleyin. Size her \u015feyi onlar anlatacakt\u0131r. <\/p>\n\n\n\n<h2 class=\"wp-block-heading\">Kad\u0131n Dayan\u0131\u015fma Noktas\u0131 Ve Kad\u0131n \u00c7ad\u0131rlar\u0131 Anlat\u0131yor <\/h2>\n\n\n\n<p class=\"wp-block-paragraph\">\u00d6zellikle \u0130lk 3 g\u00fcn boyunca bilfiil erzak, battaniye, k\u0131yafet, hijyen \u00fcr\u00fcnleri dayan\u0131\u015fmas\u0131yla ula\u015ft\u0131\u011f\u0131m\u0131z Samanda\u011f\u2019da, Atat\u00fcrk, \u00c7i\u011fdede, Cumhuriyet, Yeni, Kurt Deresi, Deniz, \u00c7evlik, Zeytuni, Suta\u015f\u0131, Ku\u015falan\u0131, \u00c7\u00f6y\u00fcrl\u00fc, Tekeba\u015f\u0131, De\u011firmenba\u015f\u0131, Uzunba\u011f, Fidanl\u0131, Yayl\u0131ca ba\u015fta olmak \u00fczere daha bir\u00e7ok mahalleye gittik ve buralardan her g\u00fcn en az 700-1000 aras\u0131 kad\u0131n da dayan\u0131\u015fma noktam\u0131za ula\u015ft\u0131. H\u0131d\u0131rbey, Yo\u011funoluk, Karak\u00f6se, Sinanl\u0131 \u00e7ok uzak beldeler olmas\u0131na ra\u011fmen ge\u00e7i\u015f g\u00fczerg\u00e2h\u0131nda olan dayan\u0131\u015fma noktam\u0131za buralardan gelindi. Kad\u0131ndan kad\u0131na ula\u015ft\u0131 bunlar, internet yok, telefonlar \u00e7ekmiyordu, f\u0131s\u0131lt\u0131lar b\u00fcy\u00fcd\u00fc ve kad\u0131n dayan\u0131\u015fma noktam\u0131z da b\u00fcy\u00fcd\u00fc.<\/p>\n\n\n\n<figure class=\"wp-block-image size-large\"><img loading=\"lazy\" decoding=\"async\" width=\"768\" height=\"691\" src=\"https:\/\/mordayanisma.org\/wp-content\/uploads\/2023\/02\/1676793352892.jpg\" alt=\"-\" class=\"wp-image-3846\" title=\"\" srcset=\"https:\/\/www.mordayanisma.org\/wp-content\/uploads\/2023\/02\/1676793352892.jpg 768w, https:\/\/www.mordayanisma.org\/wp-content\/uploads\/2023\/02\/1676793352892-300x270.jpg 300w, https:\/\/www.mordayanisma.org\/wp-content\/uploads\/2023\/02\/1676793352892-370x333.jpg 370w, https:\/\/www.mordayanisma.org\/wp-content\/uploads\/2023\/02\/1676793352892-760x684.jpg 760w, https:\/\/www.mordayanisma.org\/wp-content\/uploads\/2023\/02\/1676793352892-600x540.jpg 600w\" sizes=\"auto, (max-width: 768px) 100vw, 768px\" \/><\/figure>\n\n\n\n<p class=\"wp-block-paragraph\"> \u0130\u015fte bu y\u00fczlerce kad\u0131na sorun! \u0130lk g\u00fcnden itibaren bizleri art\u0131k kom\u015fular\u0131m\u0131zla beraber oturamad\u0131\u011f\u0131m\u0131z sokaklarda g\u00f6r\u00fcp bah\u00e7esine, seras\u0131na alan, orada beraber uyudu\u011fumuz, dayan\u0131\u015fma kitlerini beraber b\u00f6ld\u00fc\u011f\u00fcm\u00fcz, da\u011f\u0131tt\u0131\u011f\u0131m\u0131z kad\u0131nlar anlats\u0131n.<\/p>\n\n\n\n<p class=\"wp-block-paragraph\"> 10 \u015eubat\u2019tan itibaren Atat\u00fcrk mah. Yeni Park\u2019ta daha g\u00f6r\u00fcn\u00fcr bir \u015fekilde kurdu\u011fumuz kad\u0131n dayan\u0131\u015fma noktas\u0131 ufak bir \u00e7ad\u0131rd\u0131. Hemen kar\u015f\u0131 taraf\u0131nda daha geni\u015f ve d\u00fcz alana kurdu\u011fumuz 4 uyuma \u00e7ad\u0131r\u0131na mahalleden kad\u0131nlar\u0131 ve \u00e7ocuklar\u0131 yerle\u015ftirdik. O g\u00fcnden bu yana her ak\u015fam hepsini ziyaret ediyoruz, ihtiya\u00e7lar\u0131 konu\u015fuyor ve g\u00fcvenli\u011fi Mor Dayan\u0131\u015fma \u00fcyeleri ve g\u00f6n\u00fcll\u00fcleri ile sa\u011fl\u0131yoruz. Ayr\u0131ca depremzede kad\u0131nlar\u0131n \u201cben de i\u015fin bir ucundan tutay\u0131m\u201d demesiyle b\u00fcy\u00fcd\u00fc bu alan, bu dayan\u0131\u015fma a\u011f\u0131.<\/p>\n\n\n\n<figure class=\"wp-block-image size-large\"><img loading=\"lazy\" decoding=\"async\" width=\"1024\" height=\"578\" sizes=\"auto, (max-width: 800px) 100vw, 800px\" src=\"https:\/\/mordayanisma.org\/wp-content\/uploads\/2023\/02\/1676795143304-1024x578.jpg\" alt=\"-\" class=\"wp-image-3848\" title=\"\" srcset=\"https:\/\/www.mordayanisma.org\/wp-content\/uploads\/2023\/02\/1676795143304-1024x578.jpg 1024w, https:\/\/www.mordayanisma.org\/wp-content\/uploads\/2023\/02\/1676795143304-300x169.jpg 300w, https:\/\/www.mordayanisma.org\/wp-content\/uploads\/2023\/02\/1676795143304-768x433.jpg 768w, https:\/\/www.mordayanisma.org\/wp-content\/uploads\/2023\/02\/1676795143304-1536x866.jpg 1536w, https:\/\/www.mordayanisma.org\/wp-content\/uploads\/2023\/02\/1676795143304-2048x1155.jpg 2048w, https:\/\/www.mordayanisma.org\/wp-content\/uploads\/2023\/02\/1676795143304-370x209.jpg 370w, https:\/\/www.mordayanisma.org\/wp-content\/uploads\/2023\/02\/1676795143304-760x429.jpg 760w, https:\/\/www.mordayanisma.org\/wp-content\/uploads\/2023\/02\/1676795143304-600x338.jpg 600w, https:\/\/www.mordayanisma.org\/wp-content\/uploads\/2023\/02\/1676795143304-270x152.jpg 270w\" \/><\/figure>\n\n\n\n<p class=\"wp-block-paragraph\"> Ba\u015fta \u0130stanbul, \u0130zmir, Ankara, Adana, Mersin, Antalya, Mu\u011fla, Denizli olmak \u00fczere bir\u00e7ok ilden \u00fcyelerimizin ve g\u00f6n\u00fcll\u00fclerin ilk g\u00fcnden itibaren y\u00fcr\u00fctt\u00fckleri dayan\u0131\u015fma \u00e7a\u011fr\u0131s\u0131 ile 11 g\u00fcn\u00fcn sonunda en asgari \u015feyleri sa\u011flayabildik, y\u00fczlerce kad\u0131na ula\u015ft\u0131rd\u0131k, ula\u015ft\u0131k. \u0130llerden bizlere ula\u015fan demokratik kitle \u00f6rg\u00fctlerinden, mahalleliden, derneklerden, belediyelerden sadece kad\u0131nlar\u0131n ihtiya\u00e7lar\u0131n\u0131 g\u00f6zeten erzaklar ve yard\u0131mlar m\u0131 \u00e7\u0131kt\u0131? Hay\u0131r. Feministler olarak m\u00fcdahale etti\u011fimiz her t\u0131r, her kamyon, her da\u011f\u0131t\u0131m, her mahalle bunu g\u00f6zetti\u011fimizi g\u00f6rd\u00fc, kad\u0131nlar dayan\u0131\u015ft\u0131 ve kad\u0131nlar y\u00fcr\u00fct\u00fcc\u00fcs\u00fc oldu. Hem \u00fclke i\u00e7inden hem de yurt d\u0131\u015f\u0131ndan dayan\u0131\u015fmay\u0131 b\u00fcy\u00fcten feministlerden, kad\u0131nlardan ula\u015fan t\u0131rlar, erzaklar \u015fu 11 g\u00fcn i\u00e7erisinde nerelere mi gitti? Araba ve motorlarla ula\u015ft\u0131\u011f\u0131m\u0131z mahallelerde k\u0131z karde\u015flerimize, bire bir da\u011f\u0131t\u0131lan ve al\u0131nan kad\u0131n dayan\u0131\u015fma noktalar\u0131na, LGBT\u0130+\u2019lara, \u00e7ocuklar i\u00e7in gelen g\u00f6n\u00fcll\u00fc psikolog, drama \u00f6\u011fretmeni, \u00e7ocuk geli\u015fimi \u00f6\u011fretmenlerinin hareket etti\u011fi gezici \u00e7ocuk oyunlar\u0131 ekibimize. <\/p>\n\n\n\n<p class=\"wp-block-paragraph\">\u015eu an Samanda\u011f ba\u015fta olmak \u00fczere, Antakya\u2019da Sevgi Park\u0131, Harbiye, Serinyol mahallerinden kurulan kad\u0131n dayan\u0131\u015fma noktalar\u0131 ve \u00e7ad\u0131rlarda kad\u0131nlar neler mi yap\u0131yor? G\u00fcnden g\u00fcne ve hatta saatten saate bile de\u011fi\u015fen ihtiya\u00e7lar i\u00e7in dayan\u0131\u015fma a\u011f\u0131 b\u00fcy\u00fct\u00fcl\u00fcyor, kad\u0131nlar\u0131n \u00f6znele\u015fme s\u00fcreci feminist politikalarla destekleniyor, her ak\u015fam \u00e7ay-muhabbet ortamlar\u0131 kuruluyor ve bundan sonraki s\u00fcre\u00e7 i\u00e7in yaralar\u0131n sar\u0131lmas\u0131, kad\u0131ndan kentlerin neden ve nas\u0131l kurulmas\u0131 i\u00e7in depremzede kad\u0131nlar dinleniyor.<\/p>\n\n\n\n<p class=\"wp-block-paragraph\"> \u00d6zellikle yazmam gereken \u015fu not Arap-Alevi, Hristiyan, Ermeni kad\u0131nlar\u0131n ya\u015fad\u0131\u011f\u0131 bu kente dair \u201cNas\u0131l bir kent ve ya\u015fam istiyoruz?\u201d sorusunun kap\u0131s\u0131n\u0131 sonuna kadar a\u00e7\u0131yor. \u201cAntakya ve Samanda\u011f\u2019da merkez mahallelerde olan y\u0131k\u0131m\u0131n ve ac\u0131n\u0131n tarifi yok, gidenleri biliyor ve d\u00f6rt g\u00f6zle geri d\u00f6nmelerini bekliyoruz. Ama ilk g\u00fcnden itibaren sosyalistlerin, feministlerin, kad\u0131n dayan\u0131\u015fmas\u0131n\u0131n yan\u0131m\u0131zda oldu\u011funu biliyoruz. Ve mahallemizden yal\u0131t\u0131k, g\u00fcvensiz, hala su ve hijyenin tam olarak sa\u011flanmad\u0131\u011f\u0131 bir iki uzak konteyn\u0131r \u015fehirlere gitmek istemiyoruz.\u201d Her gelen kad\u0131na verdi\u011fimiz konteyn\u0131r kent, \u00e7ad\u0131r \u015fehir bilgisine b\u00fck\u00fclen dudaklar en \u00e7ok \u015funu sordu: \u201cSiz \u00e7ad\u0131r vermiyor musunuz? Siz konteyn\u0131r vermiyor musunuz?\u201d Ko\u015fullar\u0131 uygun olanlar\u0131n kendi tarlas\u0131na, bah\u00e7esine, mahallesinde g\u00fcvenli bo\u015f alana koymak istedi\u011fi \u00e7ad\u0131r ya da konteyn\u0131r ihtiyac\u0131 bize ne anlat\u0131yor? Dinlemek, anlamak ve \u00e7\u00f6z\u00fcm \u00fcretmek zorunday\u0131z. <\/p>\n\n\n\n<h2 class=\"wp-block-heading\">Kad\u0131ndan Kentler \u0130\u00e7in \u00d6nce Kad\u0131n \u00c7ad\u0131rlar\u0131 Kural\u0131m<\/h2>\n\n\n\n<p class=\"wp-block-paragraph\">Peki, kad\u0131n \u00e7ad\u0131rlar\u0131m\u0131z yeterli mi? Kesinlikle de\u011fil. Peki, neden bunda \u0131srarc\u0131y\u0131z ve hepimiz olmal\u0131y\u0131z? Hemen yukar\u0131da kad\u0131nlardan bize geldi\u011fini aktard\u0131\u011f\u0131m sorulardan ortaya \u00e7\u0131kan \u015fey y\u00fczlerce y\u0131ll\u0131k patriyarkal kapitalizmin vah\u015fi \u00e7ark\u0131nda ve tabii ki depremden bu yana ge\u00e7en 10 g\u00fcn boyunca da AKP-MHP ve t\u00fcm fa\u015fist kliklerin en \u00fcst perdeden g\u00f6sterdi\u011fi halk d\u00fc\u015fmanl\u0131\u011f\u0131nda ezilen kad\u0131nlar\u0131n kral \u00e7\u0131plak demesidir. Bu erkek egemen, rant\u00e7\u0131, h\u0131rs\u0131z, ars\u0131z d\u00fczen y\u0131k\u0131lmal\u0131. Belediyeler mi b\u00f6yle? Y\u0131k\u0131lmal\u0131! M\u00fcteahhit \u015firketleri mi b\u00f6yle? Y\u0131k\u0131lmal\u0131! H\u00fck\u00fcmet mi b\u00f6yle? Y\u0131k\u0131lmal\u0131! <strong>\u00c7\u00fcnk\u00fc; <\/strong><\/p>\n\n\n\n<p class=\"wp-block-paragraph\">Kad\u0131nlara g\u00fcvende olma hissi ka\u011f\u0131ttan devletten gelmedi, ama ka\u011f\u0131ttan kad\u0131n \u00e7ad\u0131r\u0131 bile yapsak geldi. <\/p>\n\n\n\n<p class=\"wp-block-paragraph\">Mahallesine, yereline, ye\u015fil alanlar\u0131na sahip \u00e7\u0131kma g\u00fcc\u00fc \u201cSiz bize konteyn\u0131r, \u00e7ad\u0131r verin, biz buraday\u0131z\u201d diyen kad\u0131nlardan geldi. <\/p>\n\n\n\n<p class=\"wp-block-paragraph\">Bir hafta sonra kriz masas\u0131 olu\u015fturmaya tenezz\u00fcl etmi\u015f Samanda\u011f Belediyesi Ba\u015fkan\u0131 ve etraf\u0131ndaki e\u015fraf gibi bir\u00e7ok erkek ve erkek egemen belediye, kurum ve kurulu\u015f tertemiz \u00fcstleri, tak\u0131m elbiseleri ile alandan pozlar verirken g\u00fcnlerce hijyenik pede ula\u015famam\u0131\u015f kad\u0131nlar kana bulanm\u0131\u015f \u00fcstleriyle bize geldi. <\/p>\n\n\n\n<p class=\"wp-block-paragraph\">Yurt i\u00e7i ve d\u0131\u015f\u0131ndan dayan\u0131\u015fma mesajlar\u0131 ve erzaklar \u201cSiz ula\u015ft\u0131r\u0131yorsunuz, size g\u00fcveniyoruz\u201d denilerek bize geldi.<\/p>\n\n\n\n<p class=\"wp-block-paragraph\"> Feminist politika ile m\u00fcdahale etti\u011fimiz her toplumsal alanda g\u00fc\u00e7l\u00fc ve g\u00fcvende hisseden kad\u0131nlar da, \u00e7ad\u0131ra erkek-devletin d\u00fc\u015fman politikalar\u0131 kar\u015f\u0131s\u0131nda yan\u0131m\u0131zda olmaya da geldi. <\/p>\n\n\n\n<p class=\"wp-block-paragraph\">Deprem b\u00f6lgelerinde etnik ve sosyok\u00fclt\u00fcrel yap\u0131n\u0131n korunmas\u0131 i\u00e7in kad\u0131nlar\u0131n \u00f6rg\u00fctlenmesi gerekti\u011fine dair biz \u00f6rg\u00fctl\u00fc kad\u0131nlardan \u00f6nce onlar s\u00f6z ald\u0131, bizden \u00f6nce onlar \u201cNe yapmal\u0131?\u201d dedi. <\/p>\n\n\n\n<p class=\"wp-block-paragraph\">Sadece \u015fu 12 g\u00fcn i\u00e7erisinde ula\u015ft\u0131\u011f\u0131m\u0131z il\u00e7e ve mahallelerin tamam\u0131ndan gelen \u201cMahalle konteyn\u0131r\u0131 ya da \u00e7ad\u0131r\u0131\u201d s\u00f6z\u00fc y\u00fcksek sesle s\u00f6yleniyor. Duyal\u0131m. Biz bu ihtiyac\u0131 kad\u0131n \u00e7ad\u0131r\u0131 isteyip de sessiz kalan binlerce kad\u0131n\u0131n dayan\u0131\u015fma, yerellik, kom\u00fcnal de\u011ferlerinden \u00f6\u011frenip yola \u00e7\u0131kt\u0131k, sosyalist feminist politika ile bulu\u015fturduk. Birbiri ile ba\u011fda\u015facak ancak kendi \u00f6zg\u00fcn ihtiya\u00e7lar\u0131nca yol alacak bu iki ayr\u0131 \u00e7ad\u0131r \u00f6rneklerinin artmas\u0131 ve desteklenmesi gerekiyor. En az 45 bin insan\u0131 katleden sermaye d\u00fczeni bu \u015fehirleri tekrar \u00f6ld\u00fcrmek i\u00e7in kuracakt\u0131r. Kad\u0131n \u00e7ad\u0131rlar in\u015fa edelim, ellerinden tutaca\u011f\u0131m\u0131z <strong>*<\/strong>haytiler bu \u00e7ad\u0131rlar\u0131 dikmek i\u00e7in siz kad\u0131nlar\u0131, feministleri bekliyor.<\/p>\n\n\n\n<p class=\"wp-block-paragraph\"><strong> *Hayti: Arap\u00e7a\u2019da k\u0131z karde\u015f<\/strong><\/p>","protected":false},"excerpt":{"rendered":"<p>*\u00d6peyim ellerinden k\u0131z karde\u015fim\u2026 Hatay\/Samanda\u011f\u2019da depremin 11. G\u00fcn\u00fcnde, uzak bir mahalleden arac\u0131 olmad\u0131\u011f\u0131 i\u00e7in y\u00fcr\u00fcyerek elinde po\u015fetle erzak almaya gelen ya\u015fl\u0131 bir kad\u0131ndan geldi bu s\u00f6z. Ben ba\u015f\u0131ndan \u00f6pt\u00fcm onun, g\u00f6zya\u015flar\u0131ndan akt\u0131k beraber, ellerimiz tutu\u015ftu. Bizim i\u00e7in ne yapsak ne etsek az kalacak, asla kay\u0131plar\u0131n yerini tutmayacak her \u00e7abam\u0131z; Samanda\u011f halk\u0131n\u0131n b\u00fcy\u00fck \u00e7o\u011funlu\u011funu olu\u015fturan Arap-Alevi&hellip;<\/p>","protected":false},"author":27,"featured_media":3844,"comment_status":"closed","ping_status":"closed","sticky":true,"template":"","format":"standard","meta":{"_coblocks_attr":"","_coblocks_dimensions":"","_coblocks_responsive_height":"","_coblocks_accordion_ie_support":"","_eb_attr":"","inline_featured_image":false,"footnotes":""},"categories":[420,97],"tags":[409,413,411,412,216,410],"ppma_author":[594],"class_list":["post-3843","post","type-post","status-publish","format-standard","has-post-thumbnail","hentry","category-deprem-bolgesinden-notlar","category-sozumuz-var","tag-deprem","tag-feministcadir","tag-hataydepremi","tag-kadincadiri","tag-kadindayanismasi","tag-marasdepremi","author-irem-kayikci"],"authors":[{"term_id":594,"user_id":27,"is_guest":0,"slug":"irem-kayikci","display_name":"\u0130rem Kay\u0131k\u00e7\u0131","avatar_url":"https:\/\/www.mordayanisma.org\/wp-content\/litespeed\/avatar\/cc02d7134dc75a57b6e07a230e7e3604.jpg?ver=1787835286","author_category":"","first_name":"\u0130rem","last_name":"Kay\u0131k\u00e7\u0131","user_url":"","job_title":"","description":"iremkayikci@mordayanisma.org"}],"_links":{"self":[{"href":"https:\/\/www.mordayanisma.org\/en\/wp-json\/wp\/v2\/posts\/3843","targetHints":{"allow":["GET"]}}],"collection":[{"href":"https:\/\/www.mordayanisma.org\/en\/wp-json\/wp\/v2\/posts"}],"about":[{"href":"https:\/\/www.mordayanisma.org\/en\/wp-json\/wp\/v2\/types\/post"}],"author":[{"embeddable":true,"href":"https:\/\/www.mordayanisma.org\/en\/wp-json\/wp\/v2\/users\/27"}],"replies":[{"embeddable":true,"href":"https:\/\/www.mordayanisma.org\/en\/wp-json\/wp\/v2\/comments?post=3843"}],"version-history":[{"count":0,"href":"https:\/\/www.mordayanisma.org\/en\/wp-json\/wp\/v2\/posts\/3843\/revisions"}],"wp:featuredmedia":[{"embeddable":true,"href":"https:\/\/www.mordayanisma.org\/en\/wp-json\/wp\/v2\/media\/3844"}],"wp:attachment":[{"href":"https:\/\/www.mordayanisma.org\/en\/wp-json\/wp\/v2\/media?parent=3843"}],"wp:term":[{"taxonomy":"category","embeddable":true,"href":"https:\/\/www.mordayanisma.org\/en\/wp-json\/wp\/v2\/categories?post=3843"},{"taxonomy":"post_tag","embeddable":true,"href":"https:\/\/www.mordayanisma.org\/en\/wp-json\/wp\/v2\/tags?post=3843"},{"taxonomy":"author","embeddable":true,"href":"https:\/\/www.mordayanisma.org\/en\/wp-json\/wp\/v2\/ppma_author?post=3843"}],"curies":[{"name":"wp","href":"https:\/\/api.w.org\/{rel}","templated":true}]}}