{"id":3660,"date":"2022-02-14T12:49:04","date_gmt":"2022-02-14T09:49:04","guid":{"rendered":"http:\/\/mordayanisma.org\/?p=3660"},"modified":"2025-01-26T17:28:39","modified_gmt":"2025-01-26T14:28:39","slug":"feminist-bir-gazete-kadindan-haber","status":"publish","type":"post","link":"https:\/\/www.mordayanisma.org\/en\/2022\/02\/14\/feminist-bir-gazete-kadindan-haber\/","title":{"rendered":"Feminist Bir Gazete: Kad\u0131ndan Haber"},"content":{"rendered":"<p class=\"wp-block-paragraph\"><strong><em>Sizin i\u00e7in de uygunsa ilk soruya Kad\u0131ndan Haber&#8217;in nas\u0131l ve hangi ama\u00e7la olu\u015ftu\u011funu konu\u015farak ba\u015flayal\u0131m.<\/em><\/strong><\/p>\n\n\n\n<p class=\"wp-block-paragraph\">Mersin\u2019de \u00e7ok g\u00fc\u00e7l\u00fc ve direngen bir kad\u0131n hareketi var ama ne yaz\u0131k ki yerel bas\u0131nda kendine \u00e7ok fazla yer bulam\u0131yor. Gazetecilik yapan ve ayn\u0131 zamanda da kad\u0131n haklar\u0131 m\u00fccadelesinde yer alan biri olarak kad\u0131n ve LGBT\u0130+ odakl\u0131 haberlerin \u00e7ok fazla i\u015flenmedi\u011fini g\u00f6zlemledim ve bu eksikli\u011fi kendim gidermek ad\u0131na 2021 y\u0131l\u0131nda Kad\u0131ndan Haber\u2019i internet sitesi olarak kurdum. \u00d6te yandan medyada eril ve cinsiyet\u00e7i dilin hakim olu\u015fu; haberin kurgusundaki her detay\u0131n kad\u0131n\u0131 tekrar ma\u011fdur durumuna d\u00fc\u015f\u00fcrmesi bir \u00e7ok kesim taraf\u0131ndan ele\u015ftiriliyor. Bu soruna da alternatif olmak ad\u0131na \u2018Eril medyaya kar\u015f\u0131 feminist bas\u0131n\u2019 \u015fiar\u0131yla Kad\u0131ndan Haber \u00e7\u0131kt\u0131 ortaya.<\/p>\n\n\n\n<p class=\"wp-block-paragraph\"><strong><em>Kad\u0131ndan Haber ilk defa ge\u00e7ti\u011fimiz hafta yaz\u0131l\u0131 bir yay\u0131m olarak okurlar\u0131na ula\u015ft\u0131. \u00d6zellikle ekonomik s\u00fcrecin bu denli belirleyici oldu\u011fu bir durumda s\u00fcrecin ne gibi zorluklar\u0131 oldu?<\/em><\/strong><\/p>\n\n\n\n<p class=\"wp-block-paragraph\">Bizi zorlayan tek k\u0131s\u0131m matbaa giderleri oldu a\u00e7\u0131k\u00e7as\u0131. Herhangi bir ek gelirimiz olmadan gazetenin tamam\u0131n\u0131 renkli bast\u0131rmak epey maliyetli oldu. \u00d6zellikle ka\u011f\u0131t bulunmayan bir d\u00f6nemde en kaliteli gazete ka\u011f\u0131d\u0131n\u0131 kullanarak bast\u0131rd\u0131k bu gazeteyi. Bunun d\u0131\u015f\u0131nda haber yaz\u0131m\u0131, da\u011f\u0131t\u0131m ve mizanpaj kolektif bir bi\u00e7imde, g\u00f6n\u00fcll\u00fcl\u00fck esas\u0131yla yap\u0131ld\u0131.<\/p>\n\n\n\n<div class=\"wp-block-image is-style-default\"><figure class=\"aligncenter size-large is-resized\"><img loading=\"lazy\" decoding=\"async\" sizes=\"auto, (max-width: 717px) 100vw, 717px\" src=\"https:\/\/mordayanisma.org\/wp-content\/uploads\/2022\/02\/IMG-20220119-WA0005-717x1024.jpg\" alt=\"-\" class=\"wp-image-3663\" width=\"341\" height=\"486\" title=\"\" srcset=\"https:\/\/www.mordayanisma.org\/wp-content\/uploads\/2022\/02\/IMG-20220119-WA0005-717x1024.jpg 717w, https:\/\/www.mordayanisma.org\/wp-content\/uploads\/2022\/02\/IMG-20220119-WA0005-210x300.jpg 210w, https:\/\/www.mordayanisma.org\/wp-content\/uploads\/2022\/02\/IMG-20220119-WA0005-768x1096.jpg 768w, https:\/\/www.mordayanisma.org\/wp-content\/uploads\/2022\/02\/IMG-20220119-WA0005-1076x1536.jpg 1076w, https:\/\/www.mordayanisma.org\/wp-content\/uploads\/2022\/02\/IMG-20220119-WA0005-370x528.jpg 370w, https:\/\/www.mordayanisma.org\/wp-content\/uploads\/2022\/02\/IMG-20220119-WA0005-760x1085.jpg 760w, https:\/\/www.mordayanisma.org\/wp-content\/uploads\/2022\/02\/IMG-20220119-WA0005-600x857.jpg 600w, https:\/\/www.mordayanisma.org\/wp-content\/uploads\/2022\/02\/IMG-20220119-WA0005.jpg 1242w\" \/><\/figure><\/div>\n\n\n\n<p class=\"wp-block-paragraph\"><em><strong>Kad\u0131ndan Haber\u2019in ekibinde kimler, mutfa\u011f\u0131nda neler var ve haber yaparken, yazarken, se\u00e7erken nas\u0131l bir s\u00fcre\u00e7 i\u015fletiyorsunuz?<\/strong><\/em><\/p>\n\n\n\n<p class=\"wp-block-paragraph\">Kad\u0131ndan Haber gazete ekibi asl\u0131nda ayr\u0131 ayr\u0131 kurumlarda gazetecilik yapan kad\u0131nlardan olu\u015fuyor. Toplamda sekiz kad\u0131n\u0131n \u00f6zel haberleriyle eme\u011fini ortaya koydu\u011fu bir i\u015f oldu. Bu s\u00fcrecin en temel noktas\u0131 \u00f6znesi kad\u0131n ve LGBT\u0130+ olan konular se\u00e7mek oluyor. \u0130kinci ad\u0131mda da \u00f6nemli oldu\u011funu d\u00fc\u015f\u00fcnd\u00fc\u011f\u00fcm\u00fcz, haber de\u011feri ta\u015f\u0131yan konular etraf\u0131nda yo\u011funla\u015f\u0131yoruz. Haber yazma k\u0131sm\u0131 da genel anlamda feminist bir dil \u00e7er\u00e7evesinde geli\u015fiyor.<\/p>\n\n\n\n<p class=\"wp-block-paragraph\"><strong><em>Erkek- devlet \u015fiddeti ve toplumsal cinsiyet e\u015fitsizli\u011fi konular\u0131nda medya ve haber dilinin ne kadar \u00f6nemli oldu\u011fu ortada. Feminist bir bak\u0131\u015f a\u00e7\u0131s\u0131 ile habercilik yapmak \u00fczerine neler s\u00f6yleyebilirsiniz?<\/em><\/strong><\/p>\n\n\n\n<p class=\"wp-block-paragraph\">Yayg\u0131n veya ulusal diye tabir edilen medyada cinsiyet e\u015fitli\u011fi temelli habercilik pratiklerini g\u00f6rmek m\u00fcmk\u00fcn. Ancak yerelde bu biraz daha zay\u0131f kal\u0131yor ne yaz\u0131k ki. Kad\u0131n ve LGBT\u0130+\u2019lara y\u00f6nelik herhangi bir \u015fiddet olay\u0131 haberle\u015ftirilirken kad\u0131n+\u2019lar ikinci kez ma\u011fdurla\u015ft\u0131r\u0131l\u0131p, erkeklerin yapt\u0131klar\u0131 me\u015frula\u015ft\u0131r\u0131labiliyor. Bu anlamda \u00f6zellikle yerelde feminist bir bak\u0131\u015f a\u00e7\u0131s\u0131yla habercilik yapman\u0131n daha k\u0131ymetli oldu\u011funu d\u00fc\u015f\u00fcn\u00fcyorum. Ayn\u0131 zamanda bunu kad\u0131n m\u00fccadelesinin bir par\u00e7as\u0131 olarak da g\u00f6r\u00fcyorum.<\/p>\n\n\n\n<p class=\"wp-block-paragraph\"><em><strong>G\u00fcn\u00fcm\u00fczde gazetecilik zaten zor bir i\u015f bunun \u00fczerine bir de kad\u0131n gazeteci olman\u0131n zorluklar\u0131 \u00fczerine neler s\u00f6yleyebilirsiniz?<\/strong><\/em><\/p>\n\n\n\n<p class=\"wp-block-paragraph\">Gazetecili\u011fin hala erkek mesle\u011fi oldu\u011fu g\u00f6r\u00fc\u015f\u00fc hakim ne yaz\u0131k ki. Bu sebeple kad\u0131nlara sahada \u00e7al\u0131\u015facak bir alan yarat\u0131lm\u0131yor kolay kolay. Genelde ofiste masa ba\u015f\u0131 yap\u0131lacak i\u015flere uygun g\u00f6r\u00fcl\u00fcyorlar. Sahaya \u00e7\u0131kt\u0131\u011f\u0131nda ise bir kad\u0131n gazeteci, hem meslekta\u015flar\u0131 taraf\u0131ndan hem de haber kaynaklar\u0131 taraf\u0131ndan cinsiyet\u00e7ili\u011fe, tacize, mobbinge maruz kalabiliyor \u00e7o\u011fu kez. \u00d6zellikle yerel gazetelerde kurumsalla\u015fma olmad\u0131\u011f\u0131ndan kaynakl\u0131 temizlik, yemek, \u00e7ay gibi i\u015flerin kad\u0131n gazeteciler taraf\u0131ndan yap\u0131lmas\u0131 bekleniyor. E\u015fit i\u015fe e\u015fit \u00fccret kavram\u0131 da yok, ayn\u0131 i\u015fi yapt\u0131\u011f\u0131n\u0131z erkek gazeteci sizden daha fazla maa\u015f al\u0131yor. Ancak t\u00fcm bu e\u015fitsizliklere ra\u011fmen feminist kad\u0131n gazeteciler olarak var olu\u015fumuza, haklar\u0131m\u0131za ve mesle\u011fimize sahip \u00e7\u0131kmak i\u00e7in direniyoruz. Hayat\u0131n her alan\u0131nda erkek sisteme direndi\u011fimiz gibi. Kad\u0131n gazeteciler var olduklar\u0131 alanda dayan\u0131\u015fma i\u00e7inde olmaya, birbirine g\u00fc\u00e7 vermeye ve feminist m\u00fccadeleyi y\u00fckseltmeye devam edecek.<\/p>","protected":false},"excerpt":{"rendered":"<p>Gazeteci ve Ba\u011f\u0131ms\u0131z Feminist Fato\u015f Sar\u0131kaya ile Kad\u0131ndan Haber \u00fczerine s\u00f6yle\u015ftik.<\/p>","protected":false},"author":5,"featured_media":3661,"comment_status":"closed","ping_status":"closed","sticky":false,"template":"","format":"standard","meta":{"_coblocks_attr":"","_coblocks_dimensions":"","_coblocks_responsive_height":"","_coblocks_accordion_ie_support":"","_eb_attr":"","inline_featured_image":false,"footnotes":""},"categories":[533],"tags":[],"ppma_author":[573],"class_list":["post-3660","post","type-post","status-publish","format-standard","has-post-thumbnail","hentry","category-soylesi","author-mor-dayanisma"],"authors":[{"term_id":573,"user_id":5,"is_guest":0,"slug":"mor-dayanisma","display_name":"Mor Dayan\u0131\u015fma","avatar_url":"https:\/\/www.mordayanisma.org\/wp-content\/litespeed\/avatar\/18b1bff8d2c98eaf6f87c388a27f2cfa.jpg?ver=1788268176","author_category":"1","first_name":"Mor","last_name":"Dayan\u0131\u015fma","user_url":"","job_title":"","description":"<a href=\"https:\/\/www.mordayanisma.org\/en\/iletisim\/\" target=\"_blank\" rel=\"noopener\">Contact<\/a>\r\n\r\ndayanismamor@gmail.com"}],"_links":{"self":[{"href":"https:\/\/www.mordayanisma.org\/en\/wp-json\/wp\/v2\/posts\/3660","targetHints":{"allow":["GET"]}}],"collection":[{"href":"https:\/\/www.mordayanisma.org\/en\/wp-json\/wp\/v2\/posts"}],"about":[{"href":"https:\/\/www.mordayanisma.org\/en\/wp-json\/wp\/v2\/types\/post"}],"author":[{"embeddable":true,"href":"https:\/\/www.mordayanisma.org\/en\/wp-json\/wp\/v2\/users\/5"}],"replies":[{"embeddable":true,"href":"https:\/\/www.mordayanisma.org\/en\/wp-json\/wp\/v2\/comments?post=3660"}],"version-history":[{"count":0,"href":"https:\/\/www.mordayanisma.org\/en\/wp-json\/wp\/v2\/posts\/3660\/revisions"}],"wp:featuredmedia":[{"embeddable":true,"href":"https:\/\/www.mordayanisma.org\/en\/wp-json\/wp\/v2\/media\/3661"}],"wp:attachment":[{"href":"https:\/\/www.mordayanisma.org\/en\/wp-json\/wp\/v2\/media?parent=3660"}],"wp:term":[{"taxonomy":"category","embeddable":true,"href":"https:\/\/www.mordayanisma.org\/en\/wp-json\/wp\/v2\/categories?post=3660"},{"taxonomy":"post_tag","embeddable":true,"href":"https:\/\/www.mordayanisma.org\/en\/wp-json\/wp\/v2\/tags?post=3660"},{"taxonomy":"author","embeddable":true,"href":"https:\/\/www.mordayanisma.org\/en\/wp-json\/wp\/v2\/ppma_author?post=3660"}],"curies":[{"name":"wp","href":"https:\/\/api.w.org\/{rel}","templated":true}]}}