{"id":3537,"date":"2021-02-21T15:12:08","date_gmt":"2021-02-21T12:12:08","guid":{"rendered":"http:\/\/mordayanisma.org\/?p=3537"},"modified":"2025-06-17T14:16:33","modified_gmt":"2025-06-17T11:16:33","slug":"erkek-egemen-politikalar-yalanlar-dolanlar-hak-gasplari","status":"publish","type":"post","link":"https:\/\/www.mordayanisma.org\/en\/2021\/02\/21\/erkek-egemen-politikalar-yalanlar-dolanlar-hak-gasplari\/","title":{"rendered":"Erkek Egemen Politikalar =Yalanlar, Dolanlar, Hak Gasplar\u0131"},"content":{"rendered":"\n<blockquote class=\"wp-block-quote is-layout-flow wp-block-quote-is-layout-flow\" style=\"color:#671f5f\"><p>8 Mart&#8217;a t\u00fcm co\u015fkumuz, \u00f6fkemiz ve c\u00fcretimiz ile gitti\u011fimiz bu g\u00fcnlerde, \u00f6zellikle \u0130stanbul S\u00f6zle\u015fmesi ve 6284 Say\u0131l\u0131 Kanun \u00fczerinden iktidar\u0131n ve devlet kurumlar\u0131n\u0131n patriyarkal kapitalist sistem ile ili\u015fkileri i\u00e7erisinde neleri uygulamad\u0131klar\u0131n\u0131, neden uygulamad\u0131klar\u0131n\u0131 ve hukuksuzluk iklimini nas\u0131l beslediklerini bir kere daha yinelemek istedik. Bu ama\u00e7la rapor ekibimizin haz\u0131rlad\u0131\u011f\u0131 raporun bir k\u0131sm\u0131n\u0131 yay\u0131nl\u0131yor ve asla vazge\u00e7meyece\u011fimiz taleplerimizi sokaklarda, alanlarda beraber s\u00f6ylemek i\u00e7in kad\u0131nlar\u0131 dayan\u0131\u015fma a\u011f\u0131m\u0131z\u0131 b\u00fcy\u00fctmeye davet ediyoruz.<\/p><\/blockquote>\n<span hidden class=\"__iawmlf-post-loop-links\" data-iawmlf-links=\"[{&quot;id&quot;:23,&quot;href&quot;:&quot;https:\\\/\\\/m.bianet.org\\\/bianet\\\/toplumsal-cinsiyet\\\/237549-erkekler-2020-de-en-az-284-kadini-oldurdu&quot;,&quot;archived_href&quot;:&quot;https:\\\/\\\/web-wp.archive.org\\\/web\\\/20220319091405\\\/https:\\\/\\\/m.bianet.org\\\/bianet\\\/toplumsal-cinsiyet\\\/237549-erkekler-2020-de-en-az-284-kadini-oldurdu&quot;,&quot;redirect_href&quot;:&quot;&quot;,&quot;checks&quot;:[{&quot;date&quot;:&quot;2026-05-21 19:47:38&quot;,&quot;http_code&quot;:200}],&quot;broken&quot;:false,&quot;last_checked&quot;:{&quot;date&quot;:&quot;2026-05-21 19:47:38&quot;,&quot;http_code&quot;:200},&quot;process&quot;:&quot;done&quot;},{&quot;id&quot;:24,&quot;href&quot;:&quot;https:\\\/\\\/www.icisleri.gov.tr\\\/icguvenlik\\\/aile-ici-siddet-ve-kadin-cinayetlerinin-onlenmesinde-kollugun-onemi-ve-rolu&quot;,&quot;archived_href&quot;:&quot;&quot;,&quot;redirect_href&quot;:&quot;&quot;,&quot;checks&quot;:[],&quot;broken&quot;:false,&quot;last_checked&quot;:null,&quot;process&quot;:&quot;done&quot;},{&quot;id&quot;:25,&quot;href&quot;:&quot;https:\\\/\\\/www.dw.com\\\/tr\\\/t%C3%BCrkiyede-kad%C4%B1n-s%C4%B1%C4%9F%C4%B1nmaevlerinin-durumu\\\/a-46427221?fbclid=IwAR0BU5dARJsGZvki7Nk45uqpiEU8Xa80G4rc2P8j0xmZAwFf3Blw73j_df8&quot;,&quot;archived_href&quot;:&quot;https:\\\/\\\/web-wp.archive.org\\\/web\\\/20260521195247\\\/https:\\\/\\\/www.dw.com\\\/tr\\\/t%C3%BCrkiyede-kad%C4%B1n-s%C4%B1%C4%9F%C4%B1nmaevlerinin-durumu\\\/a-46427221?fbclid=IwAR0BU5dARJsGZvki7Nk45uqpiEU8Xa80G4rc2P8j0xmZAwFf3Blw73j_df8&quot;,&quot;redirect_href&quot;:&quot;&quot;,&quot;checks&quot;:[],&quot;broken&quot;:false,&quot;last_checked&quot;:null,&quot;process&quot;:&quot;done&quot;},{&quot;id&quot;:26,&quot;href&quot;:&quot;https:\\\/\\\/www.cnnturk.com\\\/video\\\/turkiye\\\/adalet-bakanligi-siddet-rakamlarini-acikladi-video&quot;,&quot;archived_href&quot;:&quot;&quot;,&quot;redirect_href&quot;:&quot;https:\\\/\\\/www.cnnturk.com\\\/video\\\/turkiye\\\/adalet-bakanligi-siddet-rakamlarini-acikladi-video-1605856&quot;,&quot;checks&quot;:[],&quot;broken&quot;:false,&quot;last_checked&quot;:null,&quot;process&quot;:&quot;done&quot;},{&quot;id&quot;:27,&quot;href&quot;:&quot;https:\\\/\\\/www.milliyet.com.tr\\\/siyaset\\\/bakan-soylu-2020-yilinda-kadin-cinayetleri-yuzde-21-dustu-6395679&quot;,&quot;archived_href&quot;:&quot;https:\\\/\\\/web-wp.archive.org\\\/web\\\/20241204015538\\\/https:\\\/\\\/www.milliyet.com.tr\\\/siyaset\\\/bakan-soylu-2020-yilinda-kadin-cinayetleri-yuzde-21-dustu-6395679&quot;,&quot;redirect_href&quot;:&quot;&quot;,&quot;checks&quot;:[{&quot;date&quot;:&quot;2026-05-21 19:48:38&quot;,&quot;http_code&quot;:200}],&quot;broken&quot;:false,&quot;last_checked&quot;:{&quot;date&quot;:&quot;2026-05-21 19:48:38&quot;,&quot;http_code&quot;:200},&quot;process&quot;:&quot;done&quot;},{&quot;id&quot;:28,&quot;href&quot;:&quot;https:\\\/\\\/www.morcati.org.tr\\\/attachments\\\/article\\\/255\\\/6284_Kanun_Uygulamalari_Raporu.pdf&quot;,&quot;archived_href&quot;:&quot;&quot;,&quot;redirect_href&quot;:&quot;&quot;,&quot;checks&quot;:[],&quot;broken&quot;:false,&quot;last_checked&quot;:null,&quot;process&quot;:&quot;done&quot;},{&quot;id&quot;:29,&quot;href&quot;:&quot;https:\\\/\\\/www.ailevecalisma.gov.tr\\\/uploads\\\/ksgm\\\/uploads\\\/pages\\\/mevzuat\\\/4-6284-sayili-ailenin-korunmasi-ve-kadina-karsi-siddetin-onlenmesine-dair-kanuna-iliskin-uygulama-yonetmeligi.pdf&quot;,&quot;archived_href&quot;:&quot;https:\\\/\\\/web-wp.archive.org\\\/web\\\/20210307140805\\\/https:\\\/\\\/www.ailevecalisma.gov.tr\\\/uploads\\\/ksgm\\\/uploads\\\/pages\\\/mevzuat\\\/4-6284-sayili-ailenin-korunmasi-ve-kadina-karsi-siddetin-onlenmesine-dair-kanuna-iliskin-uygulama-yonetmeligi.pdf&quot;,&quot;redirect_href&quot;:&quot;&quot;,&quot;checks&quot;:[{&quot;date&quot;:&quot;2026-05-21 19:48:50&quot;,&quot;http_code&quot;:404}],&quot;broken&quot;:false,&quot;last_checked&quot;:{&quot;date&quot;:&quot;2026-05-21 19:48:50&quot;,&quot;http_code&quot;:404},&quot;process&quot;:&quot;done&quot;},{&quot;id&quot;:30,&quot;href&quot;:&quot;https:\\\/\\\/www.birgun.net\\\/haber\\\/turkiye-de-kadin-siginma-evlerinin-sayisi-ve-olanaklari-yeterli-mi-310042&quot;,&quot;archived_href&quot;:&quot;https:\\\/\\\/web-wp.archive.org\\\/web\\\/20250814120227\\\/https:\\\/\\\/www.birgun.net\\\/haber\\\/turkiye-de-kadin-siginma-evlerinin-sayisi-ve-olanaklari-yeterli-mi-310042&quot;,&quot;redirect_href&quot;:&quot;&quot;,&quot;checks&quot;:[{&quot;date&quot;:&quot;2026-05-21 19:48:52&quot;,&quot;http_code&quot;:200}],&quot;broken&quot;:false,&quot;last_checked&quot;:{&quot;date&quot;:&quot;2026-05-21 19:48:52&quot;,&quot;http_code&quot;:200},&quot;process&quot;:&quot;done&quot;},{&quot;id&quot;:31,&quot;href&quot;:&quot;https:\\\/\\\/www.google.com\\\/amp\\\/s\\\/www.milliyet.com.tr\\\/amp\\\/siyaset\\\/bakan-soylu-2020-yilinda-kadin-cinayetleri-yuzde-21-dustu-6395679&quot;,&quot;archived_href&quot;:&quot;&quot;,&quot;redirect_href&quot;:&quot;https:\\\/\\\/www.google.com\\\/url?q=https:\\\/\\\/www.milliyet.com.tr\\\/amp\\\/siyaset\\\/bakan-soylu-2020-yilinda-kadin-cinayetleri-yuzde-21-dustu-6395679&quot;,&quot;checks&quot;:[],&quot;broken&quot;:false,&quot;last_checked&quot;:null,&quot;process&quot;:&quot;done&quot;},{&quot;id&quot;:32,&quot;href&quot;:&quot;https:\\\/\\\/www.birgun.net\\\/haber\\\/chp-li-gurer-den-bakan-gul-un-kadina-siddete-iliskin-ayrintili-veri-yok-ifadelerine-tepki-317813&quot;,&quot;archived_href&quot;:&quot;https:\\\/\\\/web-wp.archive.org\\\/web\\\/20201101111631\\\/https:\\\/\\\/www.birgun.net\\\/haber\\\/chp-li-gurer-den-bakan-gul-un-kadina-siddete-iliskin-ayrintili-veri-yok-ifadelerine-tepki-317813&quot;,&quot;redirect_href&quot;:&quot;&quot;,&quot;checks&quot;:[{&quot;date&quot;:&quot;2026-05-21 19:49:31&quot;,&quot;http_code&quot;:200}],&quot;broken&quot;:false,&quot;last_checked&quot;:{&quot;date&quot;:&quot;2026-05-21 19:49:31&quot;,&quot;http_code&quot;:200},&quot;process&quot;:&quot;done&quot;},{&quot;id&quot;:33,&quot;href&quot;:&quot;https:\\\/\\\/www.ailevecalisma.gov.tr\\\/tr-tr\\\/sss\\\/kadinin-statusu-genel-mudurlugu&quot;,&quot;archived_href&quot;:&quot;https:\\\/\\\/web-wp.archive.org\\\/web\\\/20210307152755\\\/https:\\\/\\\/ailevecalisma.gov.tr\\\/tr-tr\\\/sss\\\/kadinin-statusu-genel-mudurlugu\\\/&quot;,&quot;redirect_href&quot;:&quot;&quot;,&quot;checks&quot;:[{&quot;date&quot;:&quot;2026-05-21 19:49:34&quot;,&quot;http_code&quot;:404}],&quot;broken&quot;:false,&quot;last_checked&quot;:{&quot;date&quot;:&quot;2026-05-21 19:49:34&quot;,&quot;http_code&quot;:404},&quot;process&quot;:&quot;done&quot;}]\"><\/span>\n\n\n<p class=\"wp-block-paragraph\">Pandemi ile daha da g\u00f6r\u00fcn\u00fcr hale gelen krizler sarmal\u0131nda, kad\u0131nlar\u0131n g\u00fcndeminde \u015fiddet, yoksulluk, i\u015fsizlik, hastal\u0131k, bu s\u00fcre\u00e7 ile art\u0131\u015f g\u00f6steren ev eme\u011fi ve emek s\u00f6m\u00fcr\u00fcs\u00fc var.<\/p>\n\n\n\n<p class=\"wp-block-paragraph\">Ara\u015ft\u0131rmalar pandemi ile kad\u0131na y\u00f6nelik \u015fiddetin artt\u0131\u011f\u0131n\u0131n g\u00f6zler \u00f6n\u00fcne sererken, erkek egemen zihniyetin kad\u0131n d\u00fc\u015fman\u0131 politikalar\u0131, kad\u0131nlar\u0131n kazan\u0131lm\u0131\u015f haklar\u0131na sald\u0131r\u0131lar\u0131 katlanarak artt\u0131. \u0130ktidar koalisyonunun att\u0131\u011f\u0131 her ad\u0131m\u0131n erkek egemen sistemden yana oldu\u011funu defalarca deneyimledik.<\/p>\n\n\n\n<p class=\"wp-block-paragraph\">\u0130ktidar a\u00e7\u0131s\u0131ndan; kad\u0131na y\u00f6nelik \u015fiddet ve kad\u0131n cinayetlerinin bu denli art\u0131\u015f\u0131 acil \u00e7\u00f6z\u00fclmesi gereken bir konu olmas\u0131 gerekirken kad\u0131na y\u00f6nelik \u015fiddetle m\u00fccadelede etkin rol al\u0131nmas\u0131 bir yana, \u0130stanbul S\u00f6zle\u015fmesi ve 6284 Say\u0131l\u0131 Kanun hedef tahtas\u0131na kondu.<\/p>\n\n\n\n<p class=\"wp-block-paragraph\">Biz Mor Dayan\u0131\u015fma olarak, kad\u0131na y\u00f6nelik \u015fiddetin \u00f6n\u00fcn\u00fc a\u00e7an politikalar\u0131 te\u015fhir etmekten, kad\u0131nlar\u0131 \u00f6l\u00fcme s\u00fcr\u00fckleyen uygulamalar\u0131 dillendirmekten, \u015fiddetin durdurulmas\u0131 i\u00e7in gerekli ad\u0131mlar\u0131n at\u0131lmas\u0131n\u0131 talep etmekten vazge\u00e7meyece\u011fiz.<\/p>\n\n\n\n<p class=\"wp-block-paragraph\">\u201cYoksulluk yok\u201d, \u201ckad\u0131n cinayetleri azald\u0131\u201d gibi s\u00f6ylemlerle g\u00f6r\u00fcnmez k\u0131l\u0131narak, g\u00fcndem d\u0131\u015f\u0131 edilen konular\u0131 g\u00fcndemde tutmaya, sorunlar\u0131n k\u00f6kenine inmeyen, g\u00f6stermelik \u00e7\u00f6z\u00fcmleri a\u00e7\u0131k etmeye devam edece\u011fiz. Tam da bu minvalde kad\u0131na y\u00f6nelik \u015fiddetin durdurulmas\u0131nda devletin yapmas\u0131 gerekenleri tekrar tekrar hat\u0131rlataca\u011f\u0131z. Uygulanmayan yasalar\u0131, kanunlar\u0131 g\u00fcndeme ta\u015f\u0131yaca\u011f\u0131z. \u0130stanbul S\u00f6zle\u015fmesi\u2019nin ve 6284 Say\u0131l\u0131 Kanun\u2019un etkin uygulanmas\u0131 i\u00e7in gerekli ad\u0131mlar\u0131n neden at\u0131lmad\u0131\u011f\u0131n\u0131 soraca\u011f\u0131z!<\/p>\n\n\n\n<p class=\"wp-block-paragraph\">\u0130stanbul S\u00f6zle\u015fmesi\u2019nde ve 6284\u2019te ge\u00e7en geni\u015f \u015fiddet tan\u0131mlar\u0131 \u015fiddetle m\u00fccadelede de kabul g\u00f6r\u00fcyor mu? Yoksa \u201csenden k\u00f6t\u00fc durumda olanlar var\u201d diyen g\u00f6revliler gibi kad\u0131nlar\u0131n beyanlar\u0131 kulak arkas\u0131 m\u0131 ediliyor? Kad\u0131nlar\u0131n \u00e7ekti\u011fi ac\u0131n\u0131n derecesine g\u00f6re kad\u0131nlara psikolojik \u015fiddet mi uygulan\u0131yor?<\/p>\n\n\n\n<p class=\"wp-block-paragraph\">\u0130stanbul S\u00f6zle\u015fmesi kad\u0131na y\u00f6nelik \u015fiddeti \u00f6nleme konusunda; toplumsal cinsiyet rollerinin ve kli\u015felerin de\u011fi\u015ftirilmesini ve e\u011fitimin her a\u015famas\u0131nda toplumsal cinsiyet e\u015fitli\u011fi konulu dersler yap\u0131lmas\u0131n\u0131 \u00f6nerirken, \u00e7e\u015fitli \u00fcniversitelerde g\u00f6revli erkeklerin son d\u00f6nemde artan a\u00e7\u0131klamalar\u0131yla cinsiyet ayr\u0131mc\u0131l\u0131\u011f\u0131 ve ataerki yeniden \u00fcretiliyor.<\/p>\n\n\n\n<p class=\"wp-block-paragraph\">6284 Say\u0131l\u0131 Kanun\u2019da ilk\u00f6\u011fretim ve orta\u00f6\u011fretim m\u00fcfredat\u0131na, kad\u0131n\u0131n insan haklar\u0131 ve kad\u0131n erkek e\u015fitli\u011fi konusunda dersler konulmas\u0131 maddesi varken, uygulama tam tersi y\u00f6nde ilerliyor. Buna MEB\u2019in 2019\/2020 e\u011fitim \u00f6\u011fretim hedef listesinde Toplumsal cinsiyet e\u015fitli\u011fi dersi maddesinin 24 saat bile ge\u00e7meden kald\u0131r\u0131lmas\u0131ndan, Avrupa Birli\u011fi ve T\u00fcrkiye taraf\u0131ndan finanse edilen MEB koordinasyonunda y\u00fcr\u00fct\u00fclen, E\u011fitimde Toplumsal Cinsiyet E\u015fitli\u011finin Geli\u015ftirilmesi Projesi\u2019nin (ETCEP) iptalinde de g\u00f6r\u00fcyoruz.<\/p>\n\n\n\n<p class=\"wp-block-paragraph\">\u0130stanbul S\u00f6zle\u015fmesi\u2019nin kad\u0131na y\u00f6nelik \u015fiddeti \u00f6nleme konusundaki bir di\u011fer \u00f6nerisi; STK ve medya ile i\u015fbirli\u011fi yap\u0131lmas\u0131d\u0131r. Oysaki ana ak\u0131m medyada \u015fiddetin \u00f6nlenmesi konusunda fark\u0131ndal\u0131k yaratmak \u015f\u00f6yle dursun toplumsal cinsiyet rollerinin ve \u015fiddetin yeniden \u00fcretildi\u011fi ya da me\u015frula\u015ft\u0131r\u0131ld\u0131\u011f\u0131na tan\u0131kl\u0131k ediyoruz. \u00d6ld\u00fcr\u00fclen kad\u0131nlar\u0131n meslekleri, isimleri, ya\u015flar\u0131 ve faille olan bitmi\u015f bile olsa ili\u015fkisi gibi ki\u015fisel bilgiler \u00f6zellikle belirtilirken, failler hakk\u0131nda bu t\u00fcr bilgilere pek yer verilmiyor, failler ikinci planda tutularak \u015fiddetin as\u0131l sorumlular\u0131 g\u00f6r\u00fcnmez bir hale getiriliyor.<\/p>\n\n\n\n<p class=\"wp-block-paragraph\">STK\u2019larla i\u015fbirli\u011fi yerine kad\u0131n derneklerini kapatma, m\u00fch\u00fcrleme politikas\u0131 uygulan\u0131yor. Son d\u00f6nemde iktidar\u0131n g\u00fcndeme getirdi\u011fi, sivil toplum \u00f6rg\u00fctlerinin keyfi olarak faaliyetlerinin k\u0131s\u0131tlanabilece\u011fi ve mal varl\u0131klar\u0131na el konabilece\u011fini i\u00e7eren yasa de\u011fi\u015fikli\u011fi ile sivil toplum g\u00fc\u00e7s\u00fczle\u015ftirilmek ve \u00f6rg\u00fctlenme hakk\u0131m\u0131z elimizden al\u0131nmak istenmektedir<\/p>\n\n\n\n<p class=\"wp-block-paragraph\">Bu kanunla \u00f6zellikle kad\u0131na y\u00f6nelik \u015fiddetle m\u00fccadele eden kad\u0131n ve LGBT\u0130+ derneklerine kayyum ataman\u0131n \u00f6n\u00fc a\u00e7\u0131l\u0131yor.<\/p>\n\n\n\n<p class=\"wp-block-paragraph\">\u0130stanbul S\u00f6zle\u015fmesi&#8217;nin koruma ba\u015fl\u0131\u011f\u0131 alt\u0131nda; kad\u0131nlara y\u00f6nelik \u015fiddette psikolojik ve hukuki dan\u0131\u015fmanl\u0131k, t\u0131bbi yard\u0131m ve destek hizmetlerinin sa\u011flanmas\u0131, yeterli say\u0131da s\u0131\u011f\u0131nma evinin tahsis edilmesi, g\u00fcn\u00fcn her saati ula\u015f\u0131labilecek \u00fccretsiz telefon yard\u0131m hatlar\u0131 olu\u015fturulmas\u0131 gerekti\u011fi belirtilirken, 6284\u2019te de bunu destekleyen bir madde i\u00e7erirken bu gerekliliklerin hala uygulamaya konmad\u0131\u011f\u0131 eldeki verilere bak\u0131nca apa\u00e7\u0131k g\u00f6r\u00fcl\u00fcyor.<\/p>\n\n\n\n<p class=\"wp-block-paragraph\">Aile, \u00c7al\u0131\u015fma ve Sosyal Hizmetler Bakanl\u0131\u011f\u0131 verilerine g\u00f6re, T\u00fcrkiye\u2019de Kad\u0131n\u0131n Stat\u00fcs\u00fc Genel M\u00fcd\u00fcrl\u00fc\u011f\u00fc\u2019ne ba\u011fl\u0131 110, belediyelere ba\u011fl\u0131 32, G\u00f6\u00e7 \u0130daresi Genel M\u00fcd\u00fcrl\u00fc\u011f\u00fc\u2019ne ba\u011fl\u0131 1 ve Mor \u00c7at\u0131 Sivil Toplum Kurulu\u015fu\u2019na ba\u011fl\u0131 1 tane olmak \u00fczere T\u00fcrkiye\u2019de toplam 3 bin 454 kapasiteli 144 kad\u0131n s\u0131\u011f\u0131nma evi bulunuyor.<\/p>\n\n\n\n<p class=\"wp-block-paragraph\">Belediye Kanunu\u2019na g\u00f6re 237 belediyede s\u0131\u011f\u0131nma evi olmas\u0131 gerekirken sadece 32 belediyede kad\u0131n s\u0131\u011f\u0131nma evi bulunuyor. Herhangi bir yapt\u0131r\u0131m olmad\u0131\u011f\u0131 i\u00e7in de belediyeler bu konuya \u00f6ncelik vermiyor.<\/p>\n\n\n\n<p class=\"wp-block-paragraph\">T\u00fcrkiye\u2019de kad\u0131na y\u00f6nelik \u015fiddetin hangi boyuta ula\u015ft\u0131\u011f\u0131n\u0131 sadece ge\u00e7ti\u011fimiz y\u0131l kullan\u0131lmaya ba\u015flanan KADES uygulamas\u0131na 45.920 kad\u0131n\u0131n ihbarda bulunmas\u0131ndan bile g\u00f6rebiliyoruz ancak \u015fiddetin boyutunu g\u00f6steren bu say\u0131lara ra\u011fmen bu \u015fiddetin \u00f6nlenmesine dair nas\u0131l \u00e7\u00f6z\u00fcmler bulundu\u011fu muamma.<\/p>\n\n\n\n<p class=\"wp-block-paragraph\">&nbsp;Sadece 2020 y\u0131l\u0131nda \u015fiddete u\u011frayan ve \u00f6ld\u00fcr\u00fclen kad\u0131n ve \u00e7ocuk say\u0131s\u0131 2.000 a\u015fm\u0131\u015fken, \u00fclke genelinde 3 bin 454 kapasiteli 144 s\u0131\u011f\u0131nma evinin olmas\u0131 \u015fiddeti \u00f6nlemede oldu\u011fu gibi \u015fiddet halinde m\u00fcdahalede de ne kadar geride kald\u0131\u011f\u0131m\u0131z\u0131 ortaya koyuyor.<\/p>\n\n\n\n<p class=\"wp-block-paragraph\">\u00d6zellikle pandemi ile beraber, var olan s\u0131\u011f\u0131nma evlerinin sa\u011fl\u0131k ve hijyen ko\u015fullar\u0131n\u0131n yetersiz olmas\u0131 ve salg\u0131nla m\u00fccadele \u00f6nlemleri gerek\u00e7e g\u00f6sterilerek s\u0131\u011f\u0131nma evi talebinde bulunan kad\u0131nlar\u0131n geri \u00e7evrilmesi, kad\u0131nlar\u0131 \u015fiddet sarmal\u0131na mahkum etmektedir.<\/p>\n\n\n\n<p class=\"wp-block-paragraph\">ALO 183 hatt\u0131n\u0131n aile, kad\u0131n, \u00e7ocuk, engelli, ya\u015fl\u0131, \u015fehit yak\u0131nlar\u0131 ile gaziler ve gazi yak\u0131nlar\u0131na y\u00f6nelik hizmetlerin tamam\u0131 i\u00e7in aranmas\u0131 sebebiyle her an ula\u015f\u0131labilirlik y\u00f6n\u00fcnden yetersiz kald\u0131\u011f\u0131 ger\u00e7ekli\u011fi kar\u015f\u0131s\u0131nda sadece \u015fiddete tahsis edilmi\u015f, acil ve 24 saat etkin \u00e7al\u0131\u015fan hat olu\u015fturulmas\u0131 taleplerimiz yine iktidar taraf\u0131ndan g\u00f6rmezden geliniyor.<\/p>\n\n\n\n<p class=\"wp-block-paragraph\">6284 \u2018\u00fcn 39. Maddesi\u2019nde koruyucu ve \u00f6nleyici tedbirlerin etkin uygulanmas\u0131 i\u00e7in tercihen kad\u0131n personelin istihdam edildi\u011fi, \u00e7al\u0131\u015fmalar\u0131n yedi g\u00fcn yirmi d\u00f6rt saat esas\u0131na g\u00f6re y\u00fcr\u00fct\u00fcld\u00fc\u011f\u00fc \u015eiddet \u00d6nleme ve \u0130zleme Merkez (\u015e\u00d6N\u0130M)\u2019lerinin kurulmas\u0131 belirtilmektedir. \u015eiddeti \u00f6nleme ve izleme amac\u0131yla kurulan bu yerlerin verimlili\u011fi; t\u00fcm kad\u0131nlar\u0131n rahatl\u0131kla ula\u015fabilece\u011fi yerlere mi kuruldu\u011fu, yeterli personeli var m\u0131, personellerinin ka\u00e7\u0131n\u0131n kad\u0131n oldu\u011fu ve personellerin toplumsal cinsiyet e\u015fitli\u011fine duyarl\u0131 ki\u015filerden mi se\u00e7ildi\u011fi sorular\u0131 e\u015fli\u011finde d\u00fc\u015f\u00fcnmek ve iktidar\u0131n buraya dair \u015feffaf olmas\u0131 gerekmektedir.<\/p>\n\n\n\n<p class=\"wp-block-paragraph\">Cinsel \u015fiddetle m\u00fccadele kapsam\u0131nda tecav\u00fcz kriz masalar\u0131n\u0131n olu\u015fturulmas\u0131 y\u00f6n\u00fcndeki \u0130stanbul S\u00f6zle\u015fmesi maddesi do\u011frultusunda herhangi bir ad\u0131m at\u0131lmad\u0131. Hen\u00fcz bir tane bile tecav\u00fcz kriz masas\u0131 kurulmu\u015f de\u011fil.<\/p>\n\n\n\n<p class=\"wp-block-paragraph\">\u0130stanbul S\u00f6zle\u015fmesi&#8217;nin yarg\u0131lama ba\u015fl\u0131\u011f\u0131 alt\u0131nda; kad\u0131nlara y\u00f6nelik \u015fiddetin su\u00e7 say\u0131l\u0131p cezaland\u0131r\u0131lmas\u0131 gerekti\u011fi yer alsa da, 2020\u2019de 711 failden sadece 54 erkek tutukland\u0131\u011f\u0131, 5 faile ev hapsi veya elektronik kelep\u00e7e verildi\u011fi bilgisi bu konuda da s\u0131n\u0131fta kald\u0131\u011f\u0131m\u0131z\u0131 g\u00f6steriyor.<\/p>\n\n\n\n<p class=\"wp-block-paragraph\">Soru\u015fturma ve yarg\u0131lama s\u00fcrecinde \u015fiddete maruz b\u0131rak\u0131lanlar\u0131n \u00f6zel koruma tedbirlerinden yararlanmas\u0131n\u0131 sa\u011flama y\u00fck\u00fcml\u00fcl\u00fc\u011f\u00fc \u00f6zellikle 6284\u2019te ayr\u0131nt\u0131land\u0131r\u0131lan en temel koruma tedbirlerinin eksik uyguland\u0131\u011f\u0131, faillerin bu tedbiri ihlal ettiklerinde gereken yapt\u0131r\u0131mlar\u0131n uygulanmamas\u0131yla eylemlerini tekrarlad\u0131klar\u0131, bir\u00e7ok kad\u0131n\u0131n bu tedbirler varken etkin uygulanmad\u0131\u011f\u0131ndan dolay\u0131 \u00f6ld\u00fcr\u00fcld\u00fc\u011f\u00fcn\u00fc biliyoruz.<\/p>\n\n\n\n<p class=\"wp-block-paragraph\">\u0130stanbul S\u00f6zle\u015fmesi\u2019nin 56. Madde\u2019sinde \u015fiddete maruz b\u0131rak\u0131lan\u0131n en az\u0131ndan kendisinin veya ailesinin tehlikede olabilece\u011fi durumlarda, failin ka\u00e7mas\u0131 veya ge\u00e7ici veya kesin olarak serbest b\u0131rak\u0131lmas\u0131 halinde \u015fiddete maruz b\u0131rak\u0131lan\u0131n bilgilendirilmesini sa\u011flamak ifadesi yer almaktad\u0131r. Pandemi bahane edilerek ge\u00e7irilen&nbsp; \u201cinfaz yasas\u0131\u201d d\u00fczenlemesi ile \u015fiddet faillerinin ellerini kollar\u0131n\u0131 sallayarak d\u0131\u015far\u0131 \u00e7\u0131kt\u0131klar\u0131n\u0131, haber verme y\u00fck\u00fcml\u00fcl\u00fc\u011f\u00fcn\u00fcn yerine getirilmedi\u011fini, bir\u00e7ok kad\u0131n\u0131n yeniden \u015fiddet g\u00f6rd\u00fc\u011f\u00fcn\u00fc, en az 8 erke\u011fin pandemi bahanesiyle cezaevinden \u00e7\u0131kt\u0131ktan sonra kad\u0131nlar\u0131 \u00f6ld\u00fcrd\u00fc\u011f\u00fcn\u00fc \u00f6\u011frendik.<\/p>\n\n\n\n<p class=\"wp-block-paragraph\">\u0130stanbul S\u00f6zle\u015fmesi taraf devletlere her t\u00fcrl\u00fc \u015fiddet olay\u0131yla ilgili birle\u015ftirilmemi\u015f istatiksel veriyi d\u00fczenli aral\u0131klarla toplamalar\u0131 ve kamuoyuyla payla\u015fma y\u00fck\u00fcml\u00fc\u011f\u00fc veriyor. Ancak ger\u00e7ek ve g\u00fcvenilir veriye ula\u015f\u0131lmad\u0131\u011f\u0131 gibi bu t\u00fcr verilerin \u2018\u2019kad\u0131n cinayetleri azald\u0131, \u015fiddet azald\u0131\u2019\u2019 s\u00f6ylemlerini g\u00fc\u00e7lendirmek i\u00e7in \u00e7arp\u0131t\u0131l\u0131p gizlendi\u011fi bir s\u00fcreci deneyimledik. Son 3 y\u0131ld\u0131r Grevio raporunun T\u00fcrk\u00e7e\u2019ye \u00e7evrilmedi\u011fini bunun da ger\u00e7ek verileri saklama saikiyle yap\u0131ld\u0131\u011f\u0131n\u0131, kad\u0131n \u00f6rg\u00fctlerinin tuttu\u011fu \u00e7etelelerden \u015fiddetin artt\u0131\u011f\u0131n\u0131, kad\u0131nlar\u0131 koruyamad\u0131\u011f\u0131n\u0131z\u0131 \u00e7ok iyi biliyoruz.<\/p>\n\n\n\n<p class=\"wp-block-paragraph\">\u0130\u00e7 \u0130\u015fleri Bakanl\u0131\u011f\u0131 Raporu\u2019nda T\u00fcrkiye\u2019de kad\u0131n cinayetlerinin ani geli\u015fen tart\u0131\u015fma, k\u0131skan\u00e7l\u0131k, bo\u015fanmay\u0131 kabullenememe, aldat\u0131ld\u0131\u011f\u0131n\u0131 d\u00fc\u015f\u00fcnme gibi nedenlerle i\u015flendi\u011fi belirtilmektedir. Fakat bizler kad\u0131n cinayetlerinin as\u0131l sebebinin ataerki oldu\u011funu bu cinayetlerin m\u00fcnferit de\u011fil sistematik ger\u00e7ekle\u015fti\u011fini \u00e7ok iyi biliyoruz.<\/p>\n\n\n\n<p class=\"wp-block-paragraph\">Yine biliyor ve tecr\u00fcbe ediyoruz ki;<\/p>\n\n\n\n<p class=\"wp-block-paragraph\">Kad\u0131n d\u00fc\u015fman\u0131 politikalar, kad\u0131nlar\u0131 hedef g\u00f6steren s\u00f6ylemler, eril \u015fiddeti me\u015frula\u015ft\u0131ran haberler, kad\u0131n katillerine verilen ceza indirimleri, kad\u0131na y\u00f6nelik \u015fiddetin m\u00fcsebbipleridir.<\/p>\n\n\n\n<p class=\"wp-block-paragraph\">Soruyoruz; \u0130stanbul S\u00f6zle\u015fmesi\u2019nin ve 6284\u2019\u00fcn etkin uygulanmas\u0131 i\u00e7in daha ka\u00e7 kad\u0131n\u0131n \u00f6lmesi bekleniyor?<\/p>\n\n\n\n<p class=\"wp-block-paragraph\">Erkek egemen sistem taraf\u0131ndan uygulanan kad\u0131n d\u00fc\u015fman\u0131 politikalar, cezas\u0131zl\u0131k, iyi hal indirimleri ve kad\u0131n d\u00fc\u015fman\u0131 s\u00f6ylemlerle erkek faillerin s\u0131rt\u0131 s\u0131vazlanm\u0131\u015f, kad\u0131nlar\u0131 ikincil konumda g\u00f6ren tahakk\u00fcm zihniyeti me\u015frula\u015ft\u0131r\u0131lm\u0131\u015ft\u0131r. Kad\u0131n katliamlar\u0131n\u0131n \u00f6n\u00fc a\u00e7\u0131lm\u0131\u015ft\u0131r. <strong>Y\u0131lmadan ve b\u0131kmadan tekrar ediyoruz:<\/strong><\/p>\n\n\n\n<p class=\"wp-block-paragraph\">*Mevcut s\u0131\u011f\u0131nma evlerinin ko\u015fullar\u0131 iyile\u015ftirilmeli ve hi\u00e7 bir kad\u0131n\u0131n geri g\u00f6nderilmeyece\u011fi \u015fekilde say\u0131lar\u0131 ve kapasiteleri artt\u0131r\u0131lmal\u0131d\u0131r.<\/p>\n\n\n\n<p class=\"wp-block-paragraph\">*Kad\u0131nlar\u0131n 24 saat boyunca ula\u015f\u0131p destek alabilecekleri acil ve konuya \u00f6zel destek hatt\u0131 derhal olu\u015fturulmal\u0131d\u0131r.<\/p>\n\n\n\n<p class=\"wp-block-paragraph\">*Tecav\u00fcz kriz merkezleri acilen olu\u015fturulmal\u0131d\u0131r.<\/p>\n\n\n\n<p class=\"wp-block-paragraph\">*Kad\u0131na y\u00f6nelik \u015fiddetle m\u00fccadelede yer alacak her birim, her kurumda bulunan ve bulunacak ki\u015filerin toplumsal cinsiyet e\u015fitli\u011fi bak\u0131m\u0131ndan yeterlili\u011fi denetlenmelidir ve personellere kad\u0131n\u0131n insan haklar\u0131 ile kad\u0131n erkek e\u015fitli\u011fi konusunda d\u00fczenli ve s\u00fcrekli e\u011fitimler verilmelidir.<\/p>\n\n\n\n<p class=\"wp-block-paragraph\">*Toplumsal Cinsiyet E\u015fitli\u011fi dersi MEB m\u00fcfredat\u0131nda okutulmal\u0131d\u0131r.<\/p>\n\n\n\n<p class=\"wp-block-paragraph\">*Kad\u0131nlara \u015fiddetle m\u00fccadelede izlemesi gereken yollar ve haklarla ilgili bilgilendirici yay\u0131nlar yap\u0131larak yayg\u0131nla\u015ft\u0131r\u0131lmal\u0131d\u0131r.<\/p>\n\n\n\n<p class=\"wp-block-paragraph\">Bizler taleplerimizi bir kez daha yineliyoruz; kad\u0131na y\u00f6nelik \u015fiddeti durdurmak i\u00e7in \u0130stanbul S\u00f6zle\u015fmesi ve 6284 Say\u0131l\u0131 Kanun etkin ve eksiksiz uygulans\u0131n! <strong>Kad\u0131na y\u00f6nelik \u015fiddet son bulana dek m\u00fccadelemiz s\u00fcrecek!<\/strong><\/p>\n\n\n\n<figure class=\"wp-block-embed-wordpress wp-block-embed is-type-wp-embed is-provider-mor-dayanisma\"><div class=\"wp-block-embed__wrapper\">\n<blockquote class=\"wp-embedded-content\" data-secret=\"qdCQlOv3eb\"><a href=\"https:\/\/www.mordayanisma.org\/2020\/09\/20\/3368\/\">Erkek \u015eiddeti ve Hak Gasplar\u0131na Y\u00f6nelik Ara\u015ft\u0131rma Anketi Raporu<\/a><\/blockquote><iframe loading=\"lazy\" class=\"wp-embedded-content\" sandbox=\"allow-scripts\" security=\"restricted\" style=\"position: absolute; visibility: hidden;\" title=\"&#8220;Erkek \u015eiddeti ve Hak Gasplar\u0131na Y\u00f6nelik Ara\u015ft\u0131rma Anketi Raporu&#8221; &#8212; Mor Dayan\u0131\u015fma\" src=\"https:\/\/www.mordayanisma.org\/2020\/09\/20\/3368\/embed\/#?secret=OJKupZecUh#?secret=qdCQlOv3eb\" data-secret=\"qdCQlOv3eb\" width=\"500\" height=\"282\" frameborder=\"0\" marginwidth=\"0\" marginheight=\"0\" scrolling=\"no\"><\/iframe>\n<\/div><\/figure>\n\n\n\n<p class=\"wp-block-paragraph\"><a href=\"https:\/\/m.bianet.org\/bianet\/toplumsal-cinsiyet\/237549-erkekler-2020-de-en-az-284-kadini-oldurdu\" target=\"_blank\" rel=\"noopener\">https:\/\/m.bianet.org\/bianet\/toplumsal-cinsiyet\/237549-erkekler-2020-de-en-az-284-kadini-oldurdu<\/a><\/p>\n\n\n\n<p class=\"wp-block-paragraph\"><a href=\"https:\/\/www.icisleri.gov.tr\/icguvenlik\/aile-ici-siddet-ve-kadin-cinayetlerinin-onlenmesinde-kollugun-onemi-ve-rolu\" target=\"_blank\" rel=\"noopener\">https:\/\/www.icisleri.gov.tr\/icguvenlik\/aile-ici-siddet-ve-kadin-cinayetlerinin-onlenmesinde-kollugun-onemi-ve-rolu<\/a><\/p>\n\n\n\n<p class=\"wp-block-paragraph\"><a href=\"https:\/\/www.dw.com\/tr\/t%C3%BCrkiyede-kad%C4%B1n-s%C4%B1%C4%9F%C4%B1nmaevlerinin-durumu\/a-46427221?fbclid=IwAR0BU5dARJsGZvki7Nk45uqpiEU8Xa80G4rc2P8j0xmZAwFf3Blw73j_df8\" target=\"_blank\" rel=\"noopener\">https:\/\/www.dw.com\/tr\/t%C3%BCrkiyede-kad%C4%B1n-s%C4%B1%C4%9F%C4%B1nmaevlerinin-durumu\/a-46427221?fbclid=IwAR0BU5dARJsGZvki7Nk45uqpiEU8Xa80G4rc2P8j0xmZAwFf3Blw73j_df8<\/a><\/p>\n\n\n\n<p class=\"wp-block-paragraph\"><a href=\"https:\/\/www.cnnturk.com\/video\/turkiye\/adalet-bakanligi-siddet-rakamlarini-acikladi-video\" target=\"_blank\" rel=\"noopener\">https:\/\/www.cnnturk.com\/video\/turkiye\/adalet-bakanligi-siddet-rakamlarini-acikladi-video<\/a><\/p>\n\n\n\n<p class=\"wp-block-paragraph\"><a href=\"https:\/\/www.milliyet.com.tr\/siyaset\/bakan-soylu-2020-yilinda-kadin-cinayetleri-yuzde-21-dustu-6395679\" target=\"_blank\" rel=\"noopener\">https:\/\/www.milliyet.com.tr\/siyaset\/bakan-soylu-2020-yilinda-kadin-cinayetleri-yuzde-21-dustu-6395679<\/a><\/p>\n\n\n\n<p class=\"wp-block-paragraph\"><a href=\"https:\/\/www.morcati.org.tr\/attachments\/article\/255\/6284_Kanun_Uygulamalari_Raporu.pdf\" target=\"_blank\" rel=\"noopener\">https:\/\/www.morcati.org.tr\/attachments\/article\/255\/6284_Kanun_Uygulamalari_Raporu.pdf<\/a><\/p>\n\n\n\n<p class=\"wp-block-paragraph\"><a href=\"https:\/\/www.ailevecalisma.gov.tr\/uploads\/ksgm\/uploads\/pages\/mevzuat\/4-6284-sayili-ailenin-korunmasi-ve-kadina-karsi-siddetin-onlenmesine-dair-kanuna-iliskin-uygulama-yonetmeligi.pdf\" target=\"_blank\" rel=\"noopener\">https:\/\/www.ailevecalisma.gov.tr\/uploads\/ksgm\/uploads\/pages\/mevzuat\/4-6284-sayili-ailenin-korunmasi-ve-kadina-karsi-siddetin-onlenmesine-dair-kanuna-iliskin-uygulama-yonetmeligi.pdf<\/a><\/p>\n\n\n\n<p class=\"wp-block-paragraph\"><a href=\"https:\/\/www.birgun.net\/haber\/turkiye-de-kadin-siginma-evlerinin-sayisi-ve-olanaklari-yeterli-mi-310042\" target=\"_blank\" rel=\"noopener\">https:\/\/www.birgun.net\/haber\/turkiye-de-kadin-siginma-evlerinin-sayisi-ve-olanaklari-yeterli-mi-310042<\/a><\/p>\n\n\n\n<p class=\"wp-block-paragraph\"><a href=\"https:\/\/www.cnnturk.com\/video\/turkiye\/adalet-bakanligi-siddet-rakamlarini-acikladi-video\" target=\"_blank\" rel=\"noopener\">https:\/\/www.cnnturk.com\/video\/turkiye\/adalet-bakanligi-siddet-rakamlarini-acikladi-video<\/a><\/p>\n\n\n\n<p class=\"wp-block-paragraph\"><a href=\"https:\/\/www.google.com\/amp\/s\/www.milliyet.com.tr\/amp\/siyaset\/bakan-soylu-2020-yilinda-kadin-cinayetleri-yuzde-21-dustu-6395679\" target=\"_blank\" rel=\"noopener\">https:\/\/www.google.com\/amp\/s\/www.milliyet.com.tr\/amp\/siyaset\/bakan-soylu-2020-yilinda-kadin-cinayetleri-yuzde-21-dustu-6395679<\/a><\/p>\n\n\n\n<p class=\"wp-block-paragraph\"><a href=\"https:\/\/www.birgun.net\/haber\/chp-li-gurer-den-bakan-gul-un-kadina-siddete-iliskin-ayrintili-veri-yok-ifadelerine-tepki-317813\" target=\"_blank\" rel=\"noopener\">https:\/\/www.birgun.net\/haber\/chp-li-gurer-den-bakan-gul-un-kadina-siddete-iliskin-ayrintili-veri-yok-ifadelerine-tepki-317813<\/a><\/p>\n\n\n\n<p class=\"wp-block-paragraph\"><a href=\"https:\/\/www.ailevecalisma.gov.tr\/tr-tr\/sss\/kadinin-statusu-genel-mudurlugu\/\" target=\"_blank\" rel=\"noopener\">https:\/\/www.ailevecalisma.gov.tr\/tr-tr\/sss\/kadinin-statusu-genel-mudurlugu\/<\/a><\/p>\n","protected":false},"excerpt":{"rendered":"<p>8 Mart&#8217;a t\u00fcm co\u015fkumuz, \u00f6fkemiz ve c\u00fcretimiz ile gitti\u011fimiz bu g\u00fcnlerde, \u00f6zellikle \u0130stanbul S\u00f6zle\u015fmesi ve 6284 Say\u0131l\u0131 Kanun \u00fczerinden iktidar\u0131n ve devlet kurumlar\u0131n\u0131n patriyarkal kapitalist sistem ile ili\u015fkileri i\u00e7erisinde neleri uygulamad\u0131klar\u0131n\u0131, neden uygulamad\u0131klar\u0131n\u0131 ve hukuksuzluk iklimini nas\u0131l beslediklerini bir kere daha yinelemek istedik. Bu ama\u00e7la rapor ekibimizin haz\u0131rlad\u0131\u011f\u0131 raporun bir k\u0131sm\u0131n\u0131 yay\u0131nl\u0131yor ve asla vazge\u00e7meyece\u011fimiz&hellip;<\/p>","protected":false},"author":5,"featured_media":3543,"comment_status":"closed","ping_status":"closed","sticky":true,"template":"","format":"standard","meta":{"_coblocks_attr":"","_coblocks_dimensions":"","_coblocks_responsive_height":"","_coblocks_accordion_ie_support":"","_eb_attr":"","inline_featured_image":false,"footnotes":""},"categories":[97],"tags":[271,307,311],"ppma_author":[573],"class_list":["post-3537","post","type-post","status-publish","format-standard","has-post-thumbnail","hentry","category-sozumuz-var","tag-271","tag-istanbulsozlesmesiuygulansin","tag-kadinmucadelesi","author-mor-dayanisma"],"authors":[{"term_id":573,"user_id":5,"is_guest":0,"slug":"mor-dayanisma","display_name":"Mor Dayan\u0131\u015fma","avatar_url":"https:\/\/www.mordayanisma.org\/wp-content\/litespeed\/avatar\/18b1bff8d2c98eaf6f87c388a27f2cfa.jpg?ver=1788268176","author_category":"1","first_name":"Mor","last_name":"Dayan\u0131\u015fma","user_url":"","job_title":"","description":"<a href=\"https:\/\/www.mordayanisma.org\/en\/iletisim\/\" target=\"_blank\" rel=\"noopener\">Contact<\/a>\r\n\r\ndayanismamor@gmail.com"}],"_links":{"self":[{"href":"https:\/\/www.mordayanisma.org\/en\/wp-json\/wp\/v2\/posts\/3537","targetHints":{"allow":["GET"]}}],"collection":[{"href":"https:\/\/www.mordayanisma.org\/en\/wp-json\/wp\/v2\/posts"}],"about":[{"href":"https:\/\/www.mordayanisma.org\/en\/wp-json\/wp\/v2\/types\/post"}],"author":[{"embeddable":true,"href":"https:\/\/www.mordayanisma.org\/en\/wp-json\/wp\/v2\/users\/5"}],"replies":[{"embeddable":true,"href":"https:\/\/www.mordayanisma.org\/en\/wp-json\/wp\/v2\/comments?post=3537"}],"version-history":[{"count":0,"href":"https:\/\/www.mordayanisma.org\/en\/wp-json\/wp\/v2\/posts\/3537\/revisions"}],"wp:featuredmedia":[{"embeddable":true,"href":"https:\/\/www.mordayanisma.org\/en\/wp-json\/wp\/v2\/media\/3543"}],"wp:attachment":[{"href":"https:\/\/www.mordayanisma.org\/en\/wp-json\/wp\/v2\/media?parent=3537"}],"wp:term":[{"taxonomy":"category","embeddable":true,"href":"https:\/\/www.mordayanisma.org\/en\/wp-json\/wp\/v2\/categories?post=3537"},{"taxonomy":"post_tag","embeddable":true,"href":"https:\/\/www.mordayanisma.org\/en\/wp-json\/wp\/v2\/tags?post=3537"},{"taxonomy":"author","embeddable":true,"href":"https:\/\/www.mordayanisma.org\/en\/wp-json\/wp\/v2\/ppma_author?post=3537"}],"curies":[{"name":"wp","href":"https:\/\/api.w.org\/{rel}","templated":true}]}}