{"id":3479,"date":"2020-10-26T14:10:15","date_gmt":"2020-10-26T11:10:15","guid":{"rendered":"http:\/\/mordayanisma.org\/?p=3479"},"modified":"2020-10-26T14:11:50","modified_gmt":"2020-10-26T11:11:50","slug":"sans-baht-ve-bir-yas-kaybi-meselesi","status":"publish","type":"post","link":"https:\/\/www.mordayanisma.org\/en\/2020\/10\/26\/sans-baht-ve-bir-yas-kaybi-meselesi\/","title":{"rendered":"\u015eans, Baht ve Bir Ya\u015f Kayb\u0131 Meselesi"},"content":{"rendered":"<p class=\"wp-block-paragraph\">\u201c<em>La chance, c&#8217;est ce qu&#8217;oncroittoujoursqu&#8217;onn&#8217;a pas.\u201d<\/em><\/p>\n\n\n\n<p class=\"wp-block-paragraph\">\u201cBiz \u015fans\u0131 hep, sahip olamad\u0131\u011f\u0131m\u0131z \u015feyler olarak d\u00fc\u015f\u00fcn\u00fcr\u00fcz\u201d c\u00fcmlesi \u00fczerine kurulu bir film: La Fille Sur Le Pont<\/p>\n\n\n\n<p class=\"wp-block-paragraph\">Patrice Leconte y\u00f6netmenli\u011finde siyah beyaz olarak \u00e7ekilen La Fille Sur Le Pont (K\u00f6pr\u00fcdeki K\u0131z), 2000 y\u0131l\u0131nda g\u00f6sterime girdi. Frans\u0131z \u015fark\u0131c\u0131 ve aktrist Vanessa Paradis, filmde k\u0131sa sa\u00e7lar\u0131yla Adele olarak kar\u015f\u0131m\u0131za \u00e7\u0131k\u0131yor. M\u00fctemadiyen ger\u00e7ek a\u015fk\u0131 arayan, dramatik sonlardan ba\u015fka bir \u015feyi olmayan ve nihayetinde solu\u011fu bir k\u00f6pr\u00fcn\u00fcn \u00fczerinde alan Adele&#8217;e, \u015fans\u0131n kendisinden her zaman bir parmak uzun oldu\u011funu d\u00fc\u015f\u00fcnen Gabor e\u015flik ediyor. Frans\u0131z sinemas\u0131n\u0131n sevilen oyuncular\u0131ndan, Cannes&#8217;dan en iyi akt\u00f6r \u00f6d\u00fcl\u00fcne sahip Daniel Auteuil, gizemli ve yetenekli b\u0131\u00e7ak at\u0131c\u0131s\u0131 Gabor karakterini canland\u0131r\u0131yor. Film, Paris&#8217;in Seine Nehri \u00fczerinden ba\u015flayarak \u0130talya ve Yunanistan&#8217;a kadar uzan\u0131p, \u0130stanbul&#8217;da perdeyi kapat\u0131yor. Son sahnesine Galata K\u00f6pr\u00fcs\u00fc\u2019n\u00fcn ev sahipli\u011fi yap\u0131yor olmas\u0131, ho\u015f ve \u015fa\u015f\u0131rt\u0131c\u0131 bir etki b\u0131rak\u0131yor.<\/p>\n\n\n\n<p class=\"wp-block-paragraph\">Bu filmi \u00e7ok sevmemin ve belirli aral\u0131klarla tekrar seyretmemin nedeni Frans\u0131z sinemas\u0131na ve k\u00fclt\u00fcr\u00fcne olan ilgimden kaynaklan\u0131yor. \u015e\u00fcphesiz ki bu, tek gerek\u00e7e de\u011fil. Filmin siyah beyaz \u00e7ekilmi\u015f olmas\u0131, senaryosunun sa\u011flaml\u0131\u011f\u0131 ve nostaljik havas\u0131n\u0131n da bu sevgideki etkisi b\u00fcy\u00fck. Belki de as\u0131l sebebi, filmin ba\u015fkarakteri Adele\u2019i kendime ve \u00e7evremdeki \u00e7o\u011fu kad\u0131na \u00e7ok benzetmem. \u015eahane Vanessa Paradis\u2019in hayat verdi\u011fi Adele, tan\u0131d\u0131\u011f\u0131m\u0131z, bildi\u011fimiz, bilmedi\u011fimiz, kavga etti\u011fimiz, uzla\u015ft\u0131\u011f\u0131m\u0131z, affetti\u011fimiz ya da affedemedi\u011fimiz pek \u00e7ok kad\u0131na \u00e7ok benziyor. \u201cBana bir \u015feyler olmas\u0131n\u0131 bekliyorum,\u201d diyen kafas\u0131 kar\u0131\u015f\u0131k ve yorgun pek \u00e7ok kad\u0131na.<\/p>\n\n\n\n<p class=\"wp-block-paragraph\">Filmin a\u00e7\u0131l\u0131\u015f sahnesinde Adele\u2019i, bir heyet \u00f6n\u00fcnde kendisine y\u00f6neltilen sorular\u0131 yan\u0131tlarken g\u00f6r\u00fcyoruz. Bu sahne, y\u0131llard\u0131r en sevdi\u011fim a\u00e7\u0131l\u0131\u015f sahnesi olma \u00f6zelli\u011fini korur. Ve san\u0131r\u0131m hep de \u00f6yle kalacak. Adele, on sekiz ya\u015f\u0131nda evden ka\u00e7t\u0131\u011f\u0131n\u0131, bir erkekle sevi\u015fti\u011fini \u00e7\u00fcnk\u00fc hayat\u0131n ancak biriyle sevi\u015fti\u011fin zaman ba\u015flad\u0131\u011f\u0131na inand\u0131\u011f\u0131n\u0131 s\u00f6yl\u00fcyor. Kar\u015f\u0131m\u0131zda \u00e7ok gen\u00e7 ve biraz da \u201c\u00e7ocuk kad\u0131n\u201d diyebilece\u011fimiz bir karakter oldu\u011funu daha ilk sahneden anlamaya ba\u015fl\u0131yoruz. Adele, erkeklere \u00e7ok fazla anlam y\u00fckleyen ve ancak bir erkekle ya\u015fayaca\u011f\u0131 tutkulu bir a\u015fk\u0131n onu g\u00fcvende hissettirece\u011fine inanan bir kad\u0131n. Bu noktada, toplumsal olarak benli\u011fimize i\u015fleyen \u201cg\u00fcvenli erkek, g\u00fcvenli hayat\u201d d\u00fcsturunun Adele i\u00e7in de fazlas\u0131yla ge\u00e7erli oldu\u011funu g\u00f6r\u00fcyoruz. Neden otostop yapt\u0131\u011f\u0131n\u0131 anlat\u0131rken, \u201ca\u015fk hikayelerinin daima kumsalda ba\u015flad\u0131\u011f\u0131na dair bir fantezim vard\u0131,\u201d diyor. Tan\u0131\u015ft\u0131\u011f\u0131 her erke\u011fe \u00e7abucak inan\u0131p, bu erkeklerin hayat\u0131n\u0131 de\u011fi\u015ftirece\u011fine dair umutlanan Adele, sonunda hep d\u00fc\u015f k\u0131r\u0131kl\u0131\u011f\u0131na u\u011fram\u0131\u015f oluyor \u00e7\u00fcnk\u00fc bu erkekler onunla sevi\u015ftikten sonra ortadan kayboluyorlar. Ve Adele, onlardan \u00e7ok daha fazlas\u0131n\u0131 bekledi\u011fi ve o erkeklere \u00e7ok fazla anlam y\u00fckledi\u011fi i\u00e7in her daim k\u0131r\u0131lan taraf oluyor. Filmde, cinselli\u011fine d\u00fc\u015fk\u00fcn bir gen\u00e7 kad\u0131n g\u00f6r\u00fcyoruz. Belki de Adele, kar\u015f\u0131la\u015ft\u0131\u011f\u0131 erkekler cinselli\u011fe bu kadar anlam y\u00fckledi\u011fi i\u00e7in cinselli\u011fi \u00f6nemsiyor. Oysaki \u00e7o\u011fu sevi\u015fmesi s\u0131ras\u0131nda kaba davran\u0131\u015flara maruz kald\u0131\u011f\u0131n\u0131 da itiraf ediyor. \u00c7ocuklu\u011fundan beri bir erkekle \u00f6mr\u00fcn\u00fcn sonuna kadar mutlu olaca\u011f\u0131n\u0131 hayal etmi\u015f ve bu hayalle ya\u015fam\u0131\u015f. Evden de bu y\u00fczden ka\u00e7\u0131yor ama amac\u0131na bir t\u00fcrl\u00fc ula\u015fam\u0131yor. Herhangi bir erke\u011fin pe\u015finden \u00fclke \u00fclke gezebilecek kadar g\u00f6z\u00fc kara bir kad\u0131n. Bu olumsuz deneyimlerin ard\u0131ndan hikayelerinin hep ayn\u0131 \u015fekilde sonlanaca\u011f\u0131na kanaat getiriyor ve umutsuz bir kad\u0131na d\u00f6n\u00fc\u015f\u00fcyor. Filmin anahtar kelimesi olan \u201c\u015fans\u201da sahip olmad\u0131\u011f\u0131n\u0131 s\u00f6yl\u00fcyor<em>. \u201c\u015eanss\u0131zl\u0131k izah edilemez. Bu, m\u00fczik kula\u011f\u0131 gibidir. Birinde ya vard\u0131r ya da yoktur.\u201d<\/em><\/p>\n\n\n\n<p class=\"wp-block-paragraph\">\u201c<em>Gelece\u011fini nas\u0131l g\u00f6r\u00fcyorsun Adele?\u201d<\/em><\/p>\n\n\n\n<p class=\"wp-block-paragraph\">\u201c<em>Gelece\u011fimi, b\u00fcy\u00fck bir tren istasyonunun bekleme salonunda g\u00f6r\u00fcyorum. D\u0131\u015far\u0131daki kalabal\u0131k insan toplulu\u011fu, beni g\u00f6rmeksizin ge\u00e7ip gidiyor. Hepsinin acelesi var, trenlere ve taksilere biniyorlar. Onlar\u0131n gidecek yerleri, bulu\u015facaklar\u0131 birileri var. Bense orada \u00f6ylece bekliyorum.\u201d<\/em><\/p>\n\n\n\n<p class=\"wp-block-paragraph\">\u201c<em>Neyi bekliyorsun Adele?\u201d<\/em><\/p>\n\n\n\n<p class=\"wp-block-paragraph\">\u201c<em>Bana bir \u015feyler olmas\u0131n\u0131.&#8221;<\/em><\/p>\n\n\n\n<p class=\"wp-block-paragraph\"><strong>****<\/strong><\/p>\n\n\n\n<p class=\"wp-block-paragraph\">Adele, t\u00fcm bu olumsuz tecr\u00fcbelerden ve hayal k\u0131r\u0131kl\u0131klar\u0131ndan sonra, kendisini bir k\u00f6pr\u00fcden atmaya karar veriyor. Fakat tam kendini ataca\u011f\u0131 s\u0131rada, filmin di\u011fer ba\u015fkahraman\u0131, b\u0131\u00e7ak at\u0131c\u0131s\u0131 Gabor gelip Adele\u2019e sokuluyor: \u201cHata yapmak \u00fczere olan birine benziyorsun.\u201d<\/p>\n\n\n\n<p class=\"wp-block-paragraph\">Bu noktada erkek, kad\u0131n\u0131n kurtar\u0131c\u0131s\u0131 olarak birdenbire peyda oluyor diyebiliriz. Adele, Gabor ile tan\u0131\u015ft\u0131ktan sonra, onunla \u00e7al\u0131\u015fmaya ba\u015fl\u0131yor ve sirklerde, g\u00f6sterilerde Gabor\u2019un kendisine att\u0131\u011f\u0131 b\u0131\u00e7aklarla ikisi de hem b\u00fcy\u00fck ilgi g\u00f6r\u00fcyor hem de \u00e7ok para kazanmaya ba\u015fl\u0131yorlar. Filmdeki b\u0131\u00e7ak metaforunun g\u00fcc\u00fc, kan\u0131 ve \u00f6l\u00fcm\u00fc temsil etti\u011fini ve b\u0131\u00e7aklar\u0131n daima Gabor\u2019un elinde oldu\u011funu, hedefin ise Adele oldu\u011funu s\u00f6ylememiz gerek. Bu \u201cb\u0131\u00e7ak oyunu\u201dnu duygusal a\u00e7\u0131dan de\u011ferlendirmek de pek tabii m\u00fcmk\u00fcn. Ger\u00e7ek bir a\u015fk hik\u00e2yesinde keskin b\u0131\u00e7aklar\u0131n bizi s\u0131y\u0131rarak ge\u00e7mesinin; do\u011fru ki\u015fiye, do\u011fru ruha ve g\u00fcvene ba\u011fl\u0131 oldu\u011fu, aksi takdirde u\u00e7arak gelen b\u0131\u00e7aklar\u0131n bizi ciddi \u015fekilde yaralayabilece\u011fini g\u00f6steren bu oyun, a\u015fk\u0131n g\u00f6r\u00fcnmeyen ayr\u0131nt\u0131lar\u0131 \u00fczerine fikir sahibi olmam\u0131z\u0131 ya da en ba\u015f\u0131ndan beri benli\u011fimize i\u015flenmi\u015f \u201ca\u015fk\u201d kodlar\u0131n\u0131n yerini sa\u011flamla\u015ft\u0131rmay\u0131 sa\u011fl\u0131yor. A\u015fk bizim i\u00e7in karma\u015f\u0131k, h\u0131rpalay\u0131c\u0131 ve biraz da \u00f6ld\u00fcrmeye hevesli bir girdap. B\u0131\u00e7ak sahneleri o denli etkileyici ve metaforik ki, birbirini arzulayan bir kad\u0131n ve erke\u011fin sevi\u015fmesinin yolunun yaln\u0131zca penetrasyondan ge\u00e7medi\u011fini kan\u0131tlar nitelikte. Zira Adele ve Gabor, bu b\u0131\u00e7ak sahnelerinde, birbiriyle sevi\u015fen iki tutkulu a\u015f\u0131\u011fa d\u00f6n\u00fc\u015f\u00fcyorlar. O sahneleri izlerken fonda, Sezen Aksu\u2019dan Keskin B\u0131\u00e7ak bas bas ba\u011f\u0131r\u0131yor: <em>\u201cNerede bende o y\u00fcrek, yardan cayacak? Hep k\u00f6\u015fe bucak\u2026\u201d<\/em> (Bu, kendi kafam\u0131n i\u00e7indeki fon m\u00fczi\u011fi elbette. Ama film i\u00e7in se\u00e7ilen m\u00fczikler de olduk\u00e7a ba\u015far\u0131l\u0131.)<\/p>\n\n\n\n<p class=\"wp-block-paragraph\">Adele ve Gabor bir aradayken \u015fanslar\u0131 daima yaver gidiyor ama Adele ara s\u0131ra eski hayat\u0131n\u0131 \u00f6zl\u00fcyor ve kar\u015f\u0131s\u0131na \u00e7\u0131kan, ona g\u00fczel s\u00f6z s\u00f6yleyen her erke\u011fe inanmaya haz\u0131r durumda bekliyor. \u00c7\u00fcnk\u00fc bitmek t\u00fckenmek bilmeyen bir s\u0131\u011f\u0131nma, korunma ve ilgi g\u00f6rme ihtiyac\u0131 hissediyor. Her \u015feyin yolunda gitti\u011fi s\u0131rada Gabor\u2019u b\u0131rak\u0131p bir adamla gidiyor ve \u015fahane ikili ilk defa uzun say\u0131labilecek bir s\u00fcre ayr\u0131lmak durumunda kal\u0131yorlar. Adele, birlikte gitti\u011fi erkekle, \u00f6nceki ili\u015fkilerinden hi\u00e7 de farkl\u0131 olmayan bir son ya\u015f\u0131yor. Adele gittikten sonra Gabor\u2019un \u015fans\u0131 hi\u00e7bir \u015fekilde yaver gitmiyor ve yolu \u0130stanbul\u2019a kadar d\u00fc\u015f\u00fcyor. Bir g\u00fcn kendini Galata K\u00f6pr\u00fcs\u00fc\u2019nden ataca\u011f\u0131 s\u0131rada Adele yakla\u015f\u0131yor ve \u015f\u00f6yle s\u00f6yl\u00fcyor: \u201cHata yapmak \u00fczere olan birine benziyorsun.\u201d<\/p>\n\n\n\n<p class=\"wp-block-paragraph\">Bu kez intihar etmek \u00fczere olan Gabor&#8217;u, Adele buluyor. Ayr\u0131 kald\u0131klar\u0131 s\u00fcre boyunca birbirleriyle konu\u015fan ve birbirlerinin sesini ta i\u00e7lerinde duyabilen Gabor ve Adele, ilk kez sar\u0131l\u0131yorlar. Bu kavu\u015fma hayal mi, ger\u00e7ek mi bilmiyoruz. Unutulmaz diyaloglara sahip film, i\u00e7 burkan \u015fu replikle son buluyor.<\/p>\n\n\n\n<p class=\"wp-block-paragraph\"><em>\u201cB\u00f6yle devam edemeyiz.\u201d<\/em><em><br><\/em><em>\u201cNeye devam edemeyiz?\u201d<\/em><em><br><\/em><em>\u201c Ayr\u0131 kalmaya&#8230; &#8220;<\/em><\/p>\n\n\n\n<p class=\"wp-block-paragraph\">Bu son sahneyle, rollerin de\u011fi\u015fti\u011fini g\u00f6r\u00fcyoruz. \u0130kili, nihayet kavu\u015fmu\u015f oluyor \u00e7\u00fcnk\u00fc \u015fanslar\u0131, onlar ayr\u0131yken hi\u00e7bir i\u015fe yaram\u0131yor. \u201c\u015eans\u201d kavram\u0131 \u00fczerine kurulu bu t\u0131ls\u0131ml\u0131 hikaye bana g\u00f6re baht, a\u015fk, b\u00fcy\u00fc ve bir ya\u015f kayb\u0131 meselesi. Adele ise benim i\u00e7in, kimi zaman Sevgi Soysal\u2019\u0131n Tante Rosa\u2019s\u0131, kimi zaman Ece Ayhan\u2019\u0131n \u00dcz\u00fcn\u00e7 Teyze\u2019si, kimi zaman da Fran\u00e7ois Hardy\u2019nin Mon Amie La Rose\u2019u.<\/p>\n\n\n\n<p class=\"wp-block-paragraph\">Adele, gen\u00e7 kad\u0131nlar\u0131n, t\u00fcm hayatlar\u0131n\u0131 bir erke\u011fe adama r\u00fcyalar\u0131n\u0131n ne denli yanl\u0131\u015f ve gereksiz oldu\u011funun bir kan\u0131t\u0131 gibi. Kafas\u0131 kar\u0131\u015f\u0131k, hayat\u0131n\u0131 dolu dolu ya\u015famak istiyor ve bunun ancak erkeklerle ve onlar\u0131 memnun edebilece\u011fi \u00f6l\u00e7\u00fcde s\u00fcrece\u011fine inan\u0131yor. Belki de bitmek t\u00fckenmek nedir bilmeyen bu bocalamas\u0131, ba\u015fka bir yol bilmedi\u011finden kaynaklan\u0131yor. Oysa dikkatli bak\u0131ld\u0131\u011f\u0131nda, ba\u015fka bir yol kar\u015f\u0131m\u0131za muhakkak ki hep \u00e7\u0131k\u0131yor.<\/p>\n\n\n\n<p class=\"wp-block-paragraph\">\u201c<em>Sana bir hikaye anlataca\u011f\u0131m. Uzun zaman \u00f6nce caddenin \u00e7ift taraf\u0131nda oturdum, 22 numarada. Kar\u015f\u0131daki evleri seyrettim. Daha mutlu insanlar\u0131 d\u00fc\u015f\u00fcnd\u00fcm. Odalar\u0131 daha g\u00fcne\u015fliydi, partileri daha e\u011flenceli. Ama asl\u0131nda odalar\u0131 daha karanl\u0131k ve k\u00fc\u00e7\u00fckt\u00fc ve onlar da kar\u015f\u0131daki evleri seyrettiler. \u00c7\u00fcnk\u00fc biz \u015fans\u0131 hep, sahip olamad\u0131\u011f\u0131m\u0131z \u015feyler olarak d\u00fc\u015f\u00fcn\u00fcr\u00fcz.\u201d<\/em><\/p>","protected":false},"excerpt":{"rendered":"<p>\u201cLa chance, c&#8217;est ce qu&#8217;oncroittoujoursqu&#8217;onn&#8217;a pas.\u201d \u201cBiz \u015fans\u0131 hep, sahip olamad\u0131\u011f\u0131m\u0131z \u015feyler olarak d\u00fc\u015f\u00fcn\u00fcr\u00fcz\u201d c\u00fcmlesi \u00fczerine kurulu bir film: La Fille Sur Le Pont Patrice Leconte y\u00f6netmenli\u011finde siyah beyaz olarak \u00e7ekilen La Fille Sur Le Pont (K\u00f6pr\u00fcdeki K\u0131z), 2000 y\u0131l\u0131nda g\u00f6sterime girdi. Frans\u0131z \u015fark\u0131c\u0131 ve aktrist Vanessa Paradis, filmde k\u0131sa sa\u00e7lar\u0131yla Adele olarak kar\u015f\u0131m\u0131za \u00e7\u0131k\u0131yor.&hellip;<\/p>","protected":false},"author":66,"featured_media":3480,"comment_status":"closed","ping_status":"closed","sticky":false,"template":"","format":"standard","meta":{"_coblocks_attr":"","_coblocks_dimensions":"","_coblocks_responsive_height":"","_coblocks_accordion_ie_support":"","_eb_attr":"","inline_featured_image":false,"footnotes":""},"categories":[98],"tags":[298,301,299,297,296,300],"ppma_author":[581],"class_list":["post-3479","post","type-post","status-publish","format-standard","has-post-thumbnail","hentry","category-kultur-sanat","tag-adele","tag-fransiz-sinemasi","tag-gabor","tag-la-fille-sur-le-pont","tag-patrice-leconte","tag-sinema","author-elif-demirel"],"authors":[{"term_id":581,"user_id":13,"is_guest":0,"slug":null,"display_name":"Elif Demirel","avatar_url":"https:\/\/www.mordayanisma.org\/wp-content\/litespeed\/avatar\/6645cb091915aa845a631f70c3dcc224.jpg?ver=1788000756","author_category":"","first_name":"Elif","last_name":"Demirel","user_url":"","job_title":"","description":"elifdemirel@mordayanisma.org"}],"_links":{"self":[{"href":"https:\/\/www.mordayanisma.org\/en\/wp-json\/wp\/v2\/posts\/3479","targetHints":{"allow":["GET"]}}],"collection":[{"href":"https:\/\/www.mordayanisma.org\/en\/wp-json\/wp\/v2\/posts"}],"about":[{"href":"https:\/\/www.mordayanisma.org\/en\/wp-json\/wp\/v2\/types\/post"}],"author":[{"embeddable":true,"href":"https:\/\/www.mordayanisma.org\/en\/wp-json\/wp\/v2\/users\/66"}],"replies":[{"embeddable":true,"href":"https:\/\/www.mordayanisma.org\/en\/wp-json\/wp\/v2\/comments?post=3479"}],"version-history":[{"count":0,"href":"https:\/\/www.mordayanisma.org\/en\/wp-json\/wp\/v2\/posts\/3479\/revisions"}],"wp:featuredmedia":[{"embeddable":true,"href":"https:\/\/www.mordayanisma.org\/en\/wp-json\/wp\/v2\/media\/3480"}],"wp:attachment":[{"href":"https:\/\/www.mordayanisma.org\/en\/wp-json\/wp\/v2\/media?parent=3479"}],"wp:term":[{"taxonomy":"category","embeddable":true,"href":"https:\/\/www.mordayanisma.org\/en\/wp-json\/wp\/v2\/categories?post=3479"},{"taxonomy":"post_tag","embeddable":true,"href":"https:\/\/www.mordayanisma.org\/en\/wp-json\/wp\/v2\/tags?post=3479"},{"taxonomy":"author","embeddable":true,"href":"https:\/\/www.mordayanisma.org\/en\/wp-json\/wp\/v2\/ppma_author?post=3479"}],"curies":[{"name":"wp","href":"https:\/\/api.w.org\/{rel}","templated":true}]}}