{"id":3174,"date":"2020-05-31T01:10:12","date_gmt":"2020-05-30T22:10:12","guid":{"rendered":"http:\/\/mordayanisma.org\/?p=3174"},"modified":"2024-12-27T14:16:50","modified_gmt":"2024-12-27T11:16:50","slug":"armutlu-direnisinin-izleri-mor-dayanismada","status":"publish","type":"post","link":"https:\/\/www.mordayanisma.org\/en\/2020\/05\/31\/armutlu-direnisinin-izleri-mor-dayanismada\/","title":{"rendered":"Armutlu Direni\u015fi&#8217;nin \u0130zleri Mor Dayan\u0131\u015fma&#8217;da"},"content":{"rendered":"<p class=\"wp-block-paragraph\">Selda \u00d6zg\u00fcr, Antakya<\/p>\n\n\n\n<p class=\"wp-block-paragraph\">Do\u011fa kay\u0131t tutar. Gezi Park\u0131\u2019nda, Kaz Da\u011flar\u0131\u2019nda, Kuzey Ormanlar\u0131\u2019nda, Salda G\u00f6l\u00fc\u2019nde. A\u011fa\u00e7lar\u0131n kesilmesinin, g\u00f6llerin kurutulmas\u0131n\u0131n, \u00e7arp\u0131k kentle\u015fmenin, hayvan end\u00fcstrisinin, HES\u2019lerin, ve daha nicelerinin kayd\u0131n\u0131 tutar. Ve g\u00fcn gelir onar\u0131m g\u00fcc\u00fcn\u00fcn \u00fcst\u00fcnde y\u00fcklendi\u011fimiz do\u011fan\u0131n dengesi bozulur. Bazen k\u0131sa s\u00fcrede bazen uzun s\u00fcrede g\u00f6r\u00fcr\u00fcz ekolojik denge bozulmas\u0131n\u0131n etkilerini.<\/p>\n\n\n\n<p class=\"wp-block-paragraph\">Ekolojik y\u0131k\u0131ma kar\u015f\u0131 durmak i\u00e7in \u00e7ak\u0131lan o ilk k\u0131v\u0131lc\u0131m\u0131n ve sonras\u0131nda b\u00fcy\u00fcyen Gezi direni\u015finin hakl\u0131l\u0131\u011f\u0131n\u0131 ve \u00f6nemini, ekolojik tahribat\u0131n bir uzant\u0131s\u0131 olan bu pandemi s\u00fcrecinde bir kez daha deneyimliyoruz.<\/p>\n\n\n\n<h2 class=\"wp-block-heading\">Kalabal\u0131\u011f\u0131m\u0131z\u0131 hat\u0131rlayal\u0131m<\/h2>\n\n\n\n<p class=\"wp-block-paragraph\">Fiziksel mesafelenmeyi korumam\u0131z gerekti\u011fi belirtilen bu g\u00fcnlerde Gezi\u2019deki kalabal\u0131\u011f\u0131m\u0131z\u0131 hat\u0131rlamak hepimize iyi gelecek ve y\u00fcz\u00fcm\u00fczde bir tebess\u00fcm yaratacakt\u0131r.<\/p>\n\n\n\n<p class=\"wp-block-paragraph\">\u20183- 5 a\u011fa\u00e7\u201d\u0131n kesilmemesi i\u00e7in ba\u015flayan ekolojik tahribata kar\u015f\u0131 duru\u015f, \u00fclkede git gide artan bask\u0131 politikalar\u0131na, yoksullu\u011fa, i\u015fsizli\u011fe, g\u00fcvencesizli\u011fe, kad\u0131n cinayetlerine, \u00f6tekile\u015ftirmeye, tek tiple\u015ftirmeye, haks\u0131zl\u0131\u011fa, sava\u015fa kar\u015f\u0131 \u201cyeter art\u0131k\u201d diyen herkesin \u00f6nce kendini buldu\u011fu sonra di\u011ferleriyle bulu\u015ftu\u011fu alanlar. &nbsp;<\/p>\n\n\n\n<p class=\"wp-block-paragraph\">\u0130\u015fte size bu alanlardan biri olan Gezi Direni\u015fi\u2019nin en uzun erimli ve direngen \u015fehri Antakya\u2019dan yaz\u0131yorum. Ali \u0130smail Korkmaz\u2019\u0131n, Ahmet Atakan\u2019\u0131n, Abdullah C\u00f6mert\u2019in memleketinden.<\/p>\n\n\n\n<p class=\"wp-block-paragraph\">30 May\u0131s\u2019ta Taksim\u2019de ba\u015flayan direni\u015fin h\u0131zla yay\u0131ld\u0131\u011f\u0131 illerden biri de Antakya.&nbsp; 2 Haziran\u2019da ba\u015flayan kitlesel y\u00fcr\u00fcy\u00fc\u015f g\u00fcnlerce s\u00fcrecek direni\u015fe evrildi. Armutlu sokaklar\u0131nda gen\u00e7, ya\u015fl\u0131, kad\u0131n, erkek y\u00fczlerce ki\u015finin dayan\u0131\u015fmas\u0131 ve kararl\u0131\u011f\u0131n\u0131 g\u00f6rmek umudumu ye\u015fertmi\u015fti ve unutamayaca\u011f\u0131m anlar olarak haf\u0131zamda yer etti.<\/p>\n\n\n\n<p class=\"wp-block-paragraph\">Biber gaz\u0131n\u0131n etkisini 8 Mart\u2019ta deneyimlemi\u015ftim ama TOMA suyunu gezide tatt\u0131m. Korkular\u0131m\u0131n en gizlenmi\u015f y\u00f6nlerinleriyle de bu s\u00fcre\u00e7te y\u00fczle\u015ftim. Gecenin bir vakti tek ba\u015f\u0131ma eve d\u00f6nd\u00fc\u011f\u00fcm anlarda, duygular\u0131mdan zihnime, v\u00fccudumun her h\u00fccresine de\u011fi\u015fim ya\u015fad\u0131\u011f\u0131m Armutlu Direni\u015fi haf\u0131zamda kay\u0131tl\u0131. Elinde s\u00fct ve limon ile bekleyen teyzeler, balkondan e\u015farp \u015fal atanlar, biber gaz\u0131ndan etkilenenlere acil m\u00fcdahale edenler, birbirini kollayan koruyanlar. Kalabal\u0131\u011f\u0131n i\u00e7inde y\u00fczlerdeki g\u00fcl\u00fcmseme ile gelen gaz kaps\u00fcllerini mizah dolu sloganlarla kar\u015f\u0131layanlar. Barikatlar i\u00e7in evlerinin penceresinden e\u015fya at\u0131p direni\u015fe destek verenler o barikatlar\u0131 olu\u015fturan \u00e7ama\u015f\u0131r makinesi, koltuklar. Kad\u0131n, erkek barikat\u0131n \u00f6n saflar\u0131nda bulunanlar. Gaz kaps\u00fcllerine TOMA\u2019 lara kar\u015f\u0131 duru\u015fta daha \u00f6nceden deneyimlediklerini payla\u015f\u0131p yol g\u00f6sterenler. Ortak m\u00fccadelenin verdi\u011fi tan\u0131\u015f\u0131kl\u0131\u011f\u0131n yaratt\u0131\u011f\u0131 g\u00fcven duygusu.<\/p>\n\n\n\n<p class=\"wp-block-paragraph\">Armutlu sokaklar\u0131ndaki barikatlardan, Sevgi Park\u0131\u2019nda kurulan \u00e7ad\u0131rlara, dayan\u0131\u015fma konserlerine evrilen direni\u015f. Dayan\u0131\u015fma \u00e7ad\u0131rlar\u0131nda kom\u00fcn dinami\u011fini deneyimledi\u011fimiz, ba\u015fka bir toplum m\u00fcmk\u00fcn \u015fiar\u0131n\u0131n somutla\u015ft\u0131\u011f\u0131 g\u00fcnler. Payla\u015fman\u0131n g\u00fczelli\u011fini, ne\u015feyle gelen cesareti, tan\u0131mad\u0131\u011f\u0131n ki\u015filerle ayn\u0131 sofradan yemek yeme\u011fi \u00f6\u011frendi\u011fimiz g\u00fcnler.<\/p>\n\n\n\n<h2 class=\"wp-block-heading\"><strong>Peki ya kad\u0131nlar neredeydi?<\/strong><\/h2>\n\n\n\n<p class=\"wp-block-paragraph\">Gezi\u2019de en \u00f6n saflardayd\u0131 kad\u0131nlar. \u0130syan etmek i\u00e7in \u00e7ok nedeni vard\u0131 kad\u0131nlar\u0131n. Ekolojik y\u0131k\u0131m, sava\u015f, ekonomik kriz en \u00e7ok kad\u0131nlar\u0131 etkiliyordu. Hayatlar\u0131na sahip \u00e7\u0131kmak i\u00e7in alanlardayd\u0131 kad\u0131nlar. Direni\u015fteki eril s\u00f6ylemlere m\u00fcdahale edip eril sloganlar\u0131 de\u011fi\u015ftirerek alanlara kad\u0131n bak\u0131\u015f a\u00e7\u0131s\u0131n\u0131 kazand\u0131r\u0131yorlard\u0131.<\/p>\n\n\n\n<p class=\"wp-block-paragraph\">B\u00f6yle bir ortamda bizde 3-5 kad\u0131n, dayan\u0131\u015fma konserlerinin birinde stand a\u00e7\u0131p, \u2018Eril sloganlara kar\u015f\u0131 kad\u0131nlar kendi sloganlar\u0131n\u0131 \u00fcretiyor\u2019 \u00e7al\u0131\u015fmas\u0131 yapm\u0131\u015ft\u0131k. Ve y\u00fczlerce yarat\u0131c\u0131 slogan \u00e7\u0131km\u0131\u015ft\u0131 ortaya. Bu etkinlik Mor Dayan\u0131\u015fma Derne\u011fi\u2019nin tohumlar\u0131n\u0131n at\u0131lmas\u0131n\u0131 sa\u011flad\u0131. Gezi ruhu ile \u00e7\u0131kt\u0131\u011f\u0131m\u0131z bu yol kad\u0131n dayan\u0131\u015fmas\u0131na olan inanc\u0131m\u0131zla Mor Dayan\u0131\u015fma Kad\u0131n Derne\u011fi\u2019nin kurulmas\u0131na kadar uzand\u0131. \u015eubat 2014 \u2018te Armutlu\u2019da k\u00f6hne, iki odal\u0131 kiremit bir ev ve avludan olu\u015fan dernek yerimizi kiralad\u0131\u011f\u0131m\u0131zda duvarlar\u0131na yaz\u0131lan gezi sloganlar\u0131, bah\u00e7emizden toplad\u0131\u011f\u0131m\u0131z gaz fi\u015fekleri somut izleriydi Armutlu direni\u015finin, direni\u015fin i\u00e7imizde oldu\u011funun.<\/p>\n\n\n\n<p class=\"wp-block-paragraph\">Tabi tesad\u00fcf de\u011fildi \u00f6yle bir zamanda Antakya\u2019da kurulmu\u015f olmak. Tesad\u00fcf de\u011fildi Armutlu direni\u015finin bu kadar kararl\u0131 olmas\u0131 ve Gezi\u2019de yitirdi\u011fimiz 3 fidan\u0131n Antakya\u2019dan olmas\u0131. Bunu daha iyi anlamak i\u00e7in Gezi direni\u015finin \u00f6ncesine bakmak yeterli olacakt\u0131r. 2011\u2019de yan\u0131 ba\u015f\u0131m\u0131zda ba\u015flayan sava\u015f ve cihat\u00e7\u0131 \u00e7etelerin yaratt\u0131\u011f\u0131 tedirginlik, Reyhanl\u0131 katliam\u0131, iktidar\u0131n s\u00f6ylemleri ile yaratmaya \u00e7al\u0131\u015ft\u0131\u011f\u0131 mezhep\u00e7ilik halkta kar\u015f\u0131 duru\u015flar\u0131 artt\u0131rm\u0131\u015ft\u0131. 1 Eyl\u00fcl 2012 Suriye\u2019ye y\u00f6nelik emperyalist m\u00fcdahaleye kar\u015f\u0131 kitlesel bas\u0131n a\u00e7\u0131klamas\u0131 ve Gezi direni\u015fi \u015fehitlerinden Abdullah C\u00f6mert\u2019in cenazesine kat\u0131lan y\u00fczbinler bu kar\u015f\u0131 duru\u015fun somut \u00f6rnekleriydi. S\u0131n\u0131r\u0131n \u00f6te taraf\u0131ndaki sava\u015f bizi politikle\u015ftirmi\u015f, Gezi direni\u015fi de bu politikle\u015fmeyi artt\u0131rm\u0131\u015ft\u0131.<\/p>\n\n\n\n<p class=\"wp-block-paragraph\">Armutlu sokaklar\u0131 kay\u0131t tuttu; Abdullah C\u00f6mert\u2019in, Ahmet Atakan\u2019\u0131n direngen g\u00fcl\u00fc\u015flerinin izlerinin kayd\u0131n\u0131, Ortak m\u00fccadelenin, sava\u015fa kar\u015f\u0131 mitinglerin, kad\u0131n cinayetlerine kar\u015f\u0131 eylemlerin, dayan\u0131\u015fman\u0131n, direni\u015flerin, Halkevleri Ahmet Atakan k\u00fct\u00fcphanesinin ve Ali \u0130smail Korkmaz vakf\u0131n\u0131n m\u00fccadeleyi s\u00fcrd\u00fcrmesinin, Mor Dayan\u0131\u015fman\u0131n kad\u0131n dayan\u0131\u015fmas\u0131n\u0131 b\u00fcy\u00fctmek i\u00e7in att\u0131\u011f\u0131 ad\u0131mlar\u0131n kay\u0131tlar\u0131 tutuldu haf\u0131zalar\u0131m\u0131zda, direni\u015fimizde, hayatlar\u0131m\u0131zda. \u00d6yle ya ortak m\u00fccadelenin tad\u0131na vard\u0131k bir kere, bu elbette devam edecek.<\/p>","protected":false},"excerpt":{"rendered":"<p>Selda \u00d6zg\u00fcr, Antakya Do\u011fa kay\u0131t tutar. Gezi Park\u0131\u2019nda, Kaz Da\u011flar\u0131\u2019nda, Kuzey Ormanlar\u0131\u2019nda, Salda G\u00f6l\u00fc\u2019nde. A\u011fa\u00e7lar\u0131n kesilmesinin, g\u00f6llerin kurutulmas\u0131n\u0131n, \u00e7arp\u0131k kentle\u015fmenin, hayvan end\u00fcstrisinin, HES\u2019lerin, ve daha nicelerinin kayd\u0131n\u0131 tutar. Ve g\u00fcn gelir onar\u0131m g\u00fcc\u00fcn\u00fcn \u00fcst\u00fcnde y\u00fcklendi\u011fimiz do\u011fan\u0131n dengesi bozulur. Bazen k\u0131sa s\u00fcrede bazen uzun s\u00fcrede g\u00f6r\u00fcr\u00fcz ekolojik denge bozulmas\u0131n\u0131n etkilerini. Ekolojik y\u0131k\u0131ma kar\u015f\u0131 durmak i\u00e7in \u00e7ak\u0131lan&hellip;<\/p>","protected":false},"author":25,"featured_media":3175,"comment_status":"closed","ping_status":"closed","sticky":false,"template":"","format":"standard","meta":{"_coblocks_attr":"","_coblocks_dimensions":"","_coblocks_responsive_height":"","_coblocks_accordion_ie_support":"","_eb_attr":"","inline_featured_image":false,"footnotes":""},"categories":[95],"tags":[223,225,230],"ppma_author":[592],"class_list":["post-3174","post","type-post","status-publish","format-standard","has-post-thumbnail","hentry","category-sen-anlat","tag-gezi7yasinda","tag-gezideyizbiz","tag-mordayanisma-2","author-selda-ozgur"],"authors":[{"term_id":592,"user_id":25,"is_guest":0,"slug":null,"display_name":"Selda \u00d6zg\u00fcr","avatar_url":"https:\/\/www.mordayanisma.org\/wp-content\/litespeed\/avatar\/4535e109b8bff32928ae3bcf71a7fe36.jpg?ver=1787873969","author_category":"","first_name":"Selda","last_name":"\u00d6zg\u00fcr","user_url":"","job_title":"","description":"seldaozgur@mordayanisma.org"}],"_links":{"self":[{"href":"https:\/\/www.mordayanisma.org\/en\/wp-json\/wp\/v2\/posts\/3174","targetHints":{"allow":["GET"]}}],"collection":[{"href":"https:\/\/www.mordayanisma.org\/en\/wp-json\/wp\/v2\/posts"}],"about":[{"href":"https:\/\/www.mordayanisma.org\/en\/wp-json\/wp\/v2\/types\/post"}],"author":[{"embeddable":true,"href":"https:\/\/www.mordayanisma.org\/en\/wp-json\/wp\/v2\/users\/25"}],"replies":[{"embeddable":true,"href":"https:\/\/www.mordayanisma.org\/en\/wp-json\/wp\/v2\/comments?post=3174"}],"version-history":[{"count":0,"href":"https:\/\/www.mordayanisma.org\/en\/wp-json\/wp\/v2\/posts\/3174\/revisions"}],"wp:featuredmedia":[{"embeddable":true,"href":"https:\/\/www.mordayanisma.org\/en\/wp-json\/wp\/v2\/media\/3175"}],"wp:attachment":[{"href":"https:\/\/www.mordayanisma.org\/en\/wp-json\/wp\/v2\/media?parent=3174"}],"wp:term":[{"taxonomy":"category","embeddable":true,"href":"https:\/\/www.mordayanisma.org\/en\/wp-json\/wp\/v2\/categories?post=3174"},{"taxonomy":"post_tag","embeddable":true,"href":"https:\/\/www.mordayanisma.org\/en\/wp-json\/wp\/v2\/tags?post=3174"},{"taxonomy":"author","embeddable":true,"href":"https:\/\/www.mordayanisma.org\/en\/wp-json\/wp\/v2\/ppma_author?post=3174"}],"curies":[{"name":"wp","href":"https:\/\/api.w.org\/{rel}","templated":true}]}}