{"id":3135,"date":"2020-05-23T16:03:03","date_gmt":"2020-05-23T13:03:03","guid":{"rendered":"http:\/\/mordayanisma.org\/?p=3135"},"modified":"2020-05-23T16:04:58","modified_gmt":"2020-05-23T13:04:58","slug":"kadin-mucadelesi-yargilanamaz-2","status":"publish","type":"post","link":"https:\/\/www.mordayanisma.org\/en\/2020\/05\/23\/kadin-mucadelesi-yargilanamaz-2\/","title":{"rendered":"Kad\u0131n M\u00fccadelesi Yarg\u0131lanamaz"},"content":{"rendered":"<p class=\"wp-block-paragraph\">Kad\u0131nlar i\u00e7in her ge\u00e7en g\u00fcn\u00fcn ola\u011fan\u00fcst\u00fc oldu\u011fu zamanlardan ge\u00e7iyoruz. Her g\u00fcn bir kad\u0131n cinayeti haberi, bir tecav\u00fcz haberi, bir erkek \u015fiddeti haberi ile uyan\u0131yoruz. Ve haberle\u015ftirilememi\u015f nicelerinin oldu\u011funu da biliyoruz. Pandemi g\u00fcnlerini de evde kal \u00e7a\u011fr\u0131lar\u0131n\u0131n kad\u0131nlar i\u00e7in evlerin g\u00fcvenliksiz oldu\u011fu tespitiyle ve buna kar\u015f\u0131 \u00f6nlemler al\u0131nmas\u0131 gereklili\u011fiyle, 6284\u2019\u00fcn ve \u0130stanbul S\u00f6zle\u015fmesinin uygulanmas\u0131ndan imtina edili\u015f ile, kad\u0131na \u015fiddet uygulam\u0131\u015f faillerin cezaevlerinden serbest b\u0131rak\u0131lmas\u0131yla, siyaset\u00e7i gazeteci kad\u0131nlar hakk\u0131nda tecav\u00fcz tehditlerinin ortal\u0131kta dola\u015fmas\u0131yla ge\u00e7iriyoruz. 22 May\u0131s 2020 sabah\u0131 yap\u0131lan operasyonlar ile de t\u00fcm bu bahsetti\u011fimiz pandemi \u00f6ncesi ve \u015fimdiki s\u00fcre\u00e7te kad\u0131nlar\u0131n haklar\u0131 ve \u00f6zg\u00fcrl\u00fckleri i\u00e7in m\u00fccadele eden, erkek \u015fiddetine kar\u015f\u0131 kad\u0131n dayan\u0131\u015fmas\u0131n\u0131 y\u00fckselten Rosa Kad\u0131n Derne\u011finden ve Tja\u2019dan yol arkada\u015flar\u0131m\u0131z\u0131n g\u00f6zalt\u0131na al\u0131nd\u0131\u011f\u0131n\u0131 \u00f6\u011frendik.<\/p>\n\n\n\n<p class=\"wp-block-paragraph\">Devlet kad\u0131n d\u00fc\u015fmanl\u0131\u011f\u0131nda s\u0131n\u0131r tan\u0131m\u0131yor. Kad\u0131nlar\u0131n haklar\u0131na kayyumlarla darbe vuruyor, 6284 ve \u0130stanbul S\u00f6zle\u015fmesine sald\u0131r\u0131lar\u0131n \u00f6n\u00fcn\u00fc a\u00e7an s\u00f6ylemlere bulunuyor, kad\u0131n derneklerini m\u00fch\u00fcrl\u00fcyor, ataerkinin kar\u015f\u0131s\u0131nda m\u00fccadele eden kad\u0131nlar\u0131 g\u00f6zalt\u0131na al\u0131yor. Bu sald\u0131r\u0131lar\u0131n t\u00fcm kad\u0131nlara yap\u0131ld\u0131\u011f\u0131n\u0131n bilincindeyiz ve kad\u0131n dayan\u0131\u015fmam\u0131z\u0131 asla elden b\u0131rakmayaca\u011f\u0131z. Rosa Kad\u0131n Derne\u011fi ve Tja aktivisti kad\u0131nlar\u0131n yan\u0131nday\u0131z.<br>G\u00f6zalt\u0131lar derhal serbest b\u0131rak\u0131lmal\u0131d\u0131r.<\/p>\n\n\n\n<p class=\"wp-block-paragraph\">Erkek devlet \u015fiddetine son!<\/p>\n\n\n\n<p class=\"wp-block-paragraph\">Ya\u015fas\u0131n Kad\u0131n Dayan\u0131\u015fmas\u0131<\/p>","protected":false},"excerpt":{"rendered":"<p>Kad\u0131nlar i\u00e7in her ge\u00e7en g\u00fcn\u00fcn ola\u011fan\u00fcst\u00fc oldu\u011fu zamanlardan ge\u00e7iyoruz. Her g\u00fcn bir kad\u0131n cinayeti haberi, bir tecav\u00fcz haberi, bir erkek \u015fiddeti haberi ile uyan\u0131yoruz. Ve haberle\u015ftirilememi\u015f nicelerinin oldu\u011funu da biliyoruz. Pandemi g\u00fcnlerini de evde kal \u00e7a\u011fr\u0131lar\u0131n\u0131n kad\u0131nlar i\u00e7in evlerin g\u00fcvenliksiz oldu\u011fu tespitiyle ve buna kar\u015f\u0131 \u00f6nlemler al\u0131nmas\u0131 gereklili\u011fiyle, 6284\u2019\u00fcn ve \u0130stanbul S\u00f6zle\u015fmesinin uygulanmas\u0131ndan imtina edili\u015f&hellip;<\/p>","protected":false},"author":5,"featured_media":3136,"comment_status":"closed","ping_status":"closed","sticky":false,"template":"","format":"standard","meta":{"_coblocks_attr":"","_coblocks_dimensions":"","_coblocks_responsive_height":"","_coblocks_accordion_ie_support":"","_eb_attr":"","inline_featured_image":false,"footnotes":""},"categories":[97],"tags":[],"ppma_author":[573],"class_list":["post-3135","post","type-post","status-publish","format-standard","has-post-thumbnail","hentry","category-sozumuz-var","author-mor-dayanisma"],"authors":[{"term_id":573,"user_id":5,"is_guest":0,"slug":"mor-dayanisma","display_name":"Mor Dayan\u0131\u015fma","avatar_url":"https:\/\/www.mordayanisma.org\/wp-content\/litespeed\/avatar\/18b1bff8d2c98eaf6f87c388a27f2cfa.jpg?ver=1788268176","author_category":"1","first_name":"Mor","last_name":"Dayan\u0131\u015fma","user_url":"","job_title":"","description":"<a href=\"https:\/\/www.mordayanisma.org\/en\/iletisim\/\" target=\"_blank\" rel=\"noopener\">Contact<\/a>\r\n\r\ndayanismamor@gmail.com"}],"_links":{"self":[{"href":"https:\/\/www.mordayanisma.org\/en\/wp-json\/wp\/v2\/posts\/3135","targetHints":{"allow":["GET"]}}],"collection":[{"href":"https:\/\/www.mordayanisma.org\/en\/wp-json\/wp\/v2\/posts"}],"about":[{"href":"https:\/\/www.mordayanisma.org\/en\/wp-json\/wp\/v2\/types\/post"}],"author":[{"embeddable":true,"href":"https:\/\/www.mordayanisma.org\/en\/wp-json\/wp\/v2\/users\/5"}],"replies":[{"embeddable":true,"href":"https:\/\/www.mordayanisma.org\/en\/wp-json\/wp\/v2\/comments?post=3135"}],"version-history":[{"count":0,"href":"https:\/\/www.mordayanisma.org\/en\/wp-json\/wp\/v2\/posts\/3135\/revisions"}],"wp:featuredmedia":[{"embeddable":true,"href":"https:\/\/www.mordayanisma.org\/en\/wp-json\/wp\/v2\/media\/3136"}],"wp:attachment":[{"href":"https:\/\/www.mordayanisma.org\/en\/wp-json\/wp\/v2\/media?parent=3135"}],"wp:term":[{"taxonomy":"category","embeddable":true,"href":"https:\/\/www.mordayanisma.org\/en\/wp-json\/wp\/v2\/categories?post=3135"},{"taxonomy":"post_tag","embeddable":true,"href":"https:\/\/www.mordayanisma.org\/en\/wp-json\/wp\/v2\/tags?post=3135"},{"taxonomy":"author","embeddable":true,"href":"https:\/\/www.mordayanisma.org\/en\/wp-json\/wp\/v2\/ppma_author?post=3135"}],"curies":[{"name":"wp","href":"https:\/\/api.w.org\/{rel}","templated":true}]}}