{"id":2686,"date":"2020-05-11T16:56:11","date_gmt":"2020-05-11T13:56:11","guid":{"rendered":"http:\/\/mordayanisma.org\/?p=2686"},"modified":"2020-05-16T22:03:53","modified_gmt":"2020-05-16T19:03:53","slug":"ailelerini-ve-kutsal-topraklarini-koruyan-tamami-yerli-kadinlardan-olusan-itfaiye-ekibi-ile-tanisin","status":"publish","type":"post","link":"https:\/\/www.mordayanisma.org\/en\/2020\/05\/11\/ailelerini-ve-kutsal-topraklarini-koruyan-tamami-yerli-kadinlardan-olusan-itfaiye-ekibi-ile-tanisin\/","title":{"rendered":"Ailelerini ve Kutsal Topraklar\u0131n\u0131 Koruyan, Tamam\u0131 Yerli Kad\u0131nlardan Olu\u015fan \u0130tfaiye Ekibi ile Tan\u0131\u015f\u0131n"},"content":{"rendered":"\n<p class=\"wp-block-paragraph\">Sue Smethurst, tutu\u015fturucu kuruluktaki k\u0131tada kaydedilen en tehlikeli yang\u0131n sezonunda, ailelerini, topluluklar\u0131n\u0131 ve kutsal topraklar\u0131n\u0131 korumak i\u00e7in m\u00fccadele eden, tamam\u0131 yerli kad\u0131nlardan olu\u015fan itfaiye ekibi ile tan\u0131\u015ft\u0131.<\/p>\n<span hidden class=\"__iawmlf-post-loop-links\" data-iawmlf-links=\"[{&quot;id&quot;:403,&quot;href&quot;:&quot;https:\\\/\\\/www.nowtolove.com.au\\\/news\\\/local-news\\\/indigenous-all-female-fire-crew-australia-62022?fbclid=IwAR1zT_DCq627qAjcw86wFT8yRT1XhNvTCt-V2f8zmqJqJLDyc8GOR9dTSto&quot;,&quot;archived_href&quot;:&quot;&quot;,&quot;redirect_href&quot;:&quot;&quot;,&quot;checks&quot;:[],&quot;broken&quot;:false,&quot;last_checked&quot;:null,&quot;process&quot;:&quot;done&quot;}]\"><\/span>\n\n\n<p class=\"wp-block-paragraph\">Charmaine Sellings ufukta dolanan kapkara bulutlara dikkatle izliyor ve toplulu\u011fun 5000-hektarl\u0131k evini \u00e7evreleyen, kavrulmu\u015f ormana kadar uzanan sararm\u0131\u015f \u00e7ay\u0131rlara bakarak \u201cF\u0131rt\u0131nal\u0131 bir g\u00fcnde tek bir y\u0131ld\u0131r\u0131m d\u00fc\u015fmesi felakete neden olabilir.\u201d diyor,<\/p>\n\n\n\n<p class=\"wp-block-paragraph\">Avustralya\u2019n\u0131n bir\u00e7ok b\u00f6lgesi gibi, Do\u011fu Victoria\u2019daki tablo gibi Tyers G\u00f6l\u00fc de son y\u0131llardaki fel\u00e7 edici kurakl\u0131\u011f\u0131n ac\u0131s\u0131n\u0131 \u00e7ekiyor ve bunun sonucu olarak, Charmaine veya y\u00f6netti\u011fi \u00dclke \u0130tfaiye Te\u015fkilat\u0131 yaz tatili yapamayacak gibi duruyor.<\/p>\n\n\n\n<p class=\"wp-block-paragraph\">Bunun yerine, g\u00f6revde olacak ve kutsal topra\u011f\u0131n tutu\u015fmaya haz\u0131r arazilerine g\u00f6z kulak olacaklar.<\/p>\n\n\n\n<p class=\"wp-block-paragraph\">&nbsp;\u201c\u0130\u015fler baya umutsuz\u201d diyor Charmaine, \u201c \u00e7ok zor ko\u015fullarday\u0131z, barajlar\u0131m\u0131z bo\u015f ve durum iyi de\u011fil.\u201d<\/p>\n\n\n\n<p class=\"wp-block-paragraph\">\u201cEkip 24 saat \u00e7al\u0131\u015facak. Sakin bir yaz olmas\u0131n\u0131 umuyoruz ancak en k\u00f6t\u00fcs\u00fcnden korkuyoruz.\u201d<\/p>\n\n\n\n<p class=\"wp-block-paragraph\">Charmaine\u2019nin ekibi Avustralya\u2019n\u0131n ilk tamam\u0131 yerli ve kad\u0131n itfaiye te\u015fkilat\u0131: yang\u0131ndan daha h\u0131zl\u0131 bir tak\u0131m kurabilen \u00e7ok becerikli bir grup anne ve b\u00fcy\u00fckanne.<\/p>\n\n\n\n<p class=\"wp-block-paragraph\">Bu \u00e7\u0131\u011f\u0131r a\u00e7an kad\u0131nlar \u00fclkenin uzak do\u011fusunda, kendi kendini y\u00f6neten bir Aborjin toplulu\u011fu olan Tylers G\u00f6l\u00fc Aborjinleri Vakf\u0131\u2019n\u0131n (Lake Tyers Aboriginal Trust)&nbsp; belkemi\u011fi.&nbsp;<\/p>\n\n\n\n<p class=\"wp-block-paragraph\">&nbsp;\u201cErkekler ho\u015f kar\u015f\u0131lanm\u0131yor de\u011fil, asl\u0131nda delikanl\u0131lar\u0131n bize kat\u0131l\u0131p yard\u0131mc\u0131 olmas\u0131n\u0131 \u00e7ok isteriz.\u201d diye laf at\u0131yor Charmaine.<\/p>\n\n\n\n<p class=\"wp-block-paragraph\">\u201cAra s\u0131ra bir delikanl\u0131 \u00e7\u0131k\u0131yor ancak \u00e7ok uzun s\u00fcre dayanm\u0131yorlar. Benden emir almaktan ho\u015fland\u0131klar\u0131n\u0131 sanm\u0131yorum.\u201d diyor ve g\u00fcl\u00fcyor, \u00fc\u00e7 torun sahibi 52 ya\u015f\u0131ndaki \u015fen \u015fakrak kad\u0131n.<\/p>\n\n\n\n<p class=\"wp-block-paragraph\">Giri\u015f ve \u00e7\u0131k\u0131\u015f i\u00e7in tek bir eri\u015fim yolu olan izole yar\u0131mada, bir taraftan kal\u0131n \u00e7al\u0131lar di\u011fer taraftan u\u00e7suz bucaks\u0131z g\u00f6l a\u011f\u0131 ile \u00e7evrili. Avustralya\u2019n\u0131n en savunmas\u0131zlar\u0131ndan olan yar\u0131madan\u0131n 200 sakini, kendilerini korumalar\u0131 i\u00e7in bu korkusuz itfaiyecilere g\u00fcveniyor.<\/p>\n\n\n\n<p class=\"wp-block-paragraph\">\u201cBir \u015feyler ters giderse bizler can kurtaran\u0131z, yani \u00f6nemli bir rol\u00fcm\u00fcz var ve san\u0131r\u0131m yapt\u0131\u011f\u0131m\u0131z \u015feyden dolay\u0131 insanlar genelde \u00e7ok minnettar.\u201d diyor Charmaine.<\/p>\n\n\n\n<p class=\"wp-block-paragraph\">&nbsp;\u201cBiz gelmeden \u00f6nce bir \u00e7aresizlik duygusu vard\u0131 ancak biz durum ne olursa olsun kendimize ve insanlar\u0131m\u0131za sahip \u00e7\u0131kabilecek kadar yetkin hissediyoruz. Topluluk bizimle gurur duyuyor ve bize de\u011fer veriyor.\u201d<\/p>\n\n\n\n<p class=\"wp-block-paragraph\">Bilinen haliyle Tylers G\u00f6l\u00fc Aborjinleri Vakf\u0131 Yetkili Finansal Analisti (Lake Tyers Aboriginal Trust CFA) neredeyse 20 y\u0131l \u00f6nce, kasten \u00e7\u0131kar\u0131lan bir dizi yang\u0131n k\u00fc\u00e7\u00fck kasabay\u0131 tehdit etti\u011finde do\u011fdu.<\/p>\n\n\n\n<p class=\"wp-block-paragraph\">Yang\u0131nlardan biri s\u0131ras\u0131nda bir ev k\u00fcl oldu. En yak\u0131n itfaiye ekibinin felaketlere sebep olabilecek uzakl\u0131kta, arabayla 45 dakikal\u0131k mesafede oldu\u011funu bilen Charmaine ve arkada\u015flar\u0131 Rhonda Thorpe ve Marjorie Proctor, Yetkili Finansal Analist\u2019ten k\u00fclt\u00fcrel olarak e\u015fsiz topraklar\u0131 korumalar\u0131 i\u00e7in onlara e\u011fitim vermesini isteyerek meseleye el att\u0131lar.<\/p>\n\n\n\n<p class=\"wp-block-paragraph\">Kasaban\u0131n sokaklar\u0131nda dola\u015f\u0131p kap\u0131lar\u0131 \u00e7alarak g\u00f6n\u00fcll\u00fc toplad\u0131lar. \u0130tfaiye te\u015fkilat\u0131n\u0131n a\u00e7\u0131l\u0131\u015f t\u00f6renine sekiz kad\u0131n geldi.<\/p>\n\n\n\n<p class=\"wp-block-paragraph\">Bu benzersiz itfaiyeciler i\u00e7in, te\u015fkilat sadece toplulu\u011fu korumakla ilgili de\u011fildi \u2013 ayn\u0131 zamanda hik\u00e2yelerini de korumakla ilgiliydi.<\/p>\n\n\n\n<p class=\"wp-block-paragraph\">&nbsp;\u201cBu \u00e7al\u0131l\u0131k boyunca insan yap\u0131m\u0131 eserler var\u201d diyor Charmaine ve 179 arkeolojik eserin bulundu\u011fu, evinden k\u0131sa bir y\u00fcr\u00fcy\u00fc\u015f mesafesinde olan bir alan\u0131 g\u00f6steriyor.<\/p>\n\n\n\n<p class=\"wp-block-paragraph\">Gururlu Kurnaili kad\u0131n sonra yaral\u0131 a\u011fa\u00e7lara, y\u00fczy\u0131llar \u00f6nce kanolar, kalkanlar ve be\u015fikler yapmak i\u00e7in kabuklar\u0131 soyuldu\u011fundan g\u00f6zle g\u00f6r\u00fcn\u00fcr izleri olan okalipslere i\u015faret ediyor.<\/p>\n\n\n\n<p class=\"wp-block-paragraph\">Kabilelerin yemek yemek i\u00e7in topland\u0131klar\u0131 mezbelelerden, kad\u0131nlar g\u00f6l\u00fc, Yanm\u0131\u015f K\u00f6pr\u00fc, yerel yiyecek ve \u015fifal\u0131 bitkilerin bulundu\u011fu \u00e7al\u0131lar-kilerler gibi bir\u00e7ok ba\u015fka kutsal mek\u00e2ndan da bahsediyor.<\/p>\n\n\n\n<p class=\"wp-block-paragraph\">Bu zengin manzaral\u0131 Gunaikurnai \u00fclkesi ayr\u0131ca Yerel Aborjin toplulu\u011funun sorunlu tarihinin hik\u00e2yelerini anlatan d\u00fczinelerce \u00f6nemli mek\u00e2na ev sahipli\u011fi yap\u0131yor.&nbsp;<\/p>\n\n\n\n<p class=\"wp-block-paragraph\">1863\u2019te beyaz yerle\u015fimciler ile Kurnai halk\u0131 aras\u0131ndaki on y\u0131llar s\u00fcren \u00e7at\u0131\u015fmalardan sonra, \u0130ngiliz Kilisesi pitoresk yar\u0131maday\u0131 ele ge\u00e7irdi ve Tyers G\u00f6l\u00fc Aborjin Misyonu olarak bilinen bir koloni kurdu.<\/p>\n\n\n\n<p class=\"wp-block-paragraph\">Victoria\u2019n\u0131n her yerinden Aborjinler zorla yurtlar\u0131ndan edildi ve g\u00f6reve g\u00f6nderildi. Bu \u00e7al\u0131nan \u00e7ocuklardan bir tanesi Charmaine\u2019nin b\u00fcy\u00fck b\u00fcy\u00fckbabas\u0131yd\u0131, Healesville yak\u0131nlar\u0131nda ya\u015fayan ailesinden al\u0131nm\u0131\u015ft\u0131.<\/p>\n\n\n\n<p class=\"wp-block-paragraph\">&nbsp;\u201cNeden al\u0131nd\u0131\u011f\u0131n\u0131 asla anlamad\u0131, hi\u00e7 kimse ona s\u00f6ylemedi\u201d diyor Charmaine, \u201cSadece ailesinden kopar\u0131lan k\u00fc\u00e7\u00fck bir \u00e7ocuktu.\u201d<\/p>\n\n\n\n<p class=\"wp-block-paragraph\">&nbsp;\u201cAmans\u0131z \u00e7at\u0131\u015fmalar Viktoryen H\u00fck\u00fcmeti 1971 y\u0131l\u0131nda tapu senetlerini yerli toplulu\u011fa geri verinceye dek devam etti. Bu Aborjinlerin Avustralya tarihindeki ilk ba\u015far\u0131l\u0131 toprak hakk\u0131 talebiydi.<\/p>\n\n\n\n<p class=\"wp-block-paragraph\">\u201cBurada \u00e7ok fazla ya\u015fanm\u0131\u015fl\u0131k var. Hala baz\u0131 sorunlar\u0131m\u0131z var, \u00f6zellikle <strong>alkol, <\/strong>i\u015fsizlik ve ayr\u0131mc\u0131l\u0131k.\u201d<\/p>\n\n\n\n<p class=\"wp-block-paragraph\">Charmaine\u2019in de kendi sava\u015flar\u0131 vard\u0131. \u0130ki k\u0131z\u0131 ve \u00fc\u00e7 ya\u015f\u0131nda bir torunu olan bu kad\u0131n, \u201csa\u011fl\u0131ks\u0131z\u201d ili\u015fkilerden ve ki\u015fisel m\u00fccadelelerden pay\u0131n\u0131 ald\u0131 ancak bu sava\u015ftan daha g\u00fc\u00e7l\u00fc olarak ayr\u0131ld\u0131.<\/p>\n\n\n\n<p class=\"wp-block-paragraph\">&nbsp;\u201cKolay bir hayat de\u011fildi\u201d diyor g\u00f6steri\u015fsiz bir \u015fekilde, ge\u00e7mi\u015fe tak\u0131l\u0131p kalmak istemiyor. \u201cHepimizin kendi m\u00fccadeleleri, zorluklar\u0131 vard\u0131, hatalar yapt\u0131k. Geriye bakman\u0131n bir yarar\u0131 yok.\u201d<\/p>\n\n\n\n<p class=\"wp-block-paragraph\">Avustralya\u2019da kad\u0131nlar bir y\u00fczy\u0131ldan daha uzun s\u00fcredir itfaiye hizmetlerinde aktif olarak g\u00f6rev al\u0131yor, asl\u0131na bakarsan\u0131z, NSW\u2019de 1901 y\u0131l\u0131nda \u00e7al\u0131\u015fmaya ba\u015flayan \u201cArmidale Amazonlar\u0131\u201dn\u0131n d\u00fcnyan\u0131n ilk tamam\u0131 kad\u0131nlardan olu\u015fan itfaiye te\u015fkilat\u0131 oldu\u011funa inan\u0131l\u0131yor.<\/p>\n\n\n\n<p class=\"wp-block-paragraph\">Ancak, tamam\u0131 yerlilerden olu\u015fan ekip bulmay\u0131 b\u0131rak\u0131n, tamam\u0131 kad\u0131nlardan olu\u015fan ekipler bulmak nadir rastlan\u0131r bir durum ve Tylers G\u00f6l\u00fc kad\u0131nlar\u0131 o kadar al\u0131\u015f\u0131lmad\u0131k ki, bu y\u0131l\u0131n ba\u015flar\u0131nda Hollywood TV sunucusu Ellen De Generes\u2019in dikkatini \u00e7ektiler ve De Generes onlarla tan\u0131\u015fmak ve hik\u00e2yelerini dinlemek i\u00e7in Avustralya\u2019ya bir yap\u0131mc\u0131 g\u00f6nderdi.&nbsp;<\/p>\n\n\n\n<p class=\"wp-block-paragraph\">Bug\u00fcn d\u00f6rt kad\u0131ndan olu\u015fan bir \u00e7ekirdek ekipleri var, bir iki ki\u015fi de f\u0131rsat bulduklar\u0131nda ekibe d\u00e2hil oluyor ve ge\u00e7enlerde bir \u201cdelikanl\u0131\u201dy\u0131 aralar\u0131na ald\u0131lar, \u201cS\u0131ska\u201d Julien Edwards.&nbsp;<\/p>\n\n\n\n<p class=\"wp-block-paragraph\">Charmaine \u015fakayla \u015f\u00f6yle diyor: \u201cS\u0131skan\u0131n kat\u0131lmas\u0131na izin verdik!\u201d \u201cYoo hay\u0131r, o m\u00fcthi\u015f, \u00e7ok \u00e7al\u0131\u015fkan. Arada s\u0131rada birimizin kocas\u0131 kat\u0131l\u0131r \u00e7\u00fcnk\u00fc bir \u015feyleri ka\u00e7\u0131r\u0131yor gibi hissederler, ancak onun d\u0131\u015f\u0131nda ekibi y\u00f6neten her zaman kad\u0131nlar olmu\u015ftur.\u201d<\/p>\n\n\n\n<p class=\"wp-block-paragraph\">\u201cTe\u015fkilat\u0131 ilk kurdu\u011fumuzda parlak sar\u0131 k\u0131yafetlerimizden dolay\u0131 erkekler bizi Muz Kad\u0131nlar olarak adland\u0131rd\u0131.\u201d Charmaine g\u00fcl\u00fcyor. \u201cBuna g\u00fclm\u00fc\u015ft\u00fck \u00e7\u00fcnk\u00fc bizi biraz k\u0131skan\u0131yorlard\u0131, ancak isim \u00fczerimize yap\u0131\u015ft\u0131 ve bug\u00fcn biz kendimizi b\u00f6yle adland\u0131r\u0131yoruz.\u201d<\/p>\n\n\n\n<p class=\"wp-block-paragraph\">Te\u015fkilat ilk kuruldu\u011funda ne Charmaine ne de Rhonda (59) karma\u015f\u0131k itfaiye kamyonlar\u0131n\u0131 kullanacaklar\u0131n\u0131, testerelerini savurarak \u00e7al\u0131lar\u0131 temizleyeceklerini ve Victoria\u2019n\u0131n en k\u00f6t\u00fc yang\u0131nlar\u0131na kar\u015f\u0131 sava\u015facaklar\u0131n\u0131 tahmin edebilirdi.&nbsp;<\/p>\n\n\n\n<p class=\"wp-block-paragraph\">\u015eef yard\u0131mc\u0131lar\u0131, Victoria&#8217;n\u0131n her yerindeki yang\u0131nlara, trafik kazalar\u0131na ve acil durumlara \u00e7a\u011fr\u0131lan \u00e7ok sa\u011flam ve sayg\u0131n bir ekip kurdu.<\/p>\n\n\n\n<p class=\"wp-block-paragraph\">\u201cBiz Kara Cumartesi yang\u0131nlar\u0131nda, Wilsons Burnu\u2019nda ve Omeo\u2019da m\u00fccadele ettik. O kadar \u00e7ok g\u00f6reve \u00e7a\u011f\u0131r\u0131ld\u0131k ki say\u0131s\u0131n\u0131 saymay\u0131 b\u0131rakt\u0131m.\u201d diyor Charmaine.<\/p>\n\n\n\n<p class=\"wp-block-paragraph\">&nbsp;\u201cYol kazalar\u0131 her zaman zor, berbat. G\u00f6rd\u00fc\u011f\u00fcn\u00fcz \u015feylere asla al\u0131\u015fam\u0131yorsunuz ancak m\u00fcthi\u015f bir diren\u00e7 geli\u015ftiriyorsunuz.\u201d<\/p>\n\n\n\n<p class=\"wp-block-paragraph\">Charmaine ve Rhonda tam 20 y\u0131ld\u0131r yeni neslin topra\u011f\u0131n durumunu \u00f6\u011frenmesi ve kutsal \u00fclkeye bakmalar\u0131 i\u00e7in aktif olarak ekibe insan toplamaya \u00e7al\u0131\u015f\u0131yor.&nbsp;<\/p>\n\n\n\n<p class=\"wp-block-paragraph\">&nbsp;\u201cTestereyi elime ilk al\u0131\u015f\u0131mda, \u00e7ok korkmu\u015ftum.\u201d diyor Charmaine.&nbsp;<\/p>\n\n\n\n<p class=\"wp-block-paragraph\">\u201cYol a\u00e7mak i\u00e7in d\u00fc\u015fen a\u011fa\u00e7lar\u0131 keserek hatlar\u0131 temizlemek zorundayd\u0131m. Nefret etmi\u015ftim. \u015eimdiyse seviyorum. Bir testere al\u0131p olay yerini ya da hatt\u0131 ka\u015fla g\u00f6z aras\u0131nda temizleyebilirim.\u201d<\/p>\n\n\n\n<p class=\"wp-block-paragraph\">Rhonda te\u015fkilata d\u00e2hil olmalar\u0131n\u0131n onlara hayatta da \u00f6nemli beceriler kazand\u0131rd\u0131\u011f\u0131n\u0131 s\u00f6yl\u00fcyor.<\/p>\n\n\n\n<p class=\"wp-block-paragraph\">\u201cBize ne\u015fe, arkada\u015fl\u0131k, kad\u0131nlar aras\u0131nda m\u00fcthi\u015f bir yolda\u015fl\u0131k bilinci ve ba\u011f\u0131ms\u0131zl\u0131k verdi.\u201d<\/p>\n\n\n\n<p class=\"wp-block-paragraph\">&nbsp;\u201c\u00d6z sayg\u0131 ve \u00f6zg\u00fcven de.\u201d diye ekliyor Charmaine. \u201cve bize beraber \u00e7al\u0131\u015fmay\u0131 \u00f6\u011fretti, sadece kendi toplulu\u011fumuz i\u00e7inde de\u011fil, daha geni\u015f topluluklarda.<\/p>\n\n\n\n<p class=\"wp-block-paragraph\">\u00c7ok fazla yeni insanla tan\u0131\u015ft\u0131k ve liderlik yetenekleri, kar\u015f\u0131l\u0131kl\u0131 ileti\u015fim yollar\u0131 geli\u015ftirdik. Stresli ve zor durumlarla sinir krizi ge\u00e7irmeden nas\u0131l ba\u015f edece\u011fimizi \u00f6\u011frendik.\u201d diyor Charmaine g\u00fcl\u00fcmseyerek.<\/p>\n\n\n\n<p class=\"wp-block-paragraph\">\u201cBu ciddi bir i\u015f ancak biz g\u00fcl\u00fcyoruz da. Ve hayat boyu s\u00fcrecek arkada\u015fl\u0131klar kurduk.\u201d<\/p>\n\n\n\n<p class=\"wp-block-paragraph\">Tyler G\u00f6l\u00fc te\u015fkilat\u0131n\u0131 y\u00fcr\u00fctmenin yan\u0131nda, Charmaine Victoria\u2019da seyahat ederek di\u011fer itfaiyecileri devriye gezerken k\u00fclt\u00fcrel \u00f6nem te\u015fkil eden mek\u00e2nlar\u0131 tan\u0131malar\u0131 konusunda e\u011fitiyor ve \u201csiyahi arkada\u015flar\u0131n geleneksel toprak ve yang\u0131n y\u00f6netimi\u201d y\u00f6ntemlerini tutkuyla payla\u015f\u0131yor.&nbsp;<\/p>\n\n\n\n<p class=\"wp-block-paragraph\">Charmaine \u015f\u00f6yle diyor:<\/p>\n\n\n\n<p class=\"wp-block-paragraph\">\u201cYang\u0131n tehdidi ile m\u00fccadele etmek i\u00e7in hep beraber \u00e7al\u0131\u015fmak zorunday\u0131z. Siyahi arkada\u015flar\u0131n geleneksel y\u00f6ntemleri \u00e7ok etkili. Hepimiz yang\u0131n\u0131 kontrol alt\u0131na alma konusundaki bilgilerimizi payla\u015fmal\u0131y\u0131z \u2013 beyaz arkada\u015flar\u0131n ve siyahi arkada\u015flar\u0131n y\u00f6ntemlerini. Birbirimizden \u00f6\u011frenecek \u00e7ok \u015feyimiz var\u201d.<\/p>\n\n\n\n<p class=\"wp-block-paragraph\">Kurakl\u0131k ve iklim de\u011fi\u015fikli\u011fi ilkbaharda ba\u015flayan korkun\u00e7 yang\u0131n sezonunu beslerken, te\u015fkilat son teknoloji bir tanker ald\u0131.<\/p>\n\n\n\n<p class=\"wp-block-paragraph\">Charmaine\u2019in k\u0131z\u0131 Lorraine ve sanat\u00e7\u0131 Emma Bamblett taraf\u0131ndan e\u015fsiz bir geleneksel sanat eseri olarak yap\u0131lan \u201cWorking Together\u201d isimli ara\u00e7 ayr\u0131ca daha b\u00fcy\u00fck bir amaca hizmet ediyor.<\/p>\n\n\n\n<p class=\"wp-block-paragraph\">Te\u015fkilat ve Yetkili Finansal Analist, g\u00f6z al\u0131c\u0131 k\u0131rm\u0131z\u0131, mavi ve mor d\u0131\u015f k\u0131sm\u0131 ile arac\u0131n kayna\u015ft\u0131rma ve onur duygusu uyand\u0131raca\u011f\u0131n\u0131 ve nereye seyahat ederse etsin Tylers G\u00f6l\u00fc Yetkili Finansal Analisti\u2019 nin (Lake Tyers CFA) hikayesini anlatmaya yard\u0131mc\u0131 olaca\u011f\u0131n\u0131 umut ediyor.<\/p>\n\n\n\n<p class=\"wp-block-paragraph\">Neredeyse her yaz yang\u0131n sezonunun gelmesi kadar beklenen olay, Charmaine\u2019in emeklili\u011fine gelen y\u0131ll\u0131k tehdit. Gece g\u00fcnd\u00fcz g\u00f6reve \u00e7a\u011fr\u0131lmak ona b\u00fcy\u00fck zarar veriyor, \u00f6zellikle ya\u015fl\u0131 teyzesinin ayr\u0131ca tam-zamanl\u0131 bak\u0131c\u0131s\u0131 oldu\u011fu i\u00e7in.<\/p>\n\n\n\n<p class=\"wp-block-paragraph\">Charmaine \u00f6zellikle yasad\u0131\u015f\u0131 kamp\u00e7\u0131lar\u0131n g\u00f6l\u00fcn etraf\u0131ndaki kutsal su birikintilerinde kamp ate\u015fi yakt\u0131klar\u0131n\u0131 g\u00f6r\u00fcnce \u00e7ok sinirleniyor.<\/p>\n\n\n\n<p class=\"wp-block-paragraph\">Bu Charmaine ve Rhonda\u2019n\u0131n yaz\u0131n her g\u00fcn\u00fcn\u00fc g\u00fczel eyalet park\u0131n\u0131 \u00f6ren d\u00fczinelerce \u00e7al\u0131 yolunu devriye gezerek ge\u00e7irece\u011fi anlam\u0131na geliyor.&nbsp;<\/p>\n\n\n\n<p class=\"wp-block-paragraph\">Gece g\u00fcnd\u00fcz kamp\u00e7\u0131larla ate\u015f g\u00fcvenli\u011fi hakk\u0131nda konu\u015facak ve maalesef genellikle gezginler toparlan\u0131p gittikten uzun zaman sonra hala i\u00e7ten yanan ate\u015fleri s\u00f6nd\u00fcrecekler.<\/p>\n\n\n\n<p class=\"wp-block-paragraph\">\u201c\u0130nsanlar erzak almaya \u015fehre indiklerinde ya da bal\u0131k tutmaya gittiklerinde hala yanan kamp ate\u015flerine ka\u00e7 kere denk geldi\u011fimizi sayamam. Bu beni \u00e7ok sinirlendiriyor.\u201d diyor.<\/p>\n\n\n\n<p class=\"wp-block-paragraph\">Tehdilerine ra\u011fmen, Charmaine hen\u00fcz parlak sar\u0131 k\u0131yafetlerinden vazge\u00e7meyi hayal edemiyor.<\/p>\n\n\n\n<p class=\"wp-block-paragraph\">\u201cEmekli olaca\u011f\u0131m\u0131 s\u00f6yleyip duruyorum ancak buna asla zaman bulam\u0131yorum.\u201d diyor g\u00fclerek. \u201cBunu yapmamay\u0131 hayal edemiyorum. Bu bizim hayat\u0131m\u0131z \u2013kim oldu\u011fumuzun bir par\u00e7as\u0131 -bu art\u0131k benim bir par\u00e7am. Beni sar\u0131lar\u0131mla g\u00f6mecekler!\u201d<\/p>\n\n\n\n<p class=\"wp-block-paragraph\"><em>(Bu yaz\u0131 T\u00fcrk\u00e7eye Mor Dayan\u0131\u015fma \u00c7eviri Komisyonu taraf\u0131ndan \u00e7evrildi. Orijinali i\u00e7in:<\/em> <a href=\"https:\/\/www.nowtolove.com.au\/news\/local-news\/indigenous-all-female-fire-crew-australia-62022?fbclid=IwAR1zT_DCq627qAjcw86wFT8yRT1XhNvTCt-V2f8zmqJqJLDyc8GOR9dTSto\" target=\"_blank\" rel=\"noopener\">https:\/\/www.nowtolove.com.au\/news\/local-news\/indigenous-all-female-fire-crew-australia-62022?fbclid=IwAR1zT_DCq627qAjcw86wFT8yRT1XhNvTCt-V2f8zmqJqJLDyc8GOR9dTSto<\/a>)<\/p>\n","protected":false},"excerpt":{"rendered":"<p>Sue Smethurst, tutu\u015fturucu kuruluktaki k\u0131tada kaydedilen en tehlikeli yang\u0131n sezonunda, ailelerini, topluluklar\u0131n\u0131 ve kutsal topraklar\u0131n\u0131 korumak i\u00e7in m\u00fccadele eden, tamam\u0131 yerli kad\u0131nlardan olu\u015fan itfaiye ekibi ile tan\u0131\u015ft\u0131. Charmaine Sellings ufukta dolanan kapkara bulutlara dikkatle izliyor ve toplulu\u011fun 5000-hektarl\u0131k evini \u00e7evreleyen, kavrulmu\u015f ormana kadar uzanan sararm\u0131\u015f \u00e7ay\u0131rlara bakarak \u201cF\u0131rt\u0131nal\u0131 bir g\u00fcnde tek bir y\u0131ld\u0131r\u0131m d\u00fc\u015fmesi felakete&hellip;<\/p>","protected":false},"author":5,"featured_media":2687,"comment_status":"closed","ping_status":"closed","sticky":false,"template":"","format":"standard","meta":{"_coblocks_attr":"","_coblocks_dimensions":"","_coblocks_responsive_height":"","_coblocks_accordion_ie_support":"","_eb_attr":"","inline_featured_image":false,"footnotes":""},"categories":[93],"tags":[138,139],"ppma_author":[573],"class_list":["post-2686","post","type-post","status-publish","format-standard","has-post-thumbnail","hentry","category-ceviri","tag-aborjinler","tag-ekoloji","author-mor-dayanisma"],"authors":[{"term_id":573,"user_id":5,"is_guest":0,"slug":"mor-dayanisma","display_name":"Mor Dayan\u0131\u015fma","avatar_url":"https:\/\/www.mordayanisma.org\/wp-content\/litespeed\/avatar\/18b1bff8d2c98eaf6f87c388a27f2cfa.jpg?ver=1788268176","author_category":"1","first_name":"Mor","last_name":"Dayan\u0131\u015fma","user_url":"","job_title":"","description":"<a href=\"https:\/\/www.mordayanisma.org\/en\/iletisim\/\" target=\"_blank\" rel=\"noopener\">Contact<\/a>\r\n\r\ndayanismamor@gmail.com"}],"_links":{"self":[{"href":"https:\/\/www.mordayanisma.org\/en\/wp-json\/wp\/v2\/posts\/2686","targetHints":{"allow":["GET"]}}],"collection":[{"href":"https:\/\/www.mordayanisma.org\/en\/wp-json\/wp\/v2\/posts"}],"about":[{"href":"https:\/\/www.mordayanisma.org\/en\/wp-json\/wp\/v2\/types\/post"}],"author":[{"embeddable":true,"href":"https:\/\/www.mordayanisma.org\/en\/wp-json\/wp\/v2\/users\/5"}],"replies":[{"embeddable":true,"href":"https:\/\/www.mordayanisma.org\/en\/wp-json\/wp\/v2\/comments?post=2686"}],"version-history":[{"count":0,"href":"https:\/\/www.mordayanisma.org\/en\/wp-json\/wp\/v2\/posts\/2686\/revisions"}],"wp:featuredmedia":[{"embeddable":true,"href":"https:\/\/www.mordayanisma.org\/en\/wp-json\/wp\/v2\/media\/2687"}],"wp:attachment":[{"href":"https:\/\/www.mordayanisma.org\/en\/wp-json\/wp\/v2\/media?parent=2686"}],"wp:term":[{"taxonomy":"category","embeddable":true,"href":"https:\/\/www.mordayanisma.org\/en\/wp-json\/wp\/v2\/categories?post=2686"},{"taxonomy":"post_tag","embeddable":true,"href":"https:\/\/www.mordayanisma.org\/en\/wp-json\/wp\/v2\/tags?post=2686"},{"taxonomy":"author","embeddable":true,"href":"https:\/\/www.mordayanisma.org\/en\/wp-json\/wp\/v2\/ppma_author?post=2686"}],"curies":[{"name":"wp","href":"https:\/\/api.w.org\/{rel}","templated":true}]}}