{"id":2528,"date":"2020-05-01T21:49:00","date_gmt":"2020-05-01T18:49:00","guid":{"rendered":"http:\/\/mordayanisma.org\/?p=2528"},"modified":"2025-06-17T14:00:59","modified_gmt":"2025-06-17T11:00:59","slug":"korunmaya-muhtac-saglik-sistemi","status":"publish","type":"post","link":"https:\/\/www.mordayanisma.org\/en\/2020\/05\/01\/korunmaya-muhtac-saglik-sistemi\/","title":{"rendered":"&#8220;Korunmaya Muhta\u00e7&#8221; Sa\u011fl\u0131k Sistemi"},"content":{"rendered":"<p class=\"wp-block-paragraph\"><strong>Yo\u011fun \u00c7al\u0131\u015fma Rejimi&nbsp;<\/strong><\/p>\n\n\n\n<p class=\"wp-block-paragraph\">B\u00fct\u00fcn d\u00fcnyaya h\u0131zl\u0131 bir \u015fekilde yay\u0131lan Korona vir\u00fcs\u00fc(Covid-19) ilk kez \u00c7in\u2019in Wuhan kentinde, Aral\u0131k 2019\u2019da ortaya \u00e7\u0131kt\u0131. D\u00fcnyada pandemi alarm\u0131 verilmesinin ard\u0131ndan bir dizi tedbirler ilan edilmeye ba\u015fland\u0131. Ancak bu \u00f6nlem a\u00e7\u0131klamalar\u0131na bakt\u0131k\u00e7a bize kalan kolonya, daha fazla el y\u0131kama, sabun ve minnet&#8230;&nbsp; Onca a\u00e7\u0131klamada ya\u015fam\u0131m\u0131z\u0131 nas\u0131l s\u00fcrd\u00fcrece\u011fimize dair tek bir c\u00fcmle yokken sermayenin korunmas\u0131 i\u00e7in paketler a\u00e7\u0131kland\u0131. T\u00fcm bunlar\u0131n \u00fczerine yap\u0131lan ba\u011f\u0131\u015f kampanyas\u0131 \u00e7a\u011fr\u0131s\u0131 da sadece can\u0131m\u0131za de\u011fil cebimizdeki paran\u0131n son kuru\u015funa kadar g\u00f6z dikildi\u011fini g\u00f6steriyor. Halka evde kal \u00e7a\u011fr\u0131lar\u0131 yap\u0131l\u0131rken nas\u0131l ge\u00e7inilece\u011fine dair herhangi bir politika yok. Neo-liberal politikalar ile yakla\u015f\u0131k son 20 y\u0131lda sa\u011fl\u0131k sisteminin ad\u0131m ad\u0131m d\u00f6n\u00fc\u015f\u00fcm\u00fc ya\u015fand\u0131. Sa\u011fl\u0131k bir kamusal hak olmaktan \u00e7\u0131kt\u0131. \u00d6zelle\u015fti, ticarile\u015fti. Hastane kapasiteleri daralt\u0131ld\u0131. Bunun yerine performansa dayal\u0131 \u00e7al\u0131\u015fma getirildi. Sa\u011fl\u0131k \u00e7al\u0131\u015fanlar\u0131 fazla kapasite ve g\u00f6receli az \u00e7al\u0131\u015ft\u0131rmadan, az kapasite ve daha \u00e7ok \u00e7al\u0131\u015fmaya dayal\u0131 bir \u00e7al\u0131\u015fma rejimine ge\u00e7irildi. Yani \u015fuan ki tablonun bir sebebi de yo\u011fun \u00e7al\u0131\u015fma rejimi.<\/p>\n\n\n\n<p class=\"wp-block-paragraph\"><strong>Herkes I\u00e7in E\u015fit\u00e7e Al\u0131nmayan \u00d6nlemler \u0130\u015flevsiz<\/strong><\/p>\n\n\n\n<p class=\"wp-block-paragraph\">&nbsp;Hali haz\u0131rdaki sa\u011fl\u0131k sistemimizin bir \u00e7are \u00fcretememesi ve yetersiz kalmas\u0131 \u00fczerine toplum kendi ba\u015f\u0131na b\u0131rak\u0131ld\u0131. \u015eeffafl\u0131ktan uzak a\u00e7\u0131klamalar ile iktidar\u0131n kontrol\u00fcnde olan bas\u0131n yay\u0131n organlar\u0131n\u0131n, g\u00fcvenilirlikten uzak yay\u0131nlar\u0131 bir panik hali olu\u015fturuyor. Bu panik hali insanlar\u0131 kutupla\u015ft\u0131r\u0131yor ve korku yarat\u0131yor. Ancak b\u00f6yle zamanlar dayan\u0131\u015fmaya en \u00e7ok ihtiya\u00e7 oldu\u011fu zamanlar. Kendimizi korumak kadar ba\u015fkalar\u0131n\u0131 da koruman\u0131n ne kadar \u00f6nemli oldu\u011funu salg\u0131n\u0131n yay\u0131lma \u015feklinden \u00f6\u011frendik. \u0130nsanlar aras\u0131nda koruyucu \u00f6nlemlere uyma ko\u015fullar\u0131 a\u00e7\u0131s\u0131ndan ciddi bir e\u015fitsizlik var. H\u00fck\u00fcmet ve sa\u011fl\u0131k \u00f6rg\u00fctleri taraf\u0131ndan kalabal\u0131k yerlerden uzak durma \u00e7a\u011fr\u0131s\u0131 yap\u0131l\u0131yor. Ancak her g\u00fcn i\u015fe gitmek zorunda kalan insanlar soka\u011fa \u00e7\u0131kmak ula\u015f\u0131m ara\u00e7lar\u0131n\u0131 kullanmak zorunda kal\u0131yorlar. \u0130\u015f yerlerinin b\u00fcy\u00fck bir k\u0131sm\u0131nda hi\u00e7bir hijyen kural\u0131na zaten uyulmazken salg\u0131n ko\u015fullar\u0131nda al\u0131nmas\u0131 gereken ekstra \u00f6nlemler yerine getirilmiyor ya da yeterli de\u011fil. Zorunlu hizmet veren hastanelerde sa\u011fl\u0131k emek\u00e7ileri i\u00e7in al\u0131nan \u00f6nlemler \u00e7ok yetersiz durumda.<\/p>\n\n\n\n<p class=\"wp-block-paragraph\"><strong>Yayg\u0131n Vir\u00fcs, Yetersiz \u00d6nlem&nbsp;<\/strong><\/p>\n\n\n\n<p class=\"wp-block-paragraph\">Bir\u00e7ok sa\u011fl\u0131k \u00e7al\u0131\u015fan\u0131 salg\u0131n nedeniyle hayat\u0131n\u0131 kaybediyor. \u00c7al\u0131\u015fanlar\u0131n i\u015f g\u00fcvenli\u011finin sa\u011fland\u0131\u011f\u0131 durumlarda, salg\u0131n d\u00f6nemlerinde sa\u011fl\u0131k\u00e7\u0131lar\u0131n hastal\u0131\u011fa yakalanmas\u0131 meslek hastal\u0131\u011f\u0131 ya da i\u015f kazas\u0131 olarak ele al\u0131nabilir. Ancak bu ko\u015fullarda \u00e7al\u0131\u015fan bir sa\u011fl\u0131k \u00e7al\u0131\u015fan\u0131n\u0131n bile salg\u0131n hastal\u0131k ile hayat\u0131n\u0131 kaybetmesi tamamen bir i\u015f cinayetidir. Sa\u011fl\u0131k \u00e7al\u0131\u015fanlar\u0131na koruyucu ekipmanlar\u0131n yeterli bir \u015fekilde sa\u011flanmas\u0131, bu i\u015flerde \u00e7al\u0131\u015fanlar\u0131n d\u00fczenli olarak testlerden ge\u00e7irilmesi gerekiyor. Zaten yetersiz olan sa\u011fl\u0131k sistemi daha da zay\u0131flad\u0131. Hastanelerin teknik yetersizlikleri artt\u0131. Sa\u011fl\u0131k \u00e7al\u0131\u015fanlar\u0131n\u0131n \u00e7al\u0131\u015fma ko\u015fullar\u0131 daha da zorla\u015ft\u0131r\u0131ld\u0131. D\u00fcnyada Korona vir\u00fcs\u00fc ile \u00f6l\u00fcmlerin bu kadar \u00e7ok olmas\u0131n\u0131n sebebi yeterli oranda sa\u011fl\u0131k \u00e7al\u0131\u015fan\u0131n\u0131n ve sa\u011fl\u0131k ekipman\u0131n\u0131n olmay\u0131\u015f\u0131. Alternatif, ula\u015f\u0131labilir, tamamen \u00fccretsiz bir sa\u011fl\u0131k sistemi t\u00fcm insanlar i\u00e7in ertelenemez bir ihtiya\u00e7.<\/p>","protected":false},"excerpt":{"rendered":"<p>Yo\u011fun \u00c7al\u0131\u015fma Rejimi&nbsp; B\u00fct\u00fcn d\u00fcnyaya h\u0131zl\u0131 bir \u015fekilde yay\u0131lan Korona vir\u00fcs\u00fc(Covid-19) ilk kez \u00c7in\u2019in Wuhan kentinde, Aral\u0131k 2019\u2019da ortaya \u00e7\u0131kt\u0131. D\u00fcnyada pandemi alarm\u0131 verilmesinin ard\u0131ndan bir dizi tedbirler ilan edilmeye ba\u015fland\u0131. Ancak bu \u00f6nlem a\u00e7\u0131klamalar\u0131na bakt\u0131k\u00e7a bize kalan kolonya, daha fazla el y\u0131kama, sabun ve minnet&#8230;&nbsp; Onca a\u00e7\u0131klamada ya\u015fam\u0131m\u0131z\u0131 nas\u0131l s\u00fcrd\u00fcrece\u011fimize dair tek bir c\u00fcmle&hellip;<\/p>","protected":false},"author":5,"featured_media":2529,"comment_status":"closed","ping_status":"closed","sticky":false,"template":"","format":"standard","meta":{"_coblocks_attr":"","_coblocks_dimensions":"","_coblocks_responsive_height":"","_coblocks_accordion_ie_support":"","_eb_attr":"","inline_featured_image":false,"footnotes":""},"categories":[545,97],"tags":[112,305,142],"ppma_author":[573],"class_list":["post-2528","post","type-post","status-publish","format-standard","has-post-thumbnail","hentry","category-saglik","category-sozumuz-var","tag-covid-19","tag-pandemi","tag-saglik-calisanlari","author-mor-dayanisma"],"authors":[{"term_id":573,"user_id":5,"is_guest":0,"slug":"mor-dayanisma","display_name":"Mor Dayan\u0131\u015fma","avatar_url":"https:\/\/www.mordayanisma.org\/wp-content\/litespeed\/avatar\/18b1bff8d2c98eaf6f87c388a27f2cfa.jpg?ver=1788268176","author_category":"1","first_name":"Mor","last_name":"Dayan\u0131\u015fma","user_url":"","job_title":"","description":"<a href=\"https:\/\/www.mordayanisma.org\/en\/iletisim\/\" target=\"_blank\" rel=\"noopener\">Contact<\/a>\r\n\r\ndayanismamor@gmail.com"}],"_links":{"self":[{"href":"https:\/\/www.mordayanisma.org\/en\/wp-json\/wp\/v2\/posts\/2528","targetHints":{"allow":["GET"]}}],"collection":[{"href":"https:\/\/www.mordayanisma.org\/en\/wp-json\/wp\/v2\/posts"}],"about":[{"href":"https:\/\/www.mordayanisma.org\/en\/wp-json\/wp\/v2\/types\/post"}],"author":[{"embeddable":true,"href":"https:\/\/www.mordayanisma.org\/en\/wp-json\/wp\/v2\/users\/5"}],"replies":[{"embeddable":true,"href":"https:\/\/www.mordayanisma.org\/en\/wp-json\/wp\/v2\/comments?post=2528"}],"version-history":[{"count":0,"href":"https:\/\/www.mordayanisma.org\/en\/wp-json\/wp\/v2\/posts\/2528\/revisions"}],"wp:featuredmedia":[{"embeddable":true,"href":"https:\/\/www.mordayanisma.org\/en\/wp-json\/wp\/v2\/media\/2529"}],"wp:attachment":[{"href":"https:\/\/www.mordayanisma.org\/en\/wp-json\/wp\/v2\/media?parent=2528"}],"wp:term":[{"taxonomy":"category","embeddable":true,"href":"https:\/\/www.mordayanisma.org\/en\/wp-json\/wp\/v2\/categories?post=2528"},{"taxonomy":"post_tag","embeddable":true,"href":"https:\/\/www.mordayanisma.org\/en\/wp-json\/wp\/v2\/tags?post=2528"},{"taxonomy":"author","embeddable":true,"href":"https:\/\/www.mordayanisma.org\/en\/wp-json\/wp\/v2\/ppma_author?post=2528"}],"curies":[{"name":"wp","href":"https:\/\/api.w.org\/{rel}","templated":true}]}}