{"id":2441,"date":"2020-05-02T17:18:01","date_gmt":"2020-05-02T14:18:01","guid":{"rendered":"http:\/\/mordayanisma.org\/?p=2441"},"modified":"2020-05-16T23:00:16","modified_gmt":"2020-05-16T20:00:16","slug":"kadinlar-icin-ataerki-koronadan-daha-tehlikeli","status":"publish","type":"post","link":"https:\/\/www.mordayanisma.org\/en\/2020\/05\/02\/kadinlar-icin-ataerki-koronadan-daha-tehlikeli\/","title":{"rendered":"Kad\u0131nlar \u0130\u00e7in Ataerki, Koronadan Daha Tehlikeli"},"content":{"rendered":"<blockquote class=\"wp-block-quote is-layout-flow wp-block-quote-is-layout-flow\"><p><em>Kad\u0131nlar, dayan\u0131\u015fma a\u011flar\u0131, sosyal medya etkinlikleri ve erkek \u015fiddetine kar\u015f\u0131 her an olu\u015fturulan kamuoyu ile ya\u015famlar\u0131 i\u00e7in m\u00fccadele etmeye, karantina ko\u015fullar\u0131nda da devam ediyorlar. \u00c7\u00fcnk\u00fc her d\u00f6nemde oldu\u011fu gibi korona&nbsp;g\u00fcnlerinde de kad\u0131nlar\u0131 ya\u015fatacak olan kad\u0131n m\u00fccadelesidir.<\/em><\/p><\/blockquote>\n\n\n\n<p class=\"wp-block-paragraph\">K\u00fcresel bir salg\u0131na d\u00f6n\u00fc\u015fen coronavir\u00fcsten korunmak i\u00e7in al\u0131nan \u00f6nlemler milyonlarca i\u015f\u00e7iyi kapsam\u0131yor. Bu ba\u011flamda salg\u0131ndan korunmakla a\u00e7 kalmak aras\u0131nda b\u0131rak\u0131lan i\u015f\u00e7iler \u00e7al\u0131\u015fmaya devam etmek zorunda kal\u0131yor. Salg\u0131n&nbsp;kapsam\u0131nda kapat\u0131lan i\u015f yerleri \u00e7al\u0131\u015fanlar\u0131 ise, zorla \u00fccretsiz izne \u00e7\u0131kar\u0131ld\u0131lar veya i\u015flerine son verildi.<\/p>\n\n\n\n<p class=\"wp-block-paragraph\"><strong>Korona g\u00fcnlerinde kad\u0131n eme\u011fi<\/strong><\/p>\n\n\n\n<p class=\"wp-block-paragraph\">Karantina d\u00f6neminde evin dezenfekte edilmesi, daha da yoksulla\u015fan aileyi elde kalan az miktarda para ile besleme g\u00f6revi, temel ya\u015fam ihtiya\u00e7lar\u0131n\u0131n en ucuza sat\u0131n al\u0131nmas\u0131, sat\u0131n al\u0131nan her \u015feyin dezenfekte edilmesi gibi onlarca&nbsp;i\u015fi yapanlar yine kad\u0131nlar oluyor.<\/p>\n\n\n\n<p class=\"wp-block-paragraph\">\u00dccretli bir i\u015fte \u00e7al\u0131\u015fan kad\u0131nlar ise i\u015f d\u0131\u015f\u0131ndaki t\u00fcm zamanlar\u0131n\u0131 evi dezenfekte etme, aileyi sa\u011fl\u0131kl\u0131 besleme gibi i\u015flere ay\u0131rarak nefes almadan \u00e7al\u0131\u015fmak zorunda b\u0131rak\u0131l\u0131yor. Ayr\u0131ca okullar\u0131n kapat\u0131lmas\u0131yla olu\u015fan \u00e7ocuk bak\u0131m&nbsp;krizi ile birlikte kad\u0131nlar\u0131n ev i\u00e7i y\u00fckleri \u00e7ok daha fazla artm\u0131\u015f durumda.<\/p>\n\n\n\n<p class=\"wp-block-paragraph\">Bunun yan\u0131nda kad\u0131nlar\u0131n her g\u00fcn ailelerindeki erkekler taraf\u0131ndan \u00f6ld\u00fcr\u00fcld\u00fckleri, istismar, \u015fiddet, taciz ve tecav\u00fcze maruz b\u0131rak\u0131ld\u0131klar\u0131 evler, salg\u0131n durumunun getirdi\u011fi huzursuzluk ve yoksulla\u015fma ile \u00e7ok daha g\u00fcvensiz&nbsp;hale geldi. Korona salg\u0131n\u0131 t\u00fcm g\u00fcndemi me\u015fgul ederken, kad\u0131nlar i\u00e7in salg\u0131ndan \u00e7ok daha \u00f6ld\u00fcr\u00fcc\u00fc olan erkek \u015fiddetine kar\u015f\u0131 hi\u00e7bir \u00f6nlem al\u0131nm\u0131yor.<\/p>\n\n\n\n<p class=\"wp-block-paragraph\"><strong>Karantinada da kad\u0131n dayan\u0131\u015fmas\u0131<\/strong><\/p>\n\n\n\n<p class=\"wp-block-paragraph\">Kad\u0131nlar, dayan\u0131\u015fma a\u011flar\u0131, sosyal medya etkinlikleri ve erkek \u015fiddetine kar\u015f\u0131 her an olu\u015fturulan kamuoyu ile ya\u015famlar\u0131 i\u00e7in m\u00fccadele etmeye, karantina ko\u015fullar\u0131nda da devam ediyorlar. \u00c7\u00fcnk\u00fc her d\u00f6nemde oldu\u011fu gibi korona g\u00fcnlerinde&nbsp;de kad\u0131nlar\u0131 ya\u015fatacak olan kad\u0131n m\u00fccadelesidir.&nbsp;<\/p>","protected":false},"excerpt":{"rendered":"<p>Kad\u0131nlar, dayan\u0131\u015fma a\u011flar\u0131, sosyal medya etkinlikleri ve erkek \u015fiddetine kar\u015f\u0131 her an olu\u015fturulan kamuoyu ile ya\u015famlar\u0131 i\u00e7in m\u00fccadele etmeye, karantina ko\u015fullar\u0131nda da devam ediyorlar. \u00c7\u00fcnk\u00fc her d\u00f6nemde oldu\u011fu gibi korona&nbsp;g\u00fcnlerinde de kad\u0131nlar\u0131 ya\u015fatacak olan kad\u0131n m\u00fccadelesidir. K\u00fcresel bir salg\u0131na d\u00f6n\u00fc\u015fen coronavir\u00fcsten korunmak i\u00e7in al\u0131nan \u00f6nlemler milyonlarca i\u015f\u00e7iyi kapsam\u0131yor. Bu ba\u011flamda salg\u0131ndan korunmakla a\u00e7 kalmak aras\u0131nda&hellip;<\/p>","protected":false},"author":5,"featured_media":2442,"comment_status":"closed","ping_status":"closed","sticky":false,"template":"","format":"standard","meta":{"_coblocks_attr":"","_coblocks_dimensions":"","_coblocks_responsive_height":"","_coblocks_accordion_ie_support":"","_eb_attr":"","inline_featured_image":false,"footnotes":""},"categories":[97],"tags":[112,151,206,205],"ppma_author":[573],"class_list":["post-2441","post","type-post","status-publish","format-standard","has-post-thumbnail","hentry","category-sozumuz-var","tag-covid-19","tag-kadin-dayanismasi","tag-karantina","tag-korona","author-mor-dayanisma"],"authors":[{"term_id":573,"user_id":5,"is_guest":0,"slug":"mor-dayanisma","display_name":"Mor Dayan\u0131\u015fma","avatar_url":"https:\/\/www.mordayanisma.org\/wp-content\/litespeed\/avatar\/18b1bff8d2c98eaf6f87c388a27f2cfa.jpg?ver=1788268176","author_category":"1","first_name":"Mor","last_name":"Dayan\u0131\u015fma","user_url":"","job_title":"","description":"<a href=\"https:\/\/www.mordayanisma.org\/en\/iletisim\/\" target=\"_blank\" rel=\"noopener\">Contact<\/a>\r\n\r\ndayanismamor@gmail.com"}],"_links":{"self":[{"href":"https:\/\/www.mordayanisma.org\/en\/wp-json\/wp\/v2\/posts\/2441","targetHints":{"allow":["GET"]}}],"collection":[{"href":"https:\/\/www.mordayanisma.org\/en\/wp-json\/wp\/v2\/posts"}],"about":[{"href":"https:\/\/www.mordayanisma.org\/en\/wp-json\/wp\/v2\/types\/post"}],"author":[{"embeddable":true,"href":"https:\/\/www.mordayanisma.org\/en\/wp-json\/wp\/v2\/users\/5"}],"replies":[{"embeddable":true,"href":"https:\/\/www.mordayanisma.org\/en\/wp-json\/wp\/v2\/comments?post=2441"}],"version-history":[{"count":0,"href":"https:\/\/www.mordayanisma.org\/en\/wp-json\/wp\/v2\/posts\/2441\/revisions"}],"wp:featuredmedia":[{"embeddable":true,"href":"https:\/\/www.mordayanisma.org\/en\/wp-json\/wp\/v2\/media\/2442"}],"wp:attachment":[{"href":"https:\/\/www.mordayanisma.org\/en\/wp-json\/wp\/v2\/media?parent=2441"}],"wp:term":[{"taxonomy":"category","embeddable":true,"href":"https:\/\/www.mordayanisma.org\/en\/wp-json\/wp\/v2\/categories?post=2441"},{"taxonomy":"post_tag","embeddable":true,"href":"https:\/\/www.mordayanisma.org\/en\/wp-json\/wp\/v2\/tags?post=2441"},{"taxonomy":"author","embeddable":true,"href":"https:\/\/www.mordayanisma.org\/en\/wp-json\/wp\/v2\/ppma_author?post=2441"}],"curies":[{"name":"wp","href":"https:\/\/api.w.org\/{rel}","templated":true}]}}