{"id":2431,"date":"2020-05-02T16:52:56","date_gmt":"2020-05-02T13:52:56","guid":{"rendered":"http:\/\/mordayanisma.org\/?p=2431"},"modified":"2025-03-07T10:48:16","modified_gmt":"2025-03-07T07:48:16","slug":"bahar-ellerimizde-guc-birbirimizde","status":"publish","type":"post","link":"https:\/\/www.mordayanisma.org\/en\/2020\/05\/02\/bahar-ellerimizde-guc-birbirimizde\/","title":{"rendered":"Bahar Ellerimizde G\u00fc\u00e7 Birbirimizde"},"content":{"rendered":"<p class=\"wp-block-paragraph\">COVID-19 vir\u00fcs\u00fc olarak tan\u0131mlanan ve do\u011fada ya\u015fayan t\u00fcm canl\u0131lar a\u00e7\u0131s\u0131ndan ciddi bir tehdit haline gelen Korona vir\u00fcs\u00fcn\u00fcn giderek yayg\u0131nla\u015fmas\u0131 ger\u00e7e\u011fi ile kar\u015f\u0131 kar\u015f\u0131yay\u0131z. Neoliberal politikalar ile ekolojik y\u0131k\u0131ma sebep olanlar salg\u0131n\u0131 da bahane edip evde, \u00f6zel sekt\u00f6rde, fabrikalarda ve \u00fcretti\u011fimiz her alanda kad\u0131nlar\u0131n ya\u015fam ve sa\u011fl\u0131k hakk\u0131n\u0131 tehdit ederek bask\u0131y\u0131 daha \u00e7ok artt\u0131r\u0131yorlar. \u201cEvde Kal\u201d ve \u201c Hayat Eve S\u0131\u011far\u201d s\u00f6zlerinin kad\u0131nlar\u0131 korumayan bir yerde durdu\u011funu \u015furadan g\u00f6r\u00fcyoruz: Mart ay\u0131nda 18 kad\u0131n ev i\u00e7inde \u00f6ld\u00fcr\u00fcld\u00fc! ALO 150 ve 183 yo\u011funluktan kad\u0131na \u015fiddet \u00e7a\u011fr\u0131lar\u0131na cevap vermiyor! Karakollar kad\u0131nlar\u0131n \u015fik\u00e2yetlerini, s\u0131\u011f\u0131naklar kad\u0131nlar\u0131 almayabiliyor!<\/p>\n\n\n\n<p class=\"wp-block-paragraph\">\u00dclkelerin pandemi a\u00e7\u0131klamas\u0131ndan sonra al\u0131nan tedbirler gere\u011fi ev i\u00e7inde daha \u00e7ok zaman ge\u00e7irme, s\u00fcrekli izolasyon ve ula\u015f\u0131m yasaklar\u0131n\u0131 tahakk\u00fcm kurma f\u0131rsat\u0131 olarak kullanan erkek egemen zihniyet sonucu ortaya \u00e7\u0131kan ve \u00f6telenen kad\u0131na y\u00f6nelik psikolojik, cinsel, fiziksel her t\u00fcrl\u00fc \u015fiddet, \u00f6zel alan\u0131n politik oldu\u011fu ger\u00e7ekli\u011fini bir kere daha enternasyonal a\u00e7\u0131dan g\u00f6zler \u00f6n\u00fcne sermi\u015ftir.&nbsp;&nbsp;<\/p>\n\n\n\n<p class=\"wp-block-paragraph\">Ev, ev i\u00e7i hizmetler, \u00e7ocuk, hasta ve ya\u015fl\u0131 bak\u0131m\u0131 deyince hemen toplumsal cinsiyet rollerini dayatan erkek egemen dili ve zihniyeti \u00e7ok iyi tan\u0131yoruz. Korona vir\u00fcs ile \u00c7in\u2019de ve d\u00fcnyan\u0131n her yerinde artan kad\u0131na y\u00f6nelik \u015fiddeti, artan ev i\u00e7i emek s\u00f6m\u00fcr\u00fcs\u00fcn\u00fc, \u00f6zellikle g\u00f6\u00e7men i\u015f\u00e7i kad\u0131nlara sa\u011flanmayan sa\u011fl\u0131k ve \u00fccretli izin haklar\u0131n\u0131 patriyarkal kapitalizmin \u00e7\u0131karlar\u0131 a\u00e7\u0131s\u0131ndan okumak gerekti\u011fine inan\u0131yoruz.<\/p>\n\n\n\n<p class=\"wp-block-paragraph\">Kad\u0131nlar\u0131n eme\u011fini, bedenini, haklar\u0131n\u0131 s\u00f6m\u00fcrerek krizlerini kahramanl\u0131k \u00f6yk\u00fcleriyle gizlemeye \u00e7al\u0131\u015fanlara, salg\u0131n d\u00f6nemini tahakk\u00fcm kurma f\u0131rsat\u0131na \u00e7evirmeye \u00e7al\u0131\u015fan erkek egemen sisteme, \u015feffafl\u0131ktan ve bilimsellikten uzak politik bir dili normalle\u015ftirenlere, \u0131rk\u00e7\u0131l\u0131\u011f\u0131 k\u00f6r\u00fckleyenlere ve yoksullara \u201c\u00f6l\u00fcm&#8221; diyenlere kar\u015f\u0131 m\u00fccadele etmeye devam edece\u011fiz.<\/p>\n\n\n\n<p class=\"wp-block-paragraph\">Yoksulluk, i\u015fsizlik ve ekonomik kriz i\u00e7erisinde ya\u015fam m\u00fccadelesi verirken Korona vir\u00fcs\u00fcnden daha tehlikeli olan kad\u0131n d\u00fc\u015fman\u0131 s\u00f6ylemlere ve politikalara kar\u015f\u0131 m\u00fccadeleyi b\u00fcy\u00fctmek i\u00e7in dayan\u0131\u015fma a\u011flar\u0131m\u0131z\u0131 \u00f6r\u00fcyoruz.&nbsp;<\/p>\n\n\n\n<p class=\"wp-block-paragraph\"><strong>Ya\u015famak i\u00e7in m\u00fccadele etmeye devam ediyor, dayan\u0131lma a\u011flar\u0131m\u0131z\u0131 b\u00fcy\u00fct\u00fcyoruz.<\/strong><\/p>\n\n\n\n<p class=\"wp-block-paragraph\">Kad\u0131nlar\u0131n sa\u011fl\u0131\u011f\u0131n\u0131 ve ya\u015fam\u0131n\u0131 de\u011fil sermayeyi savunan iktidar\u0131 hemen harekete ge\u00e7meye \u00e7a\u011f\u0131r\u0131yoruz!<\/p>\n\n\n\n<p class=\"wp-block-paragraph\">*Kad\u0131nlar\u0131 koruyacak olan 6284 hemen uygulanmal\u0131.<\/p>\n\n\n\n<p class=\"wp-block-paragraph\">*Sa\u011fl\u0131k hizmetleri, dezenfektan ve benzeri malzemelere ula\u015f\u0131m \u00fccretsiz olmal\u0131.<\/p>\n\n\n\n<p class=\"wp-block-paragraph\">*\u0130\u015ften \u00e7\u0131kar\u0131lanlar i\u00e7in ko\u015fulsuz i\u015fsizlik maa\u015f\u0131, zorunlu olmayan sekt\u00f6rlerde \u00e7al\u0131\u015fan herkese derhal \u00fccretli izin verilmeli.<\/p>\n\n\n\n<p class=\"wp-block-paragraph\">*Hastanelerde, evlerde, kamuya a\u00e7\u0131k her yerde \u00e7al\u0131\u015fan temizlik i\u015f\u00e7ilerine \u00fccretsiz sa\u011fl\u0131k hizmetleri sa\u011flanmal\u0131.<\/p>\n\n\n\n<p class=\"wp-block-paragraph\">*Ev i\u00e7i \u015fiddete y\u00f6nelik \u015fik\u00e2yet ve m\u00fcdahale mekanizmalar\u0131 7\/24 aktif olmal\u0131.<\/p>\n\n\n\n<p class=\"wp-block-paragraph\">*Hapishanede, sokakta ya\u015fayan, s\u0131n\u0131rlarda bekletilen insanlara d\u00fczenli bak\u0131m hizmetleri verilmeli, temel ihtiya\u00e7lar\u0131 \u00fccretsiz olarak kar\u015f\u0131lanmal\u0131, hijyen ve ya\u015fam ko\u015fullar\u0131n\u0131n iyile\u015ftirilmeli.<\/p>\n\n\n\n<p class=\"wp-block-paragraph\">* \u0130zni kald\u0131r\u0131lan sa\u011fl\u0131k \u00e7al\u0131\u015fanlar\u0131ndan &#8220;hamile olanlar\u0131n ve s\u00fct izni olanlar\u0131n&#8221; bu uygulamadan hari\u00e7 tutulmal\u0131.<\/p>","protected":false},"excerpt":{"rendered":"<p>COVID-19 vir\u00fcs\u00fc olarak tan\u0131mlanan ve do\u011fada ya\u015fayan t\u00fcm canl\u0131lar a\u00e7\u0131s\u0131ndan ciddi bir tehdit haline gelen Korona vir\u00fcs\u00fcn\u00fcn giderek yayg\u0131nla\u015fmas\u0131 ger\u00e7e\u011fi ile kar\u015f\u0131 kar\u015f\u0131yay\u0131z. Neoliberal politikalar ile ekolojik y\u0131k\u0131ma sebep olanlar salg\u0131n\u0131 da bahane edip evde, \u00f6zel sekt\u00f6rde, fabrikalarda ve \u00fcretti\u011fimiz her alanda kad\u0131nlar\u0131n ya\u015fam ve sa\u011fl\u0131k hakk\u0131n\u0131 tehdit ederek bask\u0131y\u0131 daha \u00e7ok artt\u0131r\u0131yorlar. \u201cEvde Kal\u201d&hellip;<\/p>","protected":false},"author":5,"featured_media":2432,"comment_status":"closed","ping_status":"closed","sticky":false,"template":"","format":"standard","meta":{"_coblocks_attr":"","_coblocks_dimensions":"","_coblocks_responsive_height":"","_coblocks_accordion_ie_support":"","_eb_attr":"","inline_featured_image":false,"footnotes":""},"categories":[97],"tags":[112,151,311],"ppma_author":[573],"class_list":["post-2431","post","type-post","status-publish","format-standard","has-post-thumbnail","hentry","category-sozumuz-var","tag-covid-19","tag-kadin-dayanismasi","tag-kadinmucadelesi","author-mor-dayanisma"],"authors":[{"term_id":573,"user_id":5,"is_guest":0,"slug":"mor-dayanisma","display_name":"Mor Dayan\u0131\u015fma","avatar_url":"https:\/\/www.mordayanisma.org\/wp-content\/litespeed\/avatar\/18b1bff8d2c98eaf6f87c388a27f2cfa.jpg?ver=1788268176","author_category":"1","first_name":"Mor","last_name":"Dayan\u0131\u015fma","user_url":"","job_title":"","description":"<a href=\"https:\/\/www.mordayanisma.org\/en\/iletisim\/\" target=\"_blank\" rel=\"noopener\">Contact<\/a>\r\n\r\ndayanismamor@gmail.com"}],"_links":{"self":[{"href":"https:\/\/www.mordayanisma.org\/en\/wp-json\/wp\/v2\/posts\/2431","targetHints":{"allow":["GET"]}}],"collection":[{"href":"https:\/\/www.mordayanisma.org\/en\/wp-json\/wp\/v2\/posts"}],"about":[{"href":"https:\/\/www.mordayanisma.org\/en\/wp-json\/wp\/v2\/types\/post"}],"author":[{"embeddable":true,"href":"https:\/\/www.mordayanisma.org\/en\/wp-json\/wp\/v2\/users\/5"}],"replies":[{"embeddable":true,"href":"https:\/\/www.mordayanisma.org\/en\/wp-json\/wp\/v2\/comments?post=2431"}],"version-history":[{"count":0,"href":"https:\/\/www.mordayanisma.org\/en\/wp-json\/wp\/v2\/posts\/2431\/revisions"}],"wp:featuredmedia":[{"embeddable":true,"href":"https:\/\/www.mordayanisma.org\/en\/wp-json\/wp\/v2\/media\/2432"}],"wp:attachment":[{"href":"https:\/\/www.mordayanisma.org\/en\/wp-json\/wp\/v2\/media?parent=2431"}],"wp:term":[{"taxonomy":"category","embeddable":true,"href":"https:\/\/www.mordayanisma.org\/en\/wp-json\/wp\/v2\/categories?post=2431"},{"taxonomy":"post_tag","embeddable":true,"href":"https:\/\/www.mordayanisma.org\/en\/wp-json\/wp\/v2\/tags?post=2431"},{"taxonomy":"author","embeddable":true,"href":"https:\/\/www.mordayanisma.org\/en\/wp-json\/wp\/v2\/ppma_author?post=2431"}],"curies":[{"name":"wp","href":"https:\/\/api.w.org\/{rel}","templated":true}]}}