{"id":2372,"date":"2020-04-29T23:14:32","date_gmt":"2020-04-29T20:14:32","guid":{"rendered":"http:\/\/mordayanisma.org\/?p=2372"},"modified":"2024-12-27T15:38:53","modified_gmt":"2024-12-27T12:38:53","slug":"kadinlar-ilk-gorevlerinin-cocuk-buyutmek-olmadigini-kendilerini-sevmek-oldugunu-bilmeliler-m-a-30-adana","status":"publish","type":"post","link":"https:\/\/www.mordayanisma.org\/en\/2020\/04\/29\/kadinlar-ilk-gorevlerinin-cocuk-buyutmek-olmadigini-kendilerini-sevmek-oldugunu-bilmeliler-m-a-30-adana\/","title":{"rendered":"Kad\u0131nlar \u0130lk G\u00f6revlerinin \u00c7ocuk B\u00fcy\u00fctmek Olmad\u0131\u011f\u0131n\u0131, Kendilerini Sevmek Oldu\u011funu Bilmeliler"},"content":{"rendered":"<p class=\"wp-block-paragraph\">M.A, 30, Adana<\/p>\n\n\n\n<p class=\"wp-block-paragraph\">\u0130ranl\u0131 kad\u0131n haklar\u0131 savunucusu, e\u015fitlik m\u00fccadelesi veren ve bu y\u00fczden tecav\u00fcze u\u011fram\u0131\u015f feminist bir hukuk\u00e7uyum. \u0130ran\u2019da ahlak polislerinin ba\u015f\u00f6rt\u00fcm\u00fc yanl\u0131\u015f takt\u0131\u011f\u0131m\u0131 s\u00f6ylemesi ve beni g\u00f6zalt\u0131na almalar\u0131 sonras\u0131 iki polis taraf\u0131ndan tecav\u00fcze u\u011frad\u0131m. \u00dcniversiteden kad\u0131n haklar\u0131n\u0131 savunmam y\u00fcz\u00fcnden at\u0131ld\u0131m, polisler taraf\u0131ndan \u00f6l\u00fcmle ve tecav\u00fczle tehdit edilmeye devam ettim ve olay \u00e7ocu\u011fumu \u00f6ld\u00fcrme tehditlerine kadar vard\u0131. \u015eikayet\u00e7i olmak istedi\u011fimde hi\u00e7bir yerden destek g\u00f6remedim ve \u0130ran\u2019\u0131 terk etmek zorunda kald\u0131m.2 y\u0131ld\u0131r Adana\u2019da otizm te\u015fhisi koyulan 5 ya\u015f\u0131ndaki o\u011flumla ve e\u015fimle ya\u015fam m\u00fccadelesi veriyorum.<\/p>\n\n\n\n<blockquote class=\"wp-block-quote is-layout-flow wp-block-quote-is-layout-flow\">\n<p class=\"wp-block-paragraph\">Kad\u0131nlara y\u00f6nelik \u015fiddete sessiz kalmayaca\u011f\u0131m ve buna kar\u015f\u0131 ses \u00e7\u0131karmaktan asla vazge\u00e7meyece\u011fim.<\/p>\n<\/blockquote>\n\n\n\n<p class=\"wp-block-paragraph\"> Tecav\u00fcz sonras\u0131 idrar problemleri ya\u015famaya ba\u015flad\u0131m ve erkek doktor dahi g\u00f6rmeyi istemeyecek kadar psikolojim bozuldu. Bir kad\u0131n \u00fcrolo\u011fa g\u00f6r\u00fcnmek, tedavi olmak ve ayr\u0131ca \u00e7ocu\u011fumun tedavi olmas\u0131 i\u00e7in \u0130stanbul&#8217;a ve sonras\u0131na Avrupa\u2019ya gitmeyi istiyorum. Fakat ne maddi ne de manevi y\u00f6nden b\u00f6yle bir g\u00fcc\u00fcm\u00fcz var. Her \u015feye ra\u011fmen bana destek \u00e7\u0131kan kad\u0131n \u00f6rg\u00fctleri ve Mor Dayan\u0131\u015fma ile g\u00fc\u00e7leniyorum. Kad\u0131nlar ilk g\u00f6revlerinin \u00e7ocuk b\u00fcy\u00fctmek olmad\u0131\u011f\u0131n\u0131, kendilerini sevmek oldu\u011funu bilmeliler. T\u00fcm d\u00fcnya kad\u0131nlarla erkeklerin s\u00f6zde de\u011fil pratikte e\u015fit olmak zorunda oldu\u011funu bilmek zorunda. Tecav\u00fcze u\u011frad\u0131\u011f\u0131m o ac\u0131 g\u00fcn\u00fc t\u00fcm kad\u0131nlar ve kad\u0131n m\u00fccadelesi i\u00e7in unutmayaca\u011f\u0131m, kad\u0131nlara y\u00f6nelik \u015fiddete sessiz kalmayaca\u011f\u0131m ve buna kar\u015f\u0131 ses \u00e7\u0131karmaktan asla vazge\u00e7meyece\u011fim.<\/p>","protected":false},"excerpt":{"rendered":"<p>M.A, 30, Adana \u0130ranl\u0131 kad\u0131n haklar\u0131 savunucusu, e\u015fitlik m\u00fccadelesi veren ve bu y\u00fczden tecav\u00fcze u\u011fram\u0131\u015f feminist bir hukuk\u00e7uyum. \u0130ran\u2019da ahlak polislerinin ba\u015f\u00f6rt\u00fcm\u00fc yanl\u0131\u015f takt\u0131\u011f\u0131m\u0131 s\u00f6ylemesi ve beni g\u00f6zalt\u0131na almalar\u0131 sonras\u0131 iki polis taraf\u0131ndan tecav\u00fcze u\u011frad\u0131m. \u00dcniversiteden kad\u0131n haklar\u0131n\u0131 savunmam y\u00fcz\u00fcnden at\u0131ld\u0131m, polisler taraf\u0131ndan \u00f6l\u00fcmle ve tecav\u00fczle tehdit edilmeye devam ettim ve olay \u00e7ocu\u011fumu \u00f6ld\u00fcrme tehditlerine&hellip;<\/p>","protected":false},"author":66,"featured_media":2373,"comment_status":"closed","ping_status":"closed","sticky":false,"template":"","format":"standard","meta":{"_coblocks_attr":"","_coblocks_dimensions":"","_coblocks_responsive_height":"","_coblocks_accordion_ie_support":"","_eb_attr":"","inline_featured_image":false,"footnotes":""},"categories":[95],"tags":[168,341,626],"ppma_author":[625],"class_list":["post-2372","post","type-post","status-publish","format-standard","has-post-thumbnail","hentry","category-sen-anlat","tag-kadina-yonelik-cinsel-siddet","tag-dayanisma","tag-iranli-kadinlar","author-m-a"],"authors":[{"term_id":625,"user_id":0,"is_guest":1,"slug":"m-a","display_name":"M. A.","avatar_url":"https:\/\/www.mordayanisma.org\/wp-content\/litespeed\/avatar\/23494c9101089ad44ae88ce9d2f56aac.jpg?ver=1788427700","author_category":"","first_name":"","last_name":"","user_url":"","job_title":"","description":""}],"_links":{"self":[{"href":"https:\/\/www.mordayanisma.org\/en\/wp-json\/wp\/v2\/posts\/2372","targetHints":{"allow":["GET"]}}],"collection":[{"href":"https:\/\/www.mordayanisma.org\/en\/wp-json\/wp\/v2\/posts"}],"about":[{"href":"https:\/\/www.mordayanisma.org\/en\/wp-json\/wp\/v2\/types\/post"}],"author":[{"embeddable":true,"href":"https:\/\/www.mordayanisma.org\/en\/wp-json\/wp\/v2\/users\/66"}],"replies":[{"embeddable":true,"href":"https:\/\/www.mordayanisma.org\/en\/wp-json\/wp\/v2\/comments?post=2372"}],"version-history":[{"count":0,"href":"https:\/\/www.mordayanisma.org\/en\/wp-json\/wp\/v2\/posts\/2372\/revisions"}],"wp:featuredmedia":[{"embeddable":true,"href":"https:\/\/www.mordayanisma.org\/en\/wp-json\/wp\/v2\/media\/2373"}],"wp:attachment":[{"href":"https:\/\/www.mordayanisma.org\/en\/wp-json\/wp\/v2\/media?parent=2372"}],"wp:term":[{"taxonomy":"category","embeddable":true,"href":"https:\/\/www.mordayanisma.org\/en\/wp-json\/wp\/v2\/categories?post=2372"},{"taxonomy":"post_tag","embeddable":true,"href":"https:\/\/www.mordayanisma.org\/en\/wp-json\/wp\/v2\/tags?post=2372"},{"taxonomy":"author","embeddable":true,"href":"https:\/\/www.mordayanisma.org\/en\/wp-json\/wp\/v2\/ppma_author?post=2372"}],"curies":[{"name":"wp","href":"https:\/\/api.w.org\/{rel}","templated":true}]}}