{"id":12588,"date":"2026-08-31T11:17:00","date_gmt":"2026-08-31T08:17:00","guid":{"rendered":"https:\/\/www.mordayanisma.org\/?p=12588"},"modified":"2026-09-03T23:20:36","modified_gmt":"2026-09-03T20:20:36","slug":"izmir-mor-dayanismadan-halklarin-iklim-zirvesi-bulusmasina-cagri","status":"publish","type":"post","link":"https:\/\/www.mordayanisma.org\/en\/2026\/08\/31\/izmir-mor-dayanismadan-halklarin-iklim-zirvesi-bulusmasina-cagri\/","title":{"rendered":"\u0130zmir Mor Dayan\u0131\u015fma\u2019dan Halklar\u0131n \u0130klim Zirvesi Bulu\u015fmas\u0131na \u00c7a\u011fr\u0131"},"content":{"rendered":"\n<p class=\"wp-block-paragraph\">\u0130zmir Mor Dayan\u0131\u015fma, iklim krizine kar\u015f\u0131 halklar\u0131n s\u00f6z\u00fcn\u00fc ve alternatiflerini b\u00fcy\u00fctmek amac\u0131yla d\u00fczenlenecek \u2018Halklar\u0131n \u0130klim Zirvesi\u2019 bulu\u015fmas\u0131na \u00e7a\u011fr\u0131 yapt\u0131.<\/p>\n<span hidden class=\"__iawmlf-post-loop-links\" data-iawmlf-links=\"[{&quot;id&quot;:610,&quot;href&quot;:&quot;https:\\\/\\\/ilkses.com.tr\\\/izmir\\\/izmir-mor-dayanisma-dan-halklarin-iklim-zirvesi-bulusmasina-cagri-458841#&quot;,&quot;archived_href&quot;:&quot;https:\\\/\\\/web-wp.archive.org\\\/web\\\/20260903202121\\\/https:\\\/\\\/ilkses.com.tr\\\/izmir\\\/izmir-mor-dayanisma-dan-halklarin-iklim-zirvesi-bulusmasina-cagri-458841&quot;,&quot;redirect_href&quot;:&quot;&quot;,&quot;checks&quot;:[],&quot;broken&quot;:false,&quot;last_checked&quot;:null,&quot;process&quot;:&quot;done&quot;},{&quot;id&quot;:611,&quot;href&quot;:&quot;https:\\\/\\\/ilkses.com.tr\\\/izmir\\\/izmir-mor-dayanisma-dan-halklarin-iklim-zirvesi-bulusmasina-cagri-458841&quot;,&quot;archived_href&quot;:&quot;https:\\\/\\\/web-wp.archive.org\\\/web\\\/20260903202121\\\/https:\\\/\\\/ilkses.com.tr\\\/izmir\\\/izmir-mor-dayanisma-dan-halklarin-iklim-zirvesi-bulusmasina-cagri-458841&quot;,&quot;redirect_href&quot;:&quot;&quot;,&quot;checks&quot;:[],&quot;broken&quot;:false,&quot;last_checked&quot;:null,&quot;process&quot;:&quot;done&quot;}]\"><\/span>\n\n\n<p class=\"wp-block-paragraph\">\u0130zmir Mor Dayan\u0131\u015fma, iklim krizinin nedenleri, iklim\u00a0\u00a0politikalar\u0131n\u0131n\u00a0belirlenme s\u00fcre\u00e7leri ve halklar\u0131n bu politikalara ili\u015fkin s\u00f6z ve alternatiflerinin ele al\u0131naca\u011f\u0131 bir s\u00f6yle\u015fi d\u00fczenlemeye haz\u0131rlan\u0131yor.\u00a0<br>\u2018\u0130klim krizini yaratanlar \u00e7\u00f6z\u00fcm\u00fc de belirleyebilir mi?\u2019 ba\u015fl\u0131\u011f\u0131yla ger\u00e7ekle\u015ftirilecek etkinlikte, T\u00fcrkiye\u2019nin ev sahipli\u011finde Antalya\u2019da d\u00fczenlenmesi planlanan COP31 s\u00fcreci \u00fczerinden iklim krizine ili\u015fkin g\u00fcncel tart\u0131\u015fmalar de\u011ferlendirilecek. S\u00f6yle\u015fide, iklim krizine neden olan\u00a0<a href=\"https:\/\/ilkses.com.tr\/izmir\/izmir-mor-dayanisma-dan-halklarin-iklim-zirvesi-bulusmasina-cagri-458841#\" target=\"_blank\" rel=\"noopener\">\u00a0politikalar\u0131n<\/a>\u00a0yan\u0131 s\u0131ra \u00e7\u00f6z\u00fcm \u00f6nerilerinin kimler taraf\u0131ndan ve hangi yakla\u015f\u0131mlarla \u015fekillendirildi\u011fi de ele al\u0131nacak.<\/p>\n\n\n\n<h2 class=\"wp-block-heading\">HALKLARIN \u0130KL\u0130M POL\u0130T\u0130KALARINDAK\u0130 S\u00d6Z\u00dc<\/h2>\n\n\n\n<p class=\"wp-block-paragraph\">3 Eyl\u00fcl Per\u015fembe g\u00fcn\u00fc saat 19.30\u2019da \u0130zmir\u2019in Kar\u015f\u0131yaka il\u00e7esinde ger\u00e7ekle\u015ftirilecek s\u00f6yle\u015finin konu\u011fu, Halklar\u0131n \u0130klim Zirvesi (H\u0130Z) \u0130zmir Meclisi ad\u0131na Avukat Nilay Sabuncuo\u011flu olacak. Etkinlikte, yakla\u015fan COP31 s\u00fcrecinin yan\u0131 s\u0131ra iklim krizinin toplumlar \u00fczerindeki etkileri, iklim adaleti ve halklar\u0131n kendi ya\u015fam alanlar\u0131na ili\u015fkin karar alma s\u00fcre\u00e7lerinde s\u00f6z sahibi olmas\u0131 gerekti\u011fine y\u00f6nelik de\u011ferlendirmeler yap\u0131lacak. S\u00f6yle\u015fide ayr\u0131ca, iklim krizinin yaln\u0131zca \u00e7evresel bir sorun olmad\u0131\u011f\u0131; ekonomik, sosyal ve&nbsp;<a href=\"https:\/\/ilkses.com.tr\/izmir\/izmir-mor-dayanisma-dan-halklarin-iklim-zirvesi-bulusmasina-cagri-458841#\" target=\"_blank\" rel=\"noopener\">&nbsp;politik<\/a>&nbsp;boyutlar\u0131yla toplumlar\u0131n ya\u015fam\u0131n\u0131 do\u011frudan etkiledi\u011fi vurgulanarak, krize kar\u015f\u0131 geli\u015ftirilecek politikalar\u0131n halklar\u0131n ihtiya\u00e7lar\u0131 ve talepleri do\u011frultusunda \u015fekillenmesinin \u00f6nemi \u00fczerinde durulmas\u0131 bekleniyor.&nbsp;<\/p>\n\n\n\n<h3 class=\"wp-block-heading\"><strong>COP31 \u00d6NCES\u0130 \u00c7A\u011eRI<\/strong><\/h3>\n\n\n\n<p class=\"wp-block-paragraph\">\u0130zmir Mor Dayan\u0131\u015fma taraf\u0131ndan yap\u0131lan duyuruda, 14-18 Kas\u0131m tarihlerinde Antalya\u2019da ger\u00e7ekle\u015ftirilecek COP31 \u00f6ncesinde halklar\u0131n iklim krizine ili\u015fkin s\u00f6z\u00fcn\u00fc ve alternatiflerini b\u00fcy\u00fctme \u00e7a\u011fr\u0131s\u0131 yap\u0131ld\u0131. Duyuruda, iklim krizine y\u00f6nelik \u00e7\u00f6z\u00fcm politikalar\u0131n\u0131n yaln\u0131zca h\u00fck\u00fcmetler, uluslararas\u0131 kurulu\u015flar ve b\u00fcy\u00fck \u015firketler taraf\u0131ndan belirlenmemesi gerekti\u011fine dikkat \u00e7ekilerek, halklar\u0131n ve toplumsal hareketlerin s\u00fcrece dahil olmas\u0131n\u0131n \u00f6nemine i\u015faret edildi. \u0130zmir Mor Dayan\u0131\u015fma\u2019n\u0131n \u00e7a\u011fr\u0131s\u0131yla d\u00fczenlenecek s\u00f6yle\u015finin, COP31 s\u00fcrecine ili\u015fkin tart\u0131\u015fmalar\u0131n yerelde y\u00fcr\u00fct\u00fclmesine ve iklim politikalar\u0131na dair farkl\u0131 toplumsal kesimlerin g\u00f6r\u00fc\u015flerinin g\u00f6r\u00fcn\u00fcr k\u0131l\u0131nmas\u0131na katk\u0131 sunmas\u0131 hedefleniyor.<\/p>\n\n\n\n<h3 class=\"wp-block-heading\"><strong>ETK\u0130NL\u0130K KAR\u015eIYAKA\u2019DA<\/strong><\/h3>\n\n\n\n<p class=\"wp-block-paragraph\">\u0130zmir Mor Dayan\u0131\u015fma Kad\u0131n Derne\u011fi ve H\u0130Z \u0130zmir Meclisi i\u015f birli\u011fiyle ger\u00e7ekle\u015ftirilecek s\u00f6yle\u015fi, Aksoy Mahallesi, 1743 Sokak No:13, Kar\u015f\u0131yaka\/\u0130zmir adresinde d\u00fczenlenecek. Etkinlikte, kat\u0131l\u0131mc\u0131lar\u0131n iklim krizine ili\u015fkin g\u00f6r\u00fc\u015f ve \u00f6nerilerini payla\u015fmalar\u0131, COP31 s\u00fcrecine dair tart\u0131\u015fmalara katk\u0131 sunmalar\u0131 ve halklar\u0131n iklim politikalar\u0131ndaki s\u00f6z hakk\u0131na ili\u015fkin alternatiflerin de\u011ferlendirilmesi ama\u00e7lan\u0131yor.<\/p>\n\n\n\n<p class=\"wp-block-paragraph\">Kaynak: <a href=\"https:\/\/ilkses.com.tr\/izmir\/izmir-mor-dayanisma-dan-halklarin-iklim-zirvesi-bulusmasina-cagri-458841\" target=\"_blank\" rel=\"noopener\">\u0130lkses<\/a><\/p>\n\n\n\n<p class=\"wp-block-paragraph\"><\/p>\n","protected":false},"excerpt":{"rendered":"<p>\u0130zmir Mor Dayan\u0131\u015fma, iklim krizine kar\u015f\u0131 halklar\u0131n s\u00f6z\u00fcn\u00fc ve alternatiflerini b\u00fcy\u00fctmek amac\u0131yla d\u00fczenlenecek \u2018Halklar\u0131n \u0130klim Zirvesi\u2019 bulu\u015fmas\u0131na \u00e7a\u011fr\u0131 yapt\u0131. \u0130zmir Mor Dayan\u0131\u015fma, iklim krizinin nedenleri, iklim\u00a0\u00a0politikalar\u0131n\u0131n\u00a0belirlenme s\u00fcre\u00e7leri ve halklar\u0131n bu politikalara ili\u015fkin s\u00f6z ve alternatiflerinin ele al\u0131naca\u011f\u0131 bir s\u00f6yle\u015fi d\u00fczenlemeye haz\u0131rlan\u0131yor.\u00a0\u2018\u0130klim krizini yaratanlar \u00e7\u00f6z\u00fcm\u00fc de belirleyebilir mi?\u2019 ba\u015fl\u0131\u011f\u0131yla ger\u00e7ekle\u015ftirilecek etkinlikte, T\u00fcrkiye\u2019nin ev sahipli\u011finde Antalya\u2019da d\u00fczenlenmesi&hellip;<\/p>","protected":false},"author":5,"featured_media":12589,"comment_status":"closed","ping_status":"closed","sticky":false,"template":"","format":"standard","meta":{"_coblocks_attr":"","_coblocks_dimensions":"","_coblocks_responsive_height":"","_coblocks_accordion_ie_support":"","_eb_attr":"","inline_featured_image":false,"footnotes":""},"categories":[537],"tags":[1594,1595,1596],"ppma_author":[573],"class_list":["post-12588","post","type-post","status-publish","format-standard","has-post-thumbnail","hentry","category-basinda-biz","tag-cop31","tag-halklarin-iklim-zirvesi","tag-iklim-krizi","author-mor-dayanisma"],"authors":[{"term_id":573,"user_id":5,"is_guest":0,"slug":"mor-dayanisma","display_name":"Mor Dayan\u0131\u015fma","avatar_url":"https:\/\/www.mordayanisma.org\/wp-content\/litespeed\/avatar\/18b1bff8d2c98eaf6f87c388a27f2cfa.jpg?ver=1788268176","author_category":"1","first_name":"Mor","last_name":"Dayan\u0131\u015fma","user_url":"","job_title":"","description":"<a href=\"https:\/\/www.mordayanisma.org\/en\/iletisim\/\" target=\"_blank\" rel=\"noopener\">Contact<\/a>\r\n\r\ndayanismamor@gmail.com"}],"_links":{"self":[{"href":"https:\/\/www.mordayanisma.org\/en\/wp-json\/wp\/v2\/posts\/12588","targetHints":{"allow":["GET"]}}],"collection":[{"href":"https:\/\/www.mordayanisma.org\/en\/wp-json\/wp\/v2\/posts"}],"about":[{"href":"https:\/\/www.mordayanisma.org\/en\/wp-json\/wp\/v2\/types\/post"}],"author":[{"embeddable":true,"href":"https:\/\/www.mordayanisma.org\/en\/wp-json\/wp\/v2\/users\/5"}],"replies":[{"embeddable":true,"href":"https:\/\/www.mordayanisma.org\/en\/wp-json\/wp\/v2\/comments?post=12588"}],"version-history":[{"count":1,"href":"https:\/\/www.mordayanisma.org\/en\/wp-json\/wp\/v2\/posts\/12588\/revisions"}],"predecessor-version":[{"id":12590,"href":"https:\/\/www.mordayanisma.org\/en\/wp-json\/wp\/v2\/posts\/12588\/revisions\/12590"}],"wp:featuredmedia":[{"embeddable":true,"href":"https:\/\/www.mordayanisma.org\/en\/wp-json\/wp\/v2\/media\/12589"}],"wp:attachment":[{"href":"https:\/\/www.mordayanisma.org\/en\/wp-json\/wp\/v2\/media?parent=12588"}],"wp:term":[{"taxonomy":"category","embeddable":true,"href":"https:\/\/www.mordayanisma.org\/en\/wp-json\/wp\/v2\/categories?post=12588"},{"taxonomy":"post_tag","embeddable":true,"href":"https:\/\/www.mordayanisma.org\/en\/wp-json\/wp\/v2\/tags?post=12588"},{"taxonomy":"author","embeddable":true,"href":"https:\/\/www.mordayanisma.org\/en\/wp-json\/wp\/v2\/ppma_author?post=12588"}],"curies":[{"name":"wp","href":"https:\/\/api.w.org\/{rel}","templated":true}]}}