{"id":12585,"date":"2026-08-26T11:12:00","date_gmt":"2026-08-26T08:12:00","guid":{"rendered":"https:\/\/www.mordayanisma.org\/?p=12585"},"modified":"2026-09-03T23:16:40","modified_gmt":"2026-09-03T20:16:40","slug":"mor-dayanisma-yamanlarda-kadinlarla-bulustu-dayanismamizi-buyutmeye-devam-edecegiz","status":"publish","type":"post","link":"https:\/\/www.mordayanisma.org\/en\/2026\/08\/26\/mor-dayanisma-yamanlarda-kadinlarla-bulustu-dayanismamizi-buyutmeye-devam-edecegiz\/","title":{"rendered":"Mor Dayan\u0131\u015fma Yamanlar\u2019da Kad\u0131nlarla Bulu\u015ftu: Dayan\u0131\u015fmam\u0131z\u0131 B\u00fcy\u00fctmeye Devam Edece\u011fiz"},"content":{"rendered":"\n<p class=\"wp-block-paragraph\">\u0130zmir Mor Dayan\u0131\u015fma, Bayrakl\u0131 Yamanlar Mahallesi\u2019nde d\u00fczenlenen \u2018Her Yer \u00c7ocuk\u2019 yaz etkinlikleri kapsam\u0131nda kad\u0131nlarla bir araya geldi.<\/p>\n<span hidden class=\"__iawmlf-post-loop-links\" data-iawmlf-links=\"[{&quot;id&quot;:609,&quot;href&quot;:&quot;https:\\\/\\\/ilkses.com.tr\\\/yasam\\\/mor-dayanisma-yamanlar-da-kadinlarla-bulustu-dayanismamizi-buyutmeye-devam-edecegiz-458276&quot;,&quot;archived_href&quot;:&quot;https:\\\/\\\/web-wp.archive.org\\\/web\\\/20260903201727\\\/https:\\\/\\\/ilkses.com.tr\\\/yasam\\\/mor-dayanisma-yamanlar-da-kadinlarla-bulustu-dayanismamizi-buyutmeye-devam-edecegiz-458276&quot;,&quot;redirect_href&quot;:&quot;&quot;,&quot;checks&quot;:[],&quot;broken&quot;:false,&quot;last_checked&quot;:null,&quot;process&quot;:&quot;done&quot;}]\"><\/span>\n\n\n<p class=\"wp-block-paragraph\">\u0130zmir Mor Dayan\u0131\u015fma, Bayrakl\u0131\u2019n\u0131n Yamanlar Mahallesi\u2019nde ger\u00e7ekle\u015ftirilen \u2018Her Yer \u00c7ocuk\u2019 yaz etkinlikleri kapsam\u0131nda mahallede ya\u015fayan kad\u0131nlarla bulu\u015ftu.<\/p>\n\n\n\n<p class=\"wp-block-paragraph\">Kad\u0131nlar\u0131n bir araya gelerek dayan\u0131\u015fma a\u011flar\u0131n\u0131 g\u00fc\u00e7lendirmesine y\u00f6nelik ger\u00e7ekle\u015ftirilen bulu\u015fmada, mahallelerde kad\u0131n dayan\u0131\u015fmas\u0131n\u0131n b\u00fcy\u00fct\u00fclmesi vurguland\u0131. Mor Dayan\u0131\u015fma, kad\u0131nlarla yan yana gelmeye ve dayan\u0131\u015fmay\u0131 mahallelerde b\u00fcy\u00fctmeye devam edeceklerini belirtti.<\/p>\n\n\n\n<h3 class=\"wp-block-heading\"><strong>YAN YANA GELMEYE DEVAM EDECE\u011e\u0130Z<\/strong><\/h3>\n\n\n\n<p class=\"wp-block-paragraph\">Yamanlar Mahallesi\u2019ndeki etkinli\u011fe ili\u015fkin sosyal medya hesab\u0131ndan payla\u015f\u0131m yapan \u0130zmir Mor Dayan\u0131\u015fma, \u201cBirlikte g\u00fc\u00e7lenmek i\u00e7in yan yana gelmeye, dayan\u0131\u015fmam\u0131z\u0131 mahallelerimizde b\u00fcy\u00fctmeye devam edece\u011fiz\u201d ifadelerini kulland\u0131.<\/p>\n\n\n\n<p class=\"wp-block-paragraph\">Kad\u0131nlar\u0131n mahallelerde bir araya gelmesinin ve dayan\u0131\u015fma ili\u015fkilerinin g\u00fc\u00e7lendirilmesinin \u00f6nemine dikkat \u00e7eken Mor Dayan\u0131\u015fma, payla\u015f\u0131m\u0131n\u0131 \u201cYa\u015fas\u0131n kad\u0131n dayan\u0131\u015fmam\u0131z!\u201d s\u00f6zleriyle tamamlad\u0131.<\/p>\n\n\n\n<p class=\"wp-block-paragraph\">Kaynak: <a href=\"https:\/\/ilkses.com.tr\/yasam\/mor-dayanisma-yamanlar-da-kadinlarla-bulustu-dayanismamizi-buyutmeye-devam-edecegiz-458276\" target=\"_blank\" rel=\"noopener\">\u0130lkses<\/a><\/p>\n\n\n\n<p class=\"wp-block-paragraph\"><\/p>\n","protected":false},"excerpt":{"rendered":"<p>\u0130zmir Mor Dayan\u0131\u015fma, Bayrakl\u0131 Yamanlar Mahallesi\u2019nde d\u00fczenlenen \u2018Her Yer \u00c7ocuk\u2019 yaz etkinlikleri kapsam\u0131nda kad\u0131nlarla bir araya geldi. \u0130zmir Mor Dayan\u0131\u015fma, Bayrakl\u0131\u2019n\u0131n Yamanlar Mahallesi\u2019nde ger\u00e7ekle\u015ftirilen \u2018Her Yer \u00c7ocuk\u2019 yaz etkinlikleri kapsam\u0131nda mahallede ya\u015fayan kad\u0131nlarla bulu\u015ftu. Kad\u0131nlar\u0131n bir araya gelerek dayan\u0131\u015fma a\u011flar\u0131n\u0131 g\u00fc\u00e7lendirmesine y\u00f6nelik ger\u00e7ekle\u015ftirilen bulu\u015fmada, mahallelerde kad\u0131n dayan\u0131\u015fmas\u0131n\u0131n b\u00fcy\u00fct\u00fclmesi vurguland\u0131. Mor Dayan\u0131\u015fma, kad\u0131nlarla yan yana gelmeye&hellip;<\/p>","protected":false},"author":5,"featured_media":12586,"comment_status":"closed","ping_status":"closed","sticky":false,"template":"","format":"standard","meta":{"_coblocks_attr":"","_coblocks_dimensions":"","_coblocks_responsive_height":"","_coblocks_accordion_ie_support":"","_eb_attr":"","inline_featured_image":false,"footnotes":""},"categories":[537],"tags":[1592,216,1593],"ppma_author":[573],"class_list":["post-12585","post","type-post","status-publish","format-standard","has-post-thumbnail","hentry","category-basinda-biz","tag-her-yer-cocuk","tag-kadindayanismasi","tag-yamanlar","author-mor-dayanisma"],"authors":[{"term_id":573,"user_id":5,"is_guest":0,"slug":"mor-dayanisma","display_name":"Mor Dayan\u0131\u015fma","avatar_url":"https:\/\/www.mordayanisma.org\/wp-content\/litespeed\/avatar\/18b1bff8d2c98eaf6f87c388a27f2cfa.jpg?ver=1788268176","author_category":"1","first_name":"Mor","last_name":"Dayan\u0131\u015fma","user_url":"","job_title":"","description":"<a href=\"https:\/\/www.mordayanisma.org\/en\/iletisim\/\" target=\"_blank\" rel=\"noopener\">Contact<\/a>\r\n\r\ndayanismamor@gmail.com"}],"_links":{"self":[{"href":"https:\/\/www.mordayanisma.org\/en\/wp-json\/wp\/v2\/posts\/12585","targetHints":{"allow":["GET"]}}],"collection":[{"href":"https:\/\/www.mordayanisma.org\/en\/wp-json\/wp\/v2\/posts"}],"about":[{"href":"https:\/\/www.mordayanisma.org\/en\/wp-json\/wp\/v2\/types\/post"}],"author":[{"embeddable":true,"href":"https:\/\/www.mordayanisma.org\/en\/wp-json\/wp\/v2\/users\/5"}],"replies":[{"embeddable":true,"href":"https:\/\/www.mordayanisma.org\/en\/wp-json\/wp\/v2\/comments?post=12585"}],"version-history":[{"count":1,"href":"https:\/\/www.mordayanisma.org\/en\/wp-json\/wp\/v2\/posts\/12585\/revisions"}],"predecessor-version":[{"id":12587,"href":"https:\/\/www.mordayanisma.org\/en\/wp-json\/wp\/v2\/posts\/12585\/revisions\/12587"}],"wp:featuredmedia":[{"embeddable":true,"href":"https:\/\/www.mordayanisma.org\/en\/wp-json\/wp\/v2\/media\/12586"}],"wp:attachment":[{"href":"https:\/\/www.mordayanisma.org\/en\/wp-json\/wp\/v2\/media?parent=12585"}],"wp:term":[{"taxonomy":"category","embeddable":true,"href":"https:\/\/www.mordayanisma.org\/en\/wp-json\/wp\/v2\/categories?post=12585"},{"taxonomy":"post_tag","embeddable":true,"href":"https:\/\/www.mordayanisma.org\/en\/wp-json\/wp\/v2\/tags?post=12585"},{"taxonomy":"author","embeddable":true,"href":"https:\/\/www.mordayanisma.org\/en\/wp-json\/wp\/v2\/ppma_author?post=12585"}],"curies":[{"name":"wp","href":"https:\/\/api.w.org\/{rel}","templated":true}]}}