{"id":11497,"date":"2026-04-15T16:06:13","date_gmt":"2026-04-15T13:06:13","guid":{"rendered":"https:\/\/www.mordayanisma.org\/?p=11497"},"modified":"2026-04-15T16:06:43","modified_gmt":"2026-04-15T13:06:43","slug":"meydan-okula-evden-sokaga-siddet-politiktir","status":"publish","type":"post","link":"https:\/\/www.mordayanisma.org\/en\/2026\/04\/15\/meydan-okula-evden-sokaga-siddet-politiktir\/","title":{"rendered":"Meydandan Okula, Evden Soka\u011fa \u015eiddet Politiktir!"},"content":{"rendered":"<p class=\"wp-block-paragraph\">Medyadan okula, evden soka\u011fa \u015fiddet politiktir! G\u00fcvenli bir ya\u015fam istiyoruz!<\/p>\n\n\n\n<p class=\"wp-block-paragraph\">D\u00fcn Urfa&#8217;da bir lisede ya\u015fanan sald\u0131r\u0131 sonucunda 16 ki\u015fi yaraland\u0131. Bir \u00f6\u011fretmenin durumu a\u011f\u0131r. Bug\u00fcn ise Mara\u015f\u2019ta bir ortaokulda silahl\u0131 sald\u0131r\u0131 sonucu 1 \u00f6\u011fretmen, 3 \u00f6\u011frenci hayat\u0131n\u0131 kaybetti. \u00c7o\u011fu a\u011f\u0131r 20 yaral\u0131 var.<\/p>\n\n\n\n<p class=\"wp-block-paragraph\">Peki, Fatma Nur \u00c7elik \u00f6\u011fretmenin bir ay \u00f6nceki \u00f6l\u00fcm\u00fcnden bug\u00fcnk\u00fc katliama dek neler oldu?<\/p>\n\n\n\n<p class=\"wp-block-paragraph\">Y\u0131llard\u0131r i\u015fletilmeyen hukuk s\u00fcre\u00e7leri ve su\u00e7luyu koruyan cezas\u0131zl\u0131k z\u0131rh\u0131 nedeniyle sald\u0131rganlar bu sistemden ald\u0131klar\u0131 g\u00fc\u00e7le yeni \u015fiddet olaylar\u0131n\u0131 tetiklemeye devam ediyor.<\/p>\n\n\n\n<p class=\"wp-block-paragraph\">Kontrols\u00fczce artan ve bilin\u00e7li bir denetimsizlikle \u00f6n\u00fc a\u00e7\u0131lan bireysel silahlanma bug\u00fcn en g\u00fcvenli olmas\u0131 gereken okullar\u0131 birer sava\u015f alan\u0131na \u00e7evirmi\u015f durumda.<\/p>\n\n\n\n<p class=\"wp-block-paragraph\">\u0130ktidar eliyle topluma zerk edilen \u00e7at\u0131\u015fma ortam\u0131 ve kutupla\u015fma dili her t\u00fcrl\u00fc anla\u015fmazl\u0131\u011f\u0131n \u00e7\u00f6z\u00fcm yolu olarak kaba kuvveti ve \u015fiddeti me\u015frula\u015ft\u0131ran bir zemin sunuyor.<\/p>\n\n\n\n<p class=\"wp-block-paragraph\">Bu sistemli \u015fiddet sarmal\u0131n\u0131n bedeli d\u00fcn oldu\u011fu gibi bug\u00fcn de en a\u011f\u0131r \u015fekilde kad\u0131nlar ve \u00e7ocuklar \u00fczerinden \u00f6detilirken ya\u015fam haklar\u0131 bu denetimsizlik rejimine kurban ediliyor.<\/p>","protected":false},"excerpt":{"rendered":"<p>Medyadan okula, evden soka\u011fa \u015fiddet politiktir! G\u00fcvenli bir ya\u015fam istiyoruz! D\u00fcn Urfa&#8217;da bir lisede ya\u015fanan sald\u0131r\u0131 sonucunda 16 ki\u015fi yaraland\u0131. Bir \u00f6\u011fretmenin durumu a\u011f\u0131r. Bug\u00fcn ise Mara\u015f\u2019ta bir ortaokulda silahl\u0131 sald\u0131r\u0131 sonucu 1 \u00f6\u011fretmen, 3 \u00f6\u011frenci hayat\u0131n\u0131 kaybetti. \u00c7o\u011fu a\u011f\u0131r 20 yaral\u0131 var. Peki, Fatma Nur \u00c7elik \u00f6\u011fretmenin bir ay \u00f6nceki \u00f6l\u00fcm\u00fcnden bug\u00fcnk\u00fc katliama dek&hellip;<\/p>","protected":false},"author":5,"featured_media":11498,"comment_status":"closed","ping_status":"closed","sticky":false,"template":"","format":"standard","meta":{"_coblocks_attr":"","_coblocks_dimensions":"","_coblocks_responsive_height":"","_coblocks_accordion_ie_support":"","_eb_attr":"","inline_featured_image":false,"footnotes":""},"categories":[528],"tags":[],"ppma_author":[573],"class_list":["post-11497","post","type-post","status-publish","format-standard","has-post-thumbnail","hentry","category-aciklama","author-mor-dayanisma"],"authors":[{"term_id":573,"user_id":5,"is_guest":0,"slug":"mor-dayanisma","display_name":"Mor Dayan\u0131\u015fma","avatar_url":"https:\/\/www.mordayanisma.org\/wp-content\/litespeed\/avatar\/18b1bff8d2c98eaf6f87c388a27f2cfa.jpg?ver=1788268176","author_category":"1","first_name":"Mor","last_name":"Dayan\u0131\u015fma","user_url":"","job_title":"","description":"<a href=\"https:\/\/www.mordayanisma.org\/en\/iletisim\/\" target=\"_blank\" rel=\"noopener\">Contact<\/a>\r\n\r\ndayanismamor@gmail.com"}],"_links":{"self":[{"href":"https:\/\/www.mordayanisma.org\/en\/wp-json\/wp\/v2\/posts\/11497","targetHints":{"allow":["GET"]}}],"collection":[{"href":"https:\/\/www.mordayanisma.org\/en\/wp-json\/wp\/v2\/posts"}],"about":[{"href":"https:\/\/www.mordayanisma.org\/en\/wp-json\/wp\/v2\/types\/post"}],"author":[{"embeddable":true,"href":"https:\/\/www.mordayanisma.org\/en\/wp-json\/wp\/v2\/users\/5"}],"replies":[{"embeddable":true,"href":"https:\/\/www.mordayanisma.org\/en\/wp-json\/wp\/v2\/comments?post=11497"}],"version-history":[{"count":2,"href":"https:\/\/www.mordayanisma.org\/en\/wp-json\/wp\/v2\/posts\/11497\/revisions"}],"predecessor-version":[{"id":11501,"href":"https:\/\/www.mordayanisma.org\/en\/wp-json\/wp\/v2\/posts\/11497\/revisions\/11501"}],"wp:featuredmedia":[{"embeddable":true,"href":"https:\/\/www.mordayanisma.org\/en\/wp-json\/wp\/v2\/media\/11498"}],"wp:attachment":[{"href":"https:\/\/www.mordayanisma.org\/en\/wp-json\/wp\/v2\/media?parent=11497"}],"wp:term":[{"taxonomy":"category","embeddable":true,"href":"https:\/\/www.mordayanisma.org\/en\/wp-json\/wp\/v2\/categories?post=11497"},{"taxonomy":"post_tag","embeddable":true,"href":"https:\/\/www.mordayanisma.org\/en\/wp-json\/wp\/v2\/tags?post=11497"},{"taxonomy":"author","embeddable":true,"href":"https:\/\/www.mordayanisma.org\/en\/wp-json\/wp\/v2\/ppma_author?post=11497"}],"curies":[{"name":"wp","href":"https:\/\/api.w.org\/{rel}","templated":true}]}}