{"id":11480,"date":"2026-04-14T17:38:00","date_gmt":"2026-04-14T14:38:00","guid":{"rendered":"https:\/\/www.mordayanisma.org\/?p=11480"},"modified":"2026-04-14T19:33:57","modified_gmt":"2026-04-14T16:33:57","slug":"yesim-akbas-isyanimizdir","status":"publish","type":"post","link":"https:\/\/www.mordayanisma.org\/en\/2026\/04\/14\/yesim-akbas-isyanimizdir\/","title":{"rendered":"Ye\u015fim Akba\u015f \u0130syan\u0131m\u0131zd\u0131r!"},"content":{"rendered":"<p class=\"wp-block-paragraph\">Bug\u00fcn 14 Nisan. Ye\u015fim Akba\u015f\u2019\u0131n bir polis lojman\u0131nda katledilmesinin \u00fcst\u00fcnden tam 3 y\u0131l ge\u00e7ti. \u0130lk andan itibaren tedav\u00fcle sokulan &#8220;intihar&#8221; senaryolar\u0131na kar\u015f\u0131 bizler, bu \u00f6l\u00fcm\u00fcn arkas\u0131ndaki erkek devleti ve failleri koruyan cezas\u0131zl\u0131k z\u0131rh\u0131n\u0131 \u00e7ok iyi tan\u0131yoruz. Ye\u015fim\u2019in \u00f6l\u00fcm\u00fc bir kaza ya da ki\u015fisel bir trajedi de\u011fil; kad\u0131nlar\u0131 korumayan, failleri ise \u00fcniformalar\u0131n ve yarg\u0131 imtiyazlar\u0131n\u0131n arkas\u0131na gizleyen politik bir s\u00fcrecin sonucudur.<\/p>\n\n\n\n<p class=\"wp-block-paragraph\">Fail Do\u011fan Can Y. hakk\u0131nda verilen beraat karar\u0131, kad\u0131n cinayetlerini me\u015frula\u015ft\u0131ran ve erkek yarg\u0131 eliyle verilen bir \u00f6d\u00fcld\u00fcr. Dosyadaki somut \u00e7eli\u015fkilere, karart\u0131lmaya \u00e7al\u0131\u015f\u0131lan delillere ve Ye\u015fim\u2019in ya\u015fama s\u0131k\u0131 s\u0131k\u0131ya ba\u011fl\u0131 oldu\u011fu ger\u00e7e\u011fine ra\u011fmen davan\u0131n kapat\u0131lmak istenmesi, devletin kad\u0131n cinayetlerindeki sorumlulu\u011funu gizleme \u00e7abas\u0131d\u0131r. \u015e\u00fcpheli kad\u0131n \u00f6l\u00fcmleri yoktur; etkin y\u00fcr\u00fct\u00fclmeyen soru\u015fturmalar, korunmayan kad\u0131nlar ve aklanan failler vard\u0131r.<\/p>\n\n\n\n<p class=\"wp-block-paragraph\">Bizler Ye\u015fim\u2019in an\u0131s\u0131n\u0131 hesap soran \u00f6fkemizle savunuyoruz. \u0130stanbul S\u00f6zle\u015fmesi\u2019ni tek tarafl\u0131 feshedenlerin, 6284 say\u0131l\u0131 yasay\u0131 pazarl\u0131k konusu yapanlar\u0131n ve faillere beraat verenlerin su\u00e7 ortakl\u0131\u011f\u0131n\u0131 her yerde te\u015fhir edece\u011fiz. Ye\u015fim Akba\u015f davas\u0131 bizim i\u00e7in bitmemi\u015ftir. Yarg\u0131tay\u2019daki bozma talebinin ve delil karartan t\u00fcm sorumlular\u0131n pe\u015findeyiz.<\/p>\n\n\n\n<p class=\"wp-block-paragraph\">Bir kez daha hayk\u0131r\u0131yoruz: Ye\u015fim i\u00e7in, katledilen t\u00fcm kad\u0131nlar i\u00e7in ger\u00e7ek adaleti biz kuraca\u011f\u0131z. Faillerden, aklay\u0131c\u0131lardan ve bu s\u00f6m\u00fcr\u00fc d\u00fczeninden hesap soraca\u011f\u0131z!<\/p>\n\n\n\n<p class=\"wp-block-paragraph\"><\/p>","protected":false},"excerpt":{"rendered":"<p>Bug\u00fcn 14 Nisan. Ye\u015fim Akba\u015f\u2019\u0131n bir polis lojman\u0131nda katledilmesinin \u00fcst\u00fcnden tam 3 y\u0131l ge\u00e7ti. \u0130lk andan itibaren tedav\u00fcle sokulan &#8220;intihar&#8221; senaryolar\u0131na kar\u015f\u0131 bizler, bu \u00f6l\u00fcm\u00fcn arkas\u0131ndaki erkek devleti ve failleri koruyan cezas\u0131zl\u0131k z\u0131rh\u0131n\u0131 \u00e7ok iyi tan\u0131yoruz. Ye\u015fim\u2019in \u00f6l\u00fcm\u00fc bir kaza ya da ki\u015fisel bir trajedi de\u011fil; kad\u0131nlar\u0131 korumayan, failleri ise \u00fcniformalar\u0131n ve yarg\u0131 imtiyazlar\u0131n\u0131n arkas\u0131na&hellip;<\/p>","protected":false},"author":5,"featured_media":11484,"comment_status":"closed","ping_status":"closed","sticky":false,"template":"","format":"standard","meta":{"_coblocks_attr":"","_coblocks_dimensions":"","_coblocks_responsive_height":"","_coblocks_accordion_ie_support":"","_eb_attr":"","inline_featured_image":false,"footnotes":""},"categories":[528],"tags":[],"ppma_author":[573],"class_list":["post-11480","post","type-post","status-publish","format-standard","has-post-thumbnail","hentry","category-aciklama","author-mor-dayanisma"],"authors":[{"term_id":573,"user_id":5,"is_guest":0,"slug":"mor-dayanisma","display_name":"Mor Dayan\u0131\u015fma","avatar_url":"https:\/\/www.mordayanisma.org\/wp-content\/litespeed\/avatar\/18b1bff8d2c98eaf6f87c388a27f2cfa.jpg?ver=1788268176","author_category":"1","first_name":"Mor","last_name":"Dayan\u0131\u015fma","user_url":"","job_title":"","description":"<a href=\"https:\/\/www.mordayanisma.org\/en\/iletisim\/\" target=\"_blank\" rel=\"noopener\">Contact<\/a>\r\n\r\ndayanismamor@gmail.com"}],"_links":{"self":[{"href":"https:\/\/www.mordayanisma.org\/en\/wp-json\/wp\/v2\/posts\/11480","targetHints":{"allow":["GET"]}}],"collection":[{"href":"https:\/\/www.mordayanisma.org\/en\/wp-json\/wp\/v2\/posts"}],"about":[{"href":"https:\/\/www.mordayanisma.org\/en\/wp-json\/wp\/v2\/types\/post"}],"author":[{"embeddable":true,"href":"https:\/\/www.mordayanisma.org\/en\/wp-json\/wp\/v2\/users\/5"}],"replies":[{"embeddable":true,"href":"https:\/\/www.mordayanisma.org\/en\/wp-json\/wp\/v2\/comments?post=11480"}],"version-history":[{"count":1,"href":"https:\/\/www.mordayanisma.org\/en\/wp-json\/wp\/v2\/posts\/11480\/revisions"}],"predecessor-version":[{"id":11482,"href":"https:\/\/www.mordayanisma.org\/en\/wp-json\/wp\/v2\/posts\/11480\/revisions\/11482"}],"wp:featuredmedia":[{"embeddable":true,"href":"https:\/\/www.mordayanisma.org\/en\/wp-json\/wp\/v2\/media\/11484"}],"wp:attachment":[{"href":"https:\/\/www.mordayanisma.org\/en\/wp-json\/wp\/v2\/media?parent=11480"}],"wp:term":[{"taxonomy":"category","embeddable":true,"href":"https:\/\/www.mordayanisma.org\/en\/wp-json\/wp\/v2\/categories?post=11480"},{"taxonomy":"post_tag","embeddable":true,"href":"https:\/\/www.mordayanisma.org\/en\/wp-json\/wp\/v2\/tags?post=11480"},{"taxonomy":"author","embeddable":true,"href":"https:\/\/www.mordayanisma.org\/en\/wp-json\/wp\/v2\/ppma_author?post=11480"}],"curies":[{"name":"wp","href":"https:\/\/api.w.org\/{rel}","templated":true}]}}