{"id":11339,"date":"2026-03-09T09:01:00","date_gmt":"2026-03-09T06:01:00","guid":{"rendered":"https:\/\/www.mordayanisma.org\/?p=11339"},"modified":"2026-04-03T11:35:03","modified_gmt":"2026-04-03T08:35:03","slug":"yasam-hakkimiz-pazarlik-konusu-degil","status":"publish","type":"post","link":"https:\/\/www.mordayanisma.org\/en\/2026\/03\/09\/yasam-hakkimiz-pazarlik-konusu-degil\/","title":{"rendered":"\u2018Ya\u015fam hakk\u0131m\u0131z pazarl\u0131k konusu de\u011fil\u2019"},"content":{"rendered":"\n<figure class=\"wp-block-embed is-type-rich is-provider-g-mme-tutucu wp-block-embed-g-mme-tutucu wp-embed-aspect-16-9 wp-has-aspect-ratio\"><div class=\"wp-block-embed__wrapper\">\n<iframe loading=\"lazy\" title=\"\u2018Ya\u015fam hakk\u0131m\u0131z pazarl\u0131k konusu de\u011fil\u2019\" width=\"500\" height=\"281\" src=\"https:\/\/www.youtube.com\/embed\/fLJjkqR1d1k?feature=oembed\" frameborder=\"0\" allow=\"accelerometer; autoplay; clipboard-write; encrypted-media; gyroscope; picture-in-picture; web-share\" referrerpolicy=\"strict-origin-when-cross-origin\" allowfullscreen><\/iframe>\n<\/div><\/figure>\n<span hidden class=\"__iawmlf-post-loop-links\" data-iawmlf-links=\"[{&quot;id&quot;:51,&quot;href&quot;:&quot;https:\\\/\\\/jinnews.net\\\/search\\\/content\\\/view\\\/276727?page=1\\u0026key=fc56bf678063cbd408fae83969257e6a&quot;,&quot;archived_href&quot;:&quot;&quot;,&quot;redirect_href&quot;:&quot;&quot;,&quot;checks&quot;:[],&quot;broken&quot;:false,&quot;last_checked&quot;:null,&quot;process&quot;:&quot;done&quot;}]\"><\/span>\n\n\n<h2 class=\"wp-block-heading\"><\/h2>\n\n\n\n<p class=\"wp-block-paragraph\">\u0130STANBUL &#8211; 11\u2019inci Yarg\u0131 Paketi kapsam\u0131nda cezaevinden izinli \u00e7\u0131kan bir erke\u011fin iki kad\u0131n ve bir \u00e7ocu\u011fu katletmesini cezas\u0131zl\u0131k politikas\u0131n\u0131n sonucu olarak de\u011ferlendiren Ece Ye\u015fil, bunun infaz rejimindeki de\u011fi\u015fikliklerle ba\u011flant\u0131l\u0131 oldu\u011funu belirtti.<\/p>\n\n\n\n<p class=\"wp-block-paragraph\">Kad\u0131na y\u00f6nelik \u015fiddet ve cezas\u0131zl\u0131k politikalar\u0131 tart\u0131\u015f\u0131lmaya devam ederken, Ankara\u2019da cezaevinden izinli \u00e7\u0131kan fail Recep Cengiz\u2019in 10 \u015eubat\u2019ta Azize Cengiz, Azra Cengiz ve bir \u00e7ocu\u011fu ate\u015fli silahla katletmesi, infaz rejimi ile yarg\u0131daki cinsiyet k\u00f6rl\u00fc\u011f\u00fcn\u00fc yeniden g\u00fcndeme ta\u015f\u0131d\u0131.<\/p>\n\n\n\n<p class=\"wp-block-paragraph\">Mor Dayan\u0131\u015fma \u00fcyesi Avukat Ece Ye\u015fil, ya\u015fananlar\u0131n m\u00fcnferit olmad\u0131\u011f\u0131n\u0131, sistematik erkek \u015fiddetinin sonucu oldu\u011funu s\u00f6yledi.<\/p>\n\n\n\n<p class=\"wp-block-paragraph\"><strong>\u2018\u0130ktidar\u0131n cinsiyet k\u00f6rl\u00fc\u011f\u00fc faillere cesaret veriyor\u2019<\/strong><\/p>\n\n\n\n<p class=\"wp-block-paragraph\">Ankara\u2019da ya\u015fanan katliam\u0131n ana ak\u0131m medyada sunulu\u015f bi\u00e7imini ele\u015ftiren Ece Ye\u015fil, ana ak\u0131m medyan\u0131n katliamlar\u0131 \u201cm\u00fcnferit\u201d ya da \u201c\u00f6fke patlamas\u0131\u201d olarak aktar\u0131rken kad\u0131n\u0131 hedef ald\u0131\u011f\u0131n\u0131 belirtti. Katledilenler aras\u0131nda bir \u00e7ocu\u011fun da bulundu\u011funu hat\u0131rlatan Ece Ye\u015fil, \u201cBu bireysel bir kriz de\u011fil; cezas\u0131zl\u0131k politikalar\u0131, infaz rejimindeki de\u011fi\u015fiklikler ve patriarkal d\u00fczenin besledi\u011fi sistematik \u015fiddetin bir sonucu. \u0130ktidar\u0131n kad\u0131nlara y\u00f6nelik nefret s\u00f6ylemi ve yarg\u0131da uygulanan \u2018cinsiyet k\u00f6rl\u00fc\u011f\u00fc\u2019 faillere cesaret veriyor\u201d dedi.<\/p>\n\n\n\n<p class=\"wp-block-paragraph\"><strong>\u2018Kanunlar uygulanm\u0131yor\u2019<\/strong><\/p>\n\n\n\n<p class=\"wp-block-paragraph\">Kanunlar\u0131n yetersizli\u011finden \u00e7ok uygulanmamas\u0131n\u0131n sorun yaratt\u0131\u011f\u0131n\u0131 ifade eden Ece Ye\u015fil, \u00f6zellikle 6284 Say\u0131l\u0131 Kanun\u2019un uygulanmamas\u0131 nedeniyle katliamlar\u0131n artt\u0131\u011f\u0131n\u0131 s\u00f6yledi. Ece Ye\u015fil, \u201cKad\u0131nlar yarg\u0131 kurumlar\u0131na gittiklerinde polisler taraf\u0131ndan bunun m\u00fcnferit olay ya da aile i\u00e7i mesele oldu\u011fu s\u00f6yleniyor ve kad\u0131nlar karakollardan d\u00f6nmek zorunda kal\u0131yor. Uzakla\u015ft\u0131rma kararlar\u0131 \u00e7\u0131kt\u0131\u011f\u0131nda ise \u00f6nleyici bir kolluk mekanizmas\u0131 i\u015fletilmiyor. Bunun sonucunda katliama kadar varan bir s\u00fcre\u00e7 ya\u015fan\u0131yor\u201d diye konu\u015ftu.<\/p>\n\n\n\n<p class=\"wp-block-paragraph\"><strong>\u2018Yarg\u0131 da cinsiyet k\u00f6r\u00fc\u2019<\/strong><\/p>\n\n\n\n<p class=\"wp-block-paragraph\">Uygulanan politikalar\u0131n kad\u0131na kar\u015f\u0131 oldu\u011funu belirten Ece Ye\u015fil, \u201cPatriarka ve kapitalizm i\u00e7inde erkek egemen devlet, asl\u0131nda b\u00fcy\u00fck bir \u00e7\u00f6z\u00fcm gibi sunuluyor. Kad\u0131nlar\u0131n esnek ve g\u00fcvencesiz \u00e7al\u0131\u015fma ko\u015fullar\u0131nda \u00e7al\u0131\u015ft\u0131r\u0131lmas\u0131 ya da evlere hapsedilmesi s\u00f6z konusu. Bunun en b\u00fcy\u00fck sebebi, devletin kad\u0131n kar\u015f\u0131t\u0131 politika uygulamas\u0131 ve yarg\u0131n\u0131n da toplumsal cinsiyet k\u00f6r\u00fc olmas\u0131\u201d ifadelerini kulland\u0131.<\/p>\n\n\n\n<p class=\"wp-block-paragraph\"><strong>Yarg\u0131 erkek egemen dilini me\u015frula\u015ft\u0131r\u0131yor<\/strong><\/p>\n\n\n\n<p class=\"wp-block-paragraph\">2025 y\u0131l\u0131n\u0131n \u201cAile Y\u0131l\u0131\u201d ilan edildi\u011fini ve buna ba\u011fl\u0131 olarak 11\u2019inci Yarg\u0131 Paketi\u2019nin kad\u0131nlar\u0131 g\u00fcvencesiz bir ya\u015fama s\u00fcr\u00fckleyecek \u015fekilde d\u00fczenlendi\u011fini ifade eden Ece Ye\u015fil, \u201cDevletin ve h\u00fck\u00fcmetin yapmas\u0131 gereken \u015fudur; kad\u0131n\u0131n hayat\u0131n\u0131 korumak, hem anayasay\u0131 hem de kanunlar\u0131 uygulamakt\u0131r. Ancak polis ve yarg\u0131 organlar\u0131n\u0131n kad\u0131n\u0131 su\u00e7lay\u0131c\u0131 tutumlar sergiledi\u011fini, failler i\u00e7in de iyi hal indirimlerine gidildi\u011fini g\u00f6r\u00fcyoruz. Kad\u0131nlar\u0131n bo\u015fanmak istemesi ya da \u00e7al\u0131\u015fma hayat\u0131nda kendi \u00f6zg\u00fcrl\u00fcklerini talep etmesi erkekler taraf\u0131ndan itaatsizlik olarak g\u00f6r\u00fcl\u00fcyor, erkek egemen yarg\u0131 da bu dili me\u015frula\u015ft\u0131r\u0131yor\u201d diye belirtti.<\/p>\n\n\n\n<p class=\"wp-block-paragraph\"><strong>\u2018\u0130stanbul S\u00f6zle\u015fmesi\u2019nden \u00e7ekilme katliamlar\u0131 art\u0131rd\u0131\u2019<\/strong><\/p>\n\n\n\n<p class=\"wp-block-paragraph\">\u0130stanbul S\u00f6zle\u015fmesi\u2019nden \u00e7ekilmenin katliamlar\u0131 daha da g\u00f6r\u00fcn\u00fcr hale getirdi\u011fini vurgulayan Ece Ye\u015fil, \u201c2020 y\u0131l\u0131n\u0131n ba\u015flar\u0131nda \u0130stanbul S\u00f6zle\u015fmesi\u2019nden \u00e7\u0131k\u0131ld\u0131ktan sonra erkeklerin cezas\u0131z kalaca\u011f\u0131n\u0131 g\u00f6rerek daha rahat hareket etti\u011fini g\u00f6r\u00fcyoruz. Erkeklerin sistematik bi\u00e7imde kad\u0131nlar\u0131 taciz etti\u011fini, \u015fiddete maruz b\u0131rakt\u0131\u011f\u0131n\u0131 ve \u00f6l\u00fcmle tehdit etti\u011fini g\u00f6rd\u00fck. \u015eikayet mekanizmalar\u0131n\u0131n da genelde \u00e7al\u0131\u015fmad\u0131\u011f\u0131n\u0131 g\u00f6r\u00fcyoruz\u201d s\u00f6zlerine yer verdi.<\/p>\n\n\n\n<p class=\"wp-block-paragraph\"><strong>\u2018Sosyal medya hukuku diye bir \u015fey yok\u2019<\/strong><\/p>\n\n\n\n<p class=\"wp-block-paragraph\">Kad\u0131nlar\u0131n verdikleri m\u00fccadelede dijital d\u00fcnyay\u0131 adalet sa\u011flama arac\u0131 olarak kulland\u0131\u011f\u0131n\u0131 ancak \u201csosyal medya hukuku\u201d olarak tan\u0131mlanabilecek bir alan\u0131n bulunmad\u0131\u011f\u0131n\u0131 kaydeden Ece Ye\u015fil, \u201c6284\u2019\u00fcn ve koruma mekanizmalar\u0131n\u0131n uygulanmas\u0131 gerekiyor. H\u00fck\u00fcmet taraf\u0131ndan kad\u0131nlar\u0131n hayat\u0131 hi\u00e7bir zaman koruma alt\u0131na al\u0131nm\u0131yor. Kad\u0131nlar, aile yap\u0131s\u0131 i\u00e7inde annelik kutsall\u0131\u011f\u0131 y\u00fcklenerek \u015fiddete maruz b\u0131rak\u0131l\u0131yor. Koruma mekanizmalar\u0131na ba\u015fvurmamalar\u0131 s\u00f6ylenerek sistematik \u015fiddetin i\u00e7ine terk ediliyor\u201d dedi.<\/p>\n\n\n\n<p class=\"wp-block-paragraph\"><strong>\u2018\u00d6rg\u00fctlenme \u00e7a\u011fr\u0131s\u0131\u2019<\/strong><\/p>\n\n\n\n<p class=\"wp-block-paragraph\">Erkek katliamlar\u0131na kar\u015f\u0131 kad\u0131nlar\u0131n yan\u0131nda olduklar\u0131n\u0131 s\u00f6yleyen Ece Ye\u015fil, \u00f6rg\u00fctlenme \u00e7a\u011fr\u0131s\u0131nda bulundu. Ece Ye\u015fil, \u201cKad\u0131nlar\u0131 mahalle mahalle \u00f6rg\u00fctlemeye \u00e7al\u0131\u015f\u0131yoruz. Kad\u0131nlara ula\u015fmaya, mahkeme salonlar\u0131nda onlar\u0131 yaln\u0131z b\u0131rakmayarak hukuki bir dayan\u0131\u015fma hatt\u0131 \u00f6rmeye \u00e7al\u0131\u015f\u0131yoruz. Kad\u0131nlar\u0131 da sokakta \u00f6rg\u00fctlenmeye davet ediyoruz\u201d ifadelerini kulland\u0131.<\/p>\n\n\n\n<p class=\"wp-block-paragraph\"><strong>\u2018Kad\u0131nlara yaln\u0131zla\u015ft\u0131rma politikas\u0131 uygulan\u0131yor\u2019<\/strong><\/p>\n\n\n\n<p class=\"wp-block-paragraph\">11\u2019inci Yarg\u0131 Paketi ile kad\u0131nlara a\u00e7\u0131k bi\u00e7imde \u201cSizin ya\u015fam hakk\u0131n\u0131z bizim elimizde, herhangi bir s\u00f6z hakk\u0131n\u0131z da yok\u201d denildi\u011fine dikkat \u00e7eken Ece Ye\u015fil, \u201cBu politikalar, kad\u0131nlar\u0131n ya\u015famlar\u0131n\u0131n g\u00fcvencede olmad\u0131\u011f\u0131n\u0131 ve kazan\u0131lm\u0131\u015f haklar\u0131n\u0131n yok say\u0131ld\u0131\u011f\u0131n\u0131 g\u00f6steriyor. Kad\u0131nlar\u0131n kendi evinde, kendi \u00e7evresinde kalmas\u0131 isteniyor; hayat kurmalar\u0131 engellenmek isteniyor. Kad\u0131nlara yaln\u0131zla\u015ft\u0131rma politikas\u0131 uygulan\u0131yor\u201d diye konu\u015ftu.<\/p>\n\n\n\n<p class=\"wp-block-paragraph\"><strong>\u2018Haklar\u0131m\u0131z i\u00e7in m\u00fccadele etmeye devam edece\u011fiz\u2019<\/strong><\/p>\n\n\n\n<p class=\"wp-block-paragraph\">Haklar\u0131 i\u00e7in m\u00fccadeleye devam edeceklerinin alt\u0131n\u0131 \u00e7izen Ece Ye\u015fil, \u201cH\u00fck\u00fcmetin koruyucu mekanizmalar\u0131 ve kanunlar\u0131 uygulamas\u0131 i\u00e7in her yerde olaca\u011f\u0131z. Biz ne anneyiz ne \u00e7ocu\u011fuz. Herhangi bir s\u0131fat olmadan biz kad\u0131n\u0131z. Ya\u015fam\u0131m\u0131z\u0131 bir s\u0131fat alt\u0131nda kurmak zorunda de\u011filiz. Bunun i\u00e7in m\u00fccadele edece\u011fiz\u201d dedi.<\/p>\n\n\n\n<p class=\"wp-block-paragraph\"><strong>\u2018Erkek \u00fczerinden yap\u0131lan tan\u0131mlamalar\u0131 reddediyoruz\u2019<\/strong><\/p>\n\n\n\n<p class=\"wp-block-paragraph\">Mahalle temelli \u00f6rg\u00fctlenmenin \u00f6nemine i\u015faret eden Ece Ye\u015fil, m\u00fccadelenin kolektif y\u00fcr\u00fct\u00fclmesi gerekti\u011fini kaydetti. Kad\u0131nlara ula\u015fman\u0131n yaln\u0131zca metropol il\u00e7elerle s\u0131n\u0131rl\u0131 kalmamas\u0131 gerekti\u011fini s\u00f6yleyen Ece Ye\u015fil, k\u00fc\u00e7\u00fck il ve il\u00e7eler dahil olmak \u00fczere her yerde kad\u0131nlara ula\u015fmay\u0131 hedeflediklerini belirtti. Ece Ye\u015fil, \u201cMahallelerde birlikte m\u00fccadele etmemiz gerekiyor. Mahallelere daha fazla ula\u015fmal\u0131y\u0131z. Kad\u0131nlar sadece b\u00fcy\u00fck illerde ya da b\u00fcy\u00fck il\u00e7elerde ya\u015fam\u0131yor. Di\u011fer bir\u00e7ok ilde ve il\u00e7ede de kad\u0131nlar var; onlara ula\u015fmam\u0131z gerekiyor\u201d ifadelerini kulland\u0131.<\/p>\n\n\n\n<p class=\"wp-block-paragraph\">Kazan\u0131lm\u0131\u015f haklar\u0131n pazarl\u0131k konusu olamayaca\u011f\u0131n\u0131 s\u00f6yleyen Ece Ye\u015fil, kad\u0131n dayan\u0131\u015fmas\u0131n\u0131 b\u00fcy\u00fctmeye devam edeceklerini, kad\u0131nlar\u0131 yaln\u0131z b\u0131rakmayarak omuz omuza m\u00fccadeleyi s\u00fcrd\u00fcreceklerini vurgulad\u0131.<\/p>\n\n\n\n<p class=\"wp-block-paragraph\">Kaynak: <a href=\"https:\/\/jinnews.net\/search\/content\/view\/276727?page=1&amp;key=fc56bf678063cbd408fae83969257e6a\" target=\"_blank\" rel=\"noopener\">Jinnews<\/a><\/p>\n\n\n\n<p class=\"wp-block-paragraph\"><\/p>\n","protected":false},"excerpt":{"rendered":"<p>\u0130STANBUL &#8211; 11\u2019inci Yarg\u0131 Paketi kapsam\u0131nda cezaevinden izinli \u00e7\u0131kan bir erke\u011fin iki kad\u0131n ve bir \u00e7ocu\u011fu katletmesini cezas\u0131zl\u0131k politikas\u0131n\u0131n sonucu olarak de\u011ferlendiren Ece Ye\u015fil, bunun infaz rejimindeki de\u011fi\u015fikliklerle ba\u011flant\u0131l\u0131 oldu\u011funu belirtti. Kad\u0131na y\u00f6nelik \u015fiddet ve cezas\u0131zl\u0131k politikalar\u0131 tart\u0131\u015f\u0131lmaya devam ederken, Ankara\u2019da cezaevinden izinli \u00e7\u0131kan fail Recep Cengiz\u2019in 10 \u015eubat\u2019ta Azize Cengiz, Azra Cengiz ve bir&hellip;<\/p>","protected":false},"author":5,"featured_media":11343,"comment_status":"closed","ping_status":"closed","sticky":false,"template":"","format":"standard","meta":{"_coblocks_attr":"","_coblocks_dimensions":"","_coblocks_responsive_height":"","_coblocks_accordion_ie_support":"","_eb_attr":"","inline_featured_image":false,"footnotes":""},"categories":[537],"tags":[],"ppma_author":[573],"class_list":["post-11339","post","type-post","status-publish","format-standard","has-post-thumbnail","hentry","category-basinda-biz","author-mor-dayanisma"],"authors":[{"term_id":573,"user_id":5,"is_guest":0,"slug":"mor-dayanisma","display_name":"Mor Dayan\u0131\u015fma","avatar_url":"https:\/\/www.mordayanisma.org\/wp-content\/litespeed\/avatar\/18b1bff8d2c98eaf6f87c388a27f2cfa.jpg?ver=1788268176","author_category":"1","first_name":"Mor","last_name":"Dayan\u0131\u015fma","user_url":"","job_title":"","description":"<a href=\"https:\/\/www.mordayanisma.org\/en\/iletisim\/\" target=\"_blank\" rel=\"noopener\">Contact<\/a>\r\n\r\ndayanismamor@gmail.com"}],"_links":{"self":[{"href":"https:\/\/www.mordayanisma.org\/en\/wp-json\/wp\/v2\/posts\/11339","targetHints":{"allow":["GET"]}}],"collection":[{"href":"https:\/\/www.mordayanisma.org\/en\/wp-json\/wp\/v2\/posts"}],"about":[{"href":"https:\/\/www.mordayanisma.org\/en\/wp-json\/wp\/v2\/types\/post"}],"author":[{"embeddable":true,"href":"https:\/\/www.mordayanisma.org\/en\/wp-json\/wp\/v2\/users\/5"}],"replies":[{"embeddable":true,"href":"https:\/\/www.mordayanisma.org\/en\/wp-json\/wp\/v2\/comments?post=11339"}],"version-history":[{"count":1,"href":"https:\/\/www.mordayanisma.org\/en\/wp-json\/wp\/v2\/posts\/11339\/revisions"}],"predecessor-version":[{"id":11342,"href":"https:\/\/www.mordayanisma.org\/en\/wp-json\/wp\/v2\/posts\/11339\/revisions\/11342"}],"wp:featuredmedia":[{"embeddable":true,"href":"https:\/\/www.mordayanisma.org\/en\/wp-json\/wp\/v2\/media\/11343"}],"wp:attachment":[{"href":"https:\/\/www.mordayanisma.org\/en\/wp-json\/wp\/v2\/media?parent=11339"}],"wp:term":[{"taxonomy":"category","embeddable":true,"href":"https:\/\/www.mordayanisma.org\/en\/wp-json\/wp\/v2\/categories?post=11339"},{"taxonomy":"post_tag","embeddable":true,"href":"https:\/\/www.mordayanisma.org\/en\/wp-json\/wp\/v2\/tags?post=11339"},{"taxonomy":"author","embeddable":true,"href":"https:\/\/www.mordayanisma.org\/en\/wp-json\/wp\/v2\/ppma_author?post=11339"}],"curies":[{"name":"wp","href":"https:\/\/api.w.org\/{rel}","templated":true}]}}