{"id":10257,"date":"2025-12-23T11:00:00","date_gmt":"2025-12-23T08:00:00","guid":{"rendered":"https:\/\/www.mordayanisma.org\/?p=10257"},"modified":"2025-12-23T11:28:01","modified_gmt":"2025-12-23T08:28:01","slug":"feminist-politika-ve-guncel-siyaset-uzerine-soylesi-kadin-cinayetlerini-durduracagiz-platformu","status":"publish","type":"post","link":"https:\/\/www.mordayanisma.org\/en\/2025\/12\/23\/feminist-politika-ve-guncel-siyaset-uzerine-soylesi-kadin-cinayetlerini-durduracagiz-platformu\/","title":{"rendered":"Feminist Politika ve G\u00fcncel Siyaset \u00dczerine S\u00f6yle\u015fi: Kad\u0131n Cinayetlerini Durduraca\u011f\u0131z Platformu"},"content":{"rendered":"\n<p class=\"wp-block-paragraph\">2025 y\u0131l\u0131n\u0131n sonuna yakla\u015f\u0131rken feminist politikada, bir \u00e7ok farkl\u0131 alanda yol arkada\u015fl\u0131\u011f\u0131 yapt\u0131\u011f\u0131m\u0131z \u00f6rg\u00fctlerle ve kad\u0131nlarla s\u00f6yle\u015filer yapmaya devam ediyoruz. Kad\u0131nlar i\u00e7in giderek daha da zorla\u015fan ger\u00e7ek adalet, hayatta kalma ve insana yara\u015f\u0131r onurlu bir ya\u015fam m\u00fccadelesi; kad\u0131n kurtulu\u015f m\u00fccadelesine omuz veren, \u00f6rg\u00fctl\u00fc m\u00fccadelede inat eden, sokaklardan geri \u00e7ekilmeyen yap\u0131larla kolektif bir ad\u0131m daha atmam\u0131za yard\u0131mc\u0131 oluyor. Bu yap\u0131lardan biri olan <a href=\"https:\/\/kadincinayetlerinidurduracagiz.net\" target=\"_blank\" rel=\"noopener\">Kad\u0131n Cinayetlerini Durduraca\u011f\u0131z Platformu<\/a> ile erkek egemen siyasi iktidar\u0131n kad\u0131n d\u00fc\u015fman\u0131 ajandas\u0131, artan &#8220;\u015f\u00fcpheli&#8221; kad\u0131n \u00f6l\u00fcmleri ve kad\u0131n hareketinin, feminist \u00f6rg\u00fctlerin g\u00f6revleri \u00fczerine Kad\u0131n Cinayetlerini Durduraca\u011f\u0131z Platformu Temsilcisi Esin \u0130zel Uysal ile s\u00f6yle\u015ftik. \u0130yi okumalar dileriz.&nbsp;<\/p>\n<span hidden class=\"__iawmlf-post-loop-links\" data-iawmlf-links=\"[{&quot;id&quot;:111,&quot;href&quot;:&quot;https:\\\/\\\/kadincinayetlerinidurduracagiz.net&quot;,&quot;archived_href&quot;:&quot;https:\\\/\\\/web-wp.archive.org\\\/web\\\/20260414181344\\\/https:\\\/\\\/kadincinayetlerinidurduracagiz.net\\\/&quot;,&quot;redirect_href&quot;:&quot;&quot;,&quot;checks&quot;:[{&quot;date&quot;:&quot;2026-05-21 21:10:05&quot;,&quot;http_code&quot;:404},{&quot;date&quot;:&quot;2026-06-21 11:08:47&quot;,&quot;http_code&quot;:200},{&quot;date&quot;:&quot;2026-07-08 22:06:49&quot;,&quot;http_code&quot;:200}],&quot;broken&quot;:false,&quot;last_checked&quot;:{&quot;date&quot;:&quot;2026-07-08 22:06:49&quot;,&quot;http_code&quot;:200},&quot;process&quot;:&quot;done&quot;},{&quot;id&quot;:112,&quot;href&quot;:&quot;https:\\\/\\\/bianet.org\\\/haber\\\/kcdp-kapatma-davasi-reddedildi-283918&quot;,&quot;archived_href&quot;:&quot;https:\\\/\\\/web-wp.archive.org\\\/web\\\/20251002193103\\\/https:\\\/\\\/bianet.org\\\/haber\\\/kcdp-kapatma-davasi-reddedildi-283918&quot;,&quot;redirect_href&quot;:&quot;&quot;,&quot;checks&quot;:[{&quot;date&quot;:&quot;2026-05-21 21:10:07&quot;,&quot;http_code&quot;:200},{&quot;date&quot;:&quot;2026-06-23 17:04:18&quot;,&quot;http_code&quot;:200}],&quot;broken&quot;:false,&quot;last_checked&quot;:{&quot;date&quot;:&quot;2026-06-23 17:04:18&quot;,&quot;http_code&quot;:200},&quot;process&quot;:&quot;done&quot;}]\"><\/span>\n\n\n<p class=\"wp-block-paragraph\"><strong>Uzun s\u00fcredir kad\u0131n cinayetleri verilerini d\u00fczenli olarak topluyorsunuz. Bug\u00fcn neredeyse her kurum, bas\u0131n ve ara\u015ft\u0131rma sizin sa\u011flad\u0131\u011f\u0131n\u0131z istatistikleri kullan\u0131yor. Bunun arkas\u0131nda nas\u0131l bir emek, s\u00fcre\u00e7 ve ekip \u00e7al\u0131\u015fmas\u0131 var? Bize biraz anlat\u0131r m\u0131s\u0131n\u0131z?<\/strong><\/p>\n\n\n\n<figure class=\"wp-block-image alignright size-medium\" style=\"margin-top:var(--wp--preset--spacing--30);margin-right:var(--wp--preset--spacing--40);margin-bottom:var(--wp--preset--spacing--30);margin-left:var(--wp--preset--spacing--40)\"><img loading=\"lazy\" decoding=\"async\" width=\"169\" height=\"300\" sizes=\"auto, (max-width: 169px) 100vw, 169px\" src=\"https:\/\/www.mordayanisma.org\/wp-content\/uploads\/2025\/12\/KCDP_2-169x300.avif\" alt=\"-\" class=\"wp-image-10259\" title=\"\" srcset=\"https:\/\/www.mordayanisma.org\/wp-content\/uploads\/2025\/12\/KCDP_2-169x300.avif 169w, https:\/\/www.mordayanisma.org\/wp-content\/uploads\/2025\/12\/KCDP_2-576x1024.avif 576w, https:\/\/www.mordayanisma.org\/wp-content\/uploads\/2025\/12\/KCDP_2-768x1365.avif 768w, https:\/\/www.mordayanisma.org\/wp-content\/uploads\/2025\/12\/KCDP_2-864x1536.avif 864w, https:\/\/www.mordayanisma.org\/wp-content\/uploads\/2025\/12\/KCDP_2-1152x2048.avif 1152w, https:\/\/www.mordayanisma.org\/wp-content\/uploads\/2025\/12\/KCDP_2-7x12.avif 7w, https:\/\/www.mordayanisma.org\/wp-content\/uploads\/2025\/12\/KCDP_2-scaled.avif 1440w\" \/><\/figure>\n\n\n\n<p class=\"wp-block-paragraph\">Kad\u0131n Cinayetlerini Durduraca\u011f\u0131z Platformu kuruldu\u011fu ilk g\u00fcnden bu yana veri raporluyoruz. \u015eu an her ay payla\u015ft\u0131\u011f\u0131m\u0131z raporlar, y\u0131llar\u0131n birikiminin sonucu. Yay\u0131nlad\u0131\u011f\u0131m\u0131z veriler, b\u00fcy\u00fck oranda, bas\u0131nda yer alan kad\u0131n cinayetleri haberleri. Bu nedenle de asl\u0131nda yay\u0131nlad\u0131\u011f\u0131m\u0131z veriler \u201cbilebildi\u011fimiz kadar\u0131\u201d. Ger\u00e7e\u011fin bu verilerden daha fazla oldu\u011funu tahmin ediyoruz. Devlet, t\u00fcm imkanlar\u0131na ra\u011fmen \u00f6ld\u00fcr\u00fclen kad\u0131nlar\u0131n, yurtta\u015flar\u0131n\u0131n verisini tutmuyor. Oysa ki bu veriler, sorunu \u00e7\u00f6zmek i\u00e7in \u00e7\u00f6z\u00fcm yolunu da g\u00f6steriyor. Biz de bu nedenle ger\u00e7ekleri kamuoyu ile payla\u015fmaya \u00e7al\u0131\u015f\u0131yoruz.&nbsp;<\/p>\n\n\n\n<p class=\"wp-block-paragraph\">Bas\u0131na yans\u0131yan haberleri tar\u0131yor ve de\u011ferlendiriyoruz. Kad\u0131n\u0131n nerede \u00f6ld\u00fcr\u00fcld\u00fc\u011f\u00fc, kim taraf\u0131ndan \u00f6ld\u00fcr\u00fcld\u00fc\u011f\u00fc, nas\u0131l \u00f6ld\u00fcr\u00fcld\u00fc\u011f\u00fc gibi belirli kategorileri \u00f6nemli buluyoruz. Bu sorulara verilen yan\u0131t, iktidar\u0131n y\u00fcr\u00fctt\u00fc\u011f\u00fc politikalar ile de \u00f6rt\u00fc\u015f\u00fcyor. Son d\u00f6nemlerde, \u00f6zellikle aile politikalar\u0131n\u0131n h\u0131zlanmas\u0131yla birlikte, kad\u0131nlar en \u00e7ok evlerinde ve evli olduklar\u0131 erkekler taraf\u0131ndan \u00f6ld\u00fcr\u00fcl\u00fcyorlar.&nbsp;<\/p>\n\n\n\n<p class=\"wp-block-paragraph\">\u00d6nemli buldu\u011fumuz verilerden biri \u00f6ld\u00fcr\u00fclen kad\u0131nlar aras\u0131nda 6284 say\u0131l\u0131 Ailenin Korunmas\u0131 ve Kad\u0131na Y\u00f6nelik \u015eiddetten Korunma Kanunu kapsam\u0131nda tedbir karar\u0131 olan veya bu tedbire ba\u015fvuran kad\u0131nlar\u0131n say\u0131s\u0131. Bu veri, 6284 say\u0131l\u0131 kanun uygulamas\u0131ndaki sorunlar\u0131 ortaya koyuyor. Ne yaz\u0131k ki, \u00e7ok d\u00fc\u015f\u00fck oranda bu veriyi tespit edebiliyoruz. \u00d6rne\u011fin, 2025 y\u0131l\u0131nda Eyl\u00fcl ay\u0131na kadar 196 kad\u0131n cinayeti ger\u00e7ekle\u015fti. Tespit edebildi\u011fimiz kadar\u0131yla, 12 kad\u0131n daha \u00f6nce tedbir ba\u015fvurusunda bulunmu\u015f ve buna ra\u011fmen \u00f6ld\u00fcr\u00fclm\u00fc\u015f.<\/p>\n\n\n\n<p class=\"wp-block-paragraph\"><strong>\u201cAile Y\u0131l\u0131\u201d olarak ilan edilen 2025 ilk alt\u0131 ay\u0131nda neredeyse ayd\u0131nlat\u0131lm\u0131\u015f kad\u0131n cinayeti kadar \u015f\u00fcpheli kad\u0131n \u00f6l\u00fcm\u00fc verisi yay\u0131nlad\u0131n\u0131z. Bu tablo bize ne s\u00f6yl\u00fcyor?<\/strong><\/p>\n\n\n\n<p class=\"wp-block-paragraph\">\u0130lk 8 ay i\u00e7erisinde 196 kad\u0131n cinayeti ger\u00e7ekle\u015fti, 203 kad\u0131n ise \u015f\u00fcpheli \u015fekilde \u00f6l\u00fc bulundu. \u015e\u00fcpheli kad\u0131n \u00f6l\u00fcmlerinde, ilk etapta bir kad\u0131n cinayeti oldu\u011funu s\u00f6yleyemiyoruz. Kad\u0131n cinayeti, do\u011fal \u00f6l\u00fcm ya da intihar olabilir. \u00dclkedeki kad\u0131n d\u00fc\u015fman\u0131 politikalar, toplumsal cinsiyet e\u015fitsizli\u011fi, kad\u0131n cinayetlerinin ve \u015fiddetin seyri; \u015f\u00fcpheli kad\u0131n \u00f6l\u00fcmlerinin de arkas\u0131nda kad\u0131n cinayeti olma ihtimalini g\u00fc\u00e7lendiriyor. Ger\u00e7eklerin a\u00e7\u0131\u011fa \u00e7\u0131kar\u0131lmas\u0131 i\u00e7in etkin soru\u015fturma y\u00fcr\u00fct\u00fclmesi gerekiyor. \u015eule \u00c7et\u2019in \u00f6l\u00fcm\u00fcnde ger\u00e7ekler b\u00f6yle ortaya \u00e7\u0131km\u0131\u015ft\u0131.<\/p>\n\n\n\n<p class=\"wp-block-paragraph\">\u015e\u00fcpheli kad\u0131n \u00f6l\u00fcmlerini birka\u00e7 y\u0131ld\u0131r ayr\u0131ca raporluyoruz. Veri raporlarken farkl\u0131 olgu olarak ortaya \u00e7\u0131kt\u0131\u011f\u0131n\u0131 g\u00f6zlemledik. \u015e\u00fcpheli kad\u0131n \u00f6l\u00fcmlerindeki bu art\u0131\u015f\u0131n, kad\u0131n cinayetleri m\u00fccadelemizin sonucu ile ba\u011flant\u0131l\u0131 oldu\u011funu g\u00f6rmek gerekir. Bir yandan toplum, kad\u0131n cinayetinin ne oldu\u011funu ve nas\u0131l bu sorunun \u00e7\u00f6z\u00fclece\u011fini \u00f6\u011freniyor. Di\u011fer yandan ise, erkek egemenlik ger\u00e7eklerin \u00fczerini kapatman\u0131n y\u00f6ntemlerini geli\u015ftiriyor. \u015e\u00fcpheli \u015fekilde hayat\u0131n\u0131 kaybeden kad\u0131nlara bakt\u0131\u011f\u0131m\u0131zda genellikle y\u00fcksekten d\u00fc\u015ft\u00fcklerini ve intihar denilerek dosyalar\u0131n kapand\u0131\u011f\u0131n\u0131 g\u00f6r\u00fcyoruz.&nbsp;<\/p>\n\n\n\n<p class=\"wp-block-paragraph\">Kad\u0131n cinayetlerinde oldu\u011fu gibi, \u015f\u00fcpheli kad\u0131n \u00f6l\u00fcmleri de b\u00fcy\u00fck oranda evlerde ger\u00e7ekle\u015fiyor. \u0130ktidar, \u015fiddeti g\u00fc\u00e7l\u00fc aile ile ortadan kald\u0131rabiliriz, diyor. Fakat o ailenin i\u00e7inde kad\u0131nlar e\u015fit yer bulam\u0131yorlar kendilerine, e\u015fitsizlik derinle\u015fiyor. \u015eiddet art\u0131yor, kad\u0131n cinayetleri art\u0131yor. \u015e\u00fcpheli kad\u0131n \u00f6l\u00fcmleri de bu politikalar\u0131n sonucu olarak elbette art\u0131\u015f g\u00f6steriyor.<\/p>\n\n\n\n<p class=\"wp-block-paragraph\"><strong>Erkek egemen siyasi iktidar\u0131n kad\u0131n d\u00fc\u015fman\u0131 politikalar\u0131 h\u0131z kesmeden devam ediyor. Rejimin in\u015fas\u0131ndan, uygulad\u0131\u011f\u0131 patriyarkal kapitalist politikalara kadar nas\u0131l bir ajandas\u0131 oldu\u011funu d\u00fc\u015f\u00fcn\u00fcyorsunuz?<\/strong><\/p>\n\n\n\n<p class=\"wp-block-paragraph\">Aile Y\u0131l\u0131n\u0131n ilan\u0131 ile birlikte, esnek \u00e7al\u0131\u015fma y\u00f6ntemleri ileri s\u00fcr\u00fcld\u00fc. Ev ve i\u015f ya\u015fam\u0131n\u0131n uyumlu h\u00e2le getirilmesi olarak anlat\u0131ld\u0131 bu y\u00f6ntemler. Kad\u0131n\u0131 kamusal alandan uzakla\u015ft\u0131rmak isterken mevcut iktisadi ko\u015fullar dolay\u0131s\u0131yla bu eskisi kadar kolay olam\u0131yor. Asgari \u00fccret a\u00e7l\u0131k s\u0131n\u0131r\u0131n\u0131n bile alt\u0131nda. Dolay\u0131s\u0131yla kiran\u0131n \u00f6denmesi i\u00e7in, \u00e7ocuklar\u0131n\u0131n bak\u0131m ve e\u011fitim masraflar\u0131n\u0131n kar\u015f\u0131lanabilmesi i\u00e7in kad\u0131nlar\u0131n da \u00e7al\u0131\u015fmas\u0131 gerekiyor. Bu noktada da kad\u0131nlar i\u00e7in esnek \u00e7al\u0131\u015fma devreye giriyor. Bu y\u00f6ntemle, kad\u0131n hem \u00fcretim ili\u015fkilerinin i\u00e7erisinde kalacak hem de kad\u0131n olmaktan kaynaklanan toplumsal rollerden uzakla\u015fmayacak. Yine evin i\u00e7erisindeki bak\u0131m y\u00fck\u00fc kad\u0131n\u0131n omuzlar\u0131na b\u0131rak\u0131lacak.&nbsp;<\/p>\n\n\n\n<p class=\"wp-block-paragraph\">Yine bu y\u0131l, Cumhurba\u015fkan\u0131 kad\u0131n ve erkek memurlara tan\u0131nacak do\u011fum veya evlat edinme sonras\u0131 yar\u0131 zamanl\u0131 \u00e7al\u0131\u015fman\u0131n hayata ge\u00e7irilece\u011fini a\u00e7\u0131klam\u0131\u015ft\u0131. Kad\u0131n ve erkek personele tan\u0131nmas\u0131 e\u015fitlik\u00e7i gibi g\u00f6r\u00fcnse de ger\u00e7ek b\u00f6yle de\u011fil. Bu; ilk olarak yar\u0131 maa\u015f, s\u0131n\u0131rl\u0131 sosyal haklar anlam\u0131na geliyor. \u0130kinci olarak; bir d\u00fczenlemenin kad\u0131nlar ve erkekler i\u00e7in yap\u0131lmas\u0131, ka\u011f\u0131t \u00fczerinde \u00f6yle yazmas\u0131 yeterli olmaz. Kad\u0131nlar\u0131 ger\u00e7ekten g\u00fc\u00e7lendirecek bir politika \u00fcretmezseniz bir imkan gibi g\u00f6r\u00fcnen ama asl\u0131nda t\u00fcm haklar\u0131n\u0131z\u0131n yar\u0131ya inece\u011fi bu d\u00fczenleme, fiilen yaln\u0131zca kad\u0131nlar i\u00e7in ge\u00e7erli olur. Kad\u0131nlar i\u015f g\u00fcc\u00fcnden bile say\u0131lm\u0131yor. \u00c7ocuk bak\u0131m\u0131, ev i\u015fleri kad\u0131nlar\u0131n \u00fczerine b\u0131rak\u0131lm\u0131\u015f durumda. Bunlar herkesin eri\u015febilece\u011fi ve s\u00fcreklili\u011fi olan kamusal hizmetler olarak devlet taraf\u0131ndan sa\u011flanmal\u0131d\u0131r. Belediyelerin a\u00e7t\u0131\u011f\u0131 kre\u015fler, kent lokantalar\u0131 yerel y\u00f6netimler anlam\u0131nda b\u00f6yle \u00f6rneklerdir. \u0130ktidar ise bunun tam kar\u015f\u0131s\u0131nda tutum al\u0131yor. Bu y\u00f6nde politikalar geli\u015ftirmesi gerekirken belediyelerin hizmetlerini engellemeye \u00e7al\u0131\u015f\u0131yor.&nbsp;<\/p>\n\n\n\n<p class=\"wp-block-paragraph\"><strong>T\u00fcrkiye\u2019de feminist m\u00fccadele hem demokratik bir kitle hareketi olarak hem de patriyarkaya kar\u015f\u0131 verdi\u011fi kesintisiz m\u00fccadele a\u00e7\u0131s\u0131ndan sizce \u015fu an nas\u0131l bir s\u00fcre\u00e7ten ge\u00e7iyor?&nbsp;<\/strong><\/p>\n\n\n\n<p class=\"wp-block-paragraph\">\u00d6nemli deneyimler biriktirdi\u011fimizi d\u00fc\u015f\u00fcn\u00fcyorum. Y\u0131llar \u00f6nce \u201ckad\u0131n cinayeti\u201d kavram\u0131 bilinmezken \u015fu an \u00e7\u00f6z\u00fcm yolunu topluma \u00f6\u011fretmi\u015f durumday\u0131z. \u0130stanbul S\u00f6zle\u015fmesi\u2019ni, 6284 say\u0131l\u0131 Kanunu herkes biliyor. \u015eiddete u\u011frayan bir kad\u0131n g\u00f6rd\u00fc\u011f\u00fcnde \u201cO saatte, orada ne i\u015fi varm\u0131\u015f?\u201d diyenler \u00e7ok az art\u0131k. Bu kad\u0131n m\u00fccadelesinin bir kazan\u0131m\u0131d\u0131r. Bu noktada da \u00f6n\u00fcm\u00fcze politik hedefler koymak, bunu \u00f6rg\u00fctl\u00fc bir \u015fekilde yapmak ve s\u00fcreklili\u011fini sa\u011flaman\u0131n kritik oldu\u011funu d\u00fc\u015f\u00fcn\u00fcyorum. E\u015fitli\u011fi kazanmak istiyorsak deneyimi ku\u015faktan ku\u015fa\u011fa aktarmal\u0131y\u0131z ki katlanarak b\u00fcy\u00fcs\u00fcn ve o deneyimle bulu\u015fan herkes bir katk\u0131 sunabilsin. Toplumsal cinsiyet e\u015fitsizli\u011fi, ne sadece bug\u00fcn vard\u0131 ne de sadece bu co\u011frafyada var. Bu k\u00f6kl\u00fc sorunu \u00e7\u00f6zmek i\u00e7in bizim de biriktirmemiz ve politikay\u0131, \u00e7\u00f6z\u00fcmleri aktarmam\u0131z ve s\u00fcrekli g\u00fcncelle ba\u011f kurmam\u0131z \u00f6nemli.<\/p>\n\n\n\n<p class=\"wp-block-paragraph\">AKP, iktidar koltu\u011funu b\u0131rakmak istemiyor. Bunun i\u00e7in de t\u00fcm haklar\u0131m\u0131za d\u00f6rt bir koldan sald\u0131r\u0131yor. Bu sald\u0131r\u0131lara kar\u015f\u0131 koymak i\u00e7in reflekslerimizin kuvvetli olmas\u0131 \u00f6nemli. Ancak yaln\u0131zca savunma pozisyonunda kalmamal\u0131y\u0131z. Nas\u0131l bir \u00fclkede, nas\u0131l bir d\u00fcnyada ya\u015famak istiyoruz? Bunun i\u00e7in neler yap\u0131lmas\u0131 gerekti\u011fini d\u00fc\u015f\u00fcn\u00fcyoruz? Bir perspektif ortaya koyma ihtiyac\u0131 var. Dolay\u0131s\u0131yla, kad\u0131n hareketi i\u00e7erisinde de fikr\u00ee tart\u0131\u015fmalar\u0131 derinle\u015ftirmeye ihtiyac\u0131m\u0131z var.&nbsp;<\/p>\n\n\n\n<figure class=\"wp-block-image size-full\"><img loading=\"lazy\" decoding=\"async\" width=\"1020\" height=\"660\" sizes=\"auto, (max-width: 800px) 100vw, 800px\" src=\"https:\/\/www.mordayanisma.org\/wp-content\/uploads\/2025\/12\/kcdp.avif\" alt=\"-\" class=\"wp-image-10261\" title=\"\" srcset=\"https:\/\/www.mordayanisma.org\/wp-content\/uploads\/2025\/12\/kcdp.avif 1020w, https:\/\/www.mordayanisma.org\/wp-content\/uploads\/2025\/12\/kcdp-300x194.avif 300w, https:\/\/www.mordayanisma.org\/wp-content\/uploads\/2025\/12\/kcdp-768x497.avif 768w, https:\/\/www.mordayanisma.org\/wp-content\/uploads\/2025\/12\/kcdp-18x12.avif 18w\" \/><figcaption class=\"wp-element-caption\">Kaynak: <a href=\"https:\/\/bianet.org\/haber\/kcdp-kapatma-davasi-reddedildi-283918\" target=\"_blank\" rel=\"noopener\">Bianet<\/a><\/figcaption><\/figure>\n\n\n\n<p class=\"wp-block-paragraph\"><strong>Feminist \u00f6rg\u00fctlerin, kad\u0131n \u00f6rg\u00fctlerinin \u00f6n\u00fcnde sizce ne gibi \u00f6devler var? Kad\u0131n Cinayetlerini Durduraca\u011f\u0131z Platformu olarak planlar\u0131n\u0131z neler?<\/strong><\/p>\n\n\n\n<p class=\"wp-block-paragraph\">Kad\u0131na y\u00f6nelik \u015fiddetin artmas\u0131 ile birlikte \u00f6zg\u00fcrl\u00fcklere de sald\u0131r\u0131n\u0131n oldu\u011fu bir d\u00f6nemden ge\u00e7iyoruz. Medeni Kanun a\u00e7\u0131k\u00e7a hedefte. Kad\u0131nlar\u0131n k\u0131yafeti, nas\u0131l bir ya\u015fam s\u00fcrece\u011fi hedefte. \u0130ktidar t\u00fcm kurumlar\u0131 arac\u0131l\u0131\u011f\u0131yla bunu s\u00fcrd\u00fcr\u00fcyor. Di\u011fer tarafta hukukun \u00fcst\u00fcnl\u00fc\u011f\u00fc, demokrasi, se\u00e7me se\u00e7ilme hakk\u0131m\u0131z tan\u0131nm\u0131yor. \u0130ktidar kaybetti\u011finin fark\u0131nda, bu nedenle de topyek\u00fbn bir sald\u0131r\u0131 i\u00e7erisinde. Kad\u0131nlar\u0131n kurtulu\u015funu bu \u00fclkenin demokrasi sorunundan ayr\u0131 g\u00f6remeyiz. Elbette kad\u0131nlar\u0131n ya\u015fam hakk\u0131na, toplumsal cinsiyet e\u015fitli\u011fine sahip \u00e7\u0131kmaya ve bunlar\u0131 kazanmak i\u00e7in politikalar geli\u015ftirmeye devam edece\u011fiz. Bunlarla birlikte \u00f6n\u00fcm\u00fczdeki \u00f6nemli g\u00f6revlerden biri de demokrasiye sahip \u00e7\u0131kmak.&nbsp;<\/p>\n\n\n\n<p class=\"wp-block-paragraph\">Kad\u0131nlar en \u00e7ok kendi hayatlar\u0131na dair bir tercih yapmak istedikleri i\u00e7in \u00f6ld\u00fcr\u00fcl\u00fcyorlar. Kad\u0131nlar\u0131n se\u00e7im hakk\u0131 tan\u0131nm\u0131yor. \u00dclke genelinde de bir s\u00fcredir kayy\u0131m politikalar\u0131 ile kar\u015f\u0131 kar\u015f\u0131yay\u0131z. Ba\u015fka bir partinin i\u00e7 i\u015fleyi\u015fine m\u00fcdahale etme noktas\u0131na kadar geldi bu durum. Ne yaz\u0131k ki demokrasi ve hukuk ad\u0131na k\u00f6t\u00fc bir tablo.&nbsp;<\/p>\n\n\n\n<p class=\"wp-block-paragraph\">Kad\u0131n Cinayetlerini Durduraca\u011f\u0131z Platformu olarak \u00f6n\u00fcm\u00fczdeki s\u00fcre\u00e7te kad\u0131nlar\u0131n e\u015fit ve \u00f6zg\u00fcr ya\u015famas\u0131 i\u00e7in m\u00fccadele etmeye devam edece\u011fiz. Bununla birlikte demokrasiden taraf olarak ve haks\u0131zl\u0131\u011fa u\u011frayan herkesin yan\u0131nda olaca\u011f\u0131z.&nbsp;<\/p>\n\n\n\n<p class=\"wp-block-paragraph\"><\/p>\n","protected":false},"excerpt":{"rendered":"<p>2025 y\u0131l\u0131n\u0131n sonuna yakla\u015f\u0131rken feminist politikada, bir \u00e7ok farkl\u0131 alanda yol arkada\u015fl\u0131\u011f\u0131 yapt\u0131\u011f\u0131m\u0131z \u00f6rg\u00fctlerle ve kad\u0131nlarla s\u00f6yle\u015filer yapmaya devam ediyoruz. Kad\u0131nlar i\u00e7in giderek daha da zorla\u015fan ger\u00e7ek adalet, hayatta kalma ve insana yara\u015f\u0131r onurlu bir ya\u015fam m\u00fccadelesi; kad\u0131n kurtulu\u015f m\u00fccadelesine omuz veren, \u00f6rg\u00fctl\u00fc m\u00fccadelede inat eden, sokaklardan geri \u00e7ekilmeyen yap\u0131larla kolektif bir ad\u0131m daha atmam\u0131za&hellip;<\/p>","protected":false},"author":27,"featured_media":10258,"comment_status":"closed","ping_status":"closed","sticky":false,"template":"","format":"standard","meta":{"_coblocks_attr":"","_coblocks_dimensions":"","_coblocks_responsive_height":"","_coblocks_accordion_ie_support":"","_eb_attr":"","inline_featured_image":false,"footnotes":""},"categories":[533],"tags":[1294,151,1522],"ppma_author":[594],"class_list":["post-10257","post","type-post","status-publish","format-standard","has-post-thumbnail","hentry","category-soylesi","tag-kadin-cinayetleri","tag-kadin-dayanismasi","tag-orgutlu-kadin-mucadelesi","author-irem-kayikci"],"authors":[{"term_id":594,"user_id":27,"is_guest":0,"slug":"irem-kayikci","display_name":"\u0130rem Kay\u0131k\u00e7\u0131","avatar_url":"https:\/\/www.mordayanisma.org\/wp-content\/litespeed\/avatar\/cc02d7134dc75a57b6e07a230e7e3604.jpg?ver=1787835286","author_category":"","first_name":"\u0130rem","last_name":"Kay\u0131k\u00e7\u0131","user_url":"","job_title":"","description":"iremkayikci@mordayanisma.org"}],"_links":{"self":[{"href":"https:\/\/www.mordayanisma.org\/en\/wp-json\/wp\/v2\/posts\/10257","targetHints":{"allow":["GET"]}}],"collection":[{"href":"https:\/\/www.mordayanisma.org\/en\/wp-json\/wp\/v2\/posts"}],"about":[{"href":"https:\/\/www.mordayanisma.org\/en\/wp-json\/wp\/v2\/types\/post"}],"author":[{"embeddable":true,"href":"https:\/\/www.mordayanisma.org\/en\/wp-json\/wp\/v2\/users\/27"}],"replies":[{"embeddable":true,"href":"https:\/\/www.mordayanisma.org\/en\/wp-json\/wp\/v2\/comments?post=10257"}],"version-history":[{"count":3,"href":"https:\/\/www.mordayanisma.org\/en\/wp-json\/wp\/v2\/posts\/10257\/revisions"}],"predecessor-version":[{"id":10266,"href":"https:\/\/www.mordayanisma.org\/en\/wp-json\/wp\/v2\/posts\/10257\/revisions\/10266"}],"wp:featuredmedia":[{"embeddable":true,"href":"https:\/\/www.mordayanisma.org\/en\/wp-json\/wp\/v2\/media\/10258"}],"wp:attachment":[{"href":"https:\/\/www.mordayanisma.org\/en\/wp-json\/wp\/v2\/media?parent=10257"}],"wp:term":[{"taxonomy":"category","embeddable":true,"href":"https:\/\/www.mordayanisma.org\/en\/wp-json\/wp\/v2\/categories?post=10257"},{"taxonomy":"post_tag","embeddable":true,"href":"https:\/\/www.mordayanisma.org\/en\/wp-json\/wp\/v2\/tags?post=10257"},{"taxonomy":"author","embeddable":true,"href":"https:\/\/www.mordayanisma.org\/en\/wp-json\/wp\/v2\/ppma_author?post=10257"}],"curies":[{"name":"wp","href":"https:\/\/api.w.org\/{rel}","templated":true}]}}