{"id":10193,"date":"2025-04-17T12:24:00","date_gmt":"2025-04-17T09:24:00","guid":{"rendered":"https:\/\/www.mordayanisma.org\/?p=10193"},"modified":"2025-12-22T09:07:23","modified_gmt":"2025-12-22T06:07:23","slug":"119-imzaci-kurumdan-suriyedeki-kirima-tepki","status":"publish","type":"post","link":"https:\/\/www.mordayanisma.org\/en\/2025\/04\/17\/119-imzaci-kurumdan-suriyedeki-kirima-tepki\/","title":{"rendered":"119 imzac\u0131 kurumdan Suriye\u2019deki k\u0131r\u0131ma tepki"},"content":{"rendered":"\n<p class=\"wp-block-paragraph\">ANKARA &#8211; Suriye\u2019deki k\u0131r\u0131ma kar\u015f\u0131 119 kurum Alevi katliamlar\u0131na sessiz kal\u0131nmamas\u0131 \u00e7a\u011fr\u0131s\u0131 yaparak, \u201cBuraday\u0131z, t\u00fcm kad\u0131n yolda\u015flar\u0131m\u0131zla\u2026 Gelece\u011fi, bar\u0131\u015f\u0131, \u00f6zg\u00fcrl\u00fc\u011f\u00fc biz in\u015fa edece\u011fiz\u201d dedi.<\/p>\n<span hidden class=\"__iawmlf-post-loop-links\" data-iawmlf-links=\"[{&quot;id&quot;:251,&quot;href&quot;:&quot;https:\\\/\\\/jinnews.net\\\/search\\\/content\\\/view\\\/255524?page=2\\u0026key=3388ee4f0b1e9b3bf72793d81b039167?page=1\\u0026key=3388ee4f0b1e9b3bf72793d81b039167&quot;,&quot;archived_href&quot;:&quot;&quot;,&quot;redirect_href&quot;:&quot;&quot;,&quot;checks&quot;:[],&quot;broken&quot;:false,&quot;last_checked&quot;:null,&quot;process&quot;:&quot;done&quot;}]\"><\/span>\n\n\n<p class=\"wp-block-paragraph\">Suriye\u2019nin Lazkiye, Dera, S\u00fcveyda, Hama, Humus ve Tartus \u015fehirlerinde, HT\u015e\u2019ye ba\u011fl\u0131 gruplar, SMO ve DA\u0130\u015e taraf\u0131ndan Alevilere y\u00f6nelik sald\u0131r\u0131lar sonucunda binlerce ki\u015fi katledildi, yerlerinden edildi. Alevi kad\u0131n ve \u00e7ocuklar ise ka\u00e7\u0131r\u0131ld\u0131. Suriye \u0130nsan Haklar\u0131 G\u00f6zlemevi\u2019nin (SOHR) 15 Nisan tarihli raporuna g\u00f6re, son bir ay i\u00e7inde bu \u015fehirlerde 17 kad\u0131n ve \u00e7ocuk ka\u00e7\u0131r\u0131ld\u0131, 5 Alevi ise katledildi.&nbsp;<\/p>\n\n\n\n<p class=\"wp-block-paragraph\"><strong>\u00c7a\u011fr\u0131 metni payla\u015f\u0131ld\u0131&nbsp;<\/strong><\/p>\n\n\n\n<p class=\"wp-block-paragraph\">Katliamlar s\u00fcrerken kad\u0131n \u00f6rg\u00fctleri ve Alevi kurumlar katliamlara sessiz kal\u0131nmamas\u0131 \u00e7a\u011fr\u0131s\u0131 yap\u0131yor. Katliama kar\u015f\u0131 \u00f6rg\u00fctlenen kad\u0131nlar ortak bir imza metni bildirisi yay\u0131nlad\u0131 \u015fuana kadar metne 119 kurum imza vererek, \u201cBuraday\u0131z, t\u00fcm kad\u0131n yolda\u015flar\u0131m\u0131zla\u2026 Gelece\u011fi, bar\u0131\u015f\u0131, \u00f6zg\u00fcrl\u00fc\u011f\u00fc biz in\u015fa edece\u011fiz\u201d dedi.&nbsp;<\/p>\n\n\n\n<p class=\"wp-block-paragraph\">Bug\u00fcn Alevi Bekta\u015fi Federasyonu binas\u0131nda ger\u00e7ekle\u015ftirilen toplant\u0131da \u00e7a\u011fr\u0131 metni payla\u015f\u0131ld\u0131. PSAKD Kad\u0131n \u00d6rg\u00fctlenme Sekreteri ve Mamak \u015eube Ba\u015fkan\u0131 Rukiye Ercan Kara kurumlar ad\u0131na ortak metnini okudu.&nbsp;<\/p>\n\n\n\n<p class=\"wp-block-paragraph\"><strong>\u2018Kadim halklar katlediliyor d\u00fcnya susuyor\u2019<\/strong><\/p>\n\n\n\n<p class=\"wp-block-paragraph\">Orta Do\u011fu\u2019nun kanla yeniden dizayn edilmeye \u00e7al\u0131\u015f\u0131ld\u0131\u011f\u0131n\u0131 s\u00f6yleyen Rukiye Ercan Kara, \u201cSuriye\u2019de Aleviler katlediliyor. Kad\u0131nlar ka\u00e7\u0131r\u0131l\u0131yor, tecav\u00fcze u\u011fruyor, \u00f6ld\u00fcr\u00fcl\u00fcyor; ak\u0131betleri bilinmiyor. \u00cazid\u00celer, K\u00fcrtler, Ermeniler, S\u00fcryaniler, Nusayriler\u2026 Bu topraklar\u0131n t\u00fcm kadim halklar\u0131 ve inan\u00e7lar\u0131 yok edilmek isteniyor. Ve d\u00fcnya susuyor! Biz bu suskunlu\u011fu biliyoruz. Mara\u015f\u2019ta, Sivas\u2019ta, D\u00earsim\u2019de susanlar\u0131 da, seyredenleri de unutmad\u0131k! Halep\u00e7e\u2019den \u015eengal\u2019e, Roboski\u2019den bug\u00fcne kadar bu co\u011frafyada ya\u015fat\u0131lan k\u0131y\u0131m\u0131n tan\u0131klar\u0131y\u0131z. Emperyalist \u00fclkelerin, bir y\u00fczy\u0131l daha Orta Do\u011fu\u2019yu yeniden \u015fekillendirme planlar\u0131; halklar\u0131n katli, s\u00fcrg\u00fcn\u00fc ve kamplarda ya\u015fat\u0131lmas\u0131 pahas\u0131na devam ediyor. Mezopotamya\u2019y\u0131 ve Orta Do\u011fu\u2019yu kanla yeniden dizayn ediyorlar\u201d dedi.&nbsp;<\/p>\n\n\n\n<p class=\"wp-block-paragraph\"><strong>\u2018Suriye\u2019de kad\u0131n \u00f6zg\u00fcrl\u00fc\u011f\u00fcne e\u015fitli\u011fe inanlar\u0131 istemiyorlar\u2019<\/strong><\/p>\n\n\n\n<p class=\"wp-block-paragraph\">Kad\u0131nlar\u0131n sava\u015flarda her t\u00fcrl\u00fc \u015fiddete maruz kald\u0131\u011f\u0131n\u0131 belirten Rukiye Ercan Kara, \u201cErkek egemen sistemin \u00f6znesi erkekler, sava\u015flarda kad\u0131nlara ve k\u0131z \u00e7ocuklar\u0131na kar\u015f\u0131 her t\u00fcrl\u00fc cinsel sald\u0131r\u0131y\u0131 hak ve me\u015fru g\u00f6r\u00fcyor. Kad\u0131nlar, sava\u015fta ve militarist ortamda taraflar\u0131n i\u015fgal alan\u0131 olarak kabul ediliyor; toplu cinsel sald\u0131r\u0131lara maruz kal\u0131yor. Bosna Hersekli kad\u0131nlar\u0131n, \u00cazid\u00ee kad\u0131nlar\u0131n, Arap Alevi kad\u0131nlar\u0131n, K\u00fcrt kad\u0131nlar\u0131n ya\u015fad\u0131klar\u0131; erkek egemen sistemin, militarizmle daha da g\u00fc\u00e7lendirilmi\u015f erkek ve devlet \u015fiddetinin somut halidir. Suriye\u2019de Alevi kad\u0131nlara ya\u015fat\u0131lan; Alevi kimli\u011finin ve Alevilik inanc\u0131n\u0131n ink\u00e2r\u0131 ile Alevilerin mal ve m\u00fclklerinin talan edilmesidir. Kurmak istedikleri Suriye\u2019de, yetmi\u015f iki millete ayn\u0131 nazardan bakan; kad\u0131n \u00f6zg\u00fcrl\u00fck\u00e7\u00fc, e\u015fitlik\u00e7i bir inan\u00e7 olan Alevili\u011fi de, buna inanan kad\u0131nlar\u0131 da istemiyorlar. Bunu, kad\u0131n d\u00fc\u015fman\u0131 ideolojileri i\u00e7in bir tehlike olarak g\u00f6r\u00fcyorlar. \u00d6zg\u00fcrl\u00fck yanl\u0131s\u0131, sek\u00fcler, ba\u011f\u0131ms\u0131z kad\u0131nlar\u0131 evlere kapat\u0131p, erkeklerin k\u00f6lesi yapacak bir gelecek kurmak istiyorlar\u201d s\u00f6zlerini kulland\u0131.<\/p>\n\n\n\n<p class=\"wp-block-paragraph\"><strong>\u0130nsanl\u0131k d\u0131\u015f\u0131 vah\u015fet s\u00fcr\u00fcyor<\/strong><\/p>\n\n\n\n<p class=\"wp-block-paragraph\">Devam\u0131nda Rukiye Ercan Kara \u015funlar\u0131 belirtti: \u201c2011\u2019den bu yana Suriye halklar\u0131 b\u00fcy\u00fck bir sava\u015f\u0131n ma\u011fduru. Ve 8 Aral\u0131k 2024\u2019te Baas rejimi, yerini DA\u0130\u015e\u2019in ard\u0131l\u0131 cihat\u00e7\u0131-selefi HT\u015e\u2019ye b\u0131rakt\u0131. Bu selefi cihat\u00e7\u0131lar; ABD, Bat\u0131l\u0131 \u00fclkeler ve T\u00fcrkiye\u2019nin deste\u011fiyle, kanl\u0131 elleri y\u0131kanarak ve kravat tak\u0131larak iktidar koltuklar\u0131na oturtuldular. T\u00fcm bunlar olurken, selefi cihat\u00e7\u0131lar Suriye\u2019de \u201ckatli vacip\u201d fetvalar\u0131yla Alevi soyk\u0131r\u0131m\u0131n\u0131 s\u00fcrd\u00fcrd\u00fc. Kad\u0131nlar ka\u00e7\u0131r\u0131l\u0131yor; akademisyen Ra\u015fha El Ali\u2019nin cesedi elleri kesilmi\u015f halde bir a\u011faca as\u0131l\u0131 bulundu. Suriye\u2019de Alevilere y\u00f6nelik insanl\u0131k d\u0131\u015f\u0131 bir vah\u015fet, t\u00fcm d\u00fcnyan\u0131n g\u00f6zleri \u00f6n\u00fcnde s\u00fcrd\u00fc, h\u00e2l\u00e2 da s\u00fcr\u00fcyor. Alevilik inanc\u0131na d\u00fc\u015fman olan HT\u015e; Suriye\u2019de Alevileri katlederek ve yurtlar\u0131ndan kovmaya \u00e7al\u0131\u015farak, topyek\u00fbn bir yok olu\u015fu hedefliyor. Bir halk, bir inan\u00e7, bir k\u00fclt\u00fcr; b\u00fct\u00fcn haf\u0131zas\u0131yla birlikte silinmek isteniyor.<\/p>\n\n\n\n<p class=\"wp-block-paragraph\"><strong>Biz kad\u0131nlar sessiz kalmayaca\u011f\u0131z!<\/strong><\/p>\n\n\n\n<p class=\"wp-block-paragraph\">Ve biz Alevi kad\u0131nlar, kad\u0131n yolda\u015flar\u0131m\u0131zla birlikte buna izin vermeyece\u011fimizi bir kez daha sa\u011f\u0131r kulaklara duyurmak i\u00e7in buraday\u0131z! Suriye\u2019deki Aleviler ve Alevi kad\u0131nlarla dayan\u0131\u015fma halindeyiz. Cihat\u00e7\u0131 \u00e7etelerin sald\u0131r\u0131lar\u0131 alt\u0131nda olan Alevi kad\u0131nlar\u0131n yan\u0131nday\u0131z diyerek 140 kad\u0131n \u00f6rg\u00fct\u00fc yan yana geldik. Biz kad\u0131nlar ba\u015f\u0131ndan beri bu sald\u0131r\u0131lara sessiz kalmad\u0131k, kalmayaca\u011f\u0131z! Katledilen canlar\u0131n, susturulan feryatlar\u0131n, ka\u00e7\u0131r\u0131lan kad\u0131nlar\u0131n sesi olmak i\u00e7in 24 Nisan\u2019da Samanda\u011f\u2019day\u0131z! Hayat\u0131 \u00e7al\u0131nan t\u00fcm kad\u0131nlar i\u00e7in \u00e7ok \u00fczg\u00fcn\u00fcz ama \u00f6fkemiz \u00fcz\u00fcnt\u00fcm\u00fczden b\u00fcy\u00fck. Dersim\u2019in k\u00fcllerinden, Mara\u015f\u2019\u0131n ac\u0131s\u0131ndan, Sivas\u2019\u0131n duman\u0131ndan ge\u00e7erek geldik. Hakk\u2019tan, adaletten, mazlumdan yana saf tutmaktan vazge\u00e7meyiz. Bug\u00fcn Suriye\u2019de yak\u0131lan ate\u015f, yar\u0131n hepimizin evine d\u00fc\u015febilir, bunun fark\u0131nday\u0131z. Bu nedenle; t\u00fcm kad\u0131nlar\u0131, demokratik toplum m\u00fccadelesi verenleri, sol-sosyalistleri, insan haklar\u0131 savunucular\u0131n\u0131 ve t\u00fcm halklar\u0131 Samanda\u011f\u2019da sesimize ses olmaya, m\u00fccadelemizde yer almaya \u00e7a\u011f\u0131r\u0131yoruz! Susmuyoruz, unutmuyoruz, affetmiyoruz!\u201d<\/p>\n\n\n\n<p class=\"wp-block-paragraph\">A\u00e7\u0131klaman\u0131n ard\u0131ndan kad\u0131nlar, 24 Nisan\u2019da Suriye \u0130\u00e7in Kad\u0131n \u0130nisiyatifi \u00f6nc\u00fcl\u00fc\u011f\u00fcnde Hatay Samanda\u011f\u2019da ger\u00e7ekle\u015ftirilecek eyleme kat\u0131l\u0131m \u00e7a\u011fr\u0131s\u0131nda bulundu.<\/p>\n\n\n\n<p class=\"wp-block-paragraph\"><strong>\u0130mzac\u0131 kurumlar:<\/strong><\/p>\n\n\n\n<p class=\"wp-block-paragraph\">* Alevi Bekta\u015fi Federasyonu ( Kad\u0131n Meclisleri )<\/p>\n\n\n\n<p class=\"wp-block-paragraph\">* Pir Sultan Abdal K\u00fclt\u00fcr Derne\u011fi &nbsp;( Kad\u0131n Meclisleri )<\/p>\n\n\n\n<p class=\"wp-block-paragraph\">* Alevi K\u00fclt\u00fcr Dernekleri ( Kad\u0131n Meclisleri )<\/p>\n\n\n\n<p class=\"wp-block-paragraph\">* Avrupa Alevi Kad\u0131nlar Birli\u011fi (AAKB)<\/p>\n\n\n\n<p class=\"wp-block-paragraph\">* Demokratik Alevi Dernekleri ( DAD)&nbsp;<\/p>\n\n\n\n<p class=\"wp-block-paragraph\">* Arap Alevi K\u00fclt\u00fcr Derne\u011fi&nbsp;<\/p>\n\n\n\n<p class=\"wp-block-paragraph\">* Arap Halk\u0131 Aleviler Dayan\u0131\u015fma Derne\u011fi ( AHADER )<\/p>\n\n\n\n<p class=\"wp-block-paragraph\">* Mor Dayan\u0131\u015fma&nbsp;<\/p>\n\n\n\n<p class=\"wp-block-paragraph\">* Samanda\u011f Kad\u0131n Dayan\u0131\u015fma Derne\u011fi&nbsp;<\/p>\n\n\n\n<p class=\"wp-block-paragraph\">* Bursa Kestel Hac\u0131 Bekta\u015fi Veli Cemevi<\/p>\n\n\n\n<p class=\"wp-block-paragraph\">* Alevi Bekta\u015fi K\u00fclt\u00fcr\u00fcn\u00fc Tan\u0131tma Derne\u011fi(Narl\u0131dere Cemevi)<\/p>\n\n\n\n<p class=\"wp-block-paragraph\">* Avrupa Arap Alevileri Federasyonu ( AAAF )<\/p>\n\n\n\n<p class=\"wp-block-paragraph\">* Anadolu Kad\u0131n Hareketi<\/p>\n\n\n\n<p class=\"wp-block-paragraph\">* Alevi Kadinlar Birli\u011fi T\u00fcrkiye olarak<\/p>\n\n\n\n<p class=\"wp-block-paragraph\">* Dem Parti Kad\u0131n Meclisi<\/p>\n\n\n\n<p class=\"wp-block-paragraph\">* Antakya Kad\u0131nlar Birlikte G\u00fc\u00e7l\u00fc&nbsp;<\/p>\n\n\n\n<p class=\"wp-block-paragraph\">* Alevi K\u00fclt\u00fcr Derne\u011fi Mersin Cemevi ( Kad\u0131n Meclisi )<\/p>\n\n\n\n<p class=\"wp-block-paragraph\">* Hubyar Sultan Alevi K\u00fclt\u00fcr Derne\u011fi ( Kad\u0131n Meclisi )<\/p>\n\n\n\n<p class=\"wp-block-paragraph\">* T\u0130P\u2019L\u0130 Kad\u0131nlar<\/p>\n\n\n\n<p class=\"wp-block-paragraph\">* SOLDEP Sosyalist Kad\u0131nlar&nbsp;<\/p>\n\n\n\n<p class=\"wp-block-paragraph\">* SKYP ( Kad\u0131n Meclisi )<\/p>\n\n\n\n<p class=\"wp-block-paragraph\">* Alevi Bekta\u015fi \u0130nan\u00e7 Derne\u011fi \u00c7aml\u0131kule Cemevi &nbsp;( Kad\u0131n Meclisi )<\/p>\n\n\n\n<p class=\"wp-block-paragraph\">* Anadolu Alevileri K\u00fclt\u00fcr Dayan\u0131\u015fma ve Yard\u0131mla\u015fma Derne\u011fi Torbal\u0131 ( Kad\u0131n Meclisi )<\/p>\n\n\n\n<p class=\"wp-block-paragraph\">* Bal\u00e7ova Alevi Bekta\u015fi Derne\u011fi ( Kad\u0131n Meclisi )&nbsp;<\/p>\n\n\n\n<p class=\"wp-block-paragraph\">* Ankara Kad\u0131n Platformu<\/p>\n\n\n\n<p class=\"wp-block-paragraph\">* Mersin G\u00fcnebakan Kad\u0131n Derne\u011fi&nbsp;<\/p>\n\n\n\n<p class=\"wp-block-paragraph\">* Al\u0131nterili &nbsp;Kad\u0131nlar&nbsp;<\/p>\n\n\n\n<p class=\"wp-block-paragraph\">* Hac\u0131 Bekta\u015f\u0131 Veli Anadolu K\u00fclt\u00fcr Vakf\u0131 G\u00fczelbah\u00e7e \u015eubesi ( Kad\u0131n Meclisi )<\/p>\n\n\n\n<p class=\"wp-block-paragraph\">* Z\u00fcbeyde Han\u0131m Alevi Bekta\u015fi K\u00fclt\u00fcr\u00fcn\u00fc &nbsp;Ya\u015fatma &nbsp;Derne\u011fi ( Kad\u0131n Meclisi )<\/p>\n\n\n\n<p class=\"wp-block-paragraph\">* Edremit Kad\u0131n Platformu<\/p>\n\n\n\n<p class=\"wp-block-paragraph\">* Seferihisar Kad\u0131n Platformu&nbsp;<\/p>\n\n\n\n<p class=\"wp-block-paragraph\">* Emek\u00e7i kad\u0131nlar ( Eka)&nbsp;<\/p>\n\n\n\n<p class=\"wp-block-paragraph\">* DEDEF ( Kad\u0131n Meclisi )<\/p>\n\n\n\n<p class=\"wp-block-paragraph\">* Sol Feminist Hareket&nbsp;<\/p>\n\n\n\n<p class=\"wp-block-paragraph\">* \u00c7erkesya Hareketi&nbsp;<\/p>\n\n\n\n<p class=\"wp-block-paragraph\">* Ye\u015fil Sol (Kad\u0131n Meclisi )<\/p>\n\n\n\n<p class=\"wp-block-paragraph\">* Mersin Kad\u0131n Platformu ve Kad\u0131n Gazeteciler &nbsp;Derne\u011fi&nbsp;<\/p>\n\n\n\n<p class=\"wp-block-paragraph\">* Avrupa &nbsp;Demokratik Dersim Birlikleri Federasyonu &nbsp;( Kad\u0131n Komitesi )<\/p>\n\n\n\n<p class=\"wp-block-paragraph\">* Kad\u0131n Cinayetlerini Durduraca\u011f\u0131z Platformu<\/p>\n\n\n\n<p class=\"wp-block-paragraph\">* EHP\u2019li Sosyalist Feministler<\/p>\n\n\n\n<p class=\"wp-block-paragraph\">* 29 Ekim Kad\u0131nlar Derne\u011fi&nbsp;<\/p>\n\n\n\n<p class=\"wp-block-paragraph\">* Tevgera Jin\u00ean Azad ( \u00d6zg\u00fcr Kad\u0131n Hareketi ) ( TJA )<\/p>\n\n\n\n<p class=\"wp-block-paragraph\">* Avrupa Demokratik Alevi Kad\u0131nlar Birli\u011fi<\/p>\n\n\n\n<p class=\"wp-block-paragraph\">* Bursa Alevi Kad\u0131n Platformu<\/p>\n\n\n\n<p class=\"wp-block-paragraph\">* Kilikya Nehir Sosyal Dayan\u0131\u015fma ve K\u00fclt\u00fcr Derne\u011fi<\/p>\n\n\n\n<p class=\"wp-block-paragraph\">* \u0130skenderun AKAD Kad\u0131n Kollar\u0131 (Alevi K\u00fclt\u00fcr\u00fcn\u00fc Ara\u015ft\u0131rma &nbsp;Derne\u011fi )<\/p>\n\n\n\n<p class=\"wp-block-paragraph\">* Yal\u0131ncak Sultan Alevi K\u00fclt\u00fcr Derne\u011fi&nbsp;<\/p>\n\n\n\n<p class=\"wp-block-paragraph\">* 17+Alevi Kad\u0131nlar<\/p>\n\n\n\n<p class=\"wp-block-paragraph\">* Bodrum Kad\u0131n Dayan\u0131\u015fma Derne\u011fi&nbsp;<\/p>\n\n\n\n<p class=\"wp-block-paragraph\">* Asarl\u0131k Alevi K\u00fclt\u00fcr Derne\u011fi ( Kad\u0131n Meclisi )<\/p>\n\n\n\n<p class=\"wp-block-paragraph\">* Ankara Cem K\u00fclt\u00fcr Evleri Yapt\u0131rma Derne\u011fi<\/p>\n\n\n\n<p class=\"wp-block-paragraph\">* Demokratik Alevi Kad\u0131nlar Birli\u011fi<\/p>\n\n\n\n<p class=\"wp-block-paragraph\">* Ba\u011f\u0131ms\u0131z Kad\u0131n Derne\u011fi&nbsp;<\/p>\n\n\n\n<p class=\"wp-block-paragraph\">* Devrimci 78&#8217;liler Federasyonu Kad\u0131n \u00dcyeleri<\/p>\n\n\n\n<p class=\"wp-block-paragraph\">* G\u00fcll\u00fck Alevi K\u00fclt\u00fcr Derne\u011fi<\/p>\n\n\n\n<p class=\"wp-block-paragraph\">* Didim Alevi Bekta\u015fi K\u00fclt\u00fcr Merkezi ve Cemevi Derne\u011fi<\/p>\n\n\n\n<p class=\"wp-block-paragraph\">* \u0130skenderun Kad\u0131n Platformu&nbsp;<\/p>\n\n\n\n<p class=\"wp-block-paragraph\">* Antalya Kad\u0131n Dayan\u0131\u015fma<\/p>\n\n\n\n<p class=\"wp-block-paragraph\">* Halkevci Kad\u0131nlar<\/p>\n\n\n\n<p class=\"wp-block-paragraph\">* Mor Patika Kad\u0131n Derne\u011fi&nbsp;<\/p>\n\n\n\n<p class=\"wp-block-paragraph\">* Mersin Dersimliler Derne\u011fi Kad\u0131n Meclisi&nbsp;<\/p>\n\n\n\n<p class=\"wp-block-paragraph\">* K\u0131lavuz Kad\u0131n Komitesi<\/p>\n\n\n\n<p class=\"wp-block-paragraph\">* E\u015e\u0130T\u0130Z &#8211; E\u015fitlik \u0130zleme Kad\u0131n Grubu<\/p>\n\n\n\n<p class=\"wp-block-paragraph\">* Demokratik Kad\u0131n Hareketi<\/p>\n\n\n\n<p class=\"wp-block-paragraph\">* \u015eanl\u0131urfa Ya\u015famevi Kad\u0131n Dayan\u0131\u015fma Derne\u011fi<\/p>\n\n\n\n<p class=\"wp-block-paragraph\">* Karya Kad\u0131n Derne\u011fi<\/p>\n\n\n\n<p class=\"wp-block-paragraph\">* Diyarbak\u0131r Ekoloji ( Kad\u0131n &nbsp;Meclisi )&nbsp;<\/p>\n\n\n\n<p class=\"wp-block-paragraph\">* G\u00f6\u00e7 \u0130zleme Derne\u011fi (G\u00f6\u00e7 &nbsp;Der)&nbsp;<\/p>\n\n\n\n<p class=\"wp-block-paragraph\">* K\u00fcrt Dil Kad\u0131n Meclisi&nbsp;<\/p>\n\n\n\n<p class=\"wp-block-paragraph\">* Med Der Kad\u0131n Meclisi&nbsp;<\/p>\n\n\n\n<p class=\"wp-block-paragraph\">* E\u011fitim Sen \u0130skenderun Kad\u0131n Meclisi&nbsp;<\/p>\n\n\n\n<p class=\"wp-block-paragraph\">* KESK &nbsp;Kad\u0131n Meclisi&nbsp;<\/p>\n\n\n\n<p class=\"wp-block-paragraph\">* Antalya Kad\u0131n Dan\u0131\u015fma Merkezi ve Dayan\u0131\u015fma Derne\u011fi&nbsp;<\/p>\n\n\n\n<p class=\"wp-block-paragraph\">* Didim K\u0130BELE Kad\u0131n Dayan\u0131\u015fma ve Yard\u0131mla\u015fma Derne\u011fi<\/p>\n\n\n\n<p class=\"wp-block-paragraph\">* Bodrum Alevi Bekta\u015fi K\u00fclt\u00fcr Derne\u011fi &#8211; Cemevi&nbsp;<\/p>\n\n\n\n<p class=\"wp-block-paragraph\">* Kazda\u011f\u0131 Do\u011fal ve K\u00fclt\u00fcrel Varl\u0131klar\u0131 Koruma Derne\u011fi<\/p>\n\n\n\n<p class=\"wp-block-paragraph\">* 2017 Bodrum Yurtta\u015f \u0130nisiyatifi&nbsp;<\/p>\n\n\n\n<p class=\"wp-block-paragraph\">* \u0130zmir Kad\u0131n Dayan\u0131\u015fma Derne\u011fi<\/p>\n\n\n\n<p class=\"wp-block-paragraph\">* Ayval\u0131k Kad\u0131n \u0130nsiyatifi&nbsp;<\/p>\n\n\n\n<p class=\"wp-block-paragraph\">* Giresun Kad\u0131n Platformu &nbsp;<\/p>\n\n\n\n<p class=\"wp-block-paragraph\">* E\u015fit Ya\u015fam Derne\u011fi&nbsp;<\/p>\n\n\n\n<p class=\"wp-block-paragraph\">* Kad\u0131n Koalisyonu &#8211; Uluslararas\u0131 \u00c7al\u0131\u015fma Grubu&nbsp;<\/p>\n\n\n\n<p class=\"wp-block-paragraph\">* Avrupa Kad\u0131n Lobisi &#8211; T\u00fcrkiye Koordinasyonu<\/p>\n\n\n\n<p class=\"wp-block-paragraph\">* Dat\u00e7a Kad\u0131n Platformu&nbsp;<\/p>\n\n\n\n<p class=\"wp-block-paragraph\">* Rosa Kad\u0131n Derne\u011fi<\/p>\n\n\n\n<p class=\"wp-block-paragraph\">* Kad\u0131nlarla Dayan\u0131\u015fma Vakf\u0131 (KADAV)<\/p>\n\n\n\n<p class=\"wp-block-paragraph\">* D\u00fcnya Kad\u0131n Y\u00fcr\u00fcy\u00fc\u015f\u00fc Turkiye Koordinasyonu<\/p>\n\n\n\n<p class=\"wp-block-paragraph\">* Hatay Kad\u0131n Dayan\u0131\u015fmas\u0131 &nbsp;<\/p>\n\n\n\n<p class=\"wp-block-paragraph\">* Giresun Kad\u0131n Dayan\u0131\u015fma Derne\u011fi&nbsp;<\/p>\n\n\n\n<p class=\"wp-block-paragraph\">* Kad\u0131nlar\u0131n Kurtulu\u015fu<\/p>\n\n\n\n<p class=\"wp-block-paragraph\">* EMEP\u2019L\u0130 Kad\u0131nlar&nbsp;<\/p>\n\n\n\n<p class=\"wp-block-paragraph\">* Ekmek ve G\u00fcl&nbsp;<\/p>\n\n\n\n<p class=\"wp-block-paragraph\">* Ku\u015fadas\u0131 Kent Dayan\u0131\u015fmas\u0131<\/p>\n\n\n\n<p class=\"wp-block-paragraph\">* Ku\u015fadas\u0131 Kad\u0131n Platformu&nbsp;<\/p>\n\n\n\n<p class=\"wp-block-paragraph\">* Deniz Y\u0131ld\u0131z\u0131 Kad\u0131n Dayan\u0131\u015fma Derne\u011fi<\/p>\n\n\n\n<p class=\"wp-block-paragraph\">* Yeni Demokrat Kad\u0131n&nbsp;<\/p>\n\n\n\n<p class=\"wp-block-paragraph\">* Koza Kad\u0131n Derne\u011fi<\/p>\n\n\n\n<p class=\"wp-block-paragraph\">* S\u00f6ke Kad\u0131n Dayan\u0131\u015fma Derne\u011fi<\/p>\n\n\n\n<p class=\"wp-block-paragraph\">* Tuzlu\u00e7ay\u0131r Kad\u0131n Dayan\u0131\u015fma Derne\u011fi<\/p>\n\n\n\n<p class=\"wp-block-paragraph\">* Tuzlu\u00e7ay\u0131r Cem Evi Kad\u0131n Kollar\u0131 &nbsp;ANKARA<\/p>\n\n\n\n<p class=\"wp-block-paragraph\">* Kad\u0131nc\u0131k Ana Derne\u011fi&nbsp;<\/p>\n\n\n\n<p class=\"wp-block-paragraph\">* Ayr\u0131mc\u0131l\u0131kla M\u00fccadele ve E\u015fitlik Derne\u011fi<\/p>\n\n\n\n<p class=\"wp-block-paragraph\">* Hac\u0131 Bekta\u015f E\u011fitim ve K\u00fclt\u00fcr Derne\u011fi<\/p>\n\n\n\n<p class=\"wp-block-paragraph\">* Didim Kad\u0131n Platformu<\/p>\n\n\n\n<p class=\"wp-block-paragraph\">* Urla Kad\u0131n Dayan\u0131\u015fma Derne\u011fi<\/p>\n\n\n\n<p class=\"wp-block-paragraph\">* Kepez \u00d6zg\u00fcr Kad\u0131n Dayan\u0131\u015fma<\/p>\n\n\n\n<p class=\"wp-block-paragraph\">* Kad\u0131nlar Direni\u015fte<\/p>\n\n\n\n<p class=\"wp-block-paragraph\">* K\u00fcresel E\u015fitlik ve Kapsay\u0131c\u0131l\u0131k A\u011f\u0131 Derne\u011fi &nbsp; &nbsp;( EKAMEDER )&nbsp;<\/p>\n\n\n\n<p class=\"wp-block-paragraph\">* Fethiye Kad\u0131n Dayan\u0131\u015fma Derne\u011fi<\/p>\n\n\n\n<p class=\"wp-block-paragraph\">* Pir Sultan Abdal 2 Temmuz K\u00fclt\u00fcr ve E\u011fitim Vakf\u0131 Kad\u0131n Komisyonu<\/p>\n\n\n\n<p class=\"wp-block-paragraph\">* Hac\u0131 Bekta\u015f Veli Anadolu K\u00fclt\u00fcr Vakf\u0131 Akb\u00fck Cem Evi Kad\u0131n Kollar\u0131 &nbsp; &nbsp; &nbsp; &nbsp; &nbsp; &nbsp; &nbsp; &nbsp; &nbsp; &nbsp; &nbsp; &nbsp; &nbsp; &nbsp; &nbsp; &nbsp;<\/p>\n\n\n\n<p class=\"wp-block-paragraph\">* \u0130nsan Haklar\u0131 Derne\u011fi Ankara \u015eube &nbsp; &nbsp; &nbsp; &nbsp; &nbsp; &nbsp; &nbsp; &nbsp; &nbsp; &nbsp; &nbsp;&nbsp;<\/p>\n\n\n\n<p class=\"wp-block-paragraph\">* \u0130nsan Haklar\u0131 Derne\u011fi Adana \u015eubesi &nbsp; &nbsp; &nbsp; &nbsp; &nbsp; &nbsp; &nbsp; &nbsp; &nbsp; &nbsp; &nbsp;<\/p>\n\n\n\n<p class=\"wp-block-paragraph\">* Adana Kad\u0131n Platformu<\/p>\n\n\n\n<p class=\"wp-block-paragraph\">* Alt\u0131noluk Kad\u0131n Dayan\u0131\u015fmas\u0131&nbsp;<\/p>\n\n\n\n<p class=\"wp-block-paragraph\">* \u0130lmek Kad\u0131n Dayan\u0131\u015fmas\u0131<\/p>\n\n\n\n<p class=\"wp-block-paragraph\">* DISK Ankara Kad\u0131n Komisyonu<\/p>\n\n\n\n<p class=\"wp-block-paragraph\">* Demokrasi \u0130\u00e7in Kad\u0131nlar Olu\u015fumu (Adana)<\/p>\n\n\n\n<p class=\"wp-block-paragraph\">Kaynak: <a href=\"https:\/\/jinnews.net\/search\/content\/view\/255524?page=2&amp;key=3388ee4f0b1e9b3bf72793d81b039167?page=1&amp;key=3388ee4f0b1e9b3bf72793d81b039167\" target=\"_blank\" rel=\"noopener\">JIN NEWS<\/a><\/p>\n","protected":false},"excerpt":{"rendered":"<p>ANKARA &#8211; Suriye\u2019deki k\u0131r\u0131ma kar\u015f\u0131 119 kurum Alevi katliamlar\u0131na sessiz kal\u0131nmamas\u0131 \u00e7a\u011fr\u0131s\u0131 yaparak, \u201cBuraday\u0131z, t\u00fcm kad\u0131n yolda\u015flar\u0131m\u0131zla\u2026 Gelece\u011fi, bar\u0131\u015f\u0131, \u00f6zg\u00fcrl\u00fc\u011f\u00fc biz in\u015fa edece\u011fiz\u201d dedi. Suriye\u2019nin Lazkiye, Dera, S\u00fcveyda, Hama, Humus ve Tartus \u015fehirlerinde, HT\u015e\u2019ye ba\u011fl\u0131 gruplar, SMO ve DA\u0130\u015e taraf\u0131ndan Alevilere y\u00f6nelik sald\u0131r\u0131lar sonucunda binlerce ki\u015fi katledildi, yerlerinden edildi. Alevi kad\u0131n ve \u00e7ocuklar ise ka\u00e7\u0131r\u0131ld\u0131.&hellip;<\/p>","protected":false},"author":5,"featured_media":10194,"comment_status":"closed","ping_status":"closed","sticky":false,"template":"","format":"standard","meta":{"_coblocks_attr":"","_coblocks_dimensions":"","_coblocks_responsive_height":"","_coblocks_accordion_ie_support":"","_eb_attr":"","inline_featured_image":false,"footnotes":""},"categories":[537],"tags":[],"ppma_author":[573],"class_list":["post-10193","post","type-post","status-publish","format-standard","has-post-thumbnail","hentry","category-basinda-biz","author-mor-dayanisma"],"authors":[{"term_id":573,"user_id":5,"is_guest":0,"slug":"mor-dayanisma","display_name":"Mor Dayan\u0131\u015fma","avatar_url":"https:\/\/www.mordayanisma.org\/wp-content\/litespeed\/avatar\/18b1bff8d2c98eaf6f87c388a27f2cfa.jpg?ver=1788268176","author_category":"1","first_name":"Mor","last_name":"Dayan\u0131\u015fma","user_url":"","job_title":"","description":"<a href=\"https:\/\/www.mordayanisma.org\/en\/iletisim\/\" target=\"_blank\" rel=\"noopener\">Contact<\/a>\r\n\r\ndayanismamor@gmail.com"}],"_links":{"self":[{"href":"https:\/\/www.mordayanisma.org\/en\/wp-json\/wp\/v2\/posts\/10193","targetHints":{"allow":["GET"]}}],"collection":[{"href":"https:\/\/www.mordayanisma.org\/en\/wp-json\/wp\/v2\/posts"}],"about":[{"href":"https:\/\/www.mordayanisma.org\/en\/wp-json\/wp\/v2\/types\/post"}],"author":[{"embeddable":true,"href":"https:\/\/www.mordayanisma.org\/en\/wp-json\/wp\/v2\/users\/5"}],"replies":[{"embeddable":true,"href":"https:\/\/www.mordayanisma.org\/en\/wp-json\/wp\/v2\/comments?post=10193"}],"version-history":[{"count":1,"href":"https:\/\/www.mordayanisma.org\/en\/wp-json\/wp\/v2\/posts\/10193\/revisions"}],"predecessor-version":[{"id":10195,"href":"https:\/\/www.mordayanisma.org\/en\/wp-json\/wp\/v2\/posts\/10193\/revisions\/10195"}],"wp:featuredmedia":[{"embeddable":true,"href":"https:\/\/www.mordayanisma.org\/en\/wp-json\/wp\/v2\/media\/10194"}],"wp:attachment":[{"href":"https:\/\/www.mordayanisma.org\/en\/wp-json\/wp\/v2\/media?parent=10193"}],"wp:term":[{"taxonomy":"category","embeddable":true,"href":"https:\/\/www.mordayanisma.org\/en\/wp-json\/wp\/v2\/categories?post=10193"},{"taxonomy":"post_tag","embeddable":true,"href":"https:\/\/www.mordayanisma.org\/en\/wp-json\/wp\/v2\/tags?post=10193"},{"taxonomy":"author","embeddable":true,"href":"https:\/\/www.mordayanisma.org\/en\/wp-json\/wp\/v2\/ppma_author?post=10193"}],"curies":[{"name":"wp","href":"https:\/\/api.w.org\/{rel}","templated":true}]}}