{"id":10184,"date":"2025-04-30T09:05:00","date_gmt":"2025-04-30T06:05:00","guid":{"rendered":"https:\/\/www.mordayanisma.org\/?p=10184"},"modified":"2025-12-22T09:01:24","modified_gmt":"2025-12-22T06:01:24","slug":"emek-somurusune-karsi-1-mayista-alanlara-cagiriyorlar","status":"publish","type":"post","link":"https:\/\/www.mordayanisma.org\/en\/2025\/04\/30\/emek-somurusune-karsi-1-mayista-alanlara-cagiriyorlar\/","title":{"rendered":"Emek s\u00f6m\u00fcr\u00fcs\u00fcne kar\u015f\u0131 1 May\u0131s\u2019ta alanlara \u00e7a\u011f\u0131r\u0131yorlar"},"content":{"rendered":"\n<p class=\"wp-block-paragraph\">\u0130ZM\u0130R \u2013 Cinsiyet ayr\u0131mc\u0131l\u0131\u011f\u0131na, yoksullu\u011fa, bask\u0131ya ve \u201caile y\u0131l\u0131\u201d ad\u0131 alt\u0131ndaki politikalarla kad\u0131n\u0131n eve hapsedilmesine kar\u015f\u0131 kad\u0131nlar 1 May\u0131s\u2019ta alanlara ses verecek.<\/p>\n<span hidden class=\"__iawmlf-post-loop-links\" data-iawmlf-links=\"[{&quot;id&quot;:235,&quot;href&quot;:&quot;https:\\\/\\\/jinnews.net\\\/search\\\/content\\\/view\\\/256223?page=2\\u0026key=3388ee4f0b1e9b3bf72793d81b039167?page=1\\u0026key=3388ee4f0b1e9b3bf72793d81b039167&quot;,&quot;archived_href&quot;:&quot;&quot;,&quot;redirect_href&quot;:&quot;&quot;,&quot;checks&quot;:[],&quot;broken&quot;:false,&quot;last_checked&quot;:null,&quot;process&quot;:&quot;done&quot;}]\"><\/span>\n\n\n<p class=\"wp-block-paragraph\">\u0130zmir&#8217;de 1 May\u0131s \u0130\u015f\u00e7i Bayram\u0131, bu y\u0131l da G\u00fcndo\u011fdu Meydan\u0131&#8217;nda kutlanacak. Sendikalar, sivil toplum kurulu\u015flar\u0131, siyasi partiler ve yurtta\u015flar alana; Alsancak, Basmane Meydan\u0131, Cumhuriyet Meydan\u0131 ve K\u0131br\u0131s \u015eehitleri Caddesi&#8217;ndeki y\u00fcr\u00fcy\u00fc\u015f g\u00fczerg\u00e2hlar\u0131ndan gelerek d\u00f6rt ayr\u0131 noktadan giri\u015f yapabilecek.<\/p>\n\n\n\n<p class=\"wp-block-paragraph\">1 May\u0131s\u2019a, erkek egemen sisteme, yoksullu\u011fa, g\u00fcvencesizli\u011fe, \u015fiddete ve s\u00f6m\u00fcr\u00fcye kar\u015f\u0131 \u201citaat yok, m\u00fccadele var\u201d \u015fiar\u0131yla girecek olan kad\u0131nlar; &#8220;aile y\u0131l\u0131&#8221; ad\u0131 alt\u0131nda kad\u0131nlar\u0131 eve hapsetmeye \u00e7al\u0131\u015fan politikalara, artan yoksullu\u011fa, g\u00f6r\u00fcnmeyen eme\u011fin s\u00f6m\u00fcr\u00fcs\u00fcne, i\u015f\u00e7i haklar\u0131n\u0131n yok say\u0131lmas\u0131na kar\u015f\u0131 insanca bir ya\u015fam savunusuyla seslerini \u00e7\u0131karacak.<\/p>\n\n\n\n<p class=\"wp-block-paragraph\"><strong>\u2018Eme\u011fin \u00f6zg\u00fcrl\u00fc\u011f\u00fc ve demokratik toplum i\u00e7in 1 May\u0131s\u2019a\u2019<\/strong><\/p>\n\n\n\n<p class=\"wp-block-paragraph\">T\u00fcrkiye&#8217;de kad\u0131nlar\u0131n \u00fczerinde Kredi Yurtlar Kurumu (KYK) bask\u0131s\u0131, ekonomik sorunlar ve kad\u0131na y\u00f6nelik \u015fiddet oldu\u011funu belirten DEM Parti y\u00f6neticisi Fevziye \u00dcnal, alanlara \u201cEme\u011fin \u00f6zg\u00fcrl\u00fc\u011f\u00fc ve demokratik toplum i\u00e7in 1 May\u0131s\u2019a\u201d pankartlar\u0131yla y\u00fcr\u00fcyeceklerini ifade etti. Fevziye \u00dcnal, \u201cPatronlar\u0131n hegemonyas\u0131ndan kurtulmak istiyoruz. Sendikala\u015fmay\u0131 engellemeye \u00e7al\u0131\u015fan bir sistem var. Bunlara y\u00f6nelik m\u00fccadeleler do\u011frultusunda b\u00fct\u00fcn i\u015f\u00e7i kesimini, i\u015fsizleri, emek\u00e7i t\u00fcm halk\u0131m\u0131z\u0131 davet ediyoruz. \u015eu anda en yak\u0131c\u0131 konu toplumsal \u00f6zg\u00fcrl\u00fck ve bar\u0131\u015f ihtiyac\u0131. \u00c7\u00fcnk\u00fc her kesimde ayr\u0131\u015ft\u0131rma, kutupla\u015ft\u0131rma, toplumu birbirine kar\u015f\u0131 k\u0131\u015fk\u0131rtan bir sistem y\u0131llard\u0131r i\u015fliyor. Bizim, bunlardan kurtulup topyek\u00fbn bir m\u00fccadeleyle bu \u00fclkede bar\u0131\u015f\u0131 ve demokrasiyi in\u015fa etme \u00e7abam\u0131z var\u201d dedi.<\/p>\n\n\n\n<p class=\"wp-block-paragraph\"><strong>\u2018Aile y\u0131l\u0131 ilan\u0131na kar\u015f\u0131 alanlara \u00e7\u0131k\u0131lacak\u2019<\/strong><\/p>\n\n\n\n<p class=\"wp-block-paragraph\">Aile y\u0131l\u0131 ilan\u0131na kar\u015f\u0131 da alanlara \u00e7\u0131kacaklar\u0131n\u0131 ifade eden Fevziye \u00dcnal, kad\u0131nlar\u0131n eve hapsedildi\u011fini ve kad\u0131n\u0131n yok say\u0131ld\u0131\u011f\u0131n\u0131 belirterek, \u201cKad\u0131n\u0131 toplumun d\u0131\u015f\u0131na itmeye \u00e7al\u0131\u015fan ve kad\u0131n\u0131 erke\u011fin k\u00f6lesi, hizmet\u00e7isi konumuna koyan bir anlay\u0131\u015f var. Evde dursun, \u00e7ocuk do\u011fursun, \u00e7ocuk baks\u0131n, toplumsal ya\u015famdan biraz daha uzak dursun\u2026 Biz bunlar\u0131 asla kabul etmiyoruz. Bunlarla m\u00fccadele edece\u011fiz. Toplumdaki \u00f6zellikle yoksullu\u011fu, e\u015fitsizli\u011fi en \u00e7ok hisseden, ya\u015fayan ve bunu ya\u015fam\u0131nda g\u00f6ren insanlar kad\u0131nlar ve \u00e7ocuklard\u0131r. \u00c7\u00fcnk\u00fc evin idaresi, beslenmesi, d\u00fczeni, \u00e7ocuk bak\u0131m\u0131, ya\u015fl\u0131 bak\u0131m\u0131 gibi t\u00fcr t\u00fcm sosyal devletin hizmet vermesi gereken i\u015fler, ne yaz\u0131k ki tamamen kad\u0131n\u0131n \u00fczerine y\u00fckleniyor. Kad\u0131n, \u00e7ok ciddi bir i\u015f y\u00fck\u00fc, psikolojik bask\u0131 ve ekonomik bask\u0131 alt\u0131nda. T\u00fcm bunlara \u2018hay\u0131r\u2019 diyebilmek i\u00e7in alanlara \u00e7\u0131kmam\u0131z gerekiyor\u201d \u015feklinde konu\u015ftu.<\/p>\n\n\n\n<p class=\"wp-block-paragraph\"><strong>\u2018Cinsiyet ayr\u0131mc\u0131l\u0131\u011f\u0131 ve insanca ya\u015fam i\u00e7in alanlarday\u0131z\u2019<\/strong><\/p>\n\n\n\n<p class=\"wp-block-paragraph\">Son d\u00f6nemlerde H\u00dcDAPAR\u2019\u0131n Meclis\u2019e sundu\u011fu cinsiyet\u00e7i ve rencide edici yasa tasar\u0131s\u0131n\u0131n oldu\u011funu ve bunu kabul etmediklerini dile getiren Fevziye \u00dcnal, \u201cCinsiyet ayr\u0131mc\u0131l\u0131\u011f\u0131, LGBT\u0130+ bireylere y\u00f6nelik inan\u0131lmaz bir bask\u0131 var. Ge\u00e7mi\u015fte var olan yasal haklar\u0131 daha da k\u0131s\u0131tlan\u0131yor, tedavileri engellenmeye \u00e7al\u0131\u015f\u0131l\u0131yor. \u00dclkede s\u00fcrekli kad\u0131n cinayetleri i\u015fleniyor. Her g\u00fcn en az 2-3 kad\u0131n katlediliyor. Bunlar sadece topluma yans\u0131yanlar. Bunun d\u0131\u015f\u0131nda belki bizlerin hi\u00e7 bilmedi\u011fi, intihara s\u00fcr\u00fcklenen, aile i\u00e7erisinde katledilen ama yarg\u0131ya yans\u0131mayan bir\u00e7ok kad\u0131n \u00f6l\u00fcm\u00fc var. E\u011fitimden mahrum b\u0131rakma, zorla evlendirme, \u00e7ocuk ya\u015fta evlendirmeler gibi konular da kad\u0131nlar a\u00e7\u0131s\u0131ndan ciddi sorunlar. Bunlar\u0131 alanlarda dile getirmemiz gerekiyor. \u00d6zg\u00fcrl\u00fc\u011f\u00fcm\u00fcz, insanca ya\u015fam\u0131m\u0131z, gelece\u011fimiz ve bu \u00fclkede bar\u0131\u015f\u0131n kurulmas\u0131 i\u00e7in kad\u0131n m\u00fccadelesi \u00e7ok \u00f6nemli. B\u00fct\u00fcn kad\u0131nlar\u0131 alanlara davet ediyoruz\u201d ifadelerini kulland\u0131.&nbsp;<\/p>\n\n\n\n<p class=\"wp-block-paragraph\"><strong>\u2018G\u00f6r\u00fcnmeyen emek i\u00e7in alanlarda olaca\u011f\u0131z\u2019<\/strong><\/p>\n\n\n\n<p class=\"wp-block-paragraph\">Halklar\u0131n Demokratik Kongresi (HDK) olarak yine kendi pankart ve \u00f6nl\u00fckleriyle DEM Parti \u00f6n\u00fcnde y\u00fcr\u00fcyeceklerini belirten HDK Meclis \u00dcyesi Ay\u015fe \u00d6zdamar, \u201cKu\u015fkusuz bile\u015fenlerimiz kendi pankartlar\u0131 ve bayraklar\u0131yla da alanda bizimle birlikte olacaklar. Ba\u015fka bir deyi\u015fle, HDK kalabal\u0131k bir kitleyle y\u00fcr\u00fcy\u00fc\u015fe kat\u0131lmayacak. Zaten t\u00fcm bile\u015fenlerinin kitlesi ayn\u0131 zamanda HDK\u2019li oldu\u011fundan bu b\u00f6yle. Bile\u015fenlerinin \u00f6n\u00fcnde, onlar\u0131 da kapsayacak \u015fekilde yer alacak. HDK Gen\u00e7 Kad\u0131n Meclisimiz bu y\u0131l 1 May\u0131s&#8217;ta g\u00f6r\u00fcnmeyen kad\u0131n eme\u011fini g\u00fcndemine ald\u0131. Toplanma yerimiz ise Cumhuriyet Meydan\u0131 olacak\u201d s\u00f6zlerini kulland\u0131.&nbsp;<\/p>\n\n\n\n<p class=\"wp-block-paragraph\"><strong>\u2018\u00d6rg\u00fctlenirsek k\u00f6kten de\u011fi\u015fim m\u00fcmk\u00fcn olur\u2019<\/strong><\/p>\n\n\n\n<p class=\"wp-block-paragraph\">Bu y\u0131l 1 May\u0131s\u2019a \u201cYasalar sokakta yaz\u0131l\u0131r, \u00f6zg\u00fcrl\u00fc\u011f\u00fcm\u00fcz\u00fc sosyalizmle kuraca\u011f\u0131z\u201d slogan\u0131yla kat\u0131lacaklar\u0131n\u0131 belirten Sosyalist Kad\u0131n Hareketi\u2019nden (SKH) Melisa Caymaz, g\u00f6r\u00fcnmeyen emek ve i\u015f yerlerinde \u015fiddeti g\u00fcndeme ta\u015f\u0131yacaklar\u0131n\u0131 s\u00f6yledi. \u201cYasalar\u0131n ger\u00e7ekten sokakta yaz\u0131ld\u0131\u011f\u0131n\u0131n bilincindeyiz\u201d diyen Melisa Caymaz, her y\u0131l 1 May\u0131s\u2019ta, 25 Kas\u0131m\u2019da, 8 Mart\u2019ta \u00e7ifte emek s\u00f6m\u00fcr\u00fcs\u00fcn\u00fc ve kad\u0131na y\u00f6nelik \u015fiddeti dile getirdiklerini payla\u015ft\u0131. 2025 y\u0131l\u0131n\u0131n \u201caile y\u0131l\u0131\u201d ilan edilmesinden sonra da soka\u011fa \u00e7\u0131kt\u0131klar\u0131n\u0131 vurgulayan Melisa Caymaz, \u201c1 May\u0131s\u2019ta da elbette \u2018aile y\u0131l\u0131 de\u011fil, m\u00fccadele y\u0131l\u0131\u2019 vurgusuyla alanlarda olaca\u011f\u0131z. Biz kad\u0131nlar evde, i\u015f yerlerinde, at\u00f6lyelerde, ofislerde ve sokaklarda tedirgin ya\u015famak zorunda de\u011filiz. \u015eiddete maruz kalmak zorunda de\u011filiz. Bu sistemin k\u00f6kten de\u011fi\u015fimi ancak \u00f6rg\u00fctlenirsek m\u00fcmk\u00fcn olur. 25 Kas\u0131m\u2019dan, 8 Mart\u2019tan ve 19 Mart\u2019ta y\u0131kt\u0131\u011f\u0131m\u0131z barikatlardan ald\u0131\u011f\u0131m\u0131z g\u00fc\u00e7le yan yana gelerek, 1 May\u0131s\u2019ta Sosyalist Kad\u0131n Hareketi kortejiyle sosyalizm kurma iradesiyle alanlara davet ediyoruz\u201d dedi.&nbsp;<\/p>\n\n\n\n<p class=\"wp-block-paragraph\"><strong>\u2018Sald\u0131r\u0131lara kar\u015f\u0131 direnenler burada\u2019<\/strong><\/p>\n\n\n\n<p class=\"wp-block-paragraph\">Bu y\u0131l 1 May\u0131s\u2019a \u201cSaray rejimi devrimle gidecek, son s\u00f6z sokakta s\u00f6ylenecek\u201d \u015fiar\u0131yla \u00e7\u0131kacaklar\u0131n\u0131 s\u00f6yleyen Kald\u0131ra\u00e7 Dergisi\u2019nden Sibel Ya\u015far, rejimin emek\u00e7ilere topyek\u00fbn sald\u0131r\u0131 ger\u00e7ekle\u015ftirdi\u011fini s\u00f6yledi. Sibel Ya\u015far, \u201c\u0130\u015f\u00e7iler, kad\u0131nlar, \u00f6\u011frenciler, ekoloji ve ya\u015fam m\u00fccadelesi verenler bu sald\u0131r\u0131lara kar\u015f\u0131 direniyor. Saray rejimine kar\u015f\u0131 \u00f6rg\u00fctl\u00fc m\u00fccadeleyle ve sokak m\u00fccadelesiyle ancak kitlesel bir 1 May\u0131s kutlanabilir. Bu \u00e7a\u011fr\u0131m\u0131z, topyek\u00fbn sald\u0131r\u0131lara kar\u015f\u0131 topyek\u00fbn direni\u015f hatt\u0131n\u0131 \u00f6rg\u00fctlemek i\u00e7indir. Bu, ayn\u0131 zamanda genel grev ve genel direni\u015fi \u00f6rg\u00fctlemek demektir\u201d diye kaydetti.&nbsp;<\/p>\n\n\n\n<p class=\"wp-block-paragraph\"><strong>\u2018Fa\u015fizme, kapitalizme, ataerkiye itaat yok, m\u00fccadele var\u2019<\/strong><\/p>\n\n\n\n<p class=\"wp-block-paragraph\">\u201cFa\u015fizme, kapitalizme, ataerkiye itaat yok, m\u00fccadele var\u201d diyerek 1 May\u0131s alanlar\u0131n\u0131 dolduracaklar\u0131n\u0131 dile getiren Mor Dayan\u0131\u015fma Temsilciler Meclisi \u00fcyesi Zeynep Eda Berfin Tozlu, \u201c\u00d6zellikle 19 Mart\u2019tan bu yana ya\u015fanan siyasi darbe s\u00fcreci, artan yoksulluk, hayatlar\u0131m\u0131z\u0131n zam zul\u00fcm i\u00e7inde ge\u00e7iyor olmas\u0131 bizi sefalet d\u00fczenine hapsediyor. AKP-MHP iktidar\u0131, fa\u015fizmi kurumsalla\u015ft\u0131rma ad\u0131mlar\u0131 atarken biz kad\u0131nlar ve feministler olarak bu sloganla alanlarda olaca\u011f\u0131z. Patriyarkal kapitalizm, kad\u0131nlar\u0131n g\u00f6r\u00fcnmeyen eme\u011finden her y\u0131l milyarlarca dolar kazan\u0131yor. Biz bu eme\u011fin kar\u015f\u0131l\u0131\u011f\u0131n\u0131 istiyoruz. Belediyelerde, fabrika \u00f6nlerinde direnen kad\u0131n emek\u00e7ilerle birlikte, \u2018G\u00f6r\u00fcnmeyen emek sesini y\u00fckselt\u2019 slogan\u0131yla alanlarda olaca\u011f\u0131z. Yine sesimizle, s\u00f6z\u00fcm\u00fczle alanlarda var olmaya devam edece\u011fiz\u201d diye kaydetti.&nbsp;<\/p>\n\n\n\n<p class=\"wp-block-paragraph\"><strong>\u2018Kad\u0131n\u0131 eve hapseden politikalarla m\u00fccadele s\u00fcr\u00fcyor\u2019<\/strong><\/p>\n\n\n\n<p class=\"wp-block-paragraph\">AKP iktidar\u0131n\u0131n n\u00fcfus politikalar\u0131, &#8220;aile y\u0131l\u0131&#8221; s\u00f6ylemleri, aile uyumu ve i\u015f uyumu kavramlar\u0131 \u00fcretti\u011fini belirten Zeynep Eda Berfin Tozlu, kad\u0131n\u0131n bir yandan ev i\u00e7ine hapsedilmeye \u00e7al\u0131\u015f\u0131ld\u0131\u011f\u0131n\u0131, di\u011fer yandan esnek \u00e7al\u0131\u015fma ad\u0131 alt\u0131nda g\u00fcvencesiz \u00e7al\u0131\u015fmaya zorland\u0131\u011f\u0131n\u0131 kaydetti. Gen\u00e7 n\u00fcfusun artmas\u0131 s\u00f6ylemleriyle kad\u0131n\u0131n \u201ckulu\u00e7ka makinesi\u201dne d\u00f6n\u00fc\u015ft\u00fcr\u00fclmeye \u00e7al\u0131\u015f\u0131ld\u0131\u011f\u0131na i\u015faret eden Zeynep Eda Berfin Tozlu, \u201cGen\u00e7 n\u00fcfusa ihtiya\u00e7lar\u0131 var \u00e7\u00fcnk\u00fc ucuz emek g\u00fcc\u00fcne ihtiya\u00e7lar\u0131 var. Bu politikalar\u0131n kad\u0131n d\u00fc\u015fman\u0131 oldu\u011funu g\u00f6rmek ve analiz etmek gerekiyor. Aral\u0131k ay\u0131ndan bu yana \u00e7e\u015fitli eylemlerle alanlar\u0131 doldurduk, 8 Mart\u2019\u0131 ge\u00e7irdik. 1 May\u0131s\u2019ta da \u2018aile uyumu\u2019 ve \u2018i\u015f uyumu\u2019nun yalan oldu\u011funu, kad\u0131nlar\u0131 tahakk\u00fcm alt\u0131na alma giri\u015fimi oldu\u011funu pankartlar\u0131m\u0131zla ve sloganlar\u0131m\u0131zla vurguluyor olaca\u011f\u0131z\u201d dedi.<\/p>\n\n\n\n<p class=\"wp-block-paragraph\"><strong>Kad\u0131nlara 1 May\u0131s \u00e7a\u011fr\u0131s\u0131&nbsp;<\/strong><\/p>\n\n\n\n<p class=\"wp-block-paragraph\">Sistemin a\u00e7l\u0131k, yoksulluk, emek s\u00f6m\u00fcr\u00fcs\u00fc ve \u00f6l\u00fcm d\u0131\u015f\u0131nda bir \u015fey sunmad\u0131\u011f\u0131na i\u015faret eden Zeynep Eda Berfin Tozlu, \u201cKad\u0131nlar ve sosyalistler olarak alanlarda olmaya, sokaklarda olmaya, m\u00fccadeleyi b\u00fcy\u00fctmeye ihtiyac\u0131m\u0131z var. Ba\u015fka \u00e7aremiz yok. Biz Mor Dayan\u0131\u015fma olarak her y\u0131l oldu\u011fu gibi bu y\u0131l da 1 May\u0131s alanlar\u0131nda olaca\u011f\u0131z. T\u00fcm kad\u0131nlar\u0131 da bu m\u00fccadeleye g\u00fc\u00e7 vermeye, omuz vermeye \u00e7a\u011f\u0131r\u0131yoruz. 1 May\u0131s Per\u015fembe g\u00fcn\u00fc saat 11.00\u2019de Cumhuriyet Meydan\u0131\u2019nda bulu\u015fal\u0131m\u201d diye konu\u015ftu.&nbsp;<\/p>\n\n\n\n<figure class=\"wp-block-embed is-type-rich is-provider-g-mme-tutucu wp-block-embed-g-mme-tutucu wp-embed-aspect-16-9 wp-has-aspect-ratio\"><div class=\"wp-block-embed__wrapper\">\n<iframe loading=\"lazy\" title=\"Emek s\u00f6m\u00fcr\u00fcs\u00fcne kar\u015f\u0131 1 May\u0131s\u2019ta alanlara \u00e7a\u011f\u0131r\u0131yorlar\" width=\"500\" height=\"281\" src=\"https:\/\/www.youtube.com\/embed\/Z7i96LJLbeE?feature=oembed\" frameborder=\"0\" allow=\"accelerometer; autoplay; clipboard-write; encrypted-media; gyroscope; picture-in-picture; web-share\" referrerpolicy=\"strict-origin-when-cross-origin\" allowfullscreen><\/iframe>\n<\/div><\/figure>\n\n\n\n<p class=\"wp-block-paragraph\">Kaynak: <a href=\"https:\/\/jinnews.net\/search\/content\/view\/256223?page=2&amp;key=3388ee4f0b1e9b3bf72793d81b039167?page=1&amp;key=3388ee4f0b1e9b3bf72793d81b039167\" target=\"_blank\" rel=\"noopener\">JIN NEWS<\/a><\/p>\n\n\n\n<p class=\"wp-block-paragraph\"><\/p>\n","protected":false},"excerpt":{"rendered":"<p>\u0130ZM\u0130R \u2013 Cinsiyet ayr\u0131mc\u0131l\u0131\u011f\u0131na, yoksullu\u011fa, bask\u0131ya ve \u201caile y\u0131l\u0131\u201d ad\u0131 alt\u0131ndaki politikalarla kad\u0131n\u0131n eve hapsedilmesine kar\u015f\u0131 kad\u0131nlar 1 May\u0131s\u2019ta alanlara ses verecek. \u0130zmir&#8217;de 1 May\u0131s \u0130\u015f\u00e7i Bayram\u0131, bu y\u0131l da G\u00fcndo\u011fdu Meydan\u0131&#8217;nda kutlanacak. Sendikalar, sivil toplum kurulu\u015flar\u0131, siyasi partiler ve yurtta\u015flar alana; Alsancak, Basmane Meydan\u0131, Cumhuriyet Meydan\u0131 ve K\u0131br\u0131s \u015eehitleri Caddesi&#8217;ndeki y\u00fcr\u00fcy\u00fc\u015f g\u00fczerg\u00e2hlar\u0131ndan gelerek d\u00f6rt&hellip;<\/p>","protected":false},"author":5,"featured_media":10186,"comment_status":"closed","ping_status":"closed","sticky":false,"template":"","format":"standard","meta":{"_coblocks_attr":"","_coblocks_dimensions":"","_coblocks_responsive_height":"","_coblocks_accordion_ie_support":"","_eb_attr":"","inline_featured_image":false,"footnotes":""},"categories":[537],"tags":[],"ppma_author":[573],"class_list":["post-10184","post","type-post","status-publish","format-standard","has-post-thumbnail","hentry","category-basinda-biz","author-mor-dayanisma"],"authors":[{"term_id":573,"user_id":5,"is_guest":0,"slug":"mor-dayanisma","display_name":"Mor Dayan\u0131\u015fma","avatar_url":"https:\/\/www.mordayanisma.org\/wp-content\/litespeed\/avatar\/18b1bff8d2c98eaf6f87c388a27f2cfa.jpg?ver=1788268176","author_category":"1","first_name":"Mor","last_name":"Dayan\u0131\u015fma","user_url":"","job_title":"","description":"<a href=\"https:\/\/www.mordayanisma.org\/en\/iletisim\/\" target=\"_blank\" rel=\"noopener\">Contact<\/a>\r\n\r\ndayanismamor@gmail.com"}],"_links":{"self":[{"href":"https:\/\/www.mordayanisma.org\/en\/wp-json\/wp\/v2\/posts\/10184","targetHints":{"allow":["GET"]}}],"collection":[{"href":"https:\/\/www.mordayanisma.org\/en\/wp-json\/wp\/v2\/posts"}],"about":[{"href":"https:\/\/www.mordayanisma.org\/en\/wp-json\/wp\/v2\/types\/post"}],"author":[{"embeddable":true,"href":"https:\/\/www.mordayanisma.org\/en\/wp-json\/wp\/v2\/users\/5"}],"replies":[{"embeddable":true,"href":"https:\/\/www.mordayanisma.org\/en\/wp-json\/wp\/v2\/comments?post=10184"}],"version-history":[{"count":1,"href":"https:\/\/www.mordayanisma.org\/en\/wp-json\/wp\/v2\/posts\/10184\/revisions"}],"predecessor-version":[{"id":10187,"href":"https:\/\/www.mordayanisma.org\/en\/wp-json\/wp\/v2\/posts\/10184\/revisions\/10187"}],"wp:featuredmedia":[{"embeddable":true,"href":"https:\/\/www.mordayanisma.org\/en\/wp-json\/wp\/v2\/media\/10186"}],"wp:attachment":[{"href":"https:\/\/www.mordayanisma.org\/en\/wp-json\/wp\/v2\/media?parent=10184"}],"wp:term":[{"taxonomy":"category","embeddable":true,"href":"https:\/\/www.mordayanisma.org\/en\/wp-json\/wp\/v2\/categories?post=10184"},{"taxonomy":"post_tag","embeddable":true,"href":"https:\/\/www.mordayanisma.org\/en\/wp-json\/wp\/v2\/tags?post=10184"},{"taxonomy":"author","embeddable":true,"href":"https:\/\/www.mordayanisma.org\/en\/wp-json\/wp\/v2\/ppma_author?post=10184"}],"curies":[{"name":"wp","href":"https:\/\/api.w.org\/{rel}","templated":true}]}}