{"id":10155,"date":"2025-12-11T16:35:00","date_gmt":"2025-12-11T13:35:00","guid":{"rendered":"https:\/\/www.mordayanisma.org\/?p=10155"},"modified":"2025-12-22T08:31:13","modified_gmt":"2025-12-22T05:31:13","slug":"oz-savunma-uygulayan-sevde-unal-yeniden-tutuklandi","status":"publish","type":"post","link":"https:\/\/www.mordayanisma.org\/en\/2025\/12\/11\/oz-savunma-uygulayan-sevde-unal-yeniden-tutuklandi\/","title":{"rendered":"\u00d6z savunma uygulayan Sevde \u00dcnal yeniden tutukland\u0131"},"content":{"rendered":"<p class=\"wp-block-paragraph\">\u0130ZM\u0130R \u2013 Kendisini taciz eden erke\u011fe kar\u015f\u0131 \u00f6z savunma uygulayan Mor Dayan\u0131\u015fma \u00fcyesi Sevde \u00dcnal tutukland\u0131.<\/p>\n\n\n\n<p class=\"wp-block-paragraph\">Kocaeli\u2019de 2018 y\u0131l\u0131nda kendisini tacize maruz b\u0131rakan erke\u011fe kar\u015f\u0131 \u00f6z savunma uygulayan Mor Dayan\u0131\u015fma \u00fcyesi Sevde \u00dcnal, \u015eubat 2024 tarihinde tutuklanm\u0131\u015f, ard\u0131ndan kendisine 5 y\u0131l 7 ay ceza verilerek adli kontrol \u015fart\u0131yla tahliye edilmi\u015fti. 19 Mart tarihinde ger\u00e7ekle\u015fen protestolarda g\u00f6zalt\u0131na al\u0131nan Sevde \u00dcnal, a\u00e7\u0131lan dava ile ilgili ifade vermeye gitmesinin ard\u0131ndan, \u00f6z savunma davas\u0131nda adli kontrol \u015fart\u0131n\u0131 bozdu\u011fu gerek\u00e7esiyle tekrardan tutukland\u0131.<\/p>\n\n\n\n<p class=\"wp-block-paragraph\">\u0130zmir Mor Dayan\u0131\u015fma \u00fcyeleri, Sevde \u00dcnal\u2019\u0131n tutuklanmas\u0131n\u0131n ard\u0131ndan Bayrakl\u0131 Adliyesi \u00f6n\u00fcnde bas\u0131n a\u00e7\u0131klamas\u0131 ger\u00e7ekle\u015ftirdi.&nbsp;<\/p>\n\n\n\n<p class=\"wp-block-paragraph\"><strong>\u2018\u00d6z savunma hakt\u0131r, yarg\u0131lanamaz\u2019<\/strong><\/p>\n\n\n\n<p class=\"wp-block-paragraph\">A\u00e7\u0131klamay\u0131 yapan Deniz Uslu, \u201cBu \u00fclkede kad\u0131nlar her g\u00fcn tacize, tecav\u00fcze, erkek \u015fiddetine maruz kal\u0131rken adliye salonlar\u0131 erkeklere ceza vermek yerine hayat\u0131n\u0131 savunan kad\u0131nlara ceza vermeyi reva g\u00f6r\u00fcyor. Bizler Sevde\u2019nin yolda\u015flar\u0131 olarak bir g\u00fcn bile Sevde\u2019yi yaln\u0131z b\u0131rakmayaca\u011f\u0131z. Hayat\u0131n\u0131 savundu\u011fu i\u00e7in cezaevinde olan b\u00fct\u00fcn kad\u0131nlar \u00f6zg\u00fcrle\u015fene kadar bu m\u00fccadeleyi omuz omuza s\u00fcrd\u00fcrmeye devam edece\u011fiz. Sevde \u00dcnal yaln\u0131z de\u011fildir!\u201d dedi.<\/p>\n\n\n\n<p class=\"wp-block-paragraph\">A\u00e7\u0131klama, \u201c\u00d6z savunma hakt\u0131r, yarg\u0131lanamaz\u201d slogan\u0131yla sona erdi.<\/p>","protected":false},"excerpt":{"rendered":"<p>\u0130ZM\u0130R \u2013 Kendisini taciz eden erke\u011fe kar\u015f\u0131 \u00f6z savunma uygulayan Mor Dayan\u0131\u015fma \u00fcyesi Sevde \u00dcnal tutukland\u0131. Kocaeli\u2019de 2018 y\u0131l\u0131nda kendisini tacize maruz b\u0131rakan erke\u011fe kar\u015f\u0131 \u00f6z savunma uygulayan Mor Dayan\u0131\u015fma \u00fcyesi Sevde \u00dcnal, \u015eubat 2024 tarihinde tutuklanm\u0131\u015f, ard\u0131ndan kendisine 5 y\u0131l 7 ay ceza verilerek adli kontrol \u015fart\u0131yla tahliye edilmi\u015fti. 19 Mart tarihinde ger\u00e7ekle\u015fen protestolarda&hellip;<\/p>","protected":false},"author":5,"featured_media":10156,"comment_status":"closed","ping_status":"closed","sticky":false,"template":"","format":"standard","meta":{"_coblocks_attr":"","_coblocks_dimensions":"","_coblocks_responsive_height":"","_coblocks_accordion_ie_support":"","_eb_attr":"","inline_featured_image":false,"footnotes":""},"categories":[537],"tags":[],"ppma_author":[573],"class_list":["post-10155","post","type-post","status-publish","format-standard","has-post-thumbnail","hentry","category-basinda-biz","author-mor-dayanisma"],"authors":[{"term_id":573,"user_id":5,"is_guest":0,"slug":"mor-dayanisma","display_name":"Mor Dayan\u0131\u015fma","avatar_url":"https:\/\/www.mordayanisma.org\/wp-content\/litespeed\/avatar\/18b1bff8d2c98eaf6f87c388a27f2cfa.jpg?ver=1788268176","author_category":"1","first_name":"Mor","last_name":"Dayan\u0131\u015fma","user_url":"","job_title":"","description":"<a href=\"https:\/\/www.mordayanisma.org\/en\/iletisim\/\" target=\"_blank\" rel=\"noopener\">Contact<\/a>\r\n\r\ndayanismamor@gmail.com"}],"_links":{"self":[{"href":"https:\/\/www.mordayanisma.org\/en\/wp-json\/wp\/v2\/posts\/10155","targetHints":{"allow":["GET"]}}],"collection":[{"href":"https:\/\/www.mordayanisma.org\/en\/wp-json\/wp\/v2\/posts"}],"about":[{"href":"https:\/\/www.mordayanisma.org\/en\/wp-json\/wp\/v2\/types\/post"}],"author":[{"embeddable":true,"href":"https:\/\/www.mordayanisma.org\/en\/wp-json\/wp\/v2\/users\/5"}],"replies":[{"embeddable":true,"href":"https:\/\/www.mordayanisma.org\/en\/wp-json\/wp\/v2\/comments?post=10155"}],"version-history":[{"count":1,"href":"https:\/\/www.mordayanisma.org\/en\/wp-json\/wp\/v2\/posts\/10155\/revisions"}],"predecessor-version":[{"id":10157,"href":"https:\/\/www.mordayanisma.org\/en\/wp-json\/wp\/v2\/posts\/10155\/revisions\/10157"}],"wp:featuredmedia":[{"embeddable":true,"href":"https:\/\/www.mordayanisma.org\/en\/wp-json\/wp\/v2\/media\/10156"}],"wp:attachment":[{"href":"https:\/\/www.mordayanisma.org\/en\/wp-json\/wp\/v2\/media?parent=10155"}],"wp:term":[{"taxonomy":"category","embeddable":true,"href":"https:\/\/www.mordayanisma.org\/en\/wp-json\/wp\/v2\/categories?post=10155"},{"taxonomy":"post_tag","embeddable":true,"href":"https:\/\/www.mordayanisma.org\/en\/wp-json\/wp\/v2\/tags?post=10155"},{"taxonomy":"author","embeddable":true,"href":"https:\/\/www.mordayanisma.org\/en\/wp-json\/wp\/v2\/ppma_author?post=10155"}],"curies":[{"name":"wp","href":"https:\/\/api.w.org\/{rel}","templated":true}]}}