{"id":10077,"date":"2025-09-06T10:32:00","date_gmt":"2025-09-06T07:32:00","guid":{"rendered":"https:\/\/www.mordayanisma.org\/?p=10077"},"modified":"2025-12-22T07:10:41","modified_gmt":"2025-12-22T04:10:41","slug":"mor-dayanisma-9-yaz-kadin-kampi-icin-geri-sayim-basladi","status":"publish","type":"post","link":"https:\/\/www.mordayanisma.org\/en\/2025\/09\/06\/mor-dayanisma-9-yaz-kadin-kampi-icin-geri-sayim-basladi\/","title":{"rendered":"Mor Dayan\u0131\u015fma 9. Yaz Kad\u0131n Kamp\u0131 i\u00e7in geri say\u0131m ba\u015flad\u0131"},"content":{"rendered":"\n<p class=\"wp-block-paragraph\">Denizin k\u0131y\u0131s\u0131nda kurulan dayan\u0131\u015fma halkalar\u0131, gece sohbetleri, at\u00f6lyeler, paneller ve kahkahalar\u2026 Kad\u0131nlar bu yaz da \u00f6zg\u00fcrl\u00fck, birlikte g\u00fc\u00e7lenme ve payla\u015f\u0131m i\u00e7in bir araya geliyor. Mor Dayan\u0131\u015fma\u2019n\u0131n 9. Yaz Kad\u0131n Kamp\u0131 i\u00e7in haz\u0131rl\u0131klar tamamlanmak \u00fczere<\/p>\n<span hidden class=\"__iawmlf-post-loop-links\" data-iawmlf-links=\"[{&quot;id&quot;:199,&quot;href&quot;:&quot;https:\\\/\\\/ilkses.com.tr\\\/gundem\\\/mor-dayanisma-9-yaz-kadin-kampi-icin-geri-sayim-basladi-408935&quot;,&quot;archived_href&quot;:&quot;https:\\\/\\\/web-wp.archive.org\\\/web\\\/20260521223220\\\/https:\\\/\\\/ilkses.com.tr\\\/gundem\\\/mor-dayanisma-9-yaz-kadin-kampi-icin-geri-sayim-basladi-408935&quot;,&quot;redirect_href&quot;:&quot;&quot;,&quot;checks&quot;:[{&quot;date&quot;:&quot;2026-06-17 11:29:53&quot;,&quot;http_code&quot;:200},{&quot;date&quot;:&quot;2026-08-12 10:21:02&quot;,&quot;http_code&quot;:503},{&quot;date&quot;:&quot;2026-08-20 14:30:42&quot;,&quot;http_code&quot;:200}],&quot;broken&quot;:false,&quot;last_checked&quot;:{&quot;date&quot;:&quot;2026-08-20 14:30:42&quot;,&quot;http_code&quot;:200},&quot;process&quot;:&quot;done&quot;}]\"><\/span>\n\n\n<p class=\"wp-block-paragraph\">Kad\u0131n m\u00fccadelesinin \u00f6zg\u00fcr sesi Mor Dayan\u0131\u015fma, bu yaz dokuzuncusunu d\u00fczenleyece\u011fi Yaz Kad\u0131n Kamp\u0131 ile kad\u0131nlar\u0131 bir kez daha yan yana, omuz omuza getirmeye haz\u0131rlan\u0131yor. Her y\u0131l oldu\u011fu gibi bu y\u0131l da kamp, sadece dinlenmenin de\u011fil; birlikte d\u00fc\u015f\u00fcnmenin, \u00fcretmenin, tart\u0131\u015fman\u0131n, payla\u015fman\u0131n ve dayan\u0131\u015fman\u0131n da adresi olacak.<br>Ge\u00e7mi\u015f y\u0131llarda kad\u0131nlar\u0131n deniz kenar\u0131ndaki sohbetleri, yarat\u0131c\u0131 at\u00f6lyeleri, bilgi dolu panelleri ve birlikte at\u0131lan kahkahalar\u0131yla unutulmaz an\u0131lara sahne olan kamp, bu yaz da ayn\u0131 co\u015fku ve heyecanla kap\u0131lar\u0131n\u0131 a\u00e7\u0131yor. Kad\u0131nlar\u0131n bir araya gelerek birbirinden \u00f6\u011frendi\u011fi, g\u00fc\u00e7 ald\u0131\u011f\u0131 bu kamp; ayn\u0131 zamanda patriyarkal bask\u0131lara, \u015fiddete, e\u015fitsizli\u011fe kar\u015f\u0131 kolektif direni\u015fin bir mek\u00e2n\u0131 olmay\u0131 s\u00fcrd\u00fcr\u00fcyor.<\/p>\n\n\n\n<h2 class=\"wp-block-heading has-text-align-left\">KEND\u0130 S\u00d6Z\u00dcN\u00dc \u00dcRETMEK \u0130STEYEN HERKESE A\u00c7IK<\/h2>\n\n\n\n<p class=\"wp-block-paragraph\">Mor Dayan\u0131\u015fma\u2019dan yap\u0131lan a\u00e7\u0131klamada, \u201cBu yaz da bir arada, \u00f6zg\u00fcr ve dayan\u0131\u015fma dolu bir kamp i\u00e7in bulu\u015fuyoruz!\u201d denilerek kat\u0131lmak isteyen t\u00fcm kad\u0131nlara \u00e7a\u011fr\u0131da bulunuldu. Kat\u0131l\u0131m i\u00e7in kad\u0131nlar\u0131n Mor Dayan\u0131\u015fma ile ileti\u015fime ge\u00e7meleri yeterli. Kad\u0131nlar\u0131n \u00f6zg\u00fcrl\u00fck m\u00fccadelesine katk\u0131 sunmak, dayan\u0131\u015fman\u0131n bir par\u00e7as\u0131 olmak ve kendi s\u00f6z\u00fcn\u00fc \u00fcretmek isteyen herkese a\u00e7\u0131k olan 9. Yaz Kad\u0131n Kamp\u0131, bu yaz\u0131n unutulmaz deneyimlerinden biri olmaya aday.<\/p>\n\n\n\n<p class=\"wp-block-paragraph\">Kaynak : SULTAN G\u00dcM\u00dc\u015e KAYA<\/p>\n\n\n\n<p class=\"wp-block-paragraph\">Kaynak: <a href=\"https:\/\/ilkses.com.tr\/gundem\/mor-dayanisma-9-yaz-kadin-kampi-icin-geri-sayim-basladi-408935\" target=\"_blank\" rel=\"noopener\">\u0130LKSES<\/a><\/p>\n","protected":false},"excerpt":{"rendered":"<p>Denizin k\u0131y\u0131s\u0131nda kurulan dayan\u0131\u015fma halkalar\u0131, gece sohbetleri, at\u00f6lyeler, paneller ve kahkahalar\u2026 Kad\u0131nlar bu yaz da \u00f6zg\u00fcrl\u00fck, birlikte g\u00fc\u00e7lenme ve payla\u015f\u0131m i\u00e7in bir araya geliyor. Mor Dayan\u0131\u015fma\u2019n\u0131n 9. Yaz Kad\u0131n Kamp\u0131 i\u00e7in haz\u0131rl\u0131klar tamamlanmak \u00fczere Kad\u0131n m\u00fccadelesinin \u00f6zg\u00fcr sesi Mor Dayan\u0131\u015fma, bu yaz dokuzuncusunu d\u00fczenleyece\u011fi Yaz Kad\u0131n Kamp\u0131 ile kad\u0131nlar\u0131 bir kez daha yan yana, omuz&hellip;<\/p>","protected":false},"author":5,"featured_media":10078,"comment_status":"closed","ping_status":"closed","sticky":false,"template":"","format":"standard","meta":{"_coblocks_attr":"","_coblocks_dimensions":"","_coblocks_responsive_height":"","_coblocks_accordion_ie_support":"","_eb_attr":"","inline_featured_image":false,"footnotes":""},"categories":[537],"tags":[],"ppma_author":[573],"class_list":["post-10077","post","type-post","status-publish","format-standard","has-post-thumbnail","hentry","category-basinda-biz","author-mor-dayanisma"],"authors":[{"term_id":573,"user_id":5,"is_guest":0,"slug":"mor-dayanisma","display_name":"Mor Dayan\u0131\u015fma","avatar_url":"https:\/\/www.mordayanisma.org\/wp-content\/litespeed\/avatar\/18b1bff8d2c98eaf6f87c388a27f2cfa.jpg?ver=1788268176","author_category":"1","first_name":"Mor","last_name":"Dayan\u0131\u015fma","user_url":"","job_title":"","description":"<a href=\"https:\/\/www.mordayanisma.org\/en\/iletisim\/\" target=\"_blank\" rel=\"noopener\">Contact<\/a>\r\n\r\ndayanismamor@gmail.com"}],"_links":{"self":[{"href":"https:\/\/www.mordayanisma.org\/en\/wp-json\/wp\/v2\/posts\/10077","targetHints":{"allow":["GET"]}}],"collection":[{"href":"https:\/\/www.mordayanisma.org\/en\/wp-json\/wp\/v2\/posts"}],"about":[{"href":"https:\/\/www.mordayanisma.org\/en\/wp-json\/wp\/v2\/types\/post"}],"author":[{"embeddable":true,"href":"https:\/\/www.mordayanisma.org\/en\/wp-json\/wp\/v2\/users\/5"}],"replies":[{"embeddable":true,"href":"https:\/\/www.mordayanisma.org\/en\/wp-json\/wp\/v2\/comments?post=10077"}],"version-history":[{"count":2,"href":"https:\/\/www.mordayanisma.org\/en\/wp-json\/wp\/v2\/posts\/10077\/revisions"}],"predecessor-version":[{"id":10081,"href":"https:\/\/www.mordayanisma.org\/en\/wp-json\/wp\/v2\/posts\/10077\/revisions\/10081"}],"wp:featuredmedia":[{"embeddable":true,"href":"https:\/\/www.mordayanisma.org\/en\/wp-json\/wp\/v2\/media\/10078"}],"wp:attachment":[{"href":"https:\/\/www.mordayanisma.org\/en\/wp-json\/wp\/v2\/media?parent=10077"}],"wp:term":[{"taxonomy":"category","embeddable":true,"href":"https:\/\/www.mordayanisma.org\/en\/wp-json\/wp\/v2\/categories?post=10077"},{"taxonomy":"post_tag","embeddable":true,"href":"https:\/\/www.mordayanisma.org\/en\/wp-json\/wp\/v2\/tags?post=10077"},{"taxonomy":"author","embeddable":true,"href":"https:\/\/www.mordayanisma.org\/en\/wp-json\/wp\/v2\/ppma_author?post=10077"}],"curies":[{"name":"wp","href":"https:\/\/api.w.org\/{rel}","templated":true}]}}